{"id":1995,"date":"2025-06-30T05:10:28","date_gmt":"2025-06-30T04:10:28","guid":{"rendered":"https:\/\/blogdiario.info\/magazine\/?p=1995"},"modified":"2025-06-30T08:45:27","modified_gmt":"2025-06-30T07:45:27","slug":"meteo-de-don-globito","status":"publish","type":"post","link":"https:\/\/blogdiario.info\/magazine\/2025\/06\/30\/meteo-de-don-globito\/","title":{"rendered":"\u2600\ufe0f\ud83c\udf0d METEO DE DON GLOBITO"},"content":{"rendered":"<div class=\"wp-block-image\">\n<figure class=\"alignleft size-full is-resized\"><img loading=\"lazy\" decoding=\"async\" width=\"400\" height=\"600\" src=\"https:\/\/blogdiario.info\/magazine\/images\/2025\/06\/globito_400_600.edit_.png\" alt=\"\" class=\"wp-image-1996\" style=\"width:332px;height:auto\" srcset=\"https:\/\/blogdiario.info\/magazine\/images\/2025\/06\/globito_400_600.edit_.png 400w, https:\/\/blogdiario.info\/magazine\/images\/2025\/06\/globito_400_600.edit_-200x300.png 200w\" sizes=\"auto, (max-width: 400px) 100vw, 400px\" \/><\/figure><\/div>\n\n\n<p><strong>BlogDiario.info<\/strong><br>Globus, 30\/06\/2025<br><br> Pron\u00f3stico social y pol\u00edtico<\/p>\n\n\n\n<p><strong>Fecha: Fin de junio \/ Inicio de julio<\/strong><br><strong>Informe especial desde el Laboratorio de Optimismo Condicional<\/strong><\/p>\n\n\n\n<p>\ud83e\uddfc<br><strong>Globito al habla:<\/strong><\/p>\n\n\n\n<p>Se despejan algunas nubes\u2026 pero no se guarde el paraguas.<br>Junio cierra con r\u00e1fagas de incertidumbre, pero julio insin\u00faa una alta presi\u00f3n ciudadana que podr\u00eda traer alivios parciales en zonas conmovidas por el cansancio.<\/p>\n\n\n\n<hr class=\"wp-block-separator has-alpha-channel-opacity\"\/>\n\n\n\n<h3 class=\"wp-block-heading\">\ud83c\udf24\ufe0f Argentina:<\/h3>\n\n\n\n<p>Un t\u00edmido sol intenta filtrarse entre las nubes judiciales.<br>Se espera que en julio <strong>algunas causas pol\u00edticas empiecen a definirse<\/strong> \u2014aunque no se descartan tormentas verbales, chaparrones de declaraciones cruzadas y granizo de indignaci\u00f3n en redes.<\/p>\n\n\n\n<p>\ud83d\udc75 <em>Abuela Pecas aconseja: no guardar el poncho, pero s\u00ed abrir la ventana al di\u00e1logo (si no es por Zoom, mejor).<\/em><\/p>\n\n\n\n<hr class=\"wp-block-separator has-alpha-channel-opacity\"\/>\n\n\n\n<h3 class=\"wp-block-heading\">\ud83c\udf24\ufe0f Europa:<\/h3>\n\n\n\n<p>Vientos de reacomodamiento institucional soplan desde Bruselas.<br>Despu\u00e9s de semanas de tensi\u00f3n, <strong>se pronostica una tregua fiscal temporal<\/strong> y alguna se\u00f1al tenue de cohesi\u00f3n.<br>Francia mantiene cielo parcialmente nublado con posibles rel\u00e1mpagos electorales.<\/p>\n\n\n\n<p>\ud83c\uddee\ud83c\uddf9 Italia: estabilidad variable. Se detecta un anticicl\u00f3n ciudadano en barrios donde los vecinos a\u00fan barren la vereda con orgullo. \u00a1Fen\u00f3meno en alza!<\/p>\n\n\n\n<hr class=\"wp-block-separator has-alpha-channel-opacity\"\/>\n\n\n\n<h3 class=\"wp-block-heading\">\ud83c\udf24\ufe0f Estados Unidos:<\/h3>\n\n\n\n<p>Junio cierra con nubarrones en temas sociales, pero se abre una ventana luminosa: <strong>las voces desde abajo empiezan a subir como corrientes c\u00e1lidas en el Capitolio<\/strong>.<br>Las pr\u00f3ximas semanas podr\u00edan traer una brisa moderada de dignidad en algunos debates federales (si no los cierran por reformas presupuestarias, claro).<\/p>\n\n\n\n<p>\ud83d\udcec <em>Don Globito recomienda: si no los escuchan desde arriba, soplen desde la base. El aire caliente siempre sube.<\/em><\/p>\n\n\n\n<hr class=\"wp-block-separator has-alpha-channel-opacity\"\/>\n\n\n\n<h3 class=\"wp-block-heading\">\ud83d\udccc Conclusi\u00f3n:<\/h3>\n\n\n\n<p>Hay razones para mirar al cielo sin dejar de pisar la tierra.<br>Julio podr\u00eda no traer milagros, pero <strong>s\u00ed margen para recuperar la palabra, el mate compartido y el coraje c\u00edvico.<\/strong><\/p>\n\n\n\n<hr class=\"wp-block-separator has-alpha-channel-opacity\"\/>\n\n\n\n<p><small>\u00a92025 &#8220;Don Globito&#8221; \u2013 All Rights Reserved &#8211; Copyright \u00a9 2025 ElCanillita.info \/ BlogDiario.info \/SalaStampa.eu, world press service &#8211; Guzzo Photos &amp; Graphic Publications \u2013 Registro Editori e Stampatori n. 1441 Turin, Italy<\/small><\/p>\n","protected":false},"excerpt":{"rendered":"<p>Informe especial desde el Laboratorio de Optimismo Condicional<\/p>\n","protected":false},"author":1,"featured_media":1997,"comment_status":"closed","ping_status":"closed","sticky":false,"template":"","format":"standard","meta":{"footnotes":"","_links_to":"","_links_to_target":""},"categories":[109,97,62,57,39,154,134,43],"tags":[],"class_list":["post-1995","post","type-post","status-publish","format-standard","has-post-thumbnail","hentry","category-dc24","category-elcanillita","category-actualidad","category-cosmo","category-geo-esp","category-noticias-globales","category-politicas-globales","category-sociedad","entry","rows"],"yoast_head":"<!-- This site is optimized with the Yoast SEO plugin v27.4 - https:\/\/yoast.com\/product\/yoast-seo-wordpress\/ -->\n<title>\u2600\ufe0f\ud83c\udf0d METEO DE DON GLOBITO - BlogDiario Magazine<\/title>\n<meta name=\"robots\" content=\"index, follow, max-snippet:-1, max-image-preview:large, max-video-preview:-1\" \/>\n<link rel=\"canonical\" href=\"https:\/\/blogdiario.info\/magazine\/2025\/06\/30\/meteo-de-don-globito\/\" \/>\n<meta property=\"og:locale\" content=\"es_ES\" \/>\n<meta property=\"og:type\" content=\"article\" \/>\n<meta property=\"og:title\" content=\"\u2600\ufe0f\ud83c\udf0d METEO DE DON GLOBITO - BlogDiario Magazine\" \/>\n<meta property=\"og:description\" content=\"Informe especial desde el Laboratorio de Optimismo Condicional\" \/>\n<meta property=\"og:url\" content=\"https:\/\/blogdiario.info\/magazine\/2025\/06\/30\/meteo-de-don-globito\/\" \/>\n<meta property=\"og:site_name\" content=\"BlogDiario Magazine\" \/>\n<meta property=\"article:published_time\" content=\"2025-06-30T04:10:28+00:00\" \/>\n<meta property=\"article:modified_time\" content=\"2025-06-30T07:45:27+00:00\" \/>\n<meta property=\"og:image\" content=\"https:\/\/blogdiario.info\/magazine\/images\/2025\/06\/globito_550-Edit.png\" \/>\n\t<meta property=\"og:image:width\" content=\"550\" \/>\n\t<meta property=\"og:image:height\" content=\"367\" \/>\n\t<meta property=\"og:image:type\" content=\"image\/png\" \/>\n<meta name=\"author\" content=\"World Press Service | Servicio de Prensa Mundial\" \/>\n<meta name=\"twitter:card\" content=\"summary_large_image\" \/>\n<meta name=\"twitter:label1\" content=\"Escrito por\" \/>\n\t<meta name=\"twitter:data1\" content=\"World Press Service | Servicio de Prensa Mundial\" \/>\n\t<meta name=\"twitter:label2\" content=\"Tiempo de lectura\" \/>\n\t<meta name=\"twitter:data2\" content=\"2 minutos\" \/>\n<script type=\"application\/ld+json\" class=\"yoast-schema-graph\">{\"@context\":\"https:\\\/\\\/schema.org\",\"@graph\":[{\"@type\":\"Article\",\"@id\":\"https:\\\/\\\/blogdiario.info\\\/magazine\\\/2025\\\/06\\\/30\\\/meteo-de-don-globito\\\/#article\",\"isPartOf\":{\"@id\":\"https:\\\/\\\/blogdiario.info\\\/magazine\\\/2025\\\/06\\\/30\\\/meteo-de-don-globito\\\/\"},\"author\":{\"name\":\"World Press Service | Servicio de Prensa Mundial\",\"@id\":\"https:\\\/\\\/blogdiario.info\\\/magazine\\\/#\\\/schema\\\/person\\\/b2422fe85574d945bad55513bb0c7354\"},\"headline\":\"\u2600\ufe0f\ud83c\udf0d METEO DE DON GLOBITO\",\"datePublished\":\"2025-06-30T04:10:28+00:00\",\"dateModified\":\"2025-06-30T07:45:27+00:00\",\"mainEntityOfPage\":{\"@id\":\"https:\\\/\\\/blogdiario.info\\\/magazine\\\/2025\\\/06\\\/30\\\/meteo-de-don-globito\\\/\"},\"wordCount\":329,\"publisher\":{\"@id\":\"https:\\\/\\\/blogdiario.info\\\/magazine\\\/#organization\"},\"image\":{\"@id\":\"https:\\\/\\\/blogdiario.info\\\/magazine\\\/2025\\\/06\\\/30\\\/meteo-de-don-globito\\\/#primaryimage\"},\"thumbnailUrl\":\"https:\\\/\\\/blogdiario.info\\\/magazine\\\/images\\\/2025\\\/06\\\/globito_550-Edit.png\",\"articleSection\":[\".\",\".\",\"Actualidad\",\"Cosmo\",\"Geo\",\"Noticias globales\",\"Pol\u00edticas globales\",\"Sociedad\"],\"inLanguage\":\"es-AR\"},{\"@type\":\"WebPage\",\"@id\":\"https:\\\/\\\/blogdiario.info\\\/magazine\\\/2025\\\/06\\\/30\\\/meteo-de-don-globito\\\/\",\"url\":\"https:\\\/\\\/blogdiario.info\\\/magazine\\\/2025\\\/06\\\/30\\\/meteo-de-don-globito\\\/\",\"name\":\"\u2600\ufe0f\ud83c\udf0d METEO DE DON GLOBITO - BlogDiario Magazine\",\"isPartOf\":{\"@id\":\"https:\\\/\\\/blogdiario.info\\\/magazine\\\/#website\"},\"primaryImageOfPage\":{\"@id\":\"https:\\\/\\\/blogdiario.info\\\/magazine\\\/2025\\\/06\\\/30\\\/meteo-de-don-globito\\\/#primaryimage\"},\"image\":{\"@id\":\"https:\\\/\\\/blogdiario.info\\\/magazine\\\/2025\\\/06\\\/30\\\/meteo-de-don-globito\\\/#primaryimage\"},\"thumbnailUrl\":\"https:\\\/\\\/blogdiario.info\\\/magazine\\\/images\\\/2025\\\/06\\\/globito_550-Edit.png\",\"datePublished\":\"2025-06-30T04:10:28+00:00\",\"dateModified\":\"2025-06-30T07:45:27+00:00\",\"breadcrumb\":{\"@id\":\"https:\\\/\\\/blogdiario.info\\\/magazine\\\/2025\\\/06\\\/30\\\/meteo-de-don-globito\\\/#breadcrumb\"},\"inLanguage\":\"es-AR\",\"potentialAction\":[{\"@type\":\"ReadAction\",\"target\":[\"https:\\\/\\\/blogdiario.info\\\/magazine\\\/2025\\\/06\\\/30\\\/meteo-de-don-globito\\\/\"]}]},{\"@type\":\"ImageObject\",\"inLanguage\":\"es-AR\",\"@id\":\"https:\\\/\\\/blogdiario.info\\\/magazine\\\/2025\\\/06\\\/30\\\/meteo-de-don-globito\\\/#primaryimage\",\"url\":\"https:\\\/\\\/blogdiario.info\\\/magazine\\\/images\\\/2025\\\/06\\\/globito_550-Edit.png\",\"contentUrl\":\"https:\\\/\\\/blogdiario.info\\\/magazine\\\/images\\\/2025\\\/06\\\/globito_550-Edit.png\",\"width\":550,\"height\":367},{\"@type\":\"BreadcrumbList\",\"@id\":\"https:\\\/\\\/blogdiario.info\\\/magazine\\\/2025\\\/06\\\/30\\\/meteo-de-don-globito\\\/#breadcrumb\",\"itemListElement\":[{\"@type\":\"ListItem\",\"position\":1,\"name\":\"Home\",\"item\":\"https:\\\/\\\/blogdiario.info\\\/magazine\\\/\"},{\"@type\":\"ListItem\",\"position\":2,\"name\":\"\u2600\ufe0f\ud83c\udf0d METEO DE DON GLOBITO\"}]},{\"@type\":\"WebSite\",\"@id\":\"https:\\\/\\\/blogdiario.info\\\/magazine\\\/#website\",\"url\":\"https:\\\/\\\/blogdiario.info\\\/magazine\\\/\",\"name\":\"BlogDiario Magazine\",\"description\":\"Suplemento multiling\u00fce de ElCanillita.Info\",\"publisher\":{\"@id\":\"https:\\\/\\\/blogdiario.info\\\/magazine\\\/#organization\"},\"potentialAction\":[{\"@type\":\"SearchAction\",\"target\":{\"@type\":\"EntryPoint\",\"urlTemplate\":\"https:\\\/\\\/blogdiario.info\\\/magazine\\\/?s={search_term_string}\"},\"query-input\":{\"@type\":\"PropertyValueSpecification\",\"valueRequired\":true,\"valueName\":\"search_term_string\"}}],\"inLanguage\":\"es-AR\"},{\"@type\":\"Organization\",\"@id\":\"https:\\\/\\\/blogdiario.info\\\/magazine\\\/#organization\",\"name\":\"Guzzo Photos & Graphic Publications\",\"url\":\"https:\\\/\\\/blogdiario.info\\\/magazine\\\/\",\"logo\":{\"@type\":\"ImageObject\",\"inLanguage\":\"es-AR\",\"@id\":\"https:\\\/\\\/blogdiario.info\\\/magazine\\\/#\\\/schema\\\/logo\\\/image\\\/\",\"url\":\"https:\\\/\\\/blogdiario.info\\\/magazine\\\/images\\\/2020\\\/01\\\/cropped-blogdia_magazine.jpg\",\"contentUrl\":\"https:\\\/\\\/blogdiario.info\\\/magazine\\\/images\\\/2020\\\/01\\\/cropped-blogdia_magazine.jpg\",\"width\":589,\"height\":55,\"caption\":\"Guzzo Photos & Graphic Publications\"},\"image\":{\"@id\":\"https:\\\/\\\/blogdiario.info\\\/magazine\\\/#\\\/schema\\\/logo\\\/image\\\/\"}},{\"@type\":\"Person\",\"@id\":\"https:\\\/\\\/blogdiario.info\\\/magazine\\\/#\\\/schema\\\/person\\\/b2422fe85574d945bad55513bb0c7354\",\"name\":\"World Press Service | Servicio de Prensa Mundial\"}]}<\/script>\n<!-- \/ Yoast SEO plugin. -->","yoast_head_json":{"title":"\u2600\ufe0f\ud83c\udf0d METEO DE DON GLOBITO - BlogDiario Magazine","robots":{"index":"index","follow":"follow","max-snippet":"max-snippet:-1","max-image-preview":"max-image-preview:large","max-video-preview":"max-video-preview:-1"},"canonical":"https:\/\/blogdiario.info\/magazine\/2025\/06\/30\/meteo-de-don-globito\/","og_locale":"es_ES","og_type":"article","og_title":"\u2600\ufe0f\ud83c\udf0d METEO DE DON GLOBITO - BlogDiario Magazine","og_description":"Informe especial desde el Laboratorio de Optimismo Condicional","og_url":"https:\/\/blogdiario.info\/magazine\/2025\/06\/30\/meteo-de-don-globito\/","og_site_name":"BlogDiario Magazine","article_published_time":"2025-06-30T04:10:28+00:00","article_modified_time":"2025-06-30T07:45:27+00:00","og_image":[{"width":550,"height":367,"url":"https:\/\/blogdiario.info\/magazine\/images\/2025\/06\/globito_550-Edit.png","type":"image\/png"}],"author":"World Press Service | Servicio de Prensa Mundial","twitter_card":"summary_large_image","twitter_misc":{"Escrito por":"World Press Service | Servicio de Prensa Mundial","Tiempo de lectura":"2 minutos"},"schema":{"@context":"https:\/\/schema.org","@graph":[{"@type":"Article","@id":"https:\/\/blogdiario.info\/magazine\/2025\/06\/30\/meteo-de-don-globito\/#article","isPartOf":{"@id":"https:\/\/blogdiario.info\/magazine\/2025\/06\/30\/meteo-de-don-globito\/"},"author":{"name":"World Press Service | Servicio de Prensa Mundial","@id":"https:\/\/blogdiario.info\/magazine\/#\/schema\/person\/b2422fe85574d945bad55513bb0c7354"},"headline":"\u2600\ufe0f\ud83c\udf0d METEO DE DON GLOBITO","datePublished":"2025-06-30T04:10:28+00:00","dateModified":"2025-06-30T07:45:27+00:00","mainEntityOfPage":{"@id":"https:\/\/blogdiario.info\/magazine\/2025\/06\/30\/meteo-de-don-globito\/"},"wordCount":329,"publisher":{"@id":"https:\/\/blogdiario.info\/magazine\/#organization"},"image":{"@id":"https:\/\/blogdiario.info\/magazine\/2025\/06\/30\/meteo-de-don-globito\/#primaryimage"},"thumbnailUrl":"https:\/\/blogdiario.info\/magazine\/images\/2025\/06\/globito_550-Edit.png","articleSection":[".",".","Actualidad","Cosmo","Geo","Noticias globales","Pol\u00edticas globales","Sociedad"],"inLanguage":"es-AR"},{"@type":"WebPage","@id":"https:\/\/blogdiario.info\/magazine\/2025\/06\/30\/meteo-de-don-globito\/","url":"https:\/\/blogdiario.info\/magazine\/2025\/06\/30\/meteo-de-don-globito\/","name":"\u2600\ufe0f\ud83c\udf0d METEO DE DON GLOBITO - BlogDiario Magazine","isPartOf":{"@id":"https:\/\/blogdiario.info\/magazine\/#website"},"primaryImageOfPage":{"@id":"https:\/\/blogdiario.info\/magazine\/2025\/06\/30\/meteo-de-don-globito\/#primaryimage"},"image":{"@id":"https:\/\/blogdiario.info\/magazine\/2025\/06\/30\/meteo-de-don-globito\/#primaryimage"},"thumbnailUrl":"https:\/\/blogdiario.info\/magazine\/images\/2025\/06\/globito_550-Edit.png","datePublished":"2025-06-30T04:10:28+00:00","dateModified":"2025-06-30T07:45:27+00:00","breadcrumb":{"@id":"https:\/\/blogdiario.info\/magazine\/2025\/06\/30\/meteo-de-don-globito\/#breadcrumb"},"inLanguage":"es-AR","potentialAction":[{"@type":"ReadAction","target":["https:\/\/blogdiario.info\/magazine\/2025\/06\/30\/meteo-de-don-globito\/"]}]},{"@type":"ImageObject","inLanguage":"es-AR","@id":"https:\/\/blogdiario.info\/magazine\/2025\/06\/30\/meteo-de-don-globito\/#primaryimage","url":"https:\/\/blogdiario.info\/magazine\/images\/2025\/06\/globito_550-Edit.png","contentUrl":"https:\/\/blogdiario.info\/magazine\/images\/2025\/06\/globito_550-Edit.png","width":550,"height":367},{"@type":"BreadcrumbList","@id":"https:\/\/blogdiario.info\/magazine\/2025\/06\/30\/meteo-de-don-globito\/#breadcrumb","itemListElement":[{"@type":"ListItem","position":1,"name":"Home","item":"https:\/\/blogdiario.info\/magazine\/"},{"@type":"ListItem","position":2,"name":"\u2600\ufe0f\ud83c\udf0d METEO DE DON GLOBITO"}]},{"@type":"WebSite","@id":"https:\/\/blogdiario.info\/magazine\/#website","url":"https:\/\/blogdiario.info\/magazine\/","name":"BlogDiario Magazine","description":"Suplemento multiling\u00fce de ElCanillita.Info","publisher":{"@id":"https:\/\/blogdiario.info\/magazine\/#organization"},"potentialAction":[{"@type":"SearchAction","target":{"@type":"EntryPoint","urlTemplate":"https:\/\/blogdiario.info\/magazine\/?s={search_term_string}"},"query-input":{"@type":"PropertyValueSpecification","valueRequired":true,"valueName":"search_term_string"}}],"inLanguage":"es-AR"},{"@type":"Organization","@id":"https:\/\/blogdiario.info\/magazine\/#organization","name":"Guzzo Photos & Graphic Publications","url":"https:\/\/blogdiario.info\/magazine\/","logo":{"@type":"ImageObject","inLanguage":"es-AR","@id":"https:\/\/blogdiario.info\/magazine\/#\/schema\/logo\/image\/","url":"https:\/\/blogdiario.info\/magazine\/images\/2020\/01\/cropped-blogdia_magazine.jpg","contentUrl":"https:\/\/blogdiario.info\/magazine\/images\/2020\/01\/cropped-blogdia_magazine.jpg","width":589,"height":55,"caption":"Guzzo Photos & Graphic Publications"},"image":{"@id":"https:\/\/blogdiario.info\/magazine\/#\/schema\/logo\/image\/"}},{"@type":"Person","@id":"https:\/\/blogdiario.info\/magazine\/#\/schema\/person\/b2422fe85574d945bad55513bb0c7354","name":"World Press Service | Servicio de Prensa Mundial"}]}},"views":962,"_links":{"self":[{"href":"https:\/\/blogdiario.info\/magazine\/wp-json\/wp\/v2\/posts\/1995","targetHints":{"allow":["GET"]}}],"collection":[{"href":"https:\/\/blogdiario.info\/magazine\/wp-json\/wp\/v2\/posts"}],"about":[{"href":"https:\/\/blogdiario.info\/magazine\/wp-json\/wp\/v2\/types\/post"}],"author":[{"embeddable":true,"href":"https:\/\/blogdiario.info\/magazine\/wp-json\/wp\/v2\/users\/1"}],"replies":[{"embeddable":true,"href":"https:\/\/blogdiario.info\/magazine\/wp-json\/wp\/v2\/comments?post=1995"}],"version-history":[{"count":0,"href":"https:\/\/blogdiario.info\/magazine\/wp-json\/wp\/v2\/posts\/1995\/revisions"}],"wp:featuredmedia":[{"embeddable":true,"href":"https:\/\/blogdiario.info\/magazine\/wp-json\/wp\/v2\/media\/1997"}],"wp:attachment":[{"href":"https:\/\/blogdiario.info\/magazine\/wp-json\/wp\/v2\/media?parent=1995"}],"wp:term":[{"taxonomy":"category","embeddable":true,"href":"https:\/\/blogdiario.info\/magazine\/wp-json\/wp\/v2\/categories?post=1995"},{"taxonomy":"post_tag","embeddable":true,"href":"https:\/\/blogdiario.info\/magazine\/wp-json\/wp\/v2\/tags?post=1995"}],"curies":[{"name":"wp","href":"https:\/\/api.w.org\/{rel}","templated":true}]}}