{"id":1992,"date":"2025-06-24T19:41:01","date_gmt":"2025-06-24T18:41:01","guid":{"rendered":"https:\/\/blogdiario.info\/magazine\/?p=1992"},"modified":"2025-06-24T20:17:13","modified_gmt":"2025-06-24T19:17:13","slug":"san-donal-y-el-meteoro-de-la-paz-celestial","status":"publish","type":"post","link":"https:\/\/blogdiario.info\/magazine\/2025\/06\/24\/san-donal-y-el-meteoro-de-la-paz-celestial\/","title":{"rendered":"\ud83d\udd16 San Donald y el Meteoro de la Paz Celestial"},"content":{"rendered":"<div class=\"wp-block-image\">\n<figure class=\"alignleft size-full is-resized\"><img loading=\"lazy\" decoding=\"async\" width=\"400\" height=\"600\" src=\"https:\/\/blogdiario.info\/magazine\/images\/2025\/06\/CircusPage.png\" alt=\"\" class=\"wp-image-1993\" style=\"width:309px;height:auto\" srcset=\"https:\/\/blogdiario.info\/magazine\/images\/2025\/06\/CircusPage.png 400w, https:\/\/blogdiario.info\/magazine\/images\/2025\/06\/CircusPage-200x300.png 200w\" sizes=\"auto, (max-width: 400px) 100vw, 400px\" \/><\/figure><\/div>\n\n\n<h3 class=\"wp-block-heading\"><strong>BlogDiario.info<\/strong><br \/>Globus 24\/06\/2025<br \/><\/h3>\n\n\n\n<p><em>Redacci\u00f3n internacional, con asistencia del Laboratorio de Realismo Callejero<\/em><\/p>\n\n\n\n<hr class=\"wp-block-separator has-alpha-channel-opacity\"\/>\n\n\n\n<blockquote class=\"wp-block-quote is-layout-flow wp-block-quote-is-layout-flow\">\n<p>\u201c<strong>Paz por la fuerza. Y ahora furia por la desobediencia.<\/strong>\u201d<\/p>\n<\/blockquote>\n\n\n\n<p>As\u00ed comienza la nueva funci\u00f3n del <em>Circo de Donald<\/em>, donde el le\u00f3n ya no ruge, pero el domador lanza zapatillas desde la carpa.<br \/>Despu\u00e9s de haber presentado con bombo, platillo y bombas el <em>acuerdo de paz m\u00e1s ruidoso del siglo<\/em> \u2014sellado con misiles\u2014, el ex presidente Trump se muestra ahora visiblemente enojado: <strong>Israel e Ir\u00e1n no han respetado su tratado<\/strong>.<br \/>Tal como se esperaba\u2026 de alguien que confunde una partida de <em>Risk<\/em> con una cumbre del Consejo de Seguridad.<\/p>\n\n\n\n<h3 class=\"wp-block-heading\">\ud83c\udfaa Acto I: Paz seg\u00fan San Donald<\/h3>\n\n\n\n<p>All\u00e1 por la semana pasada, Trump anunci\u00f3, con tono mesi\u00e1nico y brazos en cruz frente a un dron, que hab\u00eda \u201crestaurado la paz en Oriente Medio\u201d.<br \/>\u00bfEl m\u00e9todo? Una serie de bombardeos selectivos que hicieron vibrar m\u00e1s de un b\u00fanker.<br \/>Las im\u00e1genes de sat\u00e9lite mostraban columnas de humo, y \u00e9l, su peinado flameando, dec\u00eda:<\/p>\n\n\n\n<blockquote class=\"wp-block-quote is-layout-flow wp-block-quote-is-layout-flow\">\n<p>\u201c<strong>Peace is restored, folks!<\/strong>\u201d<br \/>Mientras en el backstage, las tropas se alistaban para la pr\u00f3xima funci\u00f3n.<\/p>\n<\/blockquote>\n\n\n\n<h3 class=\"wp-block-heading\">\ud83c\udfad Acto II: La rabieta diplom\u00e1tica<\/h3>\n\n\n\n<p>Ahora que los actores del drama b\u00e9lico siguen lanz\u00e1ndose proyectiles sin leer el gui\u00f3n, Trump ha cambiado el libreto.<br \/><strong>\u201c\u00a1No respetan mi tratado!\u201d<\/strong>, grita, se\u00f1alando a la audiencia con cara de director ofendido.<br \/>Se dice que planea relanzar un nuevo tipo de diplomacia: <strong>la que premia la obediencia con golf y castiga la desobediencia con tuits incendiarios<\/strong>.<br \/><br \/><small>\u00a92025 The Voice of the Sidewalk &#8211; All Rights Reserved &#8211; Copyright \u00a9 2025 ElCanillita.info \/ BlogDiario.info \/SalaStampa.eu, world press service &#8211; Guzzo Photos &amp; Graphic Publications \u2013 Registro Editori e Stampatori n. 1441 Turin, Italy<\/small><br \/><br \/><\/p>\n\n\n\n<p><\/p>\n","protected":false},"excerpt":{"rendered":"<p>\u201cPaz por la fuerza. Y ahora furia por la desobediencia.\u201d<\/p>\n","protected":false},"author":1,"featured_media":1994,"comment_status":"closed","ping_status":"closed","sticky":false,"template":"","format":"standard","meta":{"footnotes":"","_links_to":"","_links_to_target":""},"categories":[109,97,62,49,119,54,154,134,43],"tags":[],"class_list":["post-1992","post","type-post","status-publish","format-standard","has-post-thumbnail","hentry","category-dc24","category-elcanillita","category-actualidad","category-america-del-nord","category-guerra","category-medio-oriente","category-noticias-globales","category-politicas-globales","category-sociedad","entry","rows"],"yoast_head":"<!-- This site is optimized with the Yoast SEO plugin v27.4 - https:\/\/yoast.com\/product\/yoast-seo-wordpress\/ -->\n<title>\ud83d\udd16 San Donald y el Meteoro de la Paz Celestial - BlogDiario Magazine<\/title>\n<meta name=\"robots\" content=\"index, follow, max-snippet:-1, max-image-preview:large, max-video-preview:-1\" \/>\n<link rel=\"canonical\" href=\"https:\/\/blogdiario.info\/magazine\/2025\/06\/24\/san-donal-y-el-meteoro-de-la-paz-celestial\/\" \/>\n<meta property=\"og:locale\" content=\"es_ES\" \/>\n<meta property=\"og:type\" content=\"article\" \/>\n<meta property=\"og:title\" content=\"\ud83d\udd16 San Donald y el Meteoro de la Paz Celestial - BlogDiario Magazine\" \/>\n<meta property=\"og:description\" content=\"\u201cPaz por la fuerza. Y ahora furia por la desobediencia.\u201d\" \/>\n<meta property=\"og:url\" content=\"https:\/\/blogdiario.info\/magazine\/2025\/06\/24\/san-donal-y-el-meteoro-de-la-paz-celestial\/\" \/>\n<meta property=\"og:site_name\" content=\"BlogDiario Magazine\" \/>\n<meta property=\"article:published_time\" content=\"2025-06-24T18:41:01+00:00\" \/>\n<meta property=\"article:modified_time\" content=\"2025-06-24T19:17:13+00:00\" \/>\n<meta property=\"og:image\" content=\"https:\/\/blogdiario.info\/magazine\/images\/2025\/06\/CircusHHHH.png\" \/>\n\t<meta property=\"og:image:width\" content=\"600\" \/>\n\t<meta property=\"og:image:height\" content=\"400\" \/>\n\t<meta property=\"og:image:type\" content=\"image\/png\" \/>\n<meta name=\"author\" content=\"World Press Service | Servicio de Prensa Mundial\" \/>\n<meta name=\"twitter:card\" content=\"summary_large_image\" \/>\n<meta name=\"twitter:label1\" content=\"Escrito por\" \/>\n\t<meta name=\"twitter:data1\" content=\"World Press Service | Servicio de Prensa Mundial\" \/>\n\t<meta name=\"twitter:label2\" content=\"Tiempo de lectura\" \/>\n\t<meta name=\"twitter:data2\" content=\"2 minutos\" \/>\n<script type=\"application\/ld+json\" class=\"yoast-schema-graph\">{\"@context\":\"https:\\\/\\\/schema.org\",\"@graph\":[{\"@type\":\"Article\",\"@id\":\"https:\\\/\\\/blogdiario.info\\\/magazine\\\/2025\\\/06\\\/24\\\/san-donal-y-el-meteoro-de-la-paz-celestial\\\/#article\",\"isPartOf\":{\"@id\":\"https:\\\/\\\/blogdiario.info\\\/magazine\\\/2025\\\/06\\\/24\\\/san-donal-y-el-meteoro-de-la-paz-celestial\\\/\"},\"author\":{\"name\":\"World Press Service | Servicio de Prensa Mundial\",\"@id\":\"https:\\\/\\\/blogdiario.info\\\/magazine\\\/#\\\/schema\\\/person\\\/b2422fe85574d945bad55513bb0c7354\"},\"headline\":\"\ud83d\udd16 San Donald y el Meteoro de la Paz Celestial\",\"datePublished\":\"2025-06-24T18:41:01+00:00\",\"dateModified\":\"2025-06-24T19:17:13+00:00\",\"mainEntityOfPage\":{\"@id\":\"https:\\\/\\\/blogdiario.info\\\/magazine\\\/2025\\\/06\\\/24\\\/san-donal-y-el-meteoro-de-la-paz-celestial\\\/\"},\"wordCount\":303,\"publisher\":{\"@id\":\"https:\\\/\\\/blogdiario.info\\\/magazine\\\/#organization\"},\"image\":{\"@id\":\"https:\\\/\\\/blogdiario.info\\\/magazine\\\/2025\\\/06\\\/24\\\/san-donal-y-el-meteoro-de-la-paz-celestial\\\/#primaryimage\"},\"thumbnailUrl\":\"https:\\\/\\\/blogdiario.info\\\/magazine\\\/images\\\/2025\\\/06\\\/CircusHHHH.png\",\"articleSection\":[\".\",\".\",\"Actualidad\",\"America del Nord\",\"Guerra\",\"Medio Oriente\",\"Noticias globales\",\"Pol\u00edticas globales\",\"Sociedad\"],\"inLanguage\":\"es-AR\"},{\"@type\":\"WebPage\",\"@id\":\"https:\\\/\\\/blogdiario.info\\\/magazine\\\/2025\\\/06\\\/24\\\/san-donal-y-el-meteoro-de-la-paz-celestial\\\/\",\"url\":\"https:\\\/\\\/blogdiario.info\\\/magazine\\\/2025\\\/06\\\/24\\\/san-donal-y-el-meteoro-de-la-paz-celestial\\\/\",\"name\":\"\ud83d\udd16 San Donald y el Meteoro de la Paz Celestial - BlogDiario Magazine\",\"isPartOf\":{\"@id\":\"https:\\\/\\\/blogdiario.info\\\/magazine\\\/#website\"},\"primaryImageOfPage\":{\"@id\":\"https:\\\/\\\/blogdiario.info\\\/magazine\\\/2025\\\/06\\\/24\\\/san-donal-y-el-meteoro-de-la-paz-celestial\\\/#primaryimage\"},\"image\":{\"@id\":\"https:\\\/\\\/blogdiario.info\\\/magazine\\\/2025\\\/06\\\/24\\\/san-donal-y-el-meteoro-de-la-paz-celestial\\\/#primaryimage\"},\"thumbnailUrl\":\"https:\\\/\\\/blogdiario.info\\\/magazine\\\/images\\\/2025\\\/06\\\/CircusHHHH.png\",\"datePublished\":\"2025-06-24T18:41:01+00:00\",\"dateModified\":\"2025-06-24T19:17:13+00:00\",\"breadcrumb\":{\"@id\":\"https:\\\/\\\/blogdiario.info\\\/magazine\\\/2025\\\/06\\\/24\\\/san-donal-y-el-meteoro-de-la-paz-celestial\\\/#breadcrumb\"},\"inLanguage\":\"es-AR\",\"potentialAction\":[{\"@type\":\"ReadAction\",\"target\":[\"https:\\\/\\\/blogdiario.info\\\/magazine\\\/2025\\\/06\\\/24\\\/san-donal-y-el-meteoro-de-la-paz-celestial\\\/\"]}]},{\"@type\":\"ImageObject\",\"inLanguage\":\"es-AR\",\"@id\":\"https:\\\/\\\/blogdiario.info\\\/magazine\\\/2025\\\/06\\\/24\\\/san-donal-y-el-meteoro-de-la-paz-celestial\\\/#primaryimage\",\"url\":\"https:\\\/\\\/blogdiario.info\\\/magazine\\\/images\\\/2025\\\/06\\\/CircusHHHH.png\",\"contentUrl\":\"https:\\\/\\\/blogdiario.info\\\/magazine\\\/images\\\/2025\\\/06\\\/CircusHHHH.png\",\"width\":600,\"height\":400},{\"@type\":\"BreadcrumbList\",\"@id\":\"https:\\\/\\\/blogdiario.info\\\/magazine\\\/2025\\\/06\\\/24\\\/san-donal-y-el-meteoro-de-la-paz-celestial\\\/#breadcrumb\",\"itemListElement\":[{\"@type\":\"ListItem\",\"position\":1,\"name\":\"Home\",\"item\":\"https:\\\/\\\/blogdiario.info\\\/magazine\\\/\"},{\"@type\":\"ListItem\",\"position\":2,\"name\":\"\ud83d\udd16 San Donald y el Meteoro de la Paz Celestial\"}]},{\"@type\":\"WebSite\",\"@id\":\"https:\\\/\\\/blogdiario.info\\\/magazine\\\/#website\",\"url\":\"https:\\\/\\\/blogdiario.info\\\/magazine\\\/\",\"name\":\"BlogDiario Magazine\",\"description\":\"Suplemento multiling\u00fce de ElCanillita.Info\",\"publisher\":{\"@id\":\"https:\\\/\\\/blogdiario.info\\\/magazine\\\/#organization\"},\"potentialAction\":[{\"@type\":\"SearchAction\",\"target\":{\"@type\":\"EntryPoint\",\"urlTemplate\":\"https:\\\/\\\/blogdiario.info\\\/magazine\\\/?s={search_term_string}\"},\"query-input\":{\"@type\":\"PropertyValueSpecification\",\"valueRequired\":true,\"valueName\":\"search_term_string\"}}],\"inLanguage\":\"es-AR\"},{\"@type\":\"Organization\",\"@id\":\"https:\\\/\\\/blogdiario.info\\\/magazine\\\/#organization\",\"name\":\"Guzzo Photos & Graphic Publications\",\"url\":\"https:\\\/\\\/blogdiario.info\\\/magazine\\\/\",\"logo\":{\"@type\":\"ImageObject\",\"inLanguage\":\"es-AR\",\"@id\":\"https:\\\/\\\/blogdiario.info\\\/magazine\\\/#\\\/schema\\\/logo\\\/image\\\/\",\"url\":\"https:\\\/\\\/blogdiario.info\\\/magazine\\\/images\\\/2020\\\/01\\\/cropped-blogdia_magazine.jpg\",\"contentUrl\":\"https:\\\/\\\/blogdiario.info\\\/magazine\\\/images\\\/2020\\\/01\\\/cropped-blogdia_magazine.jpg\",\"width\":589,\"height\":55,\"caption\":\"Guzzo Photos & Graphic Publications\"},\"image\":{\"@id\":\"https:\\\/\\\/blogdiario.info\\\/magazine\\\/#\\\/schema\\\/logo\\\/image\\\/\"}},{\"@type\":\"Person\",\"@id\":\"https:\\\/\\\/blogdiario.info\\\/magazine\\\/#\\\/schema\\\/person\\\/b2422fe85574d945bad55513bb0c7354\",\"name\":\"World Press Service | Servicio de Prensa Mundial\"}]}<\/script>\n<!-- \/ Yoast SEO plugin. -->","yoast_head_json":{"title":"\ud83d\udd16 San Donald y el Meteoro de la Paz Celestial - BlogDiario Magazine","robots":{"index":"index","follow":"follow","max-snippet":"max-snippet:-1","max-image-preview":"max-image-preview:large","max-video-preview":"max-video-preview:-1"},"canonical":"https:\/\/blogdiario.info\/magazine\/2025\/06\/24\/san-donal-y-el-meteoro-de-la-paz-celestial\/","og_locale":"es_ES","og_type":"article","og_title":"\ud83d\udd16 San Donald y el Meteoro de la Paz Celestial - BlogDiario Magazine","og_description":"\u201cPaz por la fuerza. Y ahora furia por la desobediencia.\u201d","og_url":"https:\/\/blogdiario.info\/magazine\/2025\/06\/24\/san-donal-y-el-meteoro-de-la-paz-celestial\/","og_site_name":"BlogDiario Magazine","article_published_time":"2025-06-24T18:41:01+00:00","article_modified_time":"2025-06-24T19:17:13+00:00","og_image":[{"width":600,"height":400,"url":"https:\/\/blogdiario.info\/magazine\/images\/2025\/06\/CircusHHHH.png","type":"image\/png"}],"author":"World Press Service | Servicio de Prensa Mundial","twitter_card":"summary_large_image","twitter_misc":{"Escrito por":"World Press Service | Servicio de Prensa Mundial","Tiempo de lectura":"2 minutos"},"schema":{"@context":"https:\/\/schema.org","@graph":[{"@type":"Article","@id":"https:\/\/blogdiario.info\/magazine\/2025\/06\/24\/san-donal-y-el-meteoro-de-la-paz-celestial\/#article","isPartOf":{"@id":"https:\/\/blogdiario.info\/magazine\/2025\/06\/24\/san-donal-y-el-meteoro-de-la-paz-celestial\/"},"author":{"name":"World Press Service | Servicio de Prensa Mundial","@id":"https:\/\/blogdiario.info\/magazine\/#\/schema\/person\/b2422fe85574d945bad55513bb0c7354"},"headline":"\ud83d\udd16 San Donald y el Meteoro de la Paz Celestial","datePublished":"2025-06-24T18:41:01+00:00","dateModified":"2025-06-24T19:17:13+00:00","mainEntityOfPage":{"@id":"https:\/\/blogdiario.info\/magazine\/2025\/06\/24\/san-donal-y-el-meteoro-de-la-paz-celestial\/"},"wordCount":303,"publisher":{"@id":"https:\/\/blogdiario.info\/magazine\/#organization"},"image":{"@id":"https:\/\/blogdiario.info\/magazine\/2025\/06\/24\/san-donal-y-el-meteoro-de-la-paz-celestial\/#primaryimage"},"thumbnailUrl":"https:\/\/blogdiario.info\/magazine\/images\/2025\/06\/CircusHHHH.png","articleSection":[".",".","Actualidad","America del Nord","Guerra","Medio Oriente","Noticias globales","Pol\u00edticas globales","Sociedad"],"inLanguage":"es-AR"},{"@type":"WebPage","@id":"https:\/\/blogdiario.info\/magazine\/2025\/06\/24\/san-donal-y-el-meteoro-de-la-paz-celestial\/","url":"https:\/\/blogdiario.info\/magazine\/2025\/06\/24\/san-donal-y-el-meteoro-de-la-paz-celestial\/","name":"\ud83d\udd16 San Donald y el Meteoro de la Paz Celestial - BlogDiario Magazine","isPartOf":{"@id":"https:\/\/blogdiario.info\/magazine\/#website"},"primaryImageOfPage":{"@id":"https:\/\/blogdiario.info\/magazine\/2025\/06\/24\/san-donal-y-el-meteoro-de-la-paz-celestial\/#primaryimage"},"image":{"@id":"https:\/\/blogdiario.info\/magazine\/2025\/06\/24\/san-donal-y-el-meteoro-de-la-paz-celestial\/#primaryimage"},"thumbnailUrl":"https:\/\/blogdiario.info\/magazine\/images\/2025\/06\/CircusHHHH.png","datePublished":"2025-06-24T18:41:01+00:00","dateModified":"2025-06-24T19:17:13+00:00","breadcrumb":{"@id":"https:\/\/blogdiario.info\/magazine\/2025\/06\/24\/san-donal-y-el-meteoro-de-la-paz-celestial\/#breadcrumb"},"inLanguage":"es-AR","potentialAction":[{"@type":"ReadAction","target":["https:\/\/blogdiario.info\/magazine\/2025\/06\/24\/san-donal-y-el-meteoro-de-la-paz-celestial\/"]}]},{"@type":"ImageObject","inLanguage":"es-AR","@id":"https:\/\/blogdiario.info\/magazine\/2025\/06\/24\/san-donal-y-el-meteoro-de-la-paz-celestial\/#primaryimage","url":"https:\/\/blogdiario.info\/magazine\/images\/2025\/06\/CircusHHHH.png","contentUrl":"https:\/\/blogdiario.info\/magazine\/images\/2025\/06\/CircusHHHH.png","width":600,"height":400},{"@type":"BreadcrumbList","@id":"https:\/\/blogdiario.info\/magazine\/2025\/06\/24\/san-donal-y-el-meteoro-de-la-paz-celestial\/#breadcrumb","itemListElement":[{"@type":"ListItem","position":1,"name":"Home","item":"https:\/\/blogdiario.info\/magazine\/"},{"@type":"ListItem","position":2,"name":"\ud83d\udd16 San Donald y el Meteoro de la Paz Celestial"}]},{"@type":"WebSite","@id":"https:\/\/blogdiario.info\/magazine\/#website","url":"https:\/\/blogdiario.info\/magazine\/","name":"BlogDiario Magazine","description":"Suplemento multiling\u00fce de ElCanillita.Info","publisher":{"@id":"https:\/\/blogdiario.info\/magazine\/#organization"},"potentialAction":[{"@type":"SearchAction","target":{"@type":"EntryPoint","urlTemplate":"https:\/\/blogdiario.info\/magazine\/?s={search_term_string}"},"query-input":{"@type":"PropertyValueSpecification","valueRequired":true,"valueName":"search_term_string"}}],"inLanguage":"es-AR"},{"@type":"Organization","@id":"https:\/\/blogdiario.info\/magazine\/#organization","name":"Guzzo Photos & Graphic Publications","url":"https:\/\/blogdiario.info\/magazine\/","logo":{"@type":"ImageObject","inLanguage":"es-AR","@id":"https:\/\/blogdiario.info\/magazine\/#\/schema\/logo\/image\/","url":"https:\/\/blogdiario.info\/magazine\/images\/2020\/01\/cropped-blogdia_magazine.jpg","contentUrl":"https:\/\/blogdiario.info\/magazine\/images\/2020\/01\/cropped-blogdia_magazine.jpg","width":589,"height":55,"caption":"Guzzo Photos & Graphic Publications"},"image":{"@id":"https:\/\/blogdiario.info\/magazine\/#\/schema\/logo\/image\/"}},{"@type":"Person","@id":"https:\/\/blogdiario.info\/magazine\/#\/schema\/person\/b2422fe85574d945bad55513bb0c7354","name":"World Press Service | Servicio de Prensa Mundial"}]}},"views":454,"_links":{"self":[{"href":"https:\/\/blogdiario.info\/magazine\/wp-json\/wp\/v2\/posts\/1992","targetHints":{"allow":["GET"]}}],"collection":[{"href":"https:\/\/blogdiario.info\/magazine\/wp-json\/wp\/v2\/posts"}],"about":[{"href":"https:\/\/blogdiario.info\/magazine\/wp-json\/wp\/v2\/types\/post"}],"author":[{"embeddable":true,"href":"https:\/\/blogdiario.info\/magazine\/wp-json\/wp\/v2\/users\/1"}],"replies":[{"embeddable":true,"href":"https:\/\/blogdiario.info\/magazine\/wp-json\/wp\/v2\/comments?post=1992"}],"version-history":[{"count":0,"href":"https:\/\/blogdiario.info\/magazine\/wp-json\/wp\/v2\/posts\/1992\/revisions"}],"wp:featuredmedia":[{"embeddable":true,"href":"https:\/\/blogdiario.info\/magazine\/wp-json\/wp\/v2\/media\/1994"}],"wp:attachment":[{"href":"https:\/\/blogdiario.info\/magazine\/wp-json\/wp\/v2\/media?parent=1992"}],"wp:term":[{"taxonomy":"category","embeddable":true,"href":"https:\/\/blogdiario.info\/magazine\/wp-json\/wp\/v2\/categories?post=1992"},{"taxonomy":"post_tag","embeddable":true,"href":"https:\/\/blogdiario.info\/magazine\/wp-json\/wp\/v2\/tags?post=1992"}],"curies":[{"name":"wp","href":"https:\/\/api.w.org\/{rel}","templated":true}]}}