{"id":1987,"date":"2025-06-23T22:36:03","date_gmt":"2025-06-23T21:36:03","guid":{"rendered":"https:\/\/blogdiario.info\/magazine\/?p=1987"},"modified":"2025-06-23T22:36:05","modified_gmt":"2025-06-23T21:36:05","slug":"%f0%9f%87%ae%f0%9f%87%b9-il-costo-di-una-guerra-storica","status":"publish","type":"post","link":"https:\/\/blogdiario.info\/magazine\/2025\/06\/23\/%f0%9f%87%ae%f0%9f%87%b9-il-costo-di-una-guerra-storica\/","title":{"rendered":"\ud83c\uddee\ud83c\uddf9  Il costo di una guerra storica"},"content":{"rendered":"<div class=\"wp-block-image\">\n<figure class=\"alignleft size-full is-resized\"><img loading=\"lazy\" decoding=\"async\" width=\"400\" height=\"600\" src=\"https:\/\/blogdiario.info\/magazine\/images\/2025\/06\/co_oasis_page.png\" alt=\"\" class=\"wp-image-1983\" style=\"width:310px;height:auto\" srcset=\"https:\/\/blogdiario.info\/magazine\/images\/2025\/06\/co_oasis_page.png 400w, https:\/\/blogdiario.info\/magazine\/images\/2025\/06\/co_oasis_page-200x300.png 200w\" sizes=\"auto, (max-width: 400px) 100vw, 400px\" \/><\/figure><\/div>\n\n\n<p><strong>BlogDiario.info<\/strong><br>Italia, 23\/06\/2025<br><br><strong>Dalle bombe alla pompa, senza scali: la guerra in Iran si sente gi\u00e0 nelle tasche europee. E il petrolio torna a essere arma di pressione.<\/strong><\/p>\n\n\n\n<p>Mentre in Medio Oriente si sentono i boati dei missili sulle centrali nucleari, in Europa l\u2019eco rimbomba con un\u2019altra frequenza: <em>cling<\/em>, fa la pistola del distributore. E non per magia, ma per una vecchia legge non scritta che governa la scacchiera globale: ogni bomba sganciata nel deserto fa salire i prezzi alla pompa.<\/p>\n\n\n\n<p>Venerd\u00ec scorso, dopo l\u2019attacco statunitense a sostegno di Israele, il prezzo del petrolio \u00e8 schizzato in alto e, con lui, le tariffe dei carburanti. Il Brent e il WTI hanno toccato i massimi dall\u2019inizio dell\u2019anno. Risultato: i prezzi ai distributori italiani sono tornati ai livelli di aprile.<\/p>\n\n\n\n<ul class=\"wp-block-list\">\n<li>Benzina self-service: <strong>1,748 euro\/litro<\/strong><\/li>\n\n\n\n<li>Diesel self-service: <strong>1,670 euro\/litro<\/strong><\/li>\n\n\n\n<li>Benzina servita: <strong>1,886 euro\/litro<\/strong><\/li>\n\n\n\n<li>Diesel servito: <strong>1,806 euro\/litro<\/strong><\/li>\n<\/ul>\n\n\n\n<p>E su alcune autostrade, la cosiddetta \u201cbenzina ecologica\u201d ha superato i <strong>2,3 euro\/litro<\/strong>, un record che nemmeno il pi\u00f9 pessimista si aspettava di battere cos\u00ec presto. I consumatori parlano di \u201cspeculazione\u201d, anche se <em>Assopetroli<\/em> cerca di minimizzare: \u201cNon vediamo dinamiche speculative\u201d, dichiarano con faccia da poker. \u201cPromuoviamo una cultura della mobilit\u00e0 consapevole\u201d, aggiungono, come se fare il pieno fosse un atto filosofico.<\/p>\n\n\n\n<p>Ma il Ministero delle Imprese non si accontenta del mantra e ha attivato la <strong>Commissione di Allerta Rapida<\/strong>, una sorta di sentinella che, a quanto pare, dormiva durante l\u2019impennata dei prezzi.<\/p>\n\n\n\n<p>Secondo l\u2019Unione Nazionale Consumatori, oggi fare il pieno costa <strong>2 euro in pi\u00f9 rispetto a una settimana fa<\/strong>. E se la situazione in Iran dovesse peggiorare con la possibile chiusura dello Stretto di Hormuz \u2014 da dove passa un terzo del petrolio mondiale \u2014, il barile potrebbe toccare i <strong>100 dollari<\/strong>, portando il prezzo della benzina in Italia a <strong>2,024 euro\/litro<\/strong>. Abbastanza per farci ripensare persino alle auto ibride.<\/p>\n\n\n\n<p>Quel che \u00e8 certo \u00e8 che, al di l\u00e0 delle dichiarazioni dei distributori, <strong>la guerra \u00e8 diventata anche una questione domestica<\/strong>, intima, quotidiana. Si combatte con ogni scontrino che ci consegnano al distributore. E in questo scenario, ogni litro di benzina \u00e8 un capitolo in pi\u00f9 di una guerra che, anche se qui non uccide direttamente, <strong>fa sanguinare le tasche di molti.<\/strong><\/p>\n\n\n\n<hr class=\"wp-block-separator has-alpha-channel-opacity\"\/>\n\n\n\n<p><strong>Redazione internazionale, con assistenza del Laboratorio di Realismo Stradale<\/strong><br><em>Pubblicazione autorizzata per ElCanillita.info<\/em><br><br><small>\u00a9 2025 ElCanillita.info &#8211; All Rights Reserved &#8211; SalaStampa.eu, world press service<br>Guzzo Photos &amp; Graphic Publications \u2013 Registro Editori e Stampatori n. 1441 Turin, Italy<\/small><\/p>\n","protected":false},"excerpt":{"rendered":"<p> La guerra in Iran si sente gi\u00e0 nelle tasche europee. E il petrolio torna a essere arma di pressione.<\/p>\n","protected":false},"author":1,"featured_media":1982,"comment_status":"closed","ping_status":"closed","sticky":false,"template":"","format":"standard","meta":{"footnotes":"","_links_to":"","_links_to_target":""},"categories":[15,158,18,20],"tags":[22,162],"class_list":["post-1987","post","type-post","status-publish","format-standard","has-post-thumbnail","hentry","category-economia-ita","category-guerre","category-politica-ita","category-societa","tag-italia","tag-mondo","entry","rows"],"yoast_head":"<!-- This site is optimized with the Yoast SEO plugin v27.4 - https:\/\/yoast.com\/product\/yoast-seo-wordpress\/ -->\n<title>\ud83c\uddee\ud83c\uddf9 Il costo di una guerra storica - BlogDiario Magazine<\/title>\n<meta name=\"robots\" content=\"index, follow, max-snippet:-1, max-image-preview:large, max-video-preview:-1\" \/>\n<link rel=\"canonical\" href=\"https:\/\/blogdiario.info\/magazine\/2025\/06\/23\/\ud83c\uddee\ud83c\uddf9-il-costo-di-una-guerra-storica\/\" \/>\n<meta property=\"og:locale\" content=\"es_ES\" \/>\n<meta property=\"og:type\" content=\"article\" \/>\n<meta property=\"og:title\" content=\"\ud83c\uddee\ud83c\uddf9 Il costo di una guerra storica - BlogDiario Magazine\" \/>\n<meta property=\"og:description\" content=\"La guerra in Iran si sente gi\u00e0 nelle tasche europee. E il petrolio torna a essere arma di pressione.\" \/>\n<meta property=\"og:url\" content=\"https:\/\/blogdiario.info\/magazine\/2025\/06\/23\/\ud83c\uddee\ud83c\uddf9-il-costo-di-una-guerra-storica\/\" \/>\n<meta property=\"og:site_name\" content=\"BlogDiario Magazine\" \/>\n<meta property=\"article:published_time\" content=\"2025-06-23T21:36:03+00:00\" \/>\n<meta property=\"article:modified_time\" content=\"2025-06-23T21:36:05+00:00\" \/>\n<meta property=\"og:image\" content=\"https:\/\/blogdiario.info\/magazine\/images\/2025\/06\/co_oasis_HHH.png\" \/>\n\t<meta property=\"og:image:width\" content=\"600\" \/>\n\t<meta property=\"og:image:height\" content=\"400\" \/>\n\t<meta property=\"og:image:type\" content=\"image\/png\" \/>\n<meta name=\"author\" content=\"World Press Service | Servicio de Prensa Mundial\" \/>\n<meta name=\"twitter:card\" content=\"summary_large_image\" \/>\n<meta name=\"twitter:label1\" content=\"Escrito por\" \/>\n\t<meta name=\"twitter:data1\" content=\"World Press Service | Servicio de Prensa Mundial\" \/>\n\t<meta name=\"twitter:label2\" content=\"Tiempo de lectura\" \/>\n\t<meta name=\"twitter:data2\" content=\"3 minutos\" \/>\n<script type=\"application\/ld+json\" class=\"yoast-schema-graph\">{\"@context\":\"https:\\\/\\\/schema.org\",\"@graph\":[{\"@type\":\"Article\",\"@id\":\"https:\\\/\\\/blogdiario.info\\\/magazine\\\/2025\\\/06\\\/23\\\/%f0%9f%87%ae%f0%9f%87%b9-il-costo-di-una-guerra-storica\\\/#article\",\"isPartOf\":{\"@id\":\"https:\\\/\\\/blogdiario.info\\\/magazine\\\/2025\\\/06\\\/23\\\/%f0%9f%87%ae%f0%9f%87%b9-il-costo-di-una-guerra-storica\\\/\"},\"author\":{\"name\":\"World Press Service | Servicio de Prensa Mundial\",\"@id\":\"https:\\\/\\\/blogdiario.info\\\/magazine\\\/#\\\/schema\\\/person\\\/b2422fe85574d945bad55513bb0c7354\"},\"headline\":\"\ud83c\uddee\ud83c\uddf9 Il costo di una guerra storica\",\"datePublished\":\"2025-06-23T21:36:03+00:00\",\"dateModified\":\"2025-06-23T21:36:05+00:00\",\"mainEntityOfPage\":{\"@id\":\"https:\\\/\\\/blogdiario.info\\\/magazine\\\/2025\\\/06\\\/23\\\/%f0%9f%87%ae%f0%9f%87%b9-il-costo-di-una-guerra-storica\\\/\"},\"wordCount\":409,\"publisher\":{\"@id\":\"https:\\\/\\\/blogdiario.info\\\/magazine\\\/#organization\"},\"image\":{\"@id\":\"https:\\\/\\\/blogdiario.info\\\/magazine\\\/2025\\\/06\\\/23\\\/%f0%9f%87%ae%f0%9f%87%b9-il-costo-di-una-guerra-storica\\\/#primaryimage\"},\"thumbnailUrl\":\"https:\\\/\\\/blogdiario.info\\\/magazine\\\/images\\\/2025\\\/06\\\/co_oasis_HHH.png\",\"keywords\":[\"Italia\",\"Mondo\"],\"articleSection\":[\"Economia\",\"Guerre\",\"Politica\",\"Societ\u00e0\"],\"inLanguage\":\"es-AR\"},{\"@type\":\"WebPage\",\"@id\":\"https:\\\/\\\/blogdiario.info\\\/magazine\\\/2025\\\/06\\\/23\\\/%f0%9f%87%ae%f0%9f%87%b9-il-costo-di-una-guerra-storica\\\/\",\"url\":\"https:\\\/\\\/blogdiario.info\\\/magazine\\\/2025\\\/06\\\/23\\\/%f0%9f%87%ae%f0%9f%87%b9-il-costo-di-una-guerra-storica\\\/\",\"name\":\"\ud83c\uddee\ud83c\uddf9 Il costo di una guerra storica - BlogDiario Magazine\",\"isPartOf\":{\"@id\":\"https:\\\/\\\/blogdiario.info\\\/magazine\\\/#website\"},\"primaryImageOfPage\":{\"@id\":\"https:\\\/\\\/blogdiario.info\\\/magazine\\\/2025\\\/06\\\/23\\\/%f0%9f%87%ae%f0%9f%87%b9-il-costo-di-una-guerra-storica\\\/#primaryimage\"},\"image\":{\"@id\":\"https:\\\/\\\/blogdiario.info\\\/magazine\\\/2025\\\/06\\\/23\\\/%f0%9f%87%ae%f0%9f%87%b9-il-costo-di-una-guerra-storica\\\/#primaryimage\"},\"thumbnailUrl\":\"https:\\\/\\\/blogdiario.info\\\/magazine\\\/images\\\/2025\\\/06\\\/co_oasis_HHH.png\",\"datePublished\":\"2025-06-23T21:36:03+00:00\",\"dateModified\":\"2025-06-23T21:36:05+00:00\",\"breadcrumb\":{\"@id\":\"https:\\\/\\\/blogdiario.info\\\/magazine\\\/2025\\\/06\\\/23\\\/%f0%9f%87%ae%f0%9f%87%b9-il-costo-di-una-guerra-storica\\\/#breadcrumb\"},\"inLanguage\":\"es-AR\",\"potentialAction\":[{\"@type\":\"ReadAction\",\"target\":[\"https:\\\/\\\/blogdiario.info\\\/magazine\\\/2025\\\/06\\\/23\\\/%f0%9f%87%ae%f0%9f%87%b9-il-costo-di-una-guerra-storica\\\/\"]}]},{\"@type\":\"ImageObject\",\"inLanguage\":\"es-AR\",\"@id\":\"https:\\\/\\\/blogdiario.info\\\/magazine\\\/2025\\\/06\\\/23\\\/%f0%9f%87%ae%f0%9f%87%b9-il-costo-di-una-guerra-storica\\\/#primaryimage\",\"url\":\"https:\\\/\\\/blogdiario.info\\\/magazine\\\/images\\\/2025\\\/06\\\/co_oasis_HHH.png\",\"contentUrl\":\"https:\\\/\\\/blogdiario.info\\\/magazine\\\/images\\\/2025\\\/06\\\/co_oasis_HHH.png\",\"width\":600,\"height\":400},{\"@type\":\"BreadcrumbList\",\"@id\":\"https:\\\/\\\/blogdiario.info\\\/magazine\\\/2025\\\/06\\\/23\\\/%f0%9f%87%ae%f0%9f%87%b9-il-costo-di-una-guerra-storica\\\/#breadcrumb\",\"itemListElement\":[{\"@type\":\"ListItem\",\"position\":1,\"name\":\"Home\",\"item\":\"https:\\\/\\\/blogdiario.info\\\/magazine\\\/\"},{\"@type\":\"ListItem\",\"position\":2,\"name\":\"\ud83c\uddee\ud83c\uddf9 Il costo di una guerra storica\"}]},{\"@type\":\"WebSite\",\"@id\":\"https:\\\/\\\/blogdiario.info\\\/magazine\\\/#website\",\"url\":\"https:\\\/\\\/blogdiario.info\\\/magazine\\\/\",\"name\":\"BlogDiario Magazine\",\"description\":\"Suplemento multiling\u00fce de ElCanillita.Info\",\"publisher\":{\"@id\":\"https:\\\/\\\/blogdiario.info\\\/magazine\\\/#organization\"},\"potentialAction\":[{\"@type\":\"SearchAction\",\"target\":{\"@type\":\"EntryPoint\",\"urlTemplate\":\"https:\\\/\\\/blogdiario.info\\\/magazine\\\/?s={search_term_string}\"},\"query-input\":{\"@type\":\"PropertyValueSpecification\",\"valueRequired\":true,\"valueName\":\"search_term_string\"}}],\"inLanguage\":\"es-AR\"},{\"@type\":\"Organization\",\"@id\":\"https:\\\/\\\/blogdiario.info\\\/magazine\\\/#organization\",\"name\":\"Guzzo Photos & Graphic Publications\",\"url\":\"https:\\\/\\\/blogdiario.info\\\/magazine\\\/\",\"logo\":{\"@type\":\"ImageObject\",\"inLanguage\":\"es-AR\",\"@id\":\"https:\\\/\\\/blogdiario.info\\\/magazine\\\/#\\\/schema\\\/logo\\\/image\\\/\",\"url\":\"https:\\\/\\\/blogdiario.info\\\/magazine\\\/images\\\/2020\\\/01\\\/cropped-blogdia_magazine.jpg\",\"contentUrl\":\"https:\\\/\\\/blogdiario.info\\\/magazine\\\/images\\\/2020\\\/01\\\/cropped-blogdia_magazine.jpg\",\"width\":589,\"height\":55,\"caption\":\"Guzzo Photos & Graphic Publications\"},\"image\":{\"@id\":\"https:\\\/\\\/blogdiario.info\\\/magazine\\\/#\\\/schema\\\/logo\\\/image\\\/\"}},{\"@type\":\"Person\",\"@id\":\"https:\\\/\\\/blogdiario.info\\\/magazine\\\/#\\\/schema\\\/person\\\/b2422fe85574d945bad55513bb0c7354\",\"name\":\"World Press Service | Servicio de Prensa Mundial\"}]}<\/script>\n<!-- \/ Yoast SEO plugin. -->","yoast_head_json":{"title":"\ud83c\uddee\ud83c\uddf9 Il costo di una guerra storica - BlogDiario Magazine","robots":{"index":"index","follow":"follow","max-snippet":"max-snippet:-1","max-image-preview":"max-image-preview:large","max-video-preview":"max-video-preview:-1"},"canonical":"https:\/\/blogdiario.info\/magazine\/2025\/06\/23\/\ud83c\uddee\ud83c\uddf9-il-costo-di-una-guerra-storica\/","og_locale":"es_ES","og_type":"article","og_title":"\ud83c\uddee\ud83c\uddf9 Il costo di una guerra storica - BlogDiario Magazine","og_description":"La guerra in Iran si sente gi\u00e0 nelle tasche europee. E il petrolio torna a essere arma di pressione.","og_url":"https:\/\/blogdiario.info\/magazine\/2025\/06\/23\/\ud83c\uddee\ud83c\uddf9-il-costo-di-una-guerra-storica\/","og_site_name":"BlogDiario Magazine","article_published_time":"2025-06-23T21:36:03+00:00","article_modified_time":"2025-06-23T21:36:05+00:00","og_image":[{"width":600,"height":400,"url":"https:\/\/blogdiario.info\/magazine\/images\/2025\/06\/co_oasis_HHH.png","type":"image\/png"}],"author":"World Press Service | Servicio de Prensa Mundial","twitter_card":"summary_large_image","twitter_misc":{"Escrito por":"World Press Service | Servicio de Prensa Mundial","Tiempo de lectura":"3 minutos"},"schema":{"@context":"https:\/\/schema.org","@graph":[{"@type":"Article","@id":"https:\/\/blogdiario.info\/magazine\/2025\/06\/23\/%f0%9f%87%ae%f0%9f%87%b9-il-costo-di-una-guerra-storica\/#article","isPartOf":{"@id":"https:\/\/blogdiario.info\/magazine\/2025\/06\/23\/%f0%9f%87%ae%f0%9f%87%b9-il-costo-di-una-guerra-storica\/"},"author":{"name":"World Press Service | Servicio de Prensa Mundial","@id":"https:\/\/blogdiario.info\/magazine\/#\/schema\/person\/b2422fe85574d945bad55513bb0c7354"},"headline":"\ud83c\uddee\ud83c\uddf9 Il costo di una guerra storica","datePublished":"2025-06-23T21:36:03+00:00","dateModified":"2025-06-23T21:36:05+00:00","mainEntityOfPage":{"@id":"https:\/\/blogdiario.info\/magazine\/2025\/06\/23\/%f0%9f%87%ae%f0%9f%87%b9-il-costo-di-una-guerra-storica\/"},"wordCount":409,"publisher":{"@id":"https:\/\/blogdiario.info\/magazine\/#organization"},"image":{"@id":"https:\/\/blogdiario.info\/magazine\/2025\/06\/23\/%f0%9f%87%ae%f0%9f%87%b9-il-costo-di-una-guerra-storica\/#primaryimage"},"thumbnailUrl":"https:\/\/blogdiario.info\/magazine\/images\/2025\/06\/co_oasis_HHH.png","keywords":["Italia","Mondo"],"articleSection":["Economia","Guerre","Politica","Societ\u00e0"],"inLanguage":"es-AR"},{"@type":"WebPage","@id":"https:\/\/blogdiario.info\/magazine\/2025\/06\/23\/%f0%9f%87%ae%f0%9f%87%b9-il-costo-di-una-guerra-storica\/","url":"https:\/\/blogdiario.info\/magazine\/2025\/06\/23\/%f0%9f%87%ae%f0%9f%87%b9-il-costo-di-una-guerra-storica\/","name":"\ud83c\uddee\ud83c\uddf9 Il costo di una guerra storica - BlogDiario Magazine","isPartOf":{"@id":"https:\/\/blogdiario.info\/magazine\/#website"},"primaryImageOfPage":{"@id":"https:\/\/blogdiario.info\/magazine\/2025\/06\/23\/%f0%9f%87%ae%f0%9f%87%b9-il-costo-di-una-guerra-storica\/#primaryimage"},"image":{"@id":"https:\/\/blogdiario.info\/magazine\/2025\/06\/23\/%f0%9f%87%ae%f0%9f%87%b9-il-costo-di-una-guerra-storica\/#primaryimage"},"thumbnailUrl":"https:\/\/blogdiario.info\/magazine\/images\/2025\/06\/co_oasis_HHH.png","datePublished":"2025-06-23T21:36:03+00:00","dateModified":"2025-06-23T21:36:05+00:00","breadcrumb":{"@id":"https:\/\/blogdiario.info\/magazine\/2025\/06\/23\/%f0%9f%87%ae%f0%9f%87%b9-il-costo-di-una-guerra-storica\/#breadcrumb"},"inLanguage":"es-AR","potentialAction":[{"@type":"ReadAction","target":["https:\/\/blogdiario.info\/magazine\/2025\/06\/23\/%f0%9f%87%ae%f0%9f%87%b9-il-costo-di-una-guerra-storica\/"]}]},{"@type":"ImageObject","inLanguage":"es-AR","@id":"https:\/\/blogdiario.info\/magazine\/2025\/06\/23\/%f0%9f%87%ae%f0%9f%87%b9-il-costo-di-una-guerra-storica\/#primaryimage","url":"https:\/\/blogdiario.info\/magazine\/images\/2025\/06\/co_oasis_HHH.png","contentUrl":"https:\/\/blogdiario.info\/magazine\/images\/2025\/06\/co_oasis_HHH.png","width":600,"height":400},{"@type":"BreadcrumbList","@id":"https:\/\/blogdiario.info\/magazine\/2025\/06\/23\/%f0%9f%87%ae%f0%9f%87%b9-il-costo-di-una-guerra-storica\/#breadcrumb","itemListElement":[{"@type":"ListItem","position":1,"name":"Home","item":"https:\/\/blogdiario.info\/magazine\/"},{"@type":"ListItem","position":2,"name":"\ud83c\uddee\ud83c\uddf9 Il costo di una guerra storica"}]},{"@type":"WebSite","@id":"https:\/\/blogdiario.info\/magazine\/#website","url":"https:\/\/blogdiario.info\/magazine\/","name":"BlogDiario Magazine","description":"Suplemento multiling\u00fce de ElCanillita.Info","publisher":{"@id":"https:\/\/blogdiario.info\/magazine\/#organization"},"potentialAction":[{"@type":"SearchAction","target":{"@type":"EntryPoint","urlTemplate":"https:\/\/blogdiario.info\/magazine\/?s={search_term_string}"},"query-input":{"@type":"PropertyValueSpecification","valueRequired":true,"valueName":"search_term_string"}}],"inLanguage":"es-AR"},{"@type":"Organization","@id":"https:\/\/blogdiario.info\/magazine\/#organization","name":"Guzzo Photos & Graphic Publications","url":"https:\/\/blogdiario.info\/magazine\/","logo":{"@type":"ImageObject","inLanguage":"es-AR","@id":"https:\/\/blogdiario.info\/magazine\/#\/schema\/logo\/image\/","url":"https:\/\/blogdiario.info\/magazine\/images\/2020\/01\/cropped-blogdia_magazine.jpg","contentUrl":"https:\/\/blogdiario.info\/magazine\/images\/2020\/01\/cropped-blogdia_magazine.jpg","width":589,"height":55,"caption":"Guzzo Photos & Graphic Publications"},"image":{"@id":"https:\/\/blogdiario.info\/magazine\/#\/schema\/logo\/image\/"}},{"@type":"Person","@id":"https:\/\/blogdiario.info\/magazine\/#\/schema\/person\/b2422fe85574d945bad55513bb0c7354","name":"World Press Service | Servicio de Prensa Mundial"}]}},"views":1012,"_links":{"self":[{"href":"https:\/\/blogdiario.info\/magazine\/wp-json\/wp\/v2\/posts\/1987","targetHints":{"allow":["GET"]}}],"collection":[{"href":"https:\/\/blogdiario.info\/magazine\/wp-json\/wp\/v2\/posts"}],"about":[{"href":"https:\/\/blogdiario.info\/magazine\/wp-json\/wp\/v2\/types\/post"}],"author":[{"embeddable":true,"href":"https:\/\/blogdiario.info\/magazine\/wp-json\/wp\/v2\/users\/1"}],"replies":[{"embeddable":true,"href":"https:\/\/blogdiario.info\/magazine\/wp-json\/wp\/v2\/comments?post=1987"}],"version-history":[{"count":0,"href":"https:\/\/blogdiario.info\/magazine\/wp-json\/wp\/v2\/posts\/1987\/revisions"}],"wp:featuredmedia":[{"embeddable":true,"href":"https:\/\/blogdiario.info\/magazine\/wp-json\/wp\/v2\/media\/1982"}],"wp:attachment":[{"href":"https:\/\/blogdiario.info\/magazine\/wp-json\/wp\/v2\/media?parent=1987"}],"wp:term":[{"taxonomy":"category","embeddable":true,"href":"https:\/\/blogdiario.info\/magazine\/wp-json\/wp\/v2\/categories?post=1987"},{"taxonomy":"post_tag","embeddable":true,"href":"https:\/\/blogdiario.info\/magazine\/wp-json\/wp\/v2\/tags?post=1987"}],"curies":[{"name":"wp","href":"https:\/\/api.w.org\/{rel}","templated":true}]}}