{"id":1957,"date":"2025-06-22T11:54:37","date_gmt":"2025-06-22T10:54:37","guid":{"rendered":"https:\/\/blogdiario.info\/magazine\/?p=1957"},"modified":"2025-06-22T11:55:26","modified_gmt":"2025-06-22T10:55:26","slug":"%f0%9f%87%ab%f0%9f%87%b7-drapeaux-communs-de-gaza-a-teheran","status":"publish","type":"post","link":"https:\/\/blogdiario.info\/magazine\/2025\/06\/22\/%f0%9f%87%ab%f0%9f%87%b7-drapeaux-communs-de-gaza-a-teheran\/","title":{"rendered":"\ud83c\uddeb\ud83c\uddf7 Drapeaux communs : de Gaza \u00e0 T\u00e9h\u00e9ran"},"content":{"rendered":"<div class=\"wp-block-image\">\n<figure class=\"alignleft size-full is-resized\"><img loading=\"lazy\" decoding=\"async\" width=\"450\" height=\"450\" src=\"https:\/\/blogdiario.info\/magazine\/images\/2025\/06\/Pub.veer_.png\" alt=\"\" class=\"wp-image-1950\" style=\"width:409px;height:auto\" srcset=\"https:\/\/blogdiario.info\/magazine\/images\/2025\/06\/Pub.veer_.png 450w, https:\/\/blogdiario.info\/magazine\/images\/2025\/06\/Pub.veer_-300x300.png 300w, https:\/\/blogdiario.info\/magazine\/images\/2025\/06\/Pub.veer_-150x150.png 150w\" sizes=\"auto, (max-width: 450px) 100vw, 450px\" \/><\/figure><\/div>\n\n\n<p><strong>BlogDiario.info<\/strong><br>Londres, 21\/06\/2025<br><br><strong>Londres \u2013 Samedi de pancartes crois\u00e9es<\/strong><\/p>\n\n\n\n<p>Au c\u0153ur de Londres, o\u00f9 la Tamise serpente entre traditions s\u00e9culaires et vitrines globalis\u00e9es, une sc\u00e8ne nouvelle est devenue habituelle : des milliers de manifestants pro-palestiniens brandissant des drapeaux, scandant des slogans et martelant un message de plus en plus clair :<br><strong>\u00ab Lib\u00e9rez la Palestine. Pas touche \u00e0 l\u2019Iran. \u00bb<\/strong><\/p>\n\n\n\n<p>Mais cette fois, un d\u00e9tail a retenu l\u2019attention. Pas le nombre \u2014 pourtant important \u2014, ni la ferveur \u2014 ind\u00e9niable. Ce fut <strong>la pr\u00e9sence visible des drapeaux iraniens et des portraits de l\u2019ayatollah Ali Khamenei<\/strong>, \u00e9rig\u00e9 en symbole de \u00ab r\u00e9sistance \u00bb par certains groupes.<\/p>\n\n\n\n<p>Une pancarte soigneusement imprim\u00e9e proclamait :<br><strong>\u00ab Choisissez le bon c\u00f4t\u00e9 de l\u2019histoire \u00bb<\/strong>, \u00e0 c\u00f4t\u00e9 du visage s\u00e9v\u00e8re et impassible du Guide supr\u00eame iranien.<\/p>\n\n\n\n<p>Entre les b\u00e2timents victoriens et les caf\u00e9s v\u00e9ganes de Soho, <strong>se sont crois\u00e9s des mondes parfois contradictoires : la cause palestinienne, la th\u00e9ocratie iranienne, les droits humains, le f\u00e9minisme islamique et une diplomatie confuse \u00e0 ciel ouvert.<\/strong><\/p>\n\n\n\n<h3 class=\"wp-block-heading\">De Gaza \u00e0 T\u00e9h\u00e9ran avec escale \u00e0 Londres<\/h3>\n\n\n\n<p>Depuis le 7 octobre, les manifestations pro-palestiniennes rythment les week-ends au Royaume-Uni. Mais ces derni\u00e8res semaines, <strong>la pr\u00e9sence coordonn\u00e9e de symboles iraniens signale un tournant politique et visuel.<\/strong><br>Pour certains analystes britanniques, c\u2019est une \u00ab solidarit\u00e9 r\u00e9gionale \u00e9largie \u00bb. Pour d\u2019autres, un \u00ab blanchiment s\u00e9lectif des th\u00e9ocraties \u00bb.<\/p>\n\n\n\n<p>Peut-\u00eatre que la pancarte la plus honn\u00eate \u00e9tait celle-ci :<br><strong>\u00ab On ne nous laisse pas bien choisir. Alors on choisit fort. \u00bb<\/strong><\/p>\n\n\n\n<p>La rue a parl\u00e9. Mais comme toujours, <strong>ce n\u2019est pas la pancarte qui parle, c\u2019est la main qui la tient.<\/strong><br><br><small>\u00a92025 La Voix du Trottoir \u2013 All Rights Reserved &#8211; Copyright \u00a9 2025 ElCanillita.info \/ BlogDiario.info \/SalaStampa.eu, world press service &#8211; Guzzo Photos &amp; Graphic Publications \u2013 Registro Editori e Stampatori n. 1441 Turin, Italy<\/small><br><br><\/p>\n","protected":false},"excerpt":{"rendered":"<p>Londres \u2013 Samedi de pancartes crois\u00e9es<\/p>\n","protected":false},"author":1,"featured_media":1951,"comment_status":"closed","ping_status":"closed","sticky":false,"template":"","format":"standard","meta":{"footnotes":"","_links_to":"","_links_to_target":""},"categories":[97,109,65,29,138,31],"tags":[],"class_list":["post-1957","post","type-post","status-publish","format-standard","has-post-thumbnail","hentry","category-elcanillita","category-dc24","category-actualite","category-politique","category-reino-unido","category-societe","entry","rows"],"yoast_head":"<!-- This site is optimized with the Yoast SEO plugin v27.4 - https:\/\/yoast.com\/product\/yoast-seo-wordpress\/ -->\n<title>\ud83c\uddeb\ud83c\uddf7 Drapeaux communs : de Gaza \u00e0 T\u00e9h\u00e9ran - BlogDiario Magazine<\/title>\n<meta name=\"robots\" content=\"index, follow, max-snippet:-1, max-image-preview:large, max-video-preview:-1\" \/>\n<link rel=\"canonical\" href=\"https:\/\/blogdiario.info\/magazine\/2025\/06\/22\/\ud83c\uddeb\ud83c\uddf7-drapeaux-communs-de-gaza-a-teheran\/\" \/>\n<meta property=\"og:locale\" content=\"es_ES\" \/>\n<meta property=\"og:type\" content=\"article\" \/>\n<meta property=\"og:title\" content=\"\ud83c\uddeb\ud83c\uddf7 Drapeaux communs : de Gaza \u00e0 T\u00e9h\u00e9ran - BlogDiario Magazine\" \/>\n<meta property=\"og:description\" content=\"Londres \u2013 Samedi de pancartes crois\u00e9es\" \/>\n<meta property=\"og:url\" content=\"https:\/\/blogdiario.info\/magazine\/2025\/06\/22\/\ud83c\uddeb\ud83c\uddf7-drapeaux-communs-de-gaza-a-teheran\/\" \/>\n<meta property=\"og:site_name\" content=\"BlogDiario Magazine\" \/>\n<meta property=\"article:published_time\" content=\"2025-06-22T10:54:37+00:00\" \/>\n<meta property=\"article:modified_time\" content=\"2025-06-22T10:55:26+00:00\" \/>\n<meta property=\"og:image\" content=\"https:\/\/blogdiario.info\/magazine\/images\/2025\/06\/freepacov.png\" \/>\n\t<meta property=\"og:image:width\" content=\"600\" \/>\n\t<meta property=\"og:image:height\" content=\"400\" \/>\n\t<meta property=\"og:image:type\" content=\"image\/png\" \/>\n<meta name=\"author\" content=\"World Press Service | Servicio de Prensa Mundial\" \/>\n<meta name=\"twitter:card\" content=\"summary_large_image\" \/>\n<meta name=\"twitter:label1\" content=\"Escrito por\" \/>\n\t<meta name=\"twitter:data1\" content=\"World Press Service | Servicio de Prensa Mundial\" \/>\n\t<meta name=\"twitter:label2\" content=\"Tiempo de lectura\" \/>\n\t<meta name=\"twitter:data2\" content=\"2 minutos\" \/>\n<script type=\"application\/ld+json\" class=\"yoast-schema-graph\">{\"@context\":\"https:\\\/\\\/schema.org\",\"@graph\":[{\"@type\":\"Article\",\"@id\":\"https:\\\/\\\/blogdiario.info\\\/magazine\\\/2025\\\/06\\\/22\\\/%f0%9f%87%ab%f0%9f%87%b7-drapeaux-communs-de-gaza-a-teheran\\\/#article\",\"isPartOf\":{\"@id\":\"https:\\\/\\\/blogdiario.info\\\/magazine\\\/2025\\\/06\\\/22\\\/%f0%9f%87%ab%f0%9f%87%b7-drapeaux-communs-de-gaza-a-teheran\\\/\"},\"author\":{\"name\":\"World Press Service | Servicio de Prensa Mundial\",\"@id\":\"https:\\\/\\\/blogdiario.info\\\/magazine\\\/#\\\/schema\\\/person\\\/b2422fe85574d945bad55513bb0c7354\"},\"headline\":\"\ud83c\uddeb\ud83c\uddf7 Drapeaux communs : de Gaza \u00e0 T\u00e9h\u00e9ran\",\"datePublished\":\"2025-06-22T10:54:37+00:00\",\"dateModified\":\"2025-06-22T10:55:26+00:00\",\"mainEntityOfPage\":{\"@id\":\"https:\\\/\\\/blogdiario.info\\\/magazine\\\/2025\\\/06\\\/22\\\/%f0%9f%87%ab%f0%9f%87%b7-drapeaux-communs-de-gaza-a-teheran\\\/\"},\"wordCount\":317,\"publisher\":{\"@id\":\"https:\\\/\\\/blogdiario.info\\\/magazine\\\/#organization\"},\"image\":{\"@id\":\"https:\\\/\\\/blogdiario.info\\\/magazine\\\/2025\\\/06\\\/22\\\/%f0%9f%87%ab%f0%9f%87%b7-drapeaux-communs-de-gaza-a-teheran\\\/#primaryimage\"},\"thumbnailUrl\":\"https:\\\/\\\/blogdiario.info\\\/magazine\\\/images\\\/2025\\\/06\\\/freepacov.png\",\"articleSection\":[\".\",\".\",\"Actualit\u00e9\",\"Politique\",\"Reino Unido\",\"Soci\u00e9t\u00e9\"],\"inLanguage\":\"es-AR\"},{\"@type\":\"WebPage\",\"@id\":\"https:\\\/\\\/blogdiario.info\\\/magazine\\\/2025\\\/06\\\/22\\\/%f0%9f%87%ab%f0%9f%87%b7-drapeaux-communs-de-gaza-a-teheran\\\/\",\"url\":\"https:\\\/\\\/blogdiario.info\\\/magazine\\\/2025\\\/06\\\/22\\\/%f0%9f%87%ab%f0%9f%87%b7-drapeaux-communs-de-gaza-a-teheran\\\/\",\"name\":\"\ud83c\uddeb\ud83c\uddf7 Drapeaux communs : de Gaza \u00e0 T\u00e9h\u00e9ran - BlogDiario Magazine\",\"isPartOf\":{\"@id\":\"https:\\\/\\\/blogdiario.info\\\/magazine\\\/#website\"},\"primaryImageOfPage\":{\"@id\":\"https:\\\/\\\/blogdiario.info\\\/magazine\\\/2025\\\/06\\\/22\\\/%f0%9f%87%ab%f0%9f%87%b7-drapeaux-communs-de-gaza-a-teheran\\\/#primaryimage\"},\"image\":{\"@id\":\"https:\\\/\\\/blogdiario.info\\\/magazine\\\/2025\\\/06\\\/22\\\/%f0%9f%87%ab%f0%9f%87%b7-drapeaux-communs-de-gaza-a-teheran\\\/#primaryimage\"},\"thumbnailUrl\":\"https:\\\/\\\/blogdiario.info\\\/magazine\\\/images\\\/2025\\\/06\\\/freepacov.png\",\"datePublished\":\"2025-06-22T10:54:37+00:00\",\"dateModified\":\"2025-06-22T10:55:26+00:00\",\"breadcrumb\":{\"@id\":\"https:\\\/\\\/blogdiario.info\\\/magazine\\\/2025\\\/06\\\/22\\\/%f0%9f%87%ab%f0%9f%87%b7-drapeaux-communs-de-gaza-a-teheran\\\/#breadcrumb\"},\"inLanguage\":\"es-AR\",\"potentialAction\":[{\"@type\":\"ReadAction\",\"target\":[\"https:\\\/\\\/blogdiario.info\\\/magazine\\\/2025\\\/06\\\/22\\\/%f0%9f%87%ab%f0%9f%87%b7-drapeaux-communs-de-gaza-a-teheran\\\/\"]}]},{\"@type\":\"ImageObject\",\"inLanguage\":\"es-AR\",\"@id\":\"https:\\\/\\\/blogdiario.info\\\/magazine\\\/2025\\\/06\\\/22\\\/%f0%9f%87%ab%f0%9f%87%b7-drapeaux-communs-de-gaza-a-teheran\\\/#primaryimage\",\"url\":\"https:\\\/\\\/blogdiario.info\\\/magazine\\\/images\\\/2025\\\/06\\\/freepacov.png\",\"contentUrl\":\"https:\\\/\\\/blogdiario.info\\\/magazine\\\/images\\\/2025\\\/06\\\/freepacov.png\",\"width\":600,\"height\":400},{\"@type\":\"BreadcrumbList\",\"@id\":\"https:\\\/\\\/blogdiario.info\\\/magazine\\\/2025\\\/06\\\/22\\\/%f0%9f%87%ab%f0%9f%87%b7-drapeaux-communs-de-gaza-a-teheran\\\/#breadcrumb\",\"itemListElement\":[{\"@type\":\"ListItem\",\"position\":1,\"name\":\"Home\",\"item\":\"https:\\\/\\\/blogdiario.info\\\/magazine\\\/\"},{\"@type\":\"ListItem\",\"position\":2,\"name\":\"\ud83c\uddeb\ud83c\uddf7 Drapeaux communs : de Gaza \u00e0 T\u00e9h\u00e9ran\"}]},{\"@type\":\"WebSite\",\"@id\":\"https:\\\/\\\/blogdiario.info\\\/magazine\\\/#website\",\"url\":\"https:\\\/\\\/blogdiario.info\\\/magazine\\\/\",\"name\":\"BlogDiario Magazine\",\"description\":\"Suplemento multiling\u00fce de ElCanillita.Info\",\"publisher\":{\"@id\":\"https:\\\/\\\/blogdiario.info\\\/magazine\\\/#organization\"},\"potentialAction\":[{\"@type\":\"SearchAction\",\"target\":{\"@type\":\"EntryPoint\",\"urlTemplate\":\"https:\\\/\\\/blogdiario.info\\\/magazine\\\/?s={search_term_string}\"},\"query-input\":{\"@type\":\"PropertyValueSpecification\",\"valueRequired\":true,\"valueName\":\"search_term_string\"}}],\"inLanguage\":\"es-AR\"},{\"@type\":\"Organization\",\"@id\":\"https:\\\/\\\/blogdiario.info\\\/magazine\\\/#organization\",\"name\":\"Guzzo Photos & Graphic Publications\",\"url\":\"https:\\\/\\\/blogdiario.info\\\/magazine\\\/\",\"logo\":{\"@type\":\"ImageObject\",\"inLanguage\":\"es-AR\",\"@id\":\"https:\\\/\\\/blogdiario.info\\\/magazine\\\/#\\\/schema\\\/logo\\\/image\\\/\",\"url\":\"https:\\\/\\\/blogdiario.info\\\/magazine\\\/images\\\/2020\\\/01\\\/cropped-blogdia_magazine.jpg\",\"contentUrl\":\"https:\\\/\\\/blogdiario.info\\\/magazine\\\/images\\\/2020\\\/01\\\/cropped-blogdia_magazine.jpg\",\"width\":589,\"height\":55,\"caption\":\"Guzzo Photos & Graphic Publications\"},\"image\":{\"@id\":\"https:\\\/\\\/blogdiario.info\\\/magazine\\\/#\\\/schema\\\/logo\\\/image\\\/\"}},{\"@type\":\"Person\",\"@id\":\"https:\\\/\\\/blogdiario.info\\\/magazine\\\/#\\\/schema\\\/person\\\/b2422fe85574d945bad55513bb0c7354\",\"name\":\"World Press Service | Servicio de Prensa Mundial\"}]}<\/script>\n<!-- \/ Yoast SEO plugin. -->","yoast_head_json":{"title":"\ud83c\uddeb\ud83c\uddf7 Drapeaux communs : de Gaza \u00e0 T\u00e9h\u00e9ran - BlogDiario Magazine","robots":{"index":"index","follow":"follow","max-snippet":"max-snippet:-1","max-image-preview":"max-image-preview:large","max-video-preview":"max-video-preview:-1"},"canonical":"https:\/\/blogdiario.info\/magazine\/2025\/06\/22\/\ud83c\uddeb\ud83c\uddf7-drapeaux-communs-de-gaza-a-teheran\/","og_locale":"es_ES","og_type":"article","og_title":"\ud83c\uddeb\ud83c\uddf7 Drapeaux communs : de Gaza \u00e0 T\u00e9h\u00e9ran - BlogDiario Magazine","og_description":"Londres \u2013 Samedi de pancartes crois\u00e9es","og_url":"https:\/\/blogdiario.info\/magazine\/2025\/06\/22\/\ud83c\uddeb\ud83c\uddf7-drapeaux-communs-de-gaza-a-teheran\/","og_site_name":"BlogDiario Magazine","article_published_time":"2025-06-22T10:54:37+00:00","article_modified_time":"2025-06-22T10:55:26+00:00","og_image":[{"width":600,"height":400,"url":"https:\/\/blogdiario.info\/magazine\/images\/2025\/06\/freepacov.png","type":"image\/png"}],"author":"World Press Service | Servicio de Prensa Mundial","twitter_card":"summary_large_image","twitter_misc":{"Escrito por":"World Press Service | Servicio de Prensa Mundial","Tiempo de lectura":"2 minutos"},"schema":{"@context":"https:\/\/schema.org","@graph":[{"@type":"Article","@id":"https:\/\/blogdiario.info\/magazine\/2025\/06\/22\/%f0%9f%87%ab%f0%9f%87%b7-drapeaux-communs-de-gaza-a-teheran\/#article","isPartOf":{"@id":"https:\/\/blogdiario.info\/magazine\/2025\/06\/22\/%f0%9f%87%ab%f0%9f%87%b7-drapeaux-communs-de-gaza-a-teheran\/"},"author":{"name":"World Press Service | Servicio de Prensa Mundial","@id":"https:\/\/blogdiario.info\/magazine\/#\/schema\/person\/b2422fe85574d945bad55513bb0c7354"},"headline":"\ud83c\uddeb\ud83c\uddf7 Drapeaux communs : de Gaza \u00e0 T\u00e9h\u00e9ran","datePublished":"2025-06-22T10:54:37+00:00","dateModified":"2025-06-22T10:55:26+00:00","mainEntityOfPage":{"@id":"https:\/\/blogdiario.info\/magazine\/2025\/06\/22\/%f0%9f%87%ab%f0%9f%87%b7-drapeaux-communs-de-gaza-a-teheran\/"},"wordCount":317,"publisher":{"@id":"https:\/\/blogdiario.info\/magazine\/#organization"},"image":{"@id":"https:\/\/blogdiario.info\/magazine\/2025\/06\/22\/%f0%9f%87%ab%f0%9f%87%b7-drapeaux-communs-de-gaza-a-teheran\/#primaryimage"},"thumbnailUrl":"https:\/\/blogdiario.info\/magazine\/images\/2025\/06\/freepacov.png","articleSection":[".",".","Actualit\u00e9","Politique","Reino Unido","Soci\u00e9t\u00e9"],"inLanguage":"es-AR"},{"@type":"WebPage","@id":"https:\/\/blogdiario.info\/magazine\/2025\/06\/22\/%f0%9f%87%ab%f0%9f%87%b7-drapeaux-communs-de-gaza-a-teheran\/","url":"https:\/\/blogdiario.info\/magazine\/2025\/06\/22\/%f0%9f%87%ab%f0%9f%87%b7-drapeaux-communs-de-gaza-a-teheran\/","name":"\ud83c\uddeb\ud83c\uddf7 Drapeaux communs : de Gaza \u00e0 T\u00e9h\u00e9ran - BlogDiario Magazine","isPartOf":{"@id":"https:\/\/blogdiario.info\/magazine\/#website"},"primaryImageOfPage":{"@id":"https:\/\/blogdiario.info\/magazine\/2025\/06\/22\/%f0%9f%87%ab%f0%9f%87%b7-drapeaux-communs-de-gaza-a-teheran\/#primaryimage"},"image":{"@id":"https:\/\/blogdiario.info\/magazine\/2025\/06\/22\/%f0%9f%87%ab%f0%9f%87%b7-drapeaux-communs-de-gaza-a-teheran\/#primaryimage"},"thumbnailUrl":"https:\/\/blogdiario.info\/magazine\/images\/2025\/06\/freepacov.png","datePublished":"2025-06-22T10:54:37+00:00","dateModified":"2025-06-22T10:55:26+00:00","breadcrumb":{"@id":"https:\/\/blogdiario.info\/magazine\/2025\/06\/22\/%f0%9f%87%ab%f0%9f%87%b7-drapeaux-communs-de-gaza-a-teheran\/#breadcrumb"},"inLanguage":"es-AR","potentialAction":[{"@type":"ReadAction","target":["https:\/\/blogdiario.info\/magazine\/2025\/06\/22\/%f0%9f%87%ab%f0%9f%87%b7-drapeaux-communs-de-gaza-a-teheran\/"]}]},{"@type":"ImageObject","inLanguage":"es-AR","@id":"https:\/\/blogdiario.info\/magazine\/2025\/06\/22\/%f0%9f%87%ab%f0%9f%87%b7-drapeaux-communs-de-gaza-a-teheran\/#primaryimage","url":"https:\/\/blogdiario.info\/magazine\/images\/2025\/06\/freepacov.png","contentUrl":"https:\/\/blogdiario.info\/magazine\/images\/2025\/06\/freepacov.png","width":600,"height":400},{"@type":"BreadcrumbList","@id":"https:\/\/blogdiario.info\/magazine\/2025\/06\/22\/%f0%9f%87%ab%f0%9f%87%b7-drapeaux-communs-de-gaza-a-teheran\/#breadcrumb","itemListElement":[{"@type":"ListItem","position":1,"name":"Home","item":"https:\/\/blogdiario.info\/magazine\/"},{"@type":"ListItem","position":2,"name":"\ud83c\uddeb\ud83c\uddf7 Drapeaux communs : de Gaza \u00e0 T\u00e9h\u00e9ran"}]},{"@type":"WebSite","@id":"https:\/\/blogdiario.info\/magazine\/#website","url":"https:\/\/blogdiario.info\/magazine\/","name":"BlogDiario Magazine","description":"Suplemento multiling\u00fce de ElCanillita.Info","publisher":{"@id":"https:\/\/blogdiario.info\/magazine\/#organization"},"potentialAction":[{"@type":"SearchAction","target":{"@type":"EntryPoint","urlTemplate":"https:\/\/blogdiario.info\/magazine\/?s={search_term_string}"},"query-input":{"@type":"PropertyValueSpecification","valueRequired":true,"valueName":"search_term_string"}}],"inLanguage":"es-AR"},{"@type":"Organization","@id":"https:\/\/blogdiario.info\/magazine\/#organization","name":"Guzzo Photos & Graphic Publications","url":"https:\/\/blogdiario.info\/magazine\/","logo":{"@type":"ImageObject","inLanguage":"es-AR","@id":"https:\/\/blogdiario.info\/magazine\/#\/schema\/logo\/image\/","url":"https:\/\/blogdiario.info\/magazine\/images\/2020\/01\/cropped-blogdia_magazine.jpg","contentUrl":"https:\/\/blogdiario.info\/magazine\/images\/2020\/01\/cropped-blogdia_magazine.jpg","width":589,"height":55,"caption":"Guzzo Photos & Graphic Publications"},"image":{"@id":"https:\/\/blogdiario.info\/magazine\/#\/schema\/logo\/image\/"}},{"@type":"Person","@id":"https:\/\/blogdiario.info\/magazine\/#\/schema\/person\/b2422fe85574d945bad55513bb0c7354","name":"World Press Service | Servicio de Prensa Mundial"}]}},"views":931,"_links":{"self":[{"href":"https:\/\/blogdiario.info\/magazine\/wp-json\/wp\/v2\/posts\/1957","targetHints":{"allow":["GET"]}}],"collection":[{"href":"https:\/\/blogdiario.info\/magazine\/wp-json\/wp\/v2\/posts"}],"about":[{"href":"https:\/\/blogdiario.info\/magazine\/wp-json\/wp\/v2\/types\/post"}],"author":[{"embeddable":true,"href":"https:\/\/blogdiario.info\/magazine\/wp-json\/wp\/v2\/users\/1"}],"replies":[{"embeddable":true,"href":"https:\/\/blogdiario.info\/magazine\/wp-json\/wp\/v2\/comments?post=1957"}],"version-history":[{"count":0,"href":"https:\/\/blogdiario.info\/magazine\/wp-json\/wp\/v2\/posts\/1957\/revisions"}],"wp:featuredmedia":[{"embeddable":true,"href":"https:\/\/blogdiario.info\/magazine\/wp-json\/wp\/v2\/media\/1951"}],"wp:attachment":[{"href":"https:\/\/blogdiario.info\/magazine\/wp-json\/wp\/v2\/media?parent=1957"}],"wp:term":[{"taxonomy":"category","embeddable":true,"href":"https:\/\/blogdiario.info\/magazine\/wp-json\/wp\/v2\/categories?post=1957"},{"taxonomy":"post_tag","embeddable":true,"href":"https:\/\/blogdiario.info\/magazine\/wp-json\/wp\/v2\/tags?post=1957"}],"curies":[{"name":"wp","href":"https:\/\/api.w.org\/{rel}","templated":true}]}}