{"id":1949,"date":"2025-06-21T22:54:42","date_gmt":"2025-06-21T21:54:42","guid":{"rendered":"https:\/\/blogdiario.info\/magazine\/?p=1949"},"modified":"2025-06-21T23:00:49","modified_gmt":"2025-06-21T22:00:49","slug":"bandera-comun-de-gaza-a-teheran","status":"publish","type":"post","link":"https:\/\/blogdiario.info\/magazine\/2025\/06\/21\/bandera-comun-de-gaza-a-teheran\/","title":{"rendered":"Bandera Com\u00fan: de Gaza a Teher\u00e1n"},"content":{"rendered":"<div class=\"wp-block-image\">\n<figure class=\"alignleft size-full is-resized\"><img loading=\"lazy\" decoding=\"async\" width=\"450\" height=\"450\" src=\"https:\/\/blogdiario.info\/magazine\/images\/2025\/06\/Pub.veer_.png\" alt=\"\" class=\"wp-image-1950\" style=\"width:391px;height:auto\" srcset=\"https:\/\/blogdiario.info\/magazine\/images\/2025\/06\/Pub.veer_.png 450w, https:\/\/blogdiario.info\/magazine\/images\/2025\/06\/Pub.veer_-300x300.png 300w, https:\/\/blogdiario.info\/magazine\/images\/2025\/06\/Pub.veer_-150x150.png 150w\" sizes=\"auto, (max-width: 450px) 100vw, 450px\" \/><\/figure><\/div>\n\n\n<p><strong>BlogDiario.info<\/strong><br>Londres, 21\/06\/2025<br><em><br>Por Felix Inkstone<\/em><br><br><strong>Londres \u2013 s\u00e1bado de pancartas cruzadas<\/strong><\/p>\n\n\n\n<p>En el coraz\u00f3n de Londres, donde el T\u00e1mesis serpentea entre tradiciones centenarias y vitrinas globalizadas, una nueva escena se volvi\u00f3 habitual: miles de manifestantes pro-palestinos, banderas al viento, tambores, c\u00e1nticos y una consigna cada vez m\u00e1s n\u00edtida:<br><strong>\u201cLiberar a Palestina. Manos fuera de Ir\u00e1n.\u201d<\/strong><\/p>\n\n\n\n<p>Esta vez, sin embargo, algo m\u00e1s llam\u00f3 la atenci\u00f3n. No fue la cantidad \u2014aunque fue numerosa\u2014, ni siquiera el fervor \u2014que ard\u00eda en cada consigna\u2014. Fue <strong>la aparici\u00f3n, cada vez m\u00e1s visible, de las banderas iran\u00edes y los retratos del ayatol\u00e1 Ali Jamenei<\/strong>, elevado a s\u00edmbolo de \u201cresistencia\u201d por algunos grupos que marchaban.<\/p>\n\n\n\n<p>Una gran pancarta, prolija y sin titubeos, dec\u00eda:<br><strong>\u201cElige el lado correcto de la historia\u201d<\/strong>, junto al rostro sereno y severo del l\u00edder supremo de la Rep\u00fablica Isl\u00e1mica de Ir\u00e1n.<\/p>\n\n\n\n<p>Mientras las pancartas flameaban entre la arquitectura victoriana y los caf\u00e9s veganos de Soho, en las esquinas m\u00e1s comprometidas del centro londinense <strong>conflu\u00edan mundos dis\u00edmiles: la causa palestina, la teocracia iran\u00ed, los derechos humanos, las minor\u00edas, el feminismo isl\u00e1mico, y una confusi\u00f3n diplom\u00e1tica a cielo abierto.<\/strong><\/p>\n\n\n\n<h3 class=\"wp-block-heading\"><strong>De Gaza a Teher\u00e1n con escala en Londres<\/strong><\/h3>\n\n\n\n<p>Desde el 7 de octubre, las marchas pro-palestinas se han vuelto casi un ritual de fin de semana en el Reino Unido. Pero en las \u00faltimas semanas, <strong>la presencia coordinada de s\u00edmbolos iran\u00edes ha marcado un giro pol\u00edtico y visual.<\/strong><br>Para algunos analistas brit\u00e1nicos, se trata de una \u201csolidaridad regional ampliada\u201d. Para otros, de un \u201cblanqueo selectivo de teocracias\u201d.<\/p>\n\n\n\n<p>En el fondo, quiz\u00e1s el cartel m\u00e1s sincero fue uno que simplemente dec\u00eda:<br><strong>\u201cNo nos dejan elegir bien. As\u00ed que elegimos fuerte.\u201d<\/strong><\/p>\n\n\n\n<p>Las calles hablaron. Pero como siempre, <strong>quien interpreta el mensaje no es el cartel, sino quien lo carga.<\/strong><br><br><small>\u00a92025 Felix Inkstone \u2013 All Rights Reserved &#8211; Copyright \u00a9 2025 ElCanillita.info \/ BlogDiario.info \/SalaStampa.eu, world press service &#8211; Guzzo Photos &amp; Graphic Publications \u2013 Registro Editori e Stampatori n. 1441 Turin, Italy<\/small><\/p>\n","protected":false},"excerpt":{"rendered":"<p>Londres \u2013 s\u00e1bado de pancartas cruzadas<\/p>\n","protected":false},"author":1,"featured_media":1951,"comment_status":"closed","ping_status":"closed","sticky":false,"template":"","format":"standard","meta":{"footnotes":"","_links_to":"","_links_to_target":""},"categories":[97,109,62,119,54,41,138,43],"tags":[],"class_list":["post-1949","post","type-post","status-publish","format-standard","has-post-thumbnail","hentry","category-elcanillita","category-dc24","category-actualidad","category-guerra","category-medio-oriente","category-politica-esp","category-reino-unido","category-sociedad","entry","rows"],"yoast_head":"<!-- This site is optimized with the Yoast SEO plugin v27.4 - https:\/\/yoast.com\/product\/yoast-seo-wordpress\/ -->\n<title>Bandera Com\u00fan: de Gaza a Teher\u00e1n - BlogDiario Magazine<\/title>\n<meta name=\"robots\" content=\"index, follow, max-snippet:-1, max-image-preview:large, max-video-preview:-1\" \/>\n<link rel=\"canonical\" href=\"https:\/\/blogdiario.info\/magazine\/2025\/06\/21\/bandera-comun-de-gaza-a-teheran\/\" \/>\n<meta property=\"og:locale\" content=\"es_ES\" \/>\n<meta property=\"og:type\" content=\"article\" \/>\n<meta property=\"og:title\" content=\"Bandera Com\u00fan: de Gaza a Teher\u00e1n - BlogDiario Magazine\" \/>\n<meta property=\"og:description\" content=\"Londres \u2013 s\u00e1bado de pancartas cruzadas\" \/>\n<meta property=\"og:url\" content=\"https:\/\/blogdiario.info\/magazine\/2025\/06\/21\/bandera-comun-de-gaza-a-teheran\/\" \/>\n<meta property=\"og:site_name\" content=\"BlogDiario Magazine\" \/>\n<meta property=\"article:published_time\" content=\"2025-06-21T21:54:42+00:00\" \/>\n<meta property=\"article:modified_time\" content=\"2025-06-21T22:00:49+00:00\" \/>\n<meta property=\"og:image\" content=\"https:\/\/blogdiario.info\/magazine\/images\/2025\/06\/freepacov.png\" \/>\n\t<meta property=\"og:image:width\" content=\"600\" \/>\n\t<meta property=\"og:image:height\" content=\"400\" \/>\n\t<meta property=\"og:image:type\" content=\"image\/png\" \/>\n<meta name=\"author\" content=\"World Press Service | Servicio de Prensa Mundial\" \/>\n<meta name=\"twitter:card\" content=\"summary_large_image\" \/>\n<meta name=\"twitter:label1\" content=\"Escrito por\" \/>\n\t<meta name=\"twitter:data1\" content=\"World Press Service | Servicio de Prensa Mundial\" \/>\n\t<meta name=\"twitter:label2\" content=\"Tiempo de lectura\" \/>\n\t<meta name=\"twitter:data2\" content=\"2 minutos\" \/>\n<script type=\"application\/ld+json\" class=\"yoast-schema-graph\">{\"@context\":\"https:\\\/\\\/schema.org\",\"@graph\":[{\"@type\":\"Article\",\"@id\":\"https:\\\/\\\/blogdiario.info\\\/magazine\\\/2025\\\/06\\\/21\\\/bandera-comun-de-gaza-a-teheran\\\/#article\",\"isPartOf\":{\"@id\":\"https:\\\/\\\/blogdiario.info\\\/magazine\\\/2025\\\/06\\\/21\\\/bandera-comun-de-gaza-a-teheran\\\/\"},\"author\":{\"name\":\"World Press Service | Servicio de Prensa Mundial\",\"@id\":\"https:\\\/\\\/blogdiario.info\\\/magazine\\\/#\\\/schema\\\/person\\\/b2422fe85574d945bad55513bb0c7354\"},\"headline\":\"Bandera Com\u00fan: de Gaza a Teher\u00e1n\",\"datePublished\":\"2025-06-21T21:54:42+00:00\",\"dateModified\":\"2025-06-21T22:00:49+00:00\",\"mainEntityOfPage\":{\"@id\":\"https:\\\/\\\/blogdiario.info\\\/magazine\\\/2025\\\/06\\\/21\\\/bandera-comun-de-gaza-a-teheran\\\/\"},\"wordCount\":362,\"publisher\":{\"@id\":\"https:\\\/\\\/blogdiario.info\\\/magazine\\\/#organization\"},\"image\":{\"@id\":\"https:\\\/\\\/blogdiario.info\\\/magazine\\\/2025\\\/06\\\/21\\\/bandera-comun-de-gaza-a-teheran\\\/#primaryimage\"},\"thumbnailUrl\":\"https:\\\/\\\/blogdiario.info\\\/magazine\\\/images\\\/2025\\\/06\\\/freepacov.png\",\"articleSection\":[\".\",\".\",\"Actualidad\",\"Guerra\",\"Medio Oriente\",\"Politica\",\"Reino Unido\",\"Sociedad\"],\"inLanguage\":\"es-AR\"},{\"@type\":\"WebPage\",\"@id\":\"https:\\\/\\\/blogdiario.info\\\/magazine\\\/2025\\\/06\\\/21\\\/bandera-comun-de-gaza-a-teheran\\\/\",\"url\":\"https:\\\/\\\/blogdiario.info\\\/magazine\\\/2025\\\/06\\\/21\\\/bandera-comun-de-gaza-a-teheran\\\/\",\"name\":\"Bandera Com\u00fan: de Gaza a Teher\u00e1n - BlogDiario Magazine\",\"isPartOf\":{\"@id\":\"https:\\\/\\\/blogdiario.info\\\/magazine\\\/#website\"},\"primaryImageOfPage\":{\"@id\":\"https:\\\/\\\/blogdiario.info\\\/magazine\\\/2025\\\/06\\\/21\\\/bandera-comun-de-gaza-a-teheran\\\/#primaryimage\"},\"image\":{\"@id\":\"https:\\\/\\\/blogdiario.info\\\/magazine\\\/2025\\\/06\\\/21\\\/bandera-comun-de-gaza-a-teheran\\\/#primaryimage\"},\"thumbnailUrl\":\"https:\\\/\\\/blogdiario.info\\\/magazine\\\/images\\\/2025\\\/06\\\/freepacov.png\",\"datePublished\":\"2025-06-21T21:54:42+00:00\",\"dateModified\":\"2025-06-21T22:00:49+00:00\",\"breadcrumb\":{\"@id\":\"https:\\\/\\\/blogdiario.info\\\/magazine\\\/2025\\\/06\\\/21\\\/bandera-comun-de-gaza-a-teheran\\\/#breadcrumb\"},\"inLanguage\":\"es-AR\",\"potentialAction\":[{\"@type\":\"ReadAction\",\"target\":[\"https:\\\/\\\/blogdiario.info\\\/magazine\\\/2025\\\/06\\\/21\\\/bandera-comun-de-gaza-a-teheran\\\/\"]}]},{\"@type\":\"ImageObject\",\"inLanguage\":\"es-AR\",\"@id\":\"https:\\\/\\\/blogdiario.info\\\/magazine\\\/2025\\\/06\\\/21\\\/bandera-comun-de-gaza-a-teheran\\\/#primaryimage\",\"url\":\"https:\\\/\\\/blogdiario.info\\\/magazine\\\/images\\\/2025\\\/06\\\/freepacov.png\",\"contentUrl\":\"https:\\\/\\\/blogdiario.info\\\/magazine\\\/images\\\/2025\\\/06\\\/freepacov.png\",\"width\":600,\"height\":400},{\"@type\":\"BreadcrumbList\",\"@id\":\"https:\\\/\\\/blogdiario.info\\\/magazine\\\/2025\\\/06\\\/21\\\/bandera-comun-de-gaza-a-teheran\\\/#breadcrumb\",\"itemListElement\":[{\"@type\":\"ListItem\",\"position\":1,\"name\":\"Home\",\"item\":\"https:\\\/\\\/blogdiario.info\\\/magazine\\\/\"},{\"@type\":\"ListItem\",\"position\":2,\"name\":\"Bandera Com\u00fan: de Gaza a Teher\u00e1n\"}]},{\"@type\":\"WebSite\",\"@id\":\"https:\\\/\\\/blogdiario.info\\\/magazine\\\/#website\",\"url\":\"https:\\\/\\\/blogdiario.info\\\/magazine\\\/\",\"name\":\"BlogDiario Magazine\",\"description\":\"Suplemento multiling\u00fce de ElCanillita.Info\",\"publisher\":{\"@id\":\"https:\\\/\\\/blogdiario.info\\\/magazine\\\/#organization\"},\"potentialAction\":[{\"@type\":\"SearchAction\",\"target\":{\"@type\":\"EntryPoint\",\"urlTemplate\":\"https:\\\/\\\/blogdiario.info\\\/magazine\\\/?s={search_term_string}\"},\"query-input\":{\"@type\":\"PropertyValueSpecification\",\"valueRequired\":true,\"valueName\":\"search_term_string\"}}],\"inLanguage\":\"es-AR\"},{\"@type\":\"Organization\",\"@id\":\"https:\\\/\\\/blogdiario.info\\\/magazine\\\/#organization\",\"name\":\"Guzzo Photos & Graphic Publications\",\"url\":\"https:\\\/\\\/blogdiario.info\\\/magazine\\\/\",\"logo\":{\"@type\":\"ImageObject\",\"inLanguage\":\"es-AR\",\"@id\":\"https:\\\/\\\/blogdiario.info\\\/magazine\\\/#\\\/schema\\\/logo\\\/image\\\/\",\"url\":\"https:\\\/\\\/blogdiario.info\\\/magazine\\\/images\\\/2020\\\/01\\\/cropped-blogdia_magazine.jpg\",\"contentUrl\":\"https:\\\/\\\/blogdiario.info\\\/magazine\\\/images\\\/2020\\\/01\\\/cropped-blogdia_magazine.jpg\",\"width\":589,\"height\":55,\"caption\":\"Guzzo Photos & Graphic Publications\"},\"image\":{\"@id\":\"https:\\\/\\\/blogdiario.info\\\/magazine\\\/#\\\/schema\\\/logo\\\/image\\\/\"}},{\"@type\":\"Person\",\"@id\":\"https:\\\/\\\/blogdiario.info\\\/magazine\\\/#\\\/schema\\\/person\\\/b2422fe85574d945bad55513bb0c7354\",\"name\":\"World Press Service | Servicio de Prensa Mundial\"}]}<\/script>\n<!-- \/ Yoast SEO plugin. -->","yoast_head_json":{"title":"Bandera Com\u00fan: de Gaza a Teher\u00e1n - BlogDiario Magazine","robots":{"index":"index","follow":"follow","max-snippet":"max-snippet:-1","max-image-preview":"max-image-preview:large","max-video-preview":"max-video-preview:-1"},"canonical":"https:\/\/blogdiario.info\/magazine\/2025\/06\/21\/bandera-comun-de-gaza-a-teheran\/","og_locale":"es_ES","og_type":"article","og_title":"Bandera Com\u00fan: de Gaza a Teher\u00e1n - BlogDiario Magazine","og_description":"Londres \u2013 s\u00e1bado de pancartas cruzadas","og_url":"https:\/\/blogdiario.info\/magazine\/2025\/06\/21\/bandera-comun-de-gaza-a-teheran\/","og_site_name":"BlogDiario Magazine","article_published_time":"2025-06-21T21:54:42+00:00","article_modified_time":"2025-06-21T22:00:49+00:00","og_image":[{"width":600,"height":400,"url":"https:\/\/blogdiario.info\/magazine\/images\/2025\/06\/freepacov.png","type":"image\/png"}],"author":"World Press Service | Servicio de Prensa Mundial","twitter_card":"summary_large_image","twitter_misc":{"Escrito por":"World Press Service | Servicio de Prensa Mundial","Tiempo de lectura":"2 minutos"},"schema":{"@context":"https:\/\/schema.org","@graph":[{"@type":"Article","@id":"https:\/\/blogdiario.info\/magazine\/2025\/06\/21\/bandera-comun-de-gaza-a-teheran\/#article","isPartOf":{"@id":"https:\/\/blogdiario.info\/magazine\/2025\/06\/21\/bandera-comun-de-gaza-a-teheran\/"},"author":{"name":"World Press Service | Servicio de Prensa Mundial","@id":"https:\/\/blogdiario.info\/magazine\/#\/schema\/person\/b2422fe85574d945bad55513bb0c7354"},"headline":"Bandera Com\u00fan: de Gaza a Teher\u00e1n","datePublished":"2025-06-21T21:54:42+00:00","dateModified":"2025-06-21T22:00:49+00:00","mainEntityOfPage":{"@id":"https:\/\/blogdiario.info\/magazine\/2025\/06\/21\/bandera-comun-de-gaza-a-teheran\/"},"wordCount":362,"publisher":{"@id":"https:\/\/blogdiario.info\/magazine\/#organization"},"image":{"@id":"https:\/\/blogdiario.info\/magazine\/2025\/06\/21\/bandera-comun-de-gaza-a-teheran\/#primaryimage"},"thumbnailUrl":"https:\/\/blogdiario.info\/magazine\/images\/2025\/06\/freepacov.png","articleSection":[".",".","Actualidad","Guerra","Medio Oriente","Politica","Reino Unido","Sociedad"],"inLanguage":"es-AR"},{"@type":"WebPage","@id":"https:\/\/blogdiario.info\/magazine\/2025\/06\/21\/bandera-comun-de-gaza-a-teheran\/","url":"https:\/\/blogdiario.info\/magazine\/2025\/06\/21\/bandera-comun-de-gaza-a-teheran\/","name":"Bandera Com\u00fan: de Gaza a Teher\u00e1n - BlogDiario Magazine","isPartOf":{"@id":"https:\/\/blogdiario.info\/magazine\/#website"},"primaryImageOfPage":{"@id":"https:\/\/blogdiario.info\/magazine\/2025\/06\/21\/bandera-comun-de-gaza-a-teheran\/#primaryimage"},"image":{"@id":"https:\/\/blogdiario.info\/magazine\/2025\/06\/21\/bandera-comun-de-gaza-a-teheran\/#primaryimage"},"thumbnailUrl":"https:\/\/blogdiario.info\/magazine\/images\/2025\/06\/freepacov.png","datePublished":"2025-06-21T21:54:42+00:00","dateModified":"2025-06-21T22:00:49+00:00","breadcrumb":{"@id":"https:\/\/blogdiario.info\/magazine\/2025\/06\/21\/bandera-comun-de-gaza-a-teheran\/#breadcrumb"},"inLanguage":"es-AR","potentialAction":[{"@type":"ReadAction","target":["https:\/\/blogdiario.info\/magazine\/2025\/06\/21\/bandera-comun-de-gaza-a-teheran\/"]}]},{"@type":"ImageObject","inLanguage":"es-AR","@id":"https:\/\/blogdiario.info\/magazine\/2025\/06\/21\/bandera-comun-de-gaza-a-teheran\/#primaryimage","url":"https:\/\/blogdiario.info\/magazine\/images\/2025\/06\/freepacov.png","contentUrl":"https:\/\/blogdiario.info\/magazine\/images\/2025\/06\/freepacov.png","width":600,"height":400},{"@type":"BreadcrumbList","@id":"https:\/\/blogdiario.info\/magazine\/2025\/06\/21\/bandera-comun-de-gaza-a-teheran\/#breadcrumb","itemListElement":[{"@type":"ListItem","position":1,"name":"Home","item":"https:\/\/blogdiario.info\/magazine\/"},{"@type":"ListItem","position":2,"name":"Bandera Com\u00fan: de Gaza a Teher\u00e1n"}]},{"@type":"WebSite","@id":"https:\/\/blogdiario.info\/magazine\/#website","url":"https:\/\/blogdiario.info\/magazine\/","name":"BlogDiario Magazine","description":"Suplemento multiling\u00fce de ElCanillita.Info","publisher":{"@id":"https:\/\/blogdiario.info\/magazine\/#organization"},"potentialAction":[{"@type":"SearchAction","target":{"@type":"EntryPoint","urlTemplate":"https:\/\/blogdiario.info\/magazine\/?s={search_term_string}"},"query-input":{"@type":"PropertyValueSpecification","valueRequired":true,"valueName":"search_term_string"}}],"inLanguage":"es-AR"},{"@type":"Organization","@id":"https:\/\/blogdiario.info\/magazine\/#organization","name":"Guzzo Photos & Graphic Publications","url":"https:\/\/blogdiario.info\/magazine\/","logo":{"@type":"ImageObject","inLanguage":"es-AR","@id":"https:\/\/blogdiario.info\/magazine\/#\/schema\/logo\/image\/","url":"https:\/\/blogdiario.info\/magazine\/images\/2020\/01\/cropped-blogdia_magazine.jpg","contentUrl":"https:\/\/blogdiario.info\/magazine\/images\/2020\/01\/cropped-blogdia_magazine.jpg","width":589,"height":55,"caption":"Guzzo Photos & Graphic Publications"},"image":{"@id":"https:\/\/blogdiario.info\/magazine\/#\/schema\/logo\/image\/"}},{"@type":"Person","@id":"https:\/\/blogdiario.info\/magazine\/#\/schema\/person\/b2422fe85574d945bad55513bb0c7354","name":"World Press Service | Servicio de Prensa Mundial"}]}},"views":396,"_links":{"self":[{"href":"https:\/\/blogdiario.info\/magazine\/wp-json\/wp\/v2\/posts\/1949","targetHints":{"allow":["GET"]}}],"collection":[{"href":"https:\/\/blogdiario.info\/magazine\/wp-json\/wp\/v2\/posts"}],"about":[{"href":"https:\/\/blogdiario.info\/magazine\/wp-json\/wp\/v2\/types\/post"}],"author":[{"embeddable":true,"href":"https:\/\/blogdiario.info\/magazine\/wp-json\/wp\/v2\/users\/1"}],"replies":[{"embeddable":true,"href":"https:\/\/blogdiario.info\/magazine\/wp-json\/wp\/v2\/comments?post=1949"}],"version-history":[{"count":0,"href":"https:\/\/blogdiario.info\/magazine\/wp-json\/wp\/v2\/posts\/1949\/revisions"}],"wp:featuredmedia":[{"embeddable":true,"href":"https:\/\/blogdiario.info\/magazine\/wp-json\/wp\/v2\/media\/1951"}],"wp:attachment":[{"href":"https:\/\/blogdiario.info\/magazine\/wp-json\/wp\/v2\/media?parent=1949"}],"wp:term":[{"taxonomy":"category","embeddable":true,"href":"https:\/\/blogdiario.info\/magazine\/wp-json\/wp\/v2\/categories?post=1949"},{"taxonomy":"post_tag","embeddable":true,"href":"https:\/\/blogdiario.info\/magazine\/wp-json\/wp\/v2\/tags?post=1949"}],"curies":[{"name":"wp","href":"https:\/\/api.w.org\/{rel}","templated":true}]}}