{"id":1943,"date":"2025-06-20T12:22:29","date_gmt":"2025-06-20T11:22:29","guid":{"rendered":"https:\/\/blogdiario.info\/magazine\/?p=1943"},"modified":"2025-06-20T12:22:31","modified_gmt":"2025-06-20T11:22:31","slug":"%f0%9f%87%a6%f0%9f%87%b7-dia-de-la-bandera","status":"publish","type":"post","link":"https:\/\/blogdiario.info\/magazine\/2025\/06\/20\/%f0%9f%87%a6%f0%9f%87%b7-dia-de-la-bandera\/","title":{"rendered":"\ud83c\udde6\ud83c\uddf7  D\u00eda de la Bandera"},"content":{"rendered":"\n<figure class=\"wp-block-image size-full\"><img loading=\"lazy\" decoding=\"async\" width=\"600\" height=\"400\" src=\"https:\/\/blogdiario.info\/magazine\/images\/2025\/06\/20Junio.edit_.png\" alt=\"\" class=\"wp-image-1944\" srcset=\"https:\/\/blogdiario.info\/magazine\/images\/2025\/06\/20Junio.edit_.png 600w, https:\/\/blogdiario.info\/magazine\/images\/2025\/06\/20Junio.edit_-300x200.png 300w\" sizes=\"auto, (max-width: 600px) 100vw, 600px\" \/><\/figure>\n\n\n\n<p><strong>BlogDiario.info<\/strong><br>Argentina, 20\/06\/2025<br><br>Cr\u00f3nica desde la chispa que encendi\u00f3 la patria<br><em>Por Juan Soldado, Especial para ElCanillita.info<\/em><\/p>\n\n\n\n<p>Rosario, 20 de junio de 2025 \u2013 Hoy se celebra el D\u00eda de la Bandera, y como buenos herederos de los \u201cchisperos\u201d de 1810, no pod\u00edamos quedarnos callados. Porque si algo sab\u00edan hacer aquellos patriotas sin despacho oficial era hablar claro, empujar la historia con el hombro y avivar el fuego de la revoluci\u00f3n con una chispa bien colocada.<\/p>\n\n\n\n<p>No fueron pr\u00f3ceres de m\u00e1rmol ni ministros con banda, sino herreros, panaderos, tip\u00f3grafos, soldados rasos, negras libres y mulatos con m\u00e1s coraje que nombre en los libros. Los chisperos no redactaban actas solemnes: repart\u00edan octavillas, levantaban a los vecinos y se jugaban el pellejo por una idea a\u00fan borrosa, pero gloriosa: la libertad.<br><br><strong>\u00bfY qu\u00e9 tiene que ver eso con la bandera?<\/strong><br>Todo. Porque Manuel Belgrano \u2013s\u00ed, el mismo que hoy homenajeamos con izamientos, discursos y frases de carpeta escolar\u2013 no solo fue abogado y militar, sino tambi\u00e9n un chispero ilustrado. Le invent\u00f3 a la patria una bandera cuando ni siquiera ten\u00edamos patria del todo. Y lo hizo en Rosario, no por estrategia militar, sino por intuici\u00f3n simb\u00f3lica: sab\u00eda que los pueblos necesitan una insignia que se alce m\u00e1s alto que las dudas.<br>Pero ojo, no era azul-celeste por mandato real ni por preferencia est\u00e9tica.<\/p>\n\n\n\n<p>Era un gesto de ruptura. Un acto de identidad antes de que la identidad existiera. Un pedazo de tela en el aire, m\u00e1s fr\u00e1gil que el ej\u00e9rcito que la segu\u00eda. Pero ah\u00ed flame\u00f3, como una promesa con costuras.<br><strong><br>\u00bfQu\u00e9 queda de aquellos d\u00edas?<\/strong><br>Mucho menos de lo que deber\u00eda. Las calles siguen con nombres patrios, pero los actos son cada vez m\u00e1s actos de presencia. El Belgrano que muri\u00f3 pobre, endeudado y con una manta prestada, hoy ser\u00eda un n\u00famero m\u00e1s en la fila de la ANSES. O peor: un &#8220;exceso de gasto p\u00fablico&#8221;.<\/p>\n\n\n\n<p>Y los chisperos\u2026 bueno, ya no reparten octavillas: reparten delivery. Ya no prenden la mecha del cambio: aguantan el ajuste, la inflaci\u00f3n y la tristeza como quien espera una revoluci\u00f3n que tarda m\u00e1s que el tren Sarmiento.<\/p>\n\n\n\n<p>Pero ojo: la chispa sigue. En los barrios, en las escuelas p\u00fablicas que a\u00fan ense\u00f1an que Belgrano no era un banco, y en cada pibe que levanta una bandera sin pedir permiso.<br><strong><br>Conclusi\u00f3n (que no es final)<\/strong><br>Hoy no basta con izar la bandera. Hay que preguntarse qu\u00e9 har\u00edan los chisperos con este presente. Tal vez escribir\u00edan en los muros, tal vez armar\u00edan un diario callejero, tal vez organizar\u00edan una olla en la esquina. Lo seguro es que no mirar\u00edan para otro lado.<\/p>\n\n\n\n<p>As\u00ed que, en honor a ellos, levantemos la vista, miremos la bandera\u2026 y luego baj\u00e9mosla a tierra, que es donde hacen falta las revoluciones.<br><br><small>\u00a92025 Juan Soldado \u2013 All Rights Reserved \u2013 Copyright \u00a9 2025 ElCanillita.info \/ SalaStampa.eu, world press service \u2013 Guzzo Photos &amp; Graphic Publications \u2013 Registro Editori e Stampatori n. 1441 Torino, Italia<\/small><\/p>\n","protected":false},"excerpt":{"rendered":"<p>Cr\u00f3nica desde la chispa que encendi\u00f3 la patria<\/p>\n","protected":false},"author":1,"featured_media":1944,"comment_status":"closed","ping_status":"closed","sticky":false,"template":"","format":"standard","meta":{"footnotes":"","_links_to":"","_links_to_target":""},"categories":[97,109,62,51,37,136,137,43],"tags":[23],"class_list":["post-1943","post","type-post","status-publish","format-standard","has-post-thumbnail","hentry","category-elcanillita","category-dc24","category-actualidad","category-america-del-sud","category-cultura-esp","category-dolores-de-la-press","category-educacion","category-sociedad","tag-argentina","entry","rows"],"yoast_head":"<!-- This site is optimized with the Yoast SEO plugin v27.4 - https:\/\/yoast.com\/product\/yoast-seo-wordpress\/ -->\n<title>\ud83c\udde6\ud83c\uddf7 D\u00eda de la Bandera - BlogDiario Magazine<\/title>\n<meta name=\"robots\" content=\"index, follow, max-snippet:-1, max-image-preview:large, max-video-preview:-1\" \/>\n<link rel=\"canonical\" href=\"https:\/\/blogdiario.info\/magazine\/2025\/06\/20\/\ud83c\udde6\ud83c\uddf7-dia-de-la-bandera\/\" \/>\n<meta property=\"og:locale\" content=\"es_ES\" \/>\n<meta property=\"og:type\" content=\"article\" \/>\n<meta property=\"og:title\" content=\"\ud83c\udde6\ud83c\uddf7 D\u00eda de la Bandera - BlogDiario Magazine\" \/>\n<meta property=\"og:description\" content=\"Cr\u00f3nica desde la chispa que encendi\u00f3 la patria\" \/>\n<meta property=\"og:url\" content=\"https:\/\/blogdiario.info\/magazine\/2025\/06\/20\/\ud83c\udde6\ud83c\uddf7-dia-de-la-bandera\/\" \/>\n<meta property=\"og:site_name\" content=\"BlogDiario Magazine\" \/>\n<meta property=\"article:published_time\" content=\"2025-06-20T11:22:29+00:00\" \/>\n<meta property=\"article:modified_time\" content=\"2025-06-20T11:22:31+00:00\" \/>\n<meta property=\"og:image\" content=\"https:\/\/blogdiario.info\/magazine\/images\/2025\/06\/20Junio.edit_.png\" \/>\n\t<meta property=\"og:image:width\" content=\"600\" \/>\n\t<meta property=\"og:image:height\" content=\"400\" \/>\n\t<meta property=\"og:image:type\" content=\"image\/png\" \/>\n<meta name=\"author\" content=\"World Press Service | Servicio de Prensa Mundial\" \/>\n<meta name=\"twitter:card\" content=\"summary_large_image\" \/>\n<meta name=\"twitter:label1\" content=\"Escrito por\" \/>\n\t<meta name=\"twitter:data1\" content=\"World Press Service | Servicio de Prensa Mundial\" \/>\n\t<meta name=\"twitter:label2\" content=\"Tiempo de lectura\" \/>\n\t<meta name=\"twitter:data2\" content=\"3 minutos\" \/>\n<script type=\"application\/ld+json\" class=\"yoast-schema-graph\">{\"@context\":\"https:\\\/\\\/schema.org\",\"@graph\":[{\"@type\":\"Article\",\"@id\":\"https:\\\/\\\/blogdiario.info\\\/magazine\\\/2025\\\/06\\\/20\\\/%f0%9f%87%a6%f0%9f%87%b7-dia-de-la-bandera\\\/#article\",\"isPartOf\":{\"@id\":\"https:\\\/\\\/blogdiario.info\\\/magazine\\\/2025\\\/06\\\/20\\\/%f0%9f%87%a6%f0%9f%87%b7-dia-de-la-bandera\\\/\"},\"author\":{\"name\":\"World Press Service | Servicio de Prensa Mundial\",\"@id\":\"https:\\\/\\\/blogdiario.info\\\/magazine\\\/#\\\/schema\\\/person\\\/b2422fe85574d945bad55513bb0c7354\"},\"headline\":\"\ud83c\udde6\ud83c\uddf7 D\u00eda de la Bandera\",\"datePublished\":\"2025-06-20T11:22:29+00:00\",\"dateModified\":\"2025-06-20T11:22:31+00:00\",\"mainEntityOfPage\":{\"@id\":\"https:\\\/\\\/blogdiario.info\\\/magazine\\\/2025\\\/06\\\/20\\\/%f0%9f%87%a6%f0%9f%87%b7-dia-de-la-bandera\\\/\"},\"wordCount\":528,\"publisher\":{\"@id\":\"https:\\\/\\\/blogdiario.info\\\/magazine\\\/#organization\"},\"image\":{\"@id\":\"https:\\\/\\\/blogdiario.info\\\/magazine\\\/2025\\\/06\\\/20\\\/%f0%9f%87%a6%f0%9f%87%b7-dia-de-la-bandera\\\/#primaryimage\"},\"thumbnailUrl\":\"https:\\\/\\\/blogdiario.info\\\/magazine\\\/images\\\/2025\\\/06\\\/20Junio.edit_.png\",\"keywords\":[\"Argentina\"],\"articleSection\":[\".\",\".\",\"Actualidad\",\"America del Sud\",\"Cultura\",\"Dolores de La Press\",\"Educaci\u00f3n\",\"Sociedad\"],\"inLanguage\":\"es-AR\"},{\"@type\":\"WebPage\",\"@id\":\"https:\\\/\\\/blogdiario.info\\\/magazine\\\/2025\\\/06\\\/20\\\/%f0%9f%87%a6%f0%9f%87%b7-dia-de-la-bandera\\\/\",\"url\":\"https:\\\/\\\/blogdiario.info\\\/magazine\\\/2025\\\/06\\\/20\\\/%f0%9f%87%a6%f0%9f%87%b7-dia-de-la-bandera\\\/\",\"name\":\"\ud83c\udde6\ud83c\uddf7 D\u00eda de la Bandera - BlogDiario Magazine\",\"isPartOf\":{\"@id\":\"https:\\\/\\\/blogdiario.info\\\/magazine\\\/#website\"},\"primaryImageOfPage\":{\"@id\":\"https:\\\/\\\/blogdiario.info\\\/magazine\\\/2025\\\/06\\\/20\\\/%f0%9f%87%a6%f0%9f%87%b7-dia-de-la-bandera\\\/#primaryimage\"},\"image\":{\"@id\":\"https:\\\/\\\/blogdiario.info\\\/magazine\\\/2025\\\/06\\\/20\\\/%f0%9f%87%a6%f0%9f%87%b7-dia-de-la-bandera\\\/#primaryimage\"},\"thumbnailUrl\":\"https:\\\/\\\/blogdiario.info\\\/magazine\\\/images\\\/2025\\\/06\\\/20Junio.edit_.png\",\"datePublished\":\"2025-06-20T11:22:29+00:00\",\"dateModified\":\"2025-06-20T11:22:31+00:00\",\"breadcrumb\":{\"@id\":\"https:\\\/\\\/blogdiario.info\\\/magazine\\\/2025\\\/06\\\/20\\\/%f0%9f%87%a6%f0%9f%87%b7-dia-de-la-bandera\\\/#breadcrumb\"},\"inLanguage\":\"es-AR\",\"potentialAction\":[{\"@type\":\"ReadAction\",\"target\":[\"https:\\\/\\\/blogdiario.info\\\/magazine\\\/2025\\\/06\\\/20\\\/%f0%9f%87%a6%f0%9f%87%b7-dia-de-la-bandera\\\/\"]}]},{\"@type\":\"ImageObject\",\"inLanguage\":\"es-AR\",\"@id\":\"https:\\\/\\\/blogdiario.info\\\/magazine\\\/2025\\\/06\\\/20\\\/%f0%9f%87%a6%f0%9f%87%b7-dia-de-la-bandera\\\/#primaryimage\",\"url\":\"https:\\\/\\\/blogdiario.info\\\/magazine\\\/images\\\/2025\\\/06\\\/20Junio.edit_.png\",\"contentUrl\":\"https:\\\/\\\/blogdiario.info\\\/magazine\\\/images\\\/2025\\\/06\\\/20Junio.edit_.png\",\"width\":600,\"height\":400},{\"@type\":\"BreadcrumbList\",\"@id\":\"https:\\\/\\\/blogdiario.info\\\/magazine\\\/2025\\\/06\\\/20\\\/%f0%9f%87%a6%f0%9f%87%b7-dia-de-la-bandera\\\/#breadcrumb\",\"itemListElement\":[{\"@type\":\"ListItem\",\"position\":1,\"name\":\"Home\",\"item\":\"https:\\\/\\\/blogdiario.info\\\/magazine\\\/\"},{\"@type\":\"ListItem\",\"position\":2,\"name\":\"\ud83c\udde6\ud83c\uddf7 D\u00eda de la Bandera\"}]},{\"@type\":\"WebSite\",\"@id\":\"https:\\\/\\\/blogdiario.info\\\/magazine\\\/#website\",\"url\":\"https:\\\/\\\/blogdiario.info\\\/magazine\\\/\",\"name\":\"BlogDiario Magazine\",\"description\":\"Suplemento multiling\u00fce de ElCanillita.Info\",\"publisher\":{\"@id\":\"https:\\\/\\\/blogdiario.info\\\/magazine\\\/#organization\"},\"potentialAction\":[{\"@type\":\"SearchAction\",\"target\":{\"@type\":\"EntryPoint\",\"urlTemplate\":\"https:\\\/\\\/blogdiario.info\\\/magazine\\\/?s={search_term_string}\"},\"query-input\":{\"@type\":\"PropertyValueSpecification\",\"valueRequired\":true,\"valueName\":\"search_term_string\"}}],\"inLanguage\":\"es-AR\"},{\"@type\":\"Organization\",\"@id\":\"https:\\\/\\\/blogdiario.info\\\/magazine\\\/#organization\",\"name\":\"Guzzo Photos & Graphic Publications\",\"url\":\"https:\\\/\\\/blogdiario.info\\\/magazine\\\/\",\"logo\":{\"@type\":\"ImageObject\",\"inLanguage\":\"es-AR\",\"@id\":\"https:\\\/\\\/blogdiario.info\\\/magazine\\\/#\\\/schema\\\/logo\\\/image\\\/\",\"url\":\"https:\\\/\\\/blogdiario.info\\\/magazine\\\/images\\\/2020\\\/01\\\/cropped-blogdia_magazine.jpg\",\"contentUrl\":\"https:\\\/\\\/blogdiario.info\\\/magazine\\\/images\\\/2020\\\/01\\\/cropped-blogdia_magazine.jpg\",\"width\":589,\"height\":55,\"caption\":\"Guzzo Photos & Graphic Publications\"},\"image\":{\"@id\":\"https:\\\/\\\/blogdiario.info\\\/magazine\\\/#\\\/schema\\\/logo\\\/image\\\/\"}},{\"@type\":\"Person\",\"@id\":\"https:\\\/\\\/blogdiario.info\\\/magazine\\\/#\\\/schema\\\/person\\\/b2422fe85574d945bad55513bb0c7354\",\"name\":\"World Press Service | Servicio de Prensa Mundial\"}]}<\/script>\n<!-- \/ Yoast SEO plugin. -->","yoast_head_json":{"title":"\ud83c\udde6\ud83c\uddf7 D\u00eda de la Bandera - BlogDiario Magazine","robots":{"index":"index","follow":"follow","max-snippet":"max-snippet:-1","max-image-preview":"max-image-preview:large","max-video-preview":"max-video-preview:-1"},"canonical":"https:\/\/blogdiario.info\/magazine\/2025\/06\/20\/\ud83c\udde6\ud83c\uddf7-dia-de-la-bandera\/","og_locale":"es_ES","og_type":"article","og_title":"\ud83c\udde6\ud83c\uddf7 D\u00eda de la Bandera - BlogDiario Magazine","og_description":"Cr\u00f3nica desde la chispa que encendi\u00f3 la patria","og_url":"https:\/\/blogdiario.info\/magazine\/2025\/06\/20\/\ud83c\udde6\ud83c\uddf7-dia-de-la-bandera\/","og_site_name":"BlogDiario Magazine","article_published_time":"2025-06-20T11:22:29+00:00","article_modified_time":"2025-06-20T11:22:31+00:00","og_image":[{"width":600,"height":400,"url":"https:\/\/blogdiario.info\/magazine\/images\/2025\/06\/20Junio.edit_.png","type":"image\/png"}],"author":"World Press Service | Servicio de Prensa Mundial","twitter_card":"summary_large_image","twitter_misc":{"Escrito por":"World Press Service | Servicio de Prensa Mundial","Tiempo de lectura":"3 minutos"},"schema":{"@context":"https:\/\/schema.org","@graph":[{"@type":"Article","@id":"https:\/\/blogdiario.info\/magazine\/2025\/06\/20\/%f0%9f%87%a6%f0%9f%87%b7-dia-de-la-bandera\/#article","isPartOf":{"@id":"https:\/\/blogdiario.info\/magazine\/2025\/06\/20\/%f0%9f%87%a6%f0%9f%87%b7-dia-de-la-bandera\/"},"author":{"name":"World Press Service | Servicio de Prensa Mundial","@id":"https:\/\/blogdiario.info\/magazine\/#\/schema\/person\/b2422fe85574d945bad55513bb0c7354"},"headline":"\ud83c\udde6\ud83c\uddf7 D\u00eda de la Bandera","datePublished":"2025-06-20T11:22:29+00:00","dateModified":"2025-06-20T11:22:31+00:00","mainEntityOfPage":{"@id":"https:\/\/blogdiario.info\/magazine\/2025\/06\/20\/%f0%9f%87%a6%f0%9f%87%b7-dia-de-la-bandera\/"},"wordCount":528,"publisher":{"@id":"https:\/\/blogdiario.info\/magazine\/#organization"},"image":{"@id":"https:\/\/blogdiario.info\/magazine\/2025\/06\/20\/%f0%9f%87%a6%f0%9f%87%b7-dia-de-la-bandera\/#primaryimage"},"thumbnailUrl":"https:\/\/blogdiario.info\/magazine\/images\/2025\/06\/20Junio.edit_.png","keywords":["Argentina"],"articleSection":[".",".","Actualidad","America del Sud","Cultura","Dolores de La Press","Educaci\u00f3n","Sociedad"],"inLanguage":"es-AR"},{"@type":"WebPage","@id":"https:\/\/blogdiario.info\/magazine\/2025\/06\/20\/%f0%9f%87%a6%f0%9f%87%b7-dia-de-la-bandera\/","url":"https:\/\/blogdiario.info\/magazine\/2025\/06\/20\/%f0%9f%87%a6%f0%9f%87%b7-dia-de-la-bandera\/","name":"\ud83c\udde6\ud83c\uddf7 D\u00eda de la Bandera - BlogDiario Magazine","isPartOf":{"@id":"https:\/\/blogdiario.info\/magazine\/#website"},"primaryImageOfPage":{"@id":"https:\/\/blogdiario.info\/magazine\/2025\/06\/20\/%f0%9f%87%a6%f0%9f%87%b7-dia-de-la-bandera\/#primaryimage"},"image":{"@id":"https:\/\/blogdiario.info\/magazine\/2025\/06\/20\/%f0%9f%87%a6%f0%9f%87%b7-dia-de-la-bandera\/#primaryimage"},"thumbnailUrl":"https:\/\/blogdiario.info\/magazine\/images\/2025\/06\/20Junio.edit_.png","datePublished":"2025-06-20T11:22:29+00:00","dateModified":"2025-06-20T11:22:31+00:00","breadcrumb":{"@id":"https:\/\/blogdiario.info\/magazine\/2025\/06\/20\/%f0%9f%87%a6%f0%9f%87%b7-dia-de-la-bandera\/#breadcrumb"},"inLanguage":"es-AR","potentialAction":[{"@type":"ReadAction","target":["https:\/\/blogdiario.info\/magazine\/2025\/06\/20\/%f0%9f%87%a6%f0%9f%87%b7-dia-de-la-bandera\/"]}]},{"@type":"ImageObject","inLanguage":"es-AR","@id":"https:\/\/blogdiario.info\/magazine\/2025\/06\/20\/%f0%9f%87%a6%f0%9f%87%b7-dia-de-la-bandera\/#primaryimage","url":"https:\/\/blogdiario.info\/magazine\/images\/2025\/06\/20Junio.edit_.png","contentUrl":"https:\/\/blogdiario.info\/magazine\/images\/2025\/06\/20Junio.edit_.png","width":600,"height":400},{"@type":"BreadcrumbList","@id":"https:\/\/blogdiario.info\/magazine\/2025\/06\/20\/%f0%9f%87%a6%f0%9f%87%b7-dia-de-la-bandera\/#breadcrumb","itemListElement":[{"@type":"ListItem","position":1,"name":"Home","item":"https:\/\/blogdiario.info\/magazine\/"},{"@type":"ListItem","position":2,"name":"\ud83c\udde6\ud83c\uddf7 D\u00eda de la Bandera"}]},{"@type":"WebSite","@id":"https:\/\/blogdiario.info\/magazine\/#website","url":"https:\/\/blogdiario.info\/magazine\/","name":"BlogDiario Magazine","description":"Suplemento multiling\u00fce de ElCanillita.Info","publisher":{"@id":"https:\/\/blogdiario.info\/magazine\/#organization"},"potentialAction":[{"@type":"SearchAction","target":{"@type":"EntryPoint","urlTemplate":"https:\/\/blogdiario.info\/magazine\/?s={search_term_string}"},"query-input":{"@type":"PropertyValueSpecification","valueRequired":true,"valueName":"search_term_string"}}],"inLanguage":"es-AR"},{"@type":"Organization","@id":"https:\/\/blogdiario.info\/magazine\/#organization","name":"Guzzo Photos & Graphic Publications","url":"https:\/\/blogdiario.info\/magazine\/","logo":{"@type":"ImageObject","inLanguage":"es-AR","@id":"https:\/\/blogdiario.info\/magazine\/#\/schema\/logo\/image\/","url":"https:\/\/blogdiario.info\/magazine\/images\/2020\/01\/cropped-blogdia_magazine.jpg","contentUrl":"https:\/\/blogdiario.info\/magazine\/images\/2020\/01\/cropped-blogdia_magazine.jpg","width":589,"height":55,"caption":"Guzzo Photos & Graphic Publications"},"image":{"@id":"https:\/\/blogdiario.info\/magazine\/#\/schema\/logo\/image\/"}},{"@type":"Person","@id":"https:\/\/blogdiario.info\/magazine\/#\/schema\/person\/b2422fe85574d945bad55513bb0c7354","name":"World Press Service | Servicio de Prensa Mundial"}]}},"views":831,"_links":{"self":[{"href":"https:\/\/blogdiario.info\/magazine\/wp-json\/wp\/v2\/posts\/1943","targetHints":{"allow":["GET"]}}],"collection":[{"href":"https:\/\/blogdiario.info\/magazine\/wp-json\/wp\/v2\/posts"}],"about":[{"href":"https:\/\/blogdiario.info\/magazine\/wp-json\/wp\/v2\/types\/post"}],"author":[{"embeddable":true,"href":"https:\/\/blogdiario.info\/magazine\/wp-json\/wp\/v2\/users\/1"}],"replies":[{"embeddable":true,"href":"https:\/\/blogdiario.info\/magazine\/wp-json\/wp\/v2\/comments?post=1943"}],"version-history":[{"count":0,"href":"https:\/\/blogdiario.info\/magazine\/wp-json\/wp\/v2\/posts\/1943\/revisions"}],"wp:featuredmedia":[{"embeddable":true,"href":"https:\/\/blogdiario.info\/magazine\/wp-json\/wp\/v2\/media\/1944"}],"wp:attachment":[{"href":"https:\/\/blogdiario.info\/magazine\/wp-json\/wp\/v2\/media?parent=1943"}],"wp:term":[{"taxonomy":"category","embeddable":true,"href":"https:\/\/blogdiario.info\/magazine\/wp-json\/wp\/v2\/categories?post=1943"},{"taxonomy":"post_tag","embeddable":true,"href":"https:\/\/blogdiario.info\/magazine\/wp-json\/wp\/v2\/tags?post=1943"}],"curies":[{"name":"wp","href":"https:\/\/api.w.org\/{rel}","templated":true}]}}