{"id":1928,"date":"2025-06-18T23:29:06","date_gmt":"2025-06-18T22:29:06","guid":{"rendered":"https:\/\/blogdiario.info\/magazine\/?p=1928"},"modified":"2025-06-18T23:30:44","modified_gmt":"2025-06-18T22:30:44","slug":"%f0%9f%87%ab%f0%9f%87%b7-elle-fut-reine-dargentine-la-voila-reine-nationale-du-saucisson-sec","status":"publish","type":"post","link":"https:\/\/blogdiario.info\/magazine\/2025\/06\/18\/%f0%9f%87%ab%f0%9f%87%b7-elle-fut-reine-dargentine-la-voila-reine-nationale-du-saucisson-sec\/","title":{"rendered":"\ud83c\uddeb\ud83c\uddf7 \u00ab Elle fut Reine d\u2019Argentine, la voil\u00e0 Reine Nationale du Saucisson Sec \u00bb"},"content":{"rendered":"<div class=\"wp-block-image\">\n<figure class=\"alignleft size-full is-resized\"><img loading=\"lazy\" decoding=\"async\" width=\"400\" height=\"600\" src=\"https:\/\/blogdiario.info\/magazine\/images\/2025\/06\/Reinachori.Ediit_.png\" alt=\"\" class=\"wp-image-1924\" style=\"width:327px;height:auto\" srcset=\"https:\/\/blogdiario.info\/magazine\/images\/2025\/06\/Reinachori.Ediit_.png 400w, https:\/\/blogdiario.info\/magazine\/images\/2025\/06\/Reinachori.Ediit_-200x300.png 200w\" sizes=\"auto, (max-width: 400px) 100vw, 400px\" \/><\/figure><\/div>\n\n\n<p><strong>BlogDiario.info<\/strong><br>Argentine, 19\/06\/2025<br><br>Par \u201cLe Boucher de Bragado\u201d \u2013 Un reportage sur les saveurs, les proc\u00e8s et les conversations froides<\/p>\n\n\n\n<p>Tout ce qui sent mauvais en politique argentine n\u2019est pas toujours de la corruption. Parfois, c\u2019est simplement du saucisson bien affin\u00e9.<\/p>\n\n\n\n<p>Cette semaine, le Parti Justicialiste a encore offert un chef-d\u2019\u0153uvre d\u2019absurde. Plut\u00f4t que de manifester devant Comodoro Py (les tribunaux f\u00e9d\u00e9raux), il a recalcul\u00e9 l\u2019itin\u00e9raire vers Comodoro Py (Bragado), capitale nationale du saucisson sec. Un endroit o\u00f9 les charcuteries sont sinc\u00e8res, \u00e0 d\u00e9faut des discours.<\/p>\n\n\n\n<p>Et voil\u00e0 que l\u2019ex-pr\u00e9sidente est sacr\u00e9e \u2014 officieusement \u2014 Reine Nationale du Saucisson Sec. Aucun besoin d\u2019\u00e9lection : il a suffi de l\u2019instinct p\u00e9roniste pour la mise en sc\u00e8ne. Quand la justice ne r\u00e9pond plus, on suit le fumet.<\/p>\n\n\n\n<blockquote class=\"wp-block-quote is-layout-flow wp-block-quote-is-layout-flow\">\n<p>\u00ab Ici, le saucisson n\u2019a pas d\u2019immunit\u00e9. Il s\u00e8che, se montre et se mange \u00bb<\/p>\n<\/blockquote>\n\n\n\n<p>Pendant ce temps, les juges trinquent au Malbec, entour\u00e9s de dossiers qui sentent le poivre et la proc\u00e9dure lente.<br><br><small>\u00a92025 &#8220;Le Boucher de Bragado&#8221; \u2013 All Rights Reserved &#8211; Copyright \u00a9 2025 ElCanillita.info \/ BlogDiario.info \/SalaStampa.eu, world press service &#8211; Guzzo Photos &amp; Graphic Publications \u2013 Registro Editori e Stampatori n. 1441 Turin, Italy<\/small><\/p>\n","protected":false},"excerpt":{"rendered":"<p>L&#8217;histoire tragi-comique d&#8217;un leader qui finit au milieu des saucisses et des flatteries.<\/p>\n","protected":false},"author":1,"featured_media":1923,"comment_status":"closed","ping_status":"closed","sticky":false,"template":"","format":"standard","meta":{"footnotes":"","_links_to":"","_links_to_target":""},"categories":[65,51,136,28,29,31],"tags":[23],"class_list":["post-1928","post","type-post","status-publish","format-standard","has-post-thumbnail","hentry","category-actualite","category-america-del-sud","category-dolores-de-la-press","category-justice-fra","category-politique","category-societe","tag-argentina","entry","rows"],"yoast_head":"<!-- This site is optimized with the Yoast SEO plugin v27.4 - https:\/\/yoast.com\/product\/yoast-seo-wordpress\/ -->\n<title>\ud83c\uddeb\ud83c\uddf7 \u00ab Elle fut Reine d\u2019Argentine, la voil\u00e0 Reine Nationale du Saucisson Sec \u00bb - BlogDiario Magazine<\/title>\n<meta name=\"robots\" content=\"index, follow, max-snippet:-1, max-image-preview:large, max-video-preview:-1\" \/>\n<link rel=\"canonical\" href=\"https:\/\/blogdiario.info\/magazine\/2025\/06\/18\/\ud83c\uddeb\ud83c\uddf7-elle-fut-reine-dargentine-la-voila-reine-nationale-du-saucisson-sec\/\" \/>\n<meta property=\"og:locale\" content=\"es_ES\" \/>\n<meta property=\"og:type\" content=\"article\" \/>\n<meta property=\"og:title\" content=\"\ud83c\uddeb\ud83c\uddf7 \u00ab Elle fut Reine d\u2019Argentine, la voil\u00e0 Reine Nationale du Saucisson Sec \u00bb - BlogDiario Magazine\" \/>\n<meta property=\"og:description\" content=\"L&#039;histoire tragi-comique d&#039;un leader qui finit au milieu des saucisses et des flatteries.\" \/>\n<meta property=\"og:url\" content=\"https:\/\/blogdiario.info\/magazine\/2025\/06\/18\/\ud83c\uddeb\ud83c\uddf7-elle-fut-reine-dargentine-la-voila-reine-nationale-du-saucisson-sec\/\" \/>\n<meta property=\"og:site_name\" content=\"BlogDiario Magazine\" \/>\n<meta property=\"article:published_time\" content=\"2025-06-18T22:29:06+00:00\" \/>\n<meta property=\"article:modified_time\" content=\"2025-06-18T22:30:44+00:00\" \/>\n<meta property=\"og:image\" content=\"https:\/\/blogdiario.info\/magazine\/images\/2025\/06\/Reinachori.Ediit_.HHH_.png\" \/>\n\t<meta property=\"og:image:width\" content=\"400\" \/>\n\t<meta property=\"og:image:height\" content=\"267\" \/>\n\t<meta property=\"og:image:type\" content=\"image\/png\" \/>\n<meta name=\"author\" content=\"World Press Service | Servicio de Prensa Mundial\" \/>\n<meta name=\"twitter:card\" content=\"summary_large_image\" \/>\n<meta name=\"twitter:label1\" content=\"Escrito por\" \/>\n\t<meta name=\"twitter:data1\" content=\"World Press Service | Servicio de Prensa Mundial\" \/>\n\t<meta name=\"twitter:label2\" content=\"Tiempo de lectura\" \/>\n\t<meta name=\"twitter:data2\" content=\"2 minutos\" \/>\n<script type=\"application\/ld+json\" class=\"yoast-schema-graph\">{\"@context\":\"https:\\\/\\\/schema.org\",\"@graph\":[{\"@type\":\"Article\",\"@id\":\"https:\\\/\\\/blogdiario.info\\\/magazine\\\/2025\\\/06\\\/18\\\/%f0%9f%87%ab%f0%9f%87%b7-elle-fut-reine-dargentine-la-voila-reine-nationale-du-saucisson-sec\\\/#article\",\"isPartOf\":{\"@id\":\"https:\\\/\\\/blogdiario.info\\\/magazine\\\/2025\\\/06\\\/18\\\/%f0%9f%87%ab%f0%9f%87%b7-elle-fut-reine-dargentine-la-voila-reine-nationale-du-saucisson-sec\\\/\"},\"author\":{\"name\":\"World Press Service | Servicio de Prensa Mundial\",\"@id\":\"https:\\\/\\\/blogdiario.info\\\/magazine\\\/#\\\/schema\\\/person\\\/b2422fe85574d945bad55513bb0c7354\"},\"headline\":\"\ud83c\uddeb\ud83c\uddf7 \u00ab Elle fut Reine d\u2019Argentine, la voil\u00e0 Reine Nationale du Saucisson Sec \u00bb\",\"datePublished\":\"2025-06-18T22:29:06+00:00\",\"dateModified\":\"2025-06-18T22:30:44+00:00\",\"mainEntityOfPage\":{\"@id\":\"https:\\\/\\\/blogdiario.info\\\/magazine\\\/2025\\\/06\\\/18\\\/%f0%9f%87%ab%f0%9f%87%b7-elle-fut-reine-dargentine-la-voila-reine-nationale-du-saucisson-sec\\\/\"},\"wordCount\":220,\"publisher\":{\"@id\":\"https:\\\/\\\/blogdiario.info\\\/magazine\\\/#organization\"},\"image\":{\"@id\":\"https:\\\/\\\/blogdiario.info\\\/magazine\\\/2025\\\/06\\\/18\\\/%f0%9f%87%ab%f0%9f%87%b7-elle-fut-reine-dargentine-la-voila-reine-nationale-du-saucisson-sec\\\/#primaryimage\"},\"thumbnailUrl\":\"https:\\\/\\\/blogdiario.info\\\/magazine\\\/images\\\/2025\\\/06\\\/Reinachori.Ediit_.HHH_.png\",\"keywords\":[\"Argentina\"],\"articleSection\":[\"Actualit\u00e9\",\"America del Sud\",\"Dolores de La Press\",\"Justice\",\"Politique\",\"Soci\u00e9t\u00e9\"],\"inLanguage\":\"es-AR\"},{\"@type\":\"WebPage\",\"@id\":\"https:\\\/\\\/blogdiario.info\\\/magazine\\\/2025\\\/06\\\/18\\\/%f0%9f%87%ab%f0%9f%87%b7-elle-fut-reine-dargentine-la-voila-reine-nationale-du-saucisson-sec\\\/\",\"url\":\"https:\\\/\\\/blogdiario.info\\\/magazine\\\/2025\\\/06\\\/18\\\/%f0%9f%87%ab%f0%9f%87%b7-elle-fut-reine-dargentine-la-voila-reine-nationale-du-saucisson-sec\\\/\",\"name\":\"\ud83c\uddeb\ud83c\uddf7 \u00ab Elle fut Reine d\u2019Argentine, la voil\u00e0 Reine Nationale du Saucisson Sec \u00bb - BlogDiario Magazine\",\"isPartOf\":{\"@id\":\"https:\\\/\\\/blogdiario.info\\\/magazine\\\/#website\"},\"primaryImageOfPage\":{\"@id\":\"https:\\\/\\\/blogdiario.info\\\/magazine\\\/2025\\\/06\\\/18\\\/%f0%9f%87%ab%f0%9f%87%b7-elle-fut-reine-dargentine-la-voila-reine-nationale-du-saucisson-sec\\\/#primaryimage\"},\"image\":{\"@id\":\"https:\\\/\\\/blogdiario.info\\\/magazine\\\/2025\\\/06\\\/18\\\/%f0%9f%87%ab%f0%9f%87%b7-elle-fut-reine-dargentine-la-voila-reine-nationale-du-saucisson-sec\\\/#primaryimage\"},\"thumbnailUrl\":\"https:\\\/\\\/blogdiario.info\\\/magazine\\\/images\\\/2025\\\/06\\\/Reinachori.Ediit_.HHH_.png\",\"datePublished\":\"2025-06-18T22:29:06+00:00\",\"dateModified\":\"2025-06-18T22:30:44+00:00\",\"breadcrumb\":{\"@id\":\"https:\\\/\\\/blogdiario.info\\\/magazine\\\/2025\\\/06\\\/18\\\/%f0%9f%87%ab%f0%9f%87%b7-elle-fut-reine-dargentine-la-voila-reine-nationale-du-saucisson-sec\\\/#breadcrumb\"},\"inLanguage\":\"es-AR\",\"potentialAction\":[{\"@type\":\"ReadAction\",\"target\":[\"https:\\\/\\\/blogdiario.info\\\/magazine\\\/2025\\\/06\\\/18\\\/%f0%9f%87%ab%f0%9f%87%b7-elle-fut-reine-dargentine-la-voila-reine-nationale-du-saucisson-sec\\\/\"]}]},{\"@type\":\"ImageObject\",\"inLanguage\":\"es-AR\",\"@id\":\"https:\\\/\\\/blogdiario.info\\\/magazine\\\/2025\\\/06\\\/18\\\/%f0%9f%87%ab%f0%9f%87%b7-elle-fut-reine-dargentine-la-voila-reine-nationale-du-saucisson-sec\\\/#primaryimage\",\"url\":\"https:\\\/\\\/blogdiario.info\\\/magazine\\\/images\\\/2025\\\/06\\\/Reinachori.Ediit_.HHH_.png\",\"contentUrl\":\"https:\\\/\\\/blogdiario.info\\\/magazine\\\/images\\\/2025\\\/06\\\/Reinachori.Ediit_.HHH_.png\",\"width\":400,\"height\":267},{\"@type\":\"BreadcrumbList\",\"@id\":\"https:\\\/\\\/blogdiario.info\\\/magazine\\\/2025\\\/06\\\/18\\\/%f0%9f%87%ab%f0%9f%87%b7-elle-fut-reine-dargentine-la-voila-reine-nationale-du-saucisson-sec\\\/#breadcrumb\",\"itemListElement\":[{\"@type\":\"ListItem\",\"position\":1,\"name\":\"Home\",\"item\":\"https:\\\/\\\/blogdiario.info\\\/magazine\\\/\"},{\"@type\":\"ListItem\",\"position\":2,\"name\":\"\ud83c\uddeb\ud83c\uddf7 \u00ab Elle fut Reine d\u2019Argentine, la voil\u00e0 Reine Nationale du Saucisson Sec \u00bb\"}]},{\"@type\":\"WebSite\",\"@id\":\"https:\\\/\\\/blogdiario.info\\\/magazine\\\/#website\",\"url\":\"https:\\\/\\\/blogdiario.info\\\/magazine\\\/\",\"name\":\"BlogDiario Magazine\",\"description\":\"Suplemento multiling\u00fce de ElCanillita.Info\",\"publisher\":{\"@id\":\"https:\\\/\\\/blogdiario.info\\\/magazine\\\/#organization\"},\"potentialAction\":[{\"@type\":\"SearchAction\",\"target\":{\"@type\":\"EntryPoint\",\"urlTemplate\":\"https:\\\/\\\/blogdiario.info\\\/magazine\\\/?s={search_term_string}\"},\"query-input\":{\"@type\":\"PropertyValueSpecification\",\"valueRequired\":true,\"valueName\":\"search_term_string\"}}],\"inLanguage\":\"es-AR\"},{\"@type\":\"Organization\",\"@id\":\"https:\\\/\\\/blogdiario.info\\\/magazine\\\/#organization\",\"name\":\"Guzzo Photos & Graphic Publications\",\"url\":\"https:\\\/\\\/blogdiario.info\\\/magazine\\\/\",\"logo\":{\"@type\":\"ImageObject\",\"inLanguage\":\"es-AR\",\"@id\":\"https:\\\/\\\/blogdiario.info\\\/magazine\\\/#\\\/schema\\\/logo\\\/image\\\/\",\"url\":\"https:\\\/\\\/blogdiario.info\\\/magazine\\\/images\\\/2020\\\/01\\\/cropped-blogdia_magazine.jpg\",\"contentUrl\":\"https:\\\/\\\/blogdiario.info\\\/magazine\\\/images\\\/2020\\\/01\\\/cropped-blogdia_magazine.jpg\",\"width\":589,\"height\":55,\"caption\":\"Guzzo Photos & Graphic Publications\"},\"image\":{\"@id\":\"https:\\\/\\\/blogdiario.info\\\/magazine\\\/#\\\/schema\\\/logo\\\/image\\\/\"}},{\"@type\":\"Person\",\"@id\":\"https:\\\/\\\/blogdiario.info\\\/magazine\\\/#\\\/schema\\\/person\\\/b2422fe85574d945bad55513bb0c7354\",\"name\":\"World Press Service | Servicio de Prensa Mundial\"}]}<\/script>\n<!-- \/ Yoast SEO plugin. -->","yoast_head_json":{"title":"\ud83c\uddeb\ud83c\uddf7 \u00ab Elle fut Reine d\u2019Argentine, la voil\u00e0 Reine Nationale du Saucisson Sec \u00bb - BlogDiario Magazine","robots":{"index":"index","follow":"follow","max-snippet":"max-snippet:-1","max-image-preview":"max-image-preview:large","max-video-preview":"max-video-preview:-1"},"canonical":"https:\/\/blogdiario.info\/magazine\/2025\/06\/18\/\ud83c\uddeb\ud83c\uddf7-elle-fut-reine-dargentine-la-voila-reine-nationale-du-saucisson-sec\/","og_locale":"es_ES","og_type":"article","og_title":"\ud83c\uddeb\ud83c\uddf7 \u00ab Elle fut Reine d\u2019Argentine, la voil\u00e0 Reine Nationale du Saucisson Sec \u00bb - BlogDiario Magazine","og_description":"L'histoire tragi-comique d'un leader qui finit au milieu des saucisses et des flatteries.","og_url":"https:\/\/blogdiario.info\/magazine\/2025\/06\/18\/\ud83c\uddeb\ud83c\uddf7-elle-fut-reine-dargentine-la-voila-reine-nationale-du-saucisson-sec\/","og_site_name":"BlogDiario Magazine","article_published_time":"2025-06-18T22:29:06+00:00","article_modified_time":"2025-06-18T22:30:44+00:00","og_image":[{"width":400,"height":267,"url":"https:\/\/blogdiario.info\/magazine\/images\/2025\/06\/Reinachori.Ediit_.HHH_.png","type":"image\/png"}],"author":"World Press Service | Servicio de Prensa Mundial","twitter_card":"summary_large_image","twitter_misc":{"Escrito por":"World Press Service | Servicio de Prensa Mundial","Tiempo de lectura":"2 minutos"},"schema":{"@context":"https:\/\/schema.org","@graph":[{"@type":"Article","@id":"https:\/\/blogdiario.info\/magazine\/2025\/06\/18\/%f0%9f%87%ab%f0%9f%87%b7-elle-fut-reine-dargentine-la-voila-reine-nationale-du-saucisson-sec\/#article","isPartOf":{"@id":"https:\/\/blogdiario.info\/magazine\/2025\/06\/18\/%f0%9f%87%ab%f0%9f%87%b7-elle-fut-reine-dargentine-la-voila-reine-nationale-du-saucisson-sec\/"},"author":{"name":"World Press Service | Servicio de Prensa Mundial","@id":"https:\/\/blogdiario.info\/magazine\/#\/schema\/person\/b2422fe85574d945bad55513bb0c7354"},"headline":"\ud83c\uddeb\ud83c\uddf7 \u00ab Elle fut Reine d\u2019Argentine, la voil\u00e0 Reine Nationale du Saucisson Sec \u00bb","datePublished":"2025-06-18T22:29:06+00:00","dateModified":"2025-06-18T22:30:44+00:00","mainEntityOfPage":{"@id":"https:\/\/blogdiario.info\/magazine\/2025\/06\/18\/%f0%9f%87%ab%f0%9f%87%b7-elle-fut-reine-dargentine-la-voila-reine-nationale-du-saucisson-sec\/"},"wordCount":220,"publisher":{"@id":"https:\/\/blogdiario.info\/magazine\/#organization"},"image":{"@id":"https:\/\/blogdiario.info\/magazine\/2025\/06\/18\/%f0%9f%87%ab%f0%9f%87%b7-elle-fut-reine-dargentine-la-voila-reine-nationale-du-saucisson-sec\/#primaryimage"},"thumbnailUrl":"https:\/\/blogdiario.info\/magazine\/images\/2025\/06\/Reinachori.Ediit_.HHH_.png","keywords":["Argentina"],"articleSection":["Actualit\u00e9","America del Sud","Dolores de La Press","Justice","Politique","Soci\u00e9t\u00e9"],"inLanguage":"es-AR"},{"@type":"WebPage","@id":"https:\/\/blogdiario.info\/magazine\/2025\/06\/18\/%f0%9f%87%ab%f0%9f%87%b7-elle-fut-reine-dargentine-la-voila-reine-nationale-du-saucisson-sec\/","url":"https:\/\/blogdiario.info\/magazine\/2025\/06\/18\/%f0%9f%87%ab%f0%9f%87%b7-elle-fut-reine-dargentine-la-voila-reine-nationale-du-saucisson-sec\/","name":"\ud83c\uddeb\ud83c\uddf7 \u00ab Elle fut Reine d\u2019Argentine, la voil\u00e0 Reine Nationale du Saucisson Sec \u00bb - BlogDiario Magazine","isPartOf":{"@id":"https:\/\/blogdiario.info\/magazine\/#website"},"primaryImageOfPage":{"@id":"https:\/\/blogdiario.info\/magazine\/2025\/06\/18\/%f0%9f%87%ab%f0%9f%87%b7-elle-fut-reine-dargentine-la-voila-reine-nationale-du-saucisson-sec\/#primaryimage"},"image":{"@id":"https:\/\/blogdiario.info\/magazine\/2025\/06\/18\/%f0%9f%87%ab%f0%9f%87%b7-elle-fut-reine-dargentine-la-voila-reine-nationale-du-saucisson-sec\/#primaryimage"},"thumbnailUrl":"https:\/\/blogdiario.info\/magazine\/images\/2025\/06\/Reinachori.Ediit_.HHH_.png","datePublished":"2025-06-18T22:29:06+00:00","dateModified":"2025-06-18T22:30:44+00:00","breadcrumb":{"@id":"https:\/\/blogdiario.info\/magazine\/2025\/06\/18\/%f0%9f%87%ab%f0%9f%87%b7-elle-fut-reine-dargentine-la-voila-reine-nationale-du-saucisson-sec\/#breadcrumb"},"inLanguage":"es-AR","potentialAction":[{"@type":"ReadAction","target":["https:\/\/blogdiario.info\/magazine\/2025\/06\/18\/%f0%9f%87%ab%f0%9f%87%b7-elle-fut-reine-dargentine-la-voila-reine-nationale-du-saucisson-sec\/"]}]},{"@type":"ImageObject","inLanguage":"es-AR","@id":"https:\/\/blogdiario.info\/magazine\/2025\/06\/18\/%f0%9f%87%ab%f0%9f%87%b7-elle-fut-reine-dargentine-la-voila-reine-nationale-du-saucisson-sec\/#primaryimage","url":"https:\/\/blogdiario.info\/magazine\/images\/2025\/06\/Reinachori.Ediit_.HHH_.png","contentUrl":"https:\/\/blogdiario.info\/magazine\/images\/2025\/06\/Reinachori.Ediit_.HHH_.png","width":400,"height":267},{"@type":"BreadcrumbList","@id":"https:\/\/blogdiario.info\/magazine\/2025\/06\/18\/%f0%9f%87%ab%f0%9f%87%b7-elle-fut-reine-dargentine-la-voila-reine-nationale-du-saucisson-sec\/#breadcrumb","itemListElement":[{"@type":"ListItem","position":1,"name":"Home","item":"https:\/\/blogdiario.info\/magazine\/"},{"@type":"ListItem","position":2,"name":"\ud83c\uddeb\ud83c\uddf7 \u00ab Elle fut Reine d\u2019Argentine, la voil\u00e0 Reine Nationale du Saucisson Sec \u00bb"}]},{"@type":"WebSite","@id":"https:\/\/blogdiario.info\/magazine\/#website","url":"https:\/\/blogdiario.info\/magazine\/","name":"BlogDiario Magazine","description":"Suplemento multiling\u00fce de ElCanillita.Info","publisher":{"@id":"https:\/\/blogdiario.info\/magazine\/#organization"},"potentialAction":[{"@type":"SearchAction","target":{"@type":"EntryPoint","urlTemplate":"https:\/\/blogdiario.info\/magazine\/?s={search_term_string}"},"query-input":{"@type":"PropertyValueSpecification","valueRequired":true,"valueName":"search_term_string"}}],"inLanguage":"es-AR"},{"@type":"Organization","@id":"https:\/\/blogdiario.info\/magazine\/#organization","name":"Guzzo Photos & Graphic Publications","url":"https:\/\/blogdiario.info\/magazine\/","logo":{"@type":"ImageObject","inLanguage":"es-AR","@id":"https:\/\/blogdiario.info\/magazine\/#\/schema\/logo\/image\/","url":"https:\/\/blogdiario.info\/magazine\/images\/2020\/01\/cropped-blogdia_magazine.jpg","contentUrl":"https:\/\/blogdiario.info\/magazine\/images\/2020\/01\/cropped-blogdia_magazine.jpg","width":589,"height":55,"caption":"Guzzo Photos & Graphic Publications"},"image":{"@id":"https:\/\/blogdiario.info\/magazine\/#\/schema\/logo\/image\/"}},{"@type":"Person","@id":"https:\/\/blogdiario.info\/magazine\/#\/schema\/person\/b2422fe85574d945bad55513bb0c7354","name":"World Press Service | Servicio de Prensa Mundial"}]}},"views":968,"_links":{"self":[{"href":"https:\/\/blogdiario.info\/magazine\/wp-json\/wp\/v2\/posts\/1928","targetHints":{"allow":["GET"]}}],"collection":[{"href":"https:\/\/blogdiario.info\/magazine\/wp-json\/wp\/v2\/posts"}],"about":[{"href":"https:\/\/blogdiario.info\/magazine\/wp-json\/wp\/v2\/types\/post"}],"author":[{"embeddable":true,"href":"https:\/\/blogdiario.info\/magazine\/wp-json\/wp\/v2\/users\/1"}],"replies":[{"embeddable":true,"href":"https:\/\/blogdiario.info\/magazine\/wp-json\/wp\/v2\/comments?post=1928"}],"version-history":[{"count":0,"href":"https:\/\/blogdiario.info\/magazine\/wp-json\/wp\/v2\/posts\/1928\/revisions"}],"wp:featuredmedia":[{"embeddable":true,"href":"https:\/\/blogdiario.info\/magazine\/wp-json\/wp\/v2\/media\/1923"}],"wp:attachment":[{"href":"https:\/\/blogdiario.info\/magazine\/wp-json\/wp\/v2\/media?parent=1928"}],"wp:term":[{"taxonomy":"category","embeddable":true,"href":"https:\/\/blogdiario.info\/magazine\/wp-json\/wp\/v2\/categories?post=1928"},{"taxonomy":"post_tag","embeddable":true,"href":"https:\/\/blogdiario.info\/magazine\/wp-json\/wp\/v2\/tags?post=1928"}],"curies":[{"name":"wp","href":"https:\/\/api.w.org\/{rel}","templated":true}]}}