{"id":1922,"date":"2025-06-18T22:47:05","date_gmt":"2025-06-18T21:47:05","guid":{"rendered":"https:\/\/blogdiario.info\/magazine\/?p=1922"},"modified":"2025-06-22T07:15:33","modified_gmt":"2025-06-22T06:15:33","slug":"%f0%9f%87%ae%f0%9f%87%b9-e-stata-regina-dargentina-ed-e-oggi-la-regina-nazionale-del-salame-secco","status":"publish","type":"post","link":"https:\/\/blogdiario.info\/magazine\/2025\/06\/18\/%f0%9f%87%ae%f0%9f%87%b9-e-stata-regina-dargentina-ed-e-oggi-la-regina-nazionale-del-salame-secco\/","title":{"rendered":"\ud83c\uddee\ud83c\uddf9  \u00ab\u00c8 stata Regina d\u2019Argentina ed \u00e8 oggi la Regina Nazionale del Salame Stagionato\u00bb"},"content":{"rendered":"<div class=\"wp-block-image\">\n<figure class=\"alignleft size-full is-resized\"><img loading=\"lazy\" decoding=\"async\" width=\"400\" height=\"600\" src=\"https:\/\/blogdiario.info\/magazine\/images\/2025\/06\/Reinachori.Ediit_.png\" alt=\"\" class=\"wp-image-1924\" style=\"width:301px;height:auto\" srcset=\"https:\/\/blogdiario.info\/magazine\/images\/2025\/06\/Reinachori.Ediit_.png 400w, https:\/\/blogdiario.info\/magazine\/images\/2025\/06\/Reinachori.Ediit_-200x300.png 200w\" sizes=\"auto, (max-width: 400px) 100vw, 400px\" \/><\/figure><\/div>\n\n\n<p><strong>BlogDiario.info<\/strong><br>Argentina, 19\/06\/2025<br><br>De \u201cIl Macellaio di Bragado\u201d \u2013 Il Sovrano della Salsiccia, con gusto e senza censura<br><br>Non tutto ci\u00f2 che puzza nella politica argentina \u00e8 corruzione. A volte \u00e8 semplicemente salame stagionato.<\/p>\n\n\n\n<p>Questa settimana il Partito Giustizialista ha dimostrato ancora una volta di avere un fiuto unico. Invece di marciare verso Comodoro Py (Tribunali Federali) per chiedere la liberazione di Cristina Fern\u00e1ndez de Kirchner, ha ricalcolato il percorso verso Comodoro Py (Bragado), capitale nazionale del salame stagionato. Un luogo dove i condimenti non mentono, e i politici s\u00ec.<\/p>\n\n\n\n<p>E cos\u00ec, l\u2019ex presidente \u00e8 stata incoronata ufficiosamente come Regina Nazionale del Salame Stagionato. Non c\u2019\u00e8 stato bisogno di referendum n\u00e9 di voti elettronici: \u00e8 bastato l\u2019istinto di sopravvivenza del peronismo, che quando perde la bussola giudiziaria segue il profumo.<\/p>\n\n\n\n<blockquote class=\"wp-block-quote is-layout-flow wp-block-quote-is-layout-flow\">\n<p>\u201cQui il salame non ha privilegi: si stagiona, si espone e si mangia. Che imparino a Buenos Aires\u201d<\/p>\n<\/blockquote>\n\n\n\n<p>Intanto, i giudici brindano con Malbec e archiviano i fascicoli con aroma di pepe nero.<br \/><br \/><small>\u00a92025 &#8220;Il Sovrano della Salsiccia di Bragado&#8221; \u2013 All Rights Reserved &#8211; Copyright \u00a9 2025 ElCanillita.info \/ BlogDiario.info \/SalaStampa.eu, world press service &#8211; Guzzo Photos &amp; Graphic Publications \u2013 Registro Editori e Stampatori n. 1441 Turin, Italy<\/small><\/p>\n","protected":false},"excerpt":{"rendered":"<p>Non tutto ci\u00f2 che puzza nella politica argentina \u00e8 corruzione. A volte \u00e8 semplicemente salame stagionato.<\/p>\n","protected":false},"author":1,"featured_media":1923,"comment_status":"closed","ping_status":"closed","sticky":false,"template":"","format":"standard","meta":{"footnotes":"","_links_to":"","_links_to_target":""},"categories":[97,109,51,61,17,18,20],"tags":[23],"class_list":["post-1922","post","type-post","status-publish","format-standard","has-post-thumbnail","hentry","category-elcanillita","category-dc24","category-america-del-sud","category-attualita","category-giustizia","category-politica-ita","category-societa","tag-argentina","entry","rows"],"yoast_head":"<!-- This site is optimized with the Yoast SEO plugin v27.4 - https:\/\/yoast.com\/product\/yoast-seo-wordpress\/ -->\n<title>\ud83c\uddee\ud83c\uddf9 \u00ab\u00c8 stata Regina d\u2019Argentina ed \u00e8 oggi la Regina Nazionale del Salame Stagionato\u00bb - BlogDiario Magazine<\/title>\n<meta name=\"robots\" content=\"index, follow, max-snippet:-1, max-image-preview:large, max-video-preview:-1\" \/>\n<link rel=\"canonical\" href=\"https:\/\/blogdiario.info\/magazine\/2025\/06\/18\/\ud83c\uddee\ud83c\uddf9-e-stata-regina-dargentina-ed-e-oggi-la-regina-nazionale-del-salame-secco\/\" \/>\n<meta property=\"og:locale\" content=\"es_ES\" \/>\n<meta property=\"og:type\" content=\"article\" \/>\n<meta property=\"og:title\" content=\"\ud83c\uddee\ud83c\uddf9 \u00ab\u00c8 stata Regina d\u2019Argentina ed \u00e8 oggi la Regina Nazionale del Salame Stagionato\u00bb - BlogDiario Magazine\" \/>\n<meta property=\"og:description\" content=\"Non tutto ci\u00f2 che puzza nella politica argentina \u00e8 corruzione. A volte \u00e8 semplicemente salame stagionato.\" \/>\n<meta property=\"og:url\" content=\"https:\/\/blogdiario.info\/magazine\/2025\/06\/18\/\ud83c\uddee\ud83c\uddf9-e-stata-regina-dargentina-ed-e-oggi-la-regina-nazionale-del-salame-secco\/\" \/>\n<meta property=\"og:site_name\" content=\"BlogDiario Magazine\" \/>\n<meta property=\"article:published_time\" content=\"2025-06-18T21:47:05+00:00\" \/>\n<meta property=\"article:modified_time\" content=\"2025-06-22T06:15:33+00:00\" \/>\n<meta property=\"og:image\" content=\"https:\/\/blogdiario.info\/magazine\/images\/2025\/06\/Reinachori.Ediit_.HHH_.png\" \/>\n\t<meta property=\"og:image:width\" content=\"400\" \/>\n\t<meta property=\"og:image:height\" content=\"267\" \/>\n\t<meta property=\"og:image:type\" content=\"image\/png\" \/>\n<meta name=\"author\" content=\"World Press Service | Servicio de Prensa Mundial\" \/>\n<meta name=\"twitter:card\" content=\"summary_large_image\" \/>\n<meta name=\"twitter:label1\" content=\"Escrito por\" \/>\n\t<meta name=\"twitter:data1\" content=\"World Press Service | Servicio de Prensa Mundial\" \/>\n\t<meta name=\"twitter:label2\" content=\"Tiempo de lectura\" \/>\n\t<meta name=\"twitter:data2\" content=\"2 minutos\" \/>\n<script type=\"application\/ld+json\" class=\"yoast-schema-graph\">{\"@context\":\"https:\\\/\\\/schema.org\",\"@graph\":[{\"@type\":\"Article\",\"@id\":\"https:\\\/\\\/blogdiario.info\\\/magazine\\\/2025\\\/06\\\/18\\\/%f0%9f%87%ae%f0%9f%87%b9-e-stata-regina-dargentina-ed-e-oggi-la-regina-nazionale-del-salame-secco\\\/#article\",\"isPartOf\":{\"@id\":\"https:\\\/\\\/blogdiario.info\\\/magazine\\\/2025\\\/06\\\/18\\\/%f0%9f%87%ae%f0%9f%87%b9-e-stata-regina-dargentina-ed-e-oggi-la-regina-nazionale-del-salame-secco\\\/\"},\"author\":{\"name\":\"World Press Service | Servicio de Prensa Mundial\",\"@id\":\"https:\\\/\\\/blogdiario.info\\\/magazine\\\/#\\\/schema\\\/person\\\/b2422fe85574d945bad55513bb0c7354\"},\"headline\":\"\ud83c\uddee\ud83c\uddf9 \u00ab\u00c8 stata Regina d\u2019Argentina ed \u00e8 oggi la Regina Nazionale del Salame Stagionato\u00bb\",\"datePublished\":\"2025-06-18T21:47:05+00:00\",\"dateModified\":\"2025-06-22T06:15:33+00:00\",\"mainEntityOfPage\":{\"@id\":\"https:\\\/\\\/blogdiario.info\\\/magazine\\\/2025\\\/06\\\/18\\\/%f0%9f%87%ae%f0%9f%87%b9-e-stata-regina-dargentina-ed-e-oggi-la-regina-nazionale-del-salame-secco\\\/\"},\"wordCount\":206,\"publisher\":{\"@id\":\"https:\\\/\\\/blogdiario.info\\\/magazine\\\/#organization\"},\"image\":{\"@id\":\"https:\\\/\\\/blogdiario.info\\\/magazine\\\/2025\\\/06\\\/18\\\/%f0%9f%87%ae%f0%9f%87%b9-e-stata-regina-dargentina-ed-e-oggi-la-regina-nazionale-del-salame-secco\\\/#primaryimage\"},\"thumbnailUrl\":\"https:\\\/\\\/blogdiario.info\\\/magazine\\\/images\\\/2025\\\/06\\\/Reinachori.Ediit_.HHH_.png\",\"keywords\":[\"Argentina\"],\"articleSection\":[\".\",\".\",\"America del Sud\",\"Attualit\u00e0\",\"Giustizia\",\"Politica\",\"Societ\u00e0\"],\"inLanguage\":\"es-AR\"},{\"@type\":\"WebPage\",\"@id\":\"https:\\\/\\\/blogdiario.info\\\/magazine\\\/2025\\\/06\\\/18\\\/%f0%9f%87%ae%f0%9f%87%b9-e-stata-regina-dargentina-ed-e-oggi-la-regina-nazionale-del-salame-secco\\\/\",\"url\":\"https:\\\/\\\/blogdiario.info\\\/magazine\\\/2025\\\/06\\\/18\\\/%f0%9f%87%ae%f0%9f%87%b9-e-stata-regina-dargentina-ed-e-oggi-la-regina-nazionale-del-salame-secco\\\/\",\"name\":\"\ud83c\uddee\ud83c\uddf9 \u00ab\u00c8 stata Regina d\u2019Argentina ed \u00e8 oggi la Regina Nazionale del Salame Stagionato\u00bb - BlogDiario Magazine\",\"isPartOf\":{\"@id\":\"https:\\\/\\\/blogdiario.info\\\/magazine\\\/#website\"},\"primaryImageOfPage\":{\"@id\":\"https:\\\/\\\/blogdiario.info\\\/magazine\\\/2025\\\/06\\\/18\\\/%f0%9f%87%ae%f0%9f%87%b9-e-stata-regina-dargentina-ed-e-oggi-la-regina-nazionale-del-salame-secco\\\/#primaryimage\"},\"image\":{\"@id\":\"https:\\\/\\\/blogdiario.info\\\/magazine\\\/2025\\\/06\\\/18\\\/%f0%9f%87%ae%f0%9f%87%b9-e-stata-regina-dargentina-ed-e-oggi-la-regina-nazionale-del-salame-secco\\\/#primaryimage\"},\"thumbnailUrl\":\"https:\\\/\\\/blogdiario.info\\\/magazine\\\/images\\\/2025\\\/06\\\/Reinachori.Ediit_.HHH_.png\",\"datePublished\":\"2025-06-18T21:47:05+00:00\",\"dateModified\":\"2025-06-22T06:15:33+00:00\",\"breadcrumb\":{\"@id\":\"https:\\\/\\\/blogdiario.info\\\/magazine\\\/2025\\\/06\\\/18\\\/%f0%9f%87%ae%f0%9f%87%b9-e-stata-regina-dargentina-ed-e-oggi-la-regina-nazionale-del-salame-secco\\\/#breadcrumb\"},\"inLanguage\":\"es-AR\",\"potentialAction\":[{\"@type\":\"ReadAction\",\"target\":[\"https:\\\/\\\/blogdiario.info\\\/magazine\\\/2025\\\/06\\\/18\\\/%f0%9f%87%ae%f0%9f%87%b9-e-stata-regina-dargentina-ed-e-oggi-la-regina-nazionale-del-salame-secco\\\/\"]}]},{\"@type\":\"ImageObject\",\"inLanguage\":\"es-AR\",\"@id\":\"https:\\\/\\\/blogdiario.info\\\/magazine\\\/2025\\\/06\\\/18\\\/%f0%9f%87%ae%f0%9f%87%b9-e-stata-regina-dargentina-ed-e-oggi-la-regina-nazionale-del-salame-secco\\\/#primaryimage\",\"url\":\"https:\\\/\\\/blogdiario.info\\\/magazine\\\/images\\\/2025\\\/06\\\/Reinachori.Ediit_.HHH_.png\",\"contentUrl\":\"https:\\\/\\\/blogdiario.info\\\/magazine\\\/images\\\/2025\\\/06\\\/Reinachori.Ediit_.HHH_.png\",\"width\":400,\"height\":267},{\"@type\":\"BreadcrumbList\",\"@id\":\"https:\\\/\\\/blogdiario.info\\\/magazine\\\/2025\\\/06\\\/18\\\/%f0%9f%87%ae%f0%9f%87%b9-e-stata-regina-dargentina-ed-e-oggi-la-regina-nazionale-del-salame-secco\\\/#breadcrumb\",\"itemListElement\":[{\"@type\":\"ListItem\",\"position\":1,\"name\":\"Home\",\"item\":\"https:\\\/\\\/blogdiario.info\\\/magazine\\\/\"},{\"@type\":\"ListItem\",\"position\":2,\"name\":\"\ud83c\uddee\ud83c\uddf9 \u00ab\u00c8 stata Regina d\u2019Argentina ed \u00e8 oggi la Regina Nazionale del Salame Stagionato\u00bb\"}]},{\"@type\":\"WebSite\",\"@id\":\"https:\\\/\\\/blogdiario.info\\\/magazine\\\/#website\",\"url\":\"https:\\\/\\\/blogdiario.info\\\/magazine\\\/\",\"name\":\"BlogDiario Magazine\",\"description\":\"Suplemento multiling\u00fce de ElCanillita.Info\",\"publisher\":{\"@id\":\"https:\\\/\\\/blogdiario.info\\\/magazine\\\/#organization\"},\"potentialAction\":[{\"@type\":\"SearchAction\",\"target\":{\"@type\":\"EntryPoint\",\"urlTemplate\":\"https:\\\/\\\/blogdiario.info\\\/magazine\\\/?s={search_term_string}\"},\"query-input\":{\"@type\":\"PropertyValueSpecification\",\"valueRequired\":true,\"valueName\":\"search_term_string\"}}],\"inLanguage\":\"es-AR\"},{\"@type\":\"Organization\",\"@id\":\"https:\\\/\\\/blogdiario.info\\\/magazine\\\/#organization\",\"name\":\"Guzzo Photos & Graphic Publications\",\"url\":\"https:\\\/\\\/blogdiario.info\\\/magazine\\\/\",\"logo\":{\"@type\":\"ImageObject\",\"inLanguage\":\"es-AR\",\"@id\":\"https:\\\/\\\/blogdiario.info\\\/magazine\\\/#\\\/schema\\\/logo\\\/image\\\/\",\"url\":\"https:\\\/\\\/blogdiario.info\\\/magazine\\\/images\\\/2020\\\/01\\\/cropped-blogdia_magazine.jpg\",\"contentUrl\":\"https:\\\/\\\/blogdiario.info\\\/magazine\\\/images\\\/2020\\\/01\\\/cropped-blogdia_magazine.jpg\",\"width\":589,\"height\":55,\"caption\":\"Guzzo Photos & Graphic Publications\"},\"image\":{\"@id\":\"https:\\\/\\\/blogdiario.info\\\/magazine\\\/#\\\/schema\\\/logo\\\/image\\\/\"}},{\"@type\":\"Person\",\"@id\":\"https:\\\/\\\/blogdiario.info\\\/magazine\\\/#\\\/schema\\\/person\\\/b2422fe85574d945bad55513bb0c7354\",\"name\":\"World Press Service | Servicio de Prensa Mundial\"}]}<\/script>\n<!-- \/ Yoast SEO plugin. -->","yoast_head_json":{"title":"\ud83c\uddee\ud83c\uddf9 \u00ab\u00c8 stata Regina d\u2019Argentina ed \u00e8 oggi la Regina Nazionale del Salame Stagionato\u00bb - BlogDiario Magazine","robots":{"index":"index","follow":"follow","max-snippet":"max-snippet:-1","max-image-preview":"max-image-preview:large","max-video-preview":"max-video-preview:-1"},"canonical":"https:\/\/blogdiario.info\/magazine\/2025\/06\/18\/\ud83c\uddee\ud83c\uddf9-e-stata-regina-dargentina-ed-e-oggi-la-regina-nazionale-del-salame-secco\/","og_locale":"es_ES","og_type":"article","og_title":"\ud83c\uddee\ud83c\uddf9 \u00ab\u00c8 stata Regina d\u2019Argentina ed \u00e8 oggi la Regina Nazionale del Salame Stagionato\u00bb - BlogDiario Magazine","og_description":"Non tutto ci\u00f2 che puzza nella politica argentina \u00e8 corruzione. A volte \u00e8 semplicemente salame stagionato.","og_url":"https:\/\/blogdiario.info\/magazine\/2025\/06\/18\/\ud83c\uddee\ud83c\uddf9-e-stata-regina-dargentina-ed-e-oggi-la-regina-nazionale-del-salame-secco\/","og_site_name":"BlogDiario Magazine","article_published_time":"2025-06-18T21:47:05+00:00","article_modified_time":"2025-06-22T06:15:33+00:00","og_image":[{"width":400,"height":267,"url":"https:\/\/blogdiario.info\/magazine\/images\/2025\/06\/Reinachori.Ediit_.HHH_.png","type":"image\/png"}],"author":"World Press Service | Servicio de Prensa Mundial","twitter_card":"summary_large_image","twitter_misc":{"Escrito por":"World Press Service | Servicio de Prensa Mundial","Tiempo de lectura":"2 minutos"},"schema":{"@context":"https:\/\/schema.org","@graph":[{"@type":"Article","@id":"https:\/\/blogdiario.info\/magazine\/2025\/06\/18\/%f0%9f%87%ae%f0%9f%87%b9-e-stata-regina-dargentina-ed-e-oggi-la-regina-nazionale-del-salame-secco\/#article","isPartOf":{"@id":"https:\/\/blogdiario.info\/magazine\/2025\/06\/18\/%f0%9f%87%ae%f0%9f%87%b9-e-stata-regina-dargentina-ed-e-oggi-la-regina-nazionale-del-salame-secco\/"},"author":{"name":"World Press Service | Servicio de Prensa Mundial","@id":"https:\/\/blogdiario.info\/magazine\/#\/schema\/person\/b2422fe85574d945bad55513bb0c7354"},"headline":"\ud83c\uddee\ud83c\uddf9 \u00ab\u00c8 stata Regina d\u2019Argentina ed \u00e8 oggi la Regina Nazionale del Salame Stagionato\u00bb","datePublished":"2025-06-18T21:47:05+00:00","dateModified":"2025-06-22T06:15:33+00:00","mainEntityOfPage":{"@id":"https:\/\/blogdiario.info\/magazine\/2025\/06\/18\/%f0%9f%87%ae%f0%9f%87%b9-e-stata-regina-dargentina-ed-e-oggi-la-regina-nazionale-del-salame-secco\/"},"wordCount":206,"publisher":{"@id":"https:\/\/blogdiario.info\/magazine\/#organization"},"image":{"@id":"https:\/\/blogdiario.info\/magazine\/2025\/06\/18\/%f0%9f%87%ae%f0%9f%87%b9-e-stata-regina-dargentina-ed-e-oggi-la-regina-nazionale-del-salame-secco\/#primaryimage"},"thumbnailUrl":"https:\/\/blogdiario.info\/magazine\/images\/2025\/06\/Reinachori.Ediit_.HHH_.png","keywords":["Argentina"],"articleSection":[".",".","America del Sud","Attualit\u00e0","Giustizia","Politica","Societ\u00e0"],"inLanguage":"es-AR"},{"@type":"WebPage","@id":"https:\/\/blogdiario.info\/magazine\/2025\/06\/18\/%f0%9f%87%ae%f0%9f%87%b9-e-stata-regina-dargentina-ed-e-oggi-la-regina-nazionale-del-salame-secco\/","url":"https:\/\/blogdiario.info\/magazine\/2025\/06\/18\/%f0%9f%87%ae%f0%9f%87%b9-e-stata-regina-dargentina-ed-e-oggi-la-regina-nazionale-del-salame-secco\/","name":"\ud83c\uddee\ud83c\uddf9 \u00ab\u00c8 stata Regina d\u2019Argentina ed \u00e8 oggi la Regina Nazionale del Salame Stagionato\u00bb - BlogDiario Magazine","isPartOf":{"@id":"https:\/\/blogdiario.info\/magazine\/#website"},"primaryImageOfPage":{"@id":"https:\/\/blogdiario.info\/magazine\/2025\/06\/18\/%f0%9f%87%ae%f0%9f%87%b9-e-stata-regina-dargentina-ed-e-oggi-la-regina-nazionale-del-salame-secco\/#primaryimage"},"image":{"@id":"https:\/\/blogdiario.info\/magazine\/2025\/06\/18\/%f0%9f%87%ae%f0%9f%87%b9-e-stata-regina-dargentina-ed-e-oggi-la-regina-nazionale-del-salame-secco\/#primaryimage"},"thumbnailUrl":"https:\/\/blogdiario.info\/magazine\/images\/2025\/06\/Reinachori.Ediit_.HHH_.png","datePublished":"2025-06-18T21:47:05+00:00","dateModified":"2025-06-22T06:15:33+00:00","breadcrumb":{"@id":"https:\/\/blogdiario.info\/magazine\/2025\/06\/18\/%f0%9f%87%ae%f0%9f%87%b9-e-stata-regina-dargentina-ed-e-oggi-la-regina-nazionale-del-salame-secco\/#breadcrumb"},"inLanguage":"es-AR","potentialAction":[{"@type":"ReadAction","target":["https:\/\/blogdiario.info\/magazine\/2025\/06\/18\/%f0%9f%87%ae%f0%9f%87%b9-e-stata-regina-dargentina-ed-e-oggi-la-regina-nazionale-del-salame-secco\/"]}]},{"@type":"ImageObject","inLanguage":"es-AR","@id":"https:\/\/blogdiario.info\/magazine\/2025\/06\/18\/%f0%9f%87%ae%f0%9f%87%b9-e-stata-regina-dargentina-ed-e-oggi-la-regina-nazionale-del-salame-secco\/#primaryimage","url":"https:\/\/blogdiario.info\/magazine\/images\/2025\/06\/Reinachori.Ediit_.HHH_.png","contentUrl":"https:\/\/blogdiario.info\/magazine\/images\/2025\/06\/Reinachori.Ediit_.HHH_.png","width":400,"height":267},{"@type":"BreadcrumbList","@id":"https:\/\/blogdiario.info\/magazine\/2025\/06\/18\/%f0%9f%87%ae%f0%9f%87%b9-e-stata-regina-dargentina-ed-e-oggi-la-regina-nazionale-del-salame-secco\/#breadcrumb","itemListElement":[{"@type":"ListItem","position":1,"name":"Home","item":"https:\/\/blogdiario.info\/magazine\/"},{"@type":"ListItem","position":2,"name":"\ud83c\uddee\ud83c\uddf9 \u00ab\u00c8 stata Regina d\u2019Argentina ed \u00e8 oggi la Regina Nazionale del Salame Stagionato\u00bb"}]},{"@type":"WebSite","@id":"https:\/\/blogdiario.info\/magazine\/#website","url":"https:\/\/blogdiario.info\/magazine\/","name":"BlogDiario Magazine","description":"Suplemento multiling\u00fce de ElCanillita.Info","publisher":{"@id":"https:\/\/blogdiario.info\/magazine\/#organization"},"potentialAction":[{"@type":"SearchAction","target":{"@type":"EntryPoint","urlTemplate":"https:\/\/blogdiario.info\/magazine\/?s={search_term_string}"},"query-input":{"@type":"PropertyValueSpecification","valueRequired":true,"valueName":"search_term_string"}}],"inLanguage":"es-AR"},{"@type":"Organization","@id":"https:\/\/blogdiario.info\/magazine\/#organization","name":"Guzzo Photos & Graphic Publications","url":"https:\/\/blogdiario.info\/magazine\/","logo":{"@type":"ImageObject","inLanguage":"es-AR","@id":"https:\/\/blogdiario.info\/magazine\/#\/schema\/logo\/image\/","url":"https:\/\/blogdiario.info\/magazine\/images\/2020\/01\/cropped-blogdia_magazine.jpg","contentUrl":"https:\/\/blogdiario.info\/magazine\/images\/2020\/01\/cropped-blogdia_magazine.jpg","width":589,"height":55,"caption":"Guzzo Photos & Graphic Publications"},"image":{"@id":"https:\/\/blogdiario.info\/magazine\/#\/schema\/logo\/image\/"}},{"@type":"Person","@id":"https:\/\/blogdiario.info\/magazine\/#\/schema\/person\/b2422fe85574d945bad55513bb0c7354","name":"World Press Service | Servicio de Prensa Mundial"}]}},"views":742,"_links":{"self":[{"href":"https:\/\/blogdiario.info\/magazine\/wp-json\/wp\/v2\/posts\/1922","targetHints":{"allow":["GET"]}}],"collection":[{"href":"https:\/\/blogdiario.info\/magazine\/wp-json\/wp\/v2\/posts"}],"about":[{"href":"https:\/\/blogdiario.info\/magazine\/wp-json\/wp\/v2\/types\/post"}],"author":[{"embeddable":true,"href":"https:\/\/blogdiario.info\/magazine\/wp-json\/wp\/v2\/users\/1"}],"replies":[{"embeddable":true,"href":"https:\/\/blogdiario.info\/magazine\/wp-json\/wp\/v2\/comments?post=1922"}],"version-history":[{"count":0,"href":"https:\/\/blogdiario.info\/magazine\/wp-json\/wp\/v2\/posts\/1922\/revisions"}],"wp:featuredmedia":[{"embeddable":true,"href":"https:\/\/blogdiario.info\/magazine\/wp-json\/wp\/v2\/media\/1923"}],"wp:attachment":[{"href":"https:\/\/blogdiario.info\/magazine\/wp-json\/wp\/v2\/media?parent=1922"}],"wp:term":[{"taxonomy":"category","embeddable":true,"href":"https:\/\/blogdiario.info\/magazine\/wp-json\/wp\/v2\/categories?post=1922"},{"taxonomy":"post_tag","embeddable":true,"href":"https:\/\/blogdiario.info\/magazine\/wp-json\/wp\/v2\/tags?post=1922"}],"curies":[{"name":"wp","href":"https:\/\/api.w.org\/{rel}","templated":true}]}}