{"id":1917,"date":"2025-06-17T21:05:04","date_gmt":"2025-06-17T20:05:04","guid":{"rendered":"https:\/\/blogdiario.info\/magazine\/?p=1917"},"modified":"2025-06-17T21:16:46","modified_gmt":"2025-06-17T20:16:46","slug":"%f0%9f%87%ab%f0%9f%87%b7-des-morts-qui-interrogent-quand-la-coincidence-se-repete-la-justice-se-tait","status":"publish","type":"post","link":"https:\/\/blogdiario.info\/magazine\/2025\/06\/17\/%f0%9f%87%ab%f0%9f%87%b7-des-morts-qui-interrogent-quand-la-coincidence-se-repete-la-justice-se-tait\/","title":{"rendered":"\ud83c\uddeb\ud83c\uddf7 Des morts qui interrogent : quand la co\u00efncidence se r\u00e9p\u00e8te, la justice se tait"},"content":{"rendered":"\n<figure class=\"wp-block-image size-full\"><img loading=\"lazy\" decoding=\"async\" width=\"600\" height=\"400\" src=\"https:\/\/blogdiario.info\/magazine\/images\/2025\/06\/dead_20250617.page_.png\" alt=\"\" class=\"wp-image-1916\" srcset=\"https:\/\/blogdiario.info\/magazine\/images\/2025\/06\/dead_20250617.page_.png 600w, https:\/\/blogdiario.info\/magazine\/images\/2025\/06\/dead_20250617.page_-300x200.png 300w\" sizes=\"auto, (max-width: 600px) 100vw, 600px\" \/><\/figure>\n\n\n\n<p><strong>BlogDiario.info<\/strong><br>Argentine, 17\/06\/2025<\/p>\n\n\n\n<p>Dans une r\u00e9publique, la mort violente d\u2019un citoyen porteur d\u2019informations sensibles devrait \u00e9branler les fondements institutionnels. Lorsque ces morts se r\u00e9p\u00e8tent \u2014avec des visages, des ann\u00e9es et des contextes diff\u00e9rents, mais le m\u00eame fond de silence, d\u2019impunit\u00e9 et de soup\u00e7on\u2014, la d\u00e9mocratie ne peut d\u00e9tourner le regard.<\/p>\n\n\n\n<p>L\u2019affaire du procureur Alberto Nisman n\u2019est pas un cas isol\u00e9. D\u2019autres fonctionnaires, journalistes, financiers, t\u00e9moins cl\u00e9s\u2026 sont morts dans des circonstances troubles. Beaucoup menaient des enqu\u00eates. Certains d\u00e9tenaient des secrets. D&#8217;autres s\u2019\u00e9taient \u00e9loign\u00e9s du pouvoir.<\/p>\n\n\n\n<p>Dire que \u00ab tout cela pourrait \u00eatre une co\u00efncidence \u00bb, c\u2019est renoncer \u00e0 la raison. Nous n\u2019accusons pas sans preuve. Nous ne sugg\u00e9rons rien \u00e0 la l\u00e9g\u00e8re. Mais nous affirmons avec force : la soci\u00e9t\u00e9 a le droit de savoir, et l\u2019\u00c9tat le devoir d\u2019enqu\u00eater, d\u2019\u00e9claircir et de rendre compte avec transparence.<\/p>\n\n\n\n<p>Chaque affaire non \u00e9lucid\u00e9e est une fracture dans la confiance publique. Et chaque fracture ignor\u00e9e devient une permission tacite pour que cela recommence.<br><br><small>\u00a92025 Mr. Boots on the Ground &#8211; All Rights Reserved \u2013 Copyright \u00a9 2025 ElCanillita.info \/ BlogDiario.info \/SalaStampa.eu, world press service \u2013 Guzzo Photos &amp; Graphic Publications \u2013 Registro Editori e Stampatori n. 1441 Turin, Italy<\/small><\/p>\n","protected":false},"excerpt":{"rendered":"<p>Alberto Nisman, Aldo Ducler, Jazm\u00edn de Grazia&#8230; des noms suspendus dans l\u2019air comme des questions sans r\u00e9ponse. Combien de \u00ab co\u00efncidences \u00bb une r\u00e9publique peut-elle tol\u00e9rer avant d\u2019exiger la v\u00e9rit\u00e9 et la justice ?<\/p>\n","protected":false},"author":1,"featured_media":1916,"comment_status":"closed","ping_status":"closed","sticky":false,"template":"","format":"standard","meta":{"footnotes":"","_links_to":"","_links_to_target":""},"categories":[65,51,136,28,29,31],"tags":[23],"class_list":["post-1917","post","type-post","status-publish","format-standard","has-post-thumbnail","hentry","category-actualite","category-america-del-sud","category-dolores-de-la-press","category-justice-fra","category-politique","category-societe","tag-argentina","entry","rows"],"yoast_head":"<!-- This site is optimized with the Yoast SEO plugin v27.4 - https:\/\/yoast.com\/product\/yoast-seo-wordpress\/ -->\n<title>\ud83c\uddeb\ud83c\uddf7 Des morts qui interrogent : quand la co\u00efncidence se r\u00e9p\u00e8te, la justice se tait - BlogDiario Magazine<\/title>\n<meta name=\"robots\" content=\"index, follow, max-snippet:-1, max-image-preview:large, max-video-preview:-1\" \/>\n<link rel=\"canonical\" href=\"https:\/\/blogdiario.info\/magazine\/2025\/06\/17\/\ud83c\uddeb\ud83c\uddf7-des-morts-qui-interrogent-quand-la-coincidence-se-repete-la-justice-se-tait\/\" \/>\n<meta property=\"og:locale\" content=\"es_ES\" \/>\n<meta property=\"og:type\" content=\"article\" \/>\n<meta property=\"og:title\" content=\"\ud83c\uddeb\ud83c\uddf7 Des morts qui interrogent : quand la co\u00efncidence se r\u00e9p\u00e8te, la justice se tait - BlogDiario Magazine\" \/>\n<meta property=\"og:description\" content=\"Alberto Nisman, Aldo Ducler, Jazm\u00edn de Grazia... des noms suspendus dans l\u2019air comme des questions sans r\u00e9ponse. Combien de \u00ab co\u00efncidences \u00bb une r\u00e9publique peut-elle tol\u00e9rer avant d\u2019exiger la v\u00e9rit\u00e9 et la justice ?\" \/>\n<meta property=\"og:url\" content=\"https:\/\/blogdiario.info\/magazine\/2025\/06\/17\/\ud83c\uddeb\ud83c\uddf7-des-morts-qui-interrogent-quand-la-coincidence-se-repete-la-justice-se-tait\/\" \/>\n<meta property=\"og:site_name\" content=\"BlogDiario Magazine\" \/>\n<meta property=\"article:published_time\" content=\"2025-06-17T20:05:04+00:00\" \/>\n<meta property=\"article:modified_time\" content=\"2025-06-17T20:16:46+00:00\" \/>\n<meta property=\"og:image\" content=\"https:\/\/blogdiario.info\/magazine\/images\/2025\/06\/dead_20250617.page_.png\" \/>\n\t<meta property=\"og:image:width\" content=\"600\" \/>\n\t<meta property=\"og:image:height\" content=\"400\" \/>\n\t<meta property=\"og:image:type\" content=\"image\/png\" \/>\n<meta name=\"author\" content=\"World Press Service | Servicio de Prensa Mundial\" \/>\n<meta name=\"twitter:card\" content=\"summary_large_image\" \/>\n<meta name=\"twitter:label1\" content=\"Escrito por\" \/>\n\t<meta name=\"twitter:data1\" content=\"World Press Service | Servicio de Prensa Mundial\" \/>\n\t<meta name=\"twitter:label2\" content=\"Tiempo de lectura\" \/>\n\t<meta name=\"twitter:data2\" content=\"2 minutos\" \/>\n<script type=\"application\/ld+json\" class=\"yoast-schema-graph\">{\"@context\":\"https:\\\/\\\/schema.org\",\"@graph\":[{\"@type\":\"Article\",\"@id\":\"https:\\\/\\\/blogdiario.info\\\/magazine\\\/2025\\\/06\\\/17\\\/%f0%9f%87%ab%f0%9f%87%b7-des-morts-qui-interrogent-quand-la-coincidence-se-repete-la-justice-se-tait\\\/#article\",\"isPartOf\":{\"@id\":\"https:\\\/\\\/blogdiario.info\\\/magazine\\\/2025\\\/06\\\/17\\\/%f0%9f%87%ab%f0%9f%87%b7-des-morts-qui-interrogent-quand-la-coincidence-se-repete-la-justice-se-tait\\\/\"},\"author\":{\"name\":\"World Press Service | Servicio de Prensa Mundial\",\"@id\":\"https:\\\/\\\/blogdiario.info\\\/magazine\\\/#\\\/schema\\\/person\\\/b2422fe85574d945bad55513bb0c7354\"},\"headline\":\"\ud83c\uddeb\ud83c\uddf7 Des morts qui interrogent : quand la co\u00efncidence se r\u00e9p\u00e8te, la justice se tait\",\"datePublished\":\"2025-06-17T20:05:04+00:00\",\"dateModified\":\"2025-06-17T20:16:46+00:00\",\"mainEntityOfPage\":{\"@id\":\"https:\\\/\\\/blogdiario.info\\\/magazine\\\/2025\\\/06\\\/17\\\/%f0%9f%87%ab%f0%9f%87%b7-des-morts-qui-interrogent-quand-la-coincidence-se-repete-la-justice-se-tait\\\/\"},\"wordCount\":237,\"publisher\":{\"@id\":\"https:\\\/\\\/blogdiario.info\\\/magazine\\\/#organization\"},\"image\":{\"@id\":\"https:\\\/\\\/blogdiario.info\\\/magazine\\\/2025\\\/06\\\/17\\\/%f0%9f%87%ab%f0%9f%87%b7-des-morts-qui-interrogent-quand-la-coincidence-se-repete-la-justice-se-tait\\\/#primaryimage\"},\"thumbnailUrl\":\"https:\\\/\\\/blogdiario.info\\\/magazine\\\/images\\\/2025\\\/06\\\/dead_20250617.page_.png\",\"keywords\":[\"Argentina\"],\"articleSection\":[\"Actualit\u00e9\",\"America del Sud\",\"Dolores de La Press\",\"Justice\",\"Politique\",\"Soci\u00e9t\u00e9\"],\"inLanguage\":\"es-AR\"},{\"@type\":\"WebPage\",\"@id\":\"https:\\\/\\\/blogdiario.info\\\/magazine\\\/2025\\\/06\\\/17\\\/%f0%9f%87%ab%f0%9f%87%b7-des-morts-qui-interrogent-quand-la-coincidence-se-repete-la-justice-se-tait\\\/\",\"url\":\"https:\\\/\\\/blogdiario.info\\\/magazine\\\/2025\\\/06\\\/17\\\/%f0%9f%87%ab%f0%9f%87%b7-des-morts-qui-interrogent-quand-la-coincidence-se-repete-la-justice-se-tait\\\/\",\"name\":\"\ud83c\uddeb\ud83c\uddf7 Des morts qui interrogent : quand la co\u00efncidence se r\u00e9p\u00e8te, la justice se tait - BlogDiario Magazine\",\"isPartOf\":{\"@id\":\"https:\\\/\\\/blogdiario.info\\\/magazine\\\/#website\"},\"primaryImageOfPage\":{\"@id\":\"https:\\\/\\\/blogdiario.info\\\/magazine\\\/2025\\\/06\\\/17\\\/%f0%9f%87%ab%f0%9f%87%b7-des-morts-qui-interrogent-quand-la-coincidence-se-repete-la-justice-se-tait\\\/#primaryimage\"},\"image\":{\"@id\":\"https:\\\/\\\/blogdiario.info\\\/magazine\\\/2025\\\/06\\\/17\\\/%f0%9f%87%ab%f0%9f%87%b7-des-morts-qui-interrogent-quand-la-coincidence-se-repete-la-justice-se-tait\\\/#primaryimage\"},\"thumbnailUrl\":\"https:\\\/\\\/blogdiario.info\\\/magazine\\\/images\\\/2025\\\/06\\\/dead_20250617.page_.png\",\"datePublished\":\"2025-06-17T20:05:04+00:00\",\"dateModified\":\"2025-06-17T20:16:46+00:00\",\"breadcrumb\":{\"@id\":\"https:\\\/\\\/blogdiario.info\\\/magazine\\\/2025\\\/06\\\/17\\\/%f0%9f%87%ab%f0%9f%87%b7-des-morts-qui-interrogent-quand-la-coincidence-se-repete-la-justice-se-tait\\\/#breadcrumb\"},\"inLanguage\":\"es-AR\",\"potentialAction\":[{\"@type\":\"ReadAction\",\"target\":[\"https:\\\/\\\/blogdiario.info\\\/magazine\\\/2025\\\/06\\\/17\\\/%f0%9f%87%ab%f0%9f%87%b7-des-morts-qui-interrogent-quand-la-coincidence-se-repete-la-justice-se-tait\\\/\"]}]},{\"@type\":\"ImageObject\",\"inLanguage\":\"es-AR\",\"@id\":\"https:\\\/\\\/blogdiario.info\\\/magazine\\\/2025\\\/06\\\/17\\\/%f0%9f%87%ab%f0%9f%87%b7-des-morts-qui-interrogent-quand-la-coincidence-se-repete-la-justice-se-tait\\\/#primaryimage\",\"url\":\"https:\\\/\\\/blogdiario.info\\\/magazine\\\/images\\\/2025\\\/06\\\/dead_20250617.page_.png\",\"contentUrl\":\"https:\\\/\\\/blogdiario.info\\\/magazine\\\/images\\\/2025\\\/06\\\/dead_20250617.page_.png\",\"width\":600,\"height\":400},{\"@type\":\"BreadcrumbList\",\"@id\":\"https:\\\/\\\/blogdiario.info\\\/magazine\\\/2025\\\/06\\\/17\\\/%f0%9f%87%ab%f0%9f%87%b7-des-morts-qui-interrogent-quand-la-coincidence-se-repete-la-justice-se-tait\\\/#breadcrumb\",\"itemListElement\":[{\"@type\":\"ListItem\",\"position\":1,\"name\":\"Home\",\"item\":\"https:\\\/\\\/blogdiario.info\\\/magazine\\\/\"},{\"@type\":\"ListItem\",\"position\":2,\"name\":\"\ud83c\uddeb\ud83c\uddf7 Des morts qui interrogent : quand la co\u00efncidence se r\u00e9p\u00e8te, la justice se tait\"}]},{\"@type\":\"WebSite\",\"@id\":\"https:\\\/\\\/blogdiario.info\\\/magazine\\\/#website\",\"url\":\"https:\\\/\\\/blogdiario.info\\\/magazine\\\/\",\"name\":\"BlogDiario Magazine\",\"description\":\"Suplemento multiling\u00fce de ElCanillita.Info\",\"publisher\":{\"@id\":\"https:\\\/\\\/blogdiario.info\\\/magazine\\\/#organization\"},\"potentialAction\":[{\"@type\":\"SearchAction\",\"target\":{\"@type\":\"EntryPoint\",\"urlTemplate\":\"https:\\\/\\\/blogdiario.info\\\/magazine\\\/?s={search_term_string}\"},\"query-input\":{\"@type\":\"PropertyValueSpecification\",\"valueRequired\":true,\"valueName\":\"search_term_string\"}}],\"inLanguage\":\"es-AR\"},{\"@type\":\"Organization\",\"@id\":\"https:\\\/\\\/blogdiario.info\\\/magazine\\\/#organization\",\"name\":\"Guzzo Photos & Graphic Publications\",\"url\":\"https:\\\/\\\/blogdiario.info\\\/magazine\\\/\",\"logo\":{\"@type\":\"ImageObject\",\"inLanguage\":\"es-AR\",\"@id\":\"https:\\\/\\\/blogdiario.info\\\/magazine\\\/#\\\/schema\\\/logo\\\/image\\\/\",\"url\":\"https:\\\/\\\/blogdiario.info\\\/magazine\\\/images\\\/2020\\\/01\\\/cropped-blogdia_magazine.jpg\",\"contentUrl\":\"https:\\\/\\\/blogdiario.info\\\/magazine\\\/images\\\/2020\\\/01\\\/cropped-blogdia_magazine.jpg\",\"width\":589,\"height\":55,\"caption\":\"Guzzo Photos & Graphic Publications\"},\"image\":{\"@id\":\"https:\\\/\\\/blogdiario.info\\\/magazine\\\/#\\\/schema\\\/logo\\\/image\\\/\"}},{\"@type\":\"Person\",\"@id\":\"https:\\\/\\\/blogdiario.info\\\/magazine\\\/#\\\/schema\\\/person\\\/b2422fe85574d945bad55513bb0c7354\",\"name\":\"World Press Service | Servicio de Prensa Mundial\"}]}<\/script>\n<!-- \/ Yoast SEO plugin. -->","yoast_head_json":{"title":"\ud83c\uddeb\ud83c\uddf7 Des morts qui interrogent : quand la co\u00efncidence se r\u00e9p\u00e8te, la justice se tait - BlogDiario Magazine","robots":{"index":"index","follow":"follow","max-snippet":"max-snippet:-1","max-image-preview":"max-image-preview:large","max-video-preview":"max-video-preview:-1"},"canonical":"https:\/\/blogdiario.info\/magazine\/2025\/06\/17\/\ud83c\uddeb\ud83c\uddf7-des-morts-qui-interrogent-quand-la-coincidence-se-repete-la-justice-se-tait\/","og_locale":"es_ES","og_type":"article","og_title":"\ud83c\uddeb\ud83c\uddf7 Des morts qui interrogent : quand la co\u00efncidence se r\u00e9p\u00e8te, la justice se tait - BlogDiario Magazine","og_description":"Alberto Nisman, Aldo Ducler, Jazm\u00edn de Grazia... des noms suspendus dans l\u2019air comme des questions sans r\u00e9ponse. Combien de \u00ab co\u00efncidences \u00bb une r\u00e9publique peut-elle tol\u00e9rer avant d\u2019exiger la v\u00e9rit\u00e9 et la justice ?","og_url":"https:\/\/blogdiario.info\/magazine\/2025\/06\/17\/\ud83c\uddeb\ud83c\uddf7-des-morts-qui-interrogent-quand-la-coincidence-se-repete-la-justice-se-tait\/","og_site_name":"BlogDiario Magazine","article_published_time":"2025-06-17T20:05:04+00:00","article_modified_time":"2025-06-17T20:16:46+00:00","og_image":[{"width":600,"height":400,"url":"https:\/\/blogdiario.info\/magazine\/images\/2025\/06\/dead_20250617.page_.png","type":"image\/png"}],"author":"World Press Service | Servicio de Prensa Mundial","twitter_card":"summary_large_image","twitter_misc":{"Escrito por":"World Press Service | Servicio de Prensa Mundial","Tiempo de lectura":"2 minutos"},"schema":{"@context":"https:\/\/schema.org","@graph":[{"@type":"Article","@id":"https:\/\/blogdiario.info\/magazine\/2025\/06\/17\/%f0%9f%87%ab%f0%9f%87%b7-des-morts-qui-interrogent-quand-la-coincidence-se-repete-la-justice-se-tait\/#article","isPartOf":{"@id":"https:\/\/blogdiario.info\/magazine\/2025\/06\/17\/%f0%9f%87%ab%f0%9f%87%b7-des-morts-qui-interrogent-quand-la-coincidence-se-repete-la-justice-se-tait\/"},"author":{"name":"World Press Service | Servicio de Prensa Mundial","@id":"https:\/\/blogdiario.info\/magazine\/#\/schema\/person\/b2422fe85574d945bad55513bb0c7354"},"headline":"\ud83c\uddeb\ud83c\uddf7 Des morts qui interrogent : quand la co\u00efncidence se r\u00e9p\u00e8te, la justice se tait","datePublished":"2025-06-17T20:05:04+00:00","dateModified":"2025-06-17T20:16:46+00:00","mainEntityOfPage":{"@id":"https:\/\/blogdiario.info\/magazine\/2025\/06\/17\/%f0%9f%87%ab%f0%9f%87%b7-des-morts-qui-interrogent-quand-la-coincidence-se-repete-la-justice-se-tait\/"},"wordCount":237,"publisher":{"@id":"https:\/\/blogdiario.info\/magazine\/#organization"},"image":{"@id":"https:\/\/blogdiario.info\/magazine\/2025\/06\/17\/%f0%9f%87%ab%f0%9f%87%b7-des-morts-qui-interrogent-quand-la-coincidence-se-repete-la-justice-se-tait\/#primaryimage"},"thumbnailUrl":"https:\/\/blogdiario.info\/magazine\/images\/2025\/06\/dead_20250617.page_.png","keywords":["Argentina"],"articleSection":["Actualit\u00e9","America del Sud","Dolores de La Press","Justice","Politique","Soci\u00e9t\u00e9"],"inLanguage":"es-AR"},{"@type":"WebPage","@id":"https:\/\/blogdiario.info\/magazine\/2025\/06\/17\/%f0%9f%87%ab%f0%9f%87%b7-des-morts-qui-interrogent-quand-la-coincidence-se-repete-la-justice-se-tait\/","url":"https:\/\/blogdiario.info\/magazine\/2025\/06\/17\/%f0%9f%87%ab%f0%9f%87%b7-des-morts-qui-interrogent-quand-la-coincidence-se-repete-la-justice-se-tait\/","name":"\ud83c\uddeb\ud83c\uddf7 Des morts qui interrogent : quand la co\u00efncidence se r\u00e9p\u00e8te, la justice se tait - BlogDiario Magazine","isPartOf":{"@id":"https:\/\/blogdiario.info\/magazine\/#website"},"primaryImageOfPage":{"@id":"https:\/\/blogdiario.info\/magazine\/2025\/06\/17\/%f0%9f%87%ab%f0%9f%87%b7-des-morts-qui-interrogent-quand-la-coincidence-se-repete-la-justice-se-tait\/#primaryimage"},"image":{"@id":"https:\/\/blogdiario.info\/magazine\/2025\/06\/17\/%f0%9f%87%ab%f0%9f%87%b7-des-morts-qui-interrogent-quand-la-coincidence-se-repete-la-justice-se-tait\/#primaryimage"},"thumbnailUrl":"https:\/\/blogdiario.info\/magazine\/images\/2025\/06\/dead_20250617.page_.png","datePublished":"2025-06-17T20:05:04+00:00","dateModified":"2025-06-17T20:16:46+00:00","breadcrumb":{"@id":"https:\/\/blogdiario.info\/magazine\/2025\/06\/17\/%f0%9f%87%ab%f0%9f%87%b7-des-morts-qui-interrogent-quand-la-coincidence-se-repete-la-justice-se-tait\/#breadcrumb"},"inLanguage":"es-AR","potentialAction":[{"@type":"ReadAction","target":["https:\/\/blogdiario.info\/magazine\/2025\/06\/17\/%f0%9f%87%ab%f0%9f%87%b7-des-morts-qui-interrogent-quand-la-coincidence-se-repete-la-justice-se-tait\/"]}]},{"@type":"ImageObject","inLanguage":"es-AR","@id":"https:\/\/blogdiario.info\/magazine\/2025\/06\/17\/%f0%9f%87%ab%f0%9f%87%b7-des-morts-qui-interrogent-quand-la-coincidence-se-repete-la-justice-se-tait\/#primaryimage","url":"https:\/\/blogdiario.info\/magazine\/images\/2025\/06\/dead_20250617.page_.png","contentUrl":"https:\/\/blogdiario.info\/magazine\/images\/2025\/06\/dead_20250617.page_.png","width":600,"height":400},{"@type":"BreadcrumbList","@id":"https:\/\/blogdiario.info\/magazine\/2025\/06\/17\/%f0%9f%87%ab%f0%9f%87%b7-des-morts-qui-interrogent-quand-la-coincidence-se-repete-la-justice-se-tait\/#breadcrumb","itemListElement":[{"@type":"ListItem","position":1,"name":"Home","item":"https:\/\/blogdiario.info\/magazine\/"},{"@type":"ListItem","position":2,"name":"\ud83c\uddeb\ud83c\uddf7 Des morts qui interrogent : quand la co\u00efncidence se r\u00e9p\u00e8te, la justice se tait"}]},{"@type":"WebSite","@id":"https:\/\/blogdiario.info\/magazine\/#website","url":"https:\/\/blogdiario.info\/magazine\/","name":"BlogDiario Magazine","description":"Suplemento multiling\u00fce de ElCanillita.Info","publisher":{"@id":"https:\/\/blogdiario.info\/magazine\/#organization"},"potentialAction":[{"@type":"SearchAction","target":{"@type":"EntryPoint","urlTemplate":"https:\/\/blogdiario.info\/magazine\/?s={search_term_string}"},"query-input":{"@type":"PropertyValueSpecification","valueRequired":true,"valueName":"search_term_string"}}],"inLanguage":"es-AR"},{"@type":"Organization","@id":"https:\/\/blogdiario.info\/magazine\/#organization","name":"Guzzo Photos & Graphic Publications","url":"https:\/\/blogdiario.info\/magazine\/","logo":{"@type":"ImageObject","inLanguage":"es-AR","@id":"https:\/\/blogdiario.info\/magazine\/#\/schema\/logo\/image\/","url":"https:\/\/blogdiario.info\/magazine\/images\/2020\/01\/cropped-blogdia_magazine.jpg","contentUrl":"https:\/\/blogdiario.info\/magazine\/images\/2020\/01\/cropped-blogdia_magazine.jpg","width":589,"height":55,"caption":"Guzzo Photos & Graphic Publications"},"image":{"@id":"https:\/\/blogdiario.info\/magazine\/#\/schema\/logo\/image\/"}},{"@type":"Person","@id":"https:\/\/blogdiario.info\/magazine\/#\/schema\/person\/b2422fe85574d945bad55513bb0c7354","name":"World Press Service | Servicio de Prensa Mundial"}]}},"views":977,"_links":{"self":[{"href":"https:\/\/blogdiario.info\/magazine\/wp-json\/wp\/v2\/posts\/1917","targetHints":{"allow":["GET"]}}],"collection":[{"href":"https:\/\/blogdiario.info\/magazine\/wp-json\/wp\/v2\/posts"}],"about":[{"href":"https:\/\/blogdiario.info\/magazine\/wp-json\/wp\/v2\/types\/post"}],"author":[{"embeddable":true,"href":"https:\/\/blogdiario.info\/magazine\/wp-json\/wp\/v2\/users\/1"}],"replies":[{"embeddable":true,"href":"https:\/\/blogdiario.info\/magazine\/wp-json\/wp\/v2\/comments?post=1917"}],"version-history":[{"count":0,"href":"https:\/\/blogdiario.info\/magazine\/wp-json\/wp\/v2\/posts\/1917\/revisions"}],"wp:featuredmedia":[{"embeddable":true,"href":"https:\/\/blogdiario.info\/magazine\/wp-json\/wp\/v2\/media\/1916"}],"wp:attachment":[{"href":"https:\/\/blogdiario.info\/magazine\/wp-json\/wp\/v2\/media?parent=1917"}],"wp:term":[{"taxonomy":"category","embeddable":true,"href":"https:\/\/blogdiario.info\/magazine\/wp-json\/wp\/v2\/categories?post=1917"},{"taxonomy":"post_tag","embeddable":true,"href":"https:\/\/blogdiario.info\/magazine\/wp-json\/wp\/v2\/tags?post=1917"}],"curies":[{"name":"wp","href":"https:\/\/api.w.org\/{rel}","templated":true}]}}