{"id":1911,"date":"2025-06-16T21:44:19","date_gmt":"2025-06-16T20:44:19","guid":{"rendered":"https:\/\/blogdiario.info\/magazine\/?p=1911"},"modified":"2025-06-16T21:44:21","modified_gmt":"2025-06-16T20:44:21","slug":"%f0%9f%8e%a9-david-garrick-la-memoria-y-el-truco-argentino","status":"publish","type":"post","link":"https:\/\/blogdiario.info\/magazine\/2025\/06\/16\/%f0%9f%8e%a9-david-garrick-la-memoria-y-el-truco-argentino\/","title":{"rendered":"\ud83c\udfa9  David Garrick, la memoria y el truco argentino"},"content":{"rendered":"\n<figure class=\"wp-block-image size-full\"><img loading=\"lazy\" decoding=\"async\" width=\"500\" height=\"500\" src=\"https:\/\/blogdiario.info\/magazine\/images\/2025\/06\/Garric_500.png\" alt=\"\" class=\"wp-image-1912\" srcset=\"https:\/\/blogdiario.info\/magazine\/images\/2025\/06\/Garric_500.png 500w, https:\/\/blogdiario.info\/magazine\/images\/2025\/06\/Garric_500-300x300.png 300w, https:\/\/blogdiario.info\/magazine\/images\/2025\/06\/Garric_500-150x150.png 150w\" sizes=\"auto, (max-width: 500px) 100vw, 500px\" \/><\/figure>\n\n\n\n<p><strong>BlogDiario.info<\/strong><br>Argentina, 16\/06\/2025<br><br>\u270d\ufe0f Por Tully Roberts<\/p>\n\n\n\n<blockquote class=\"wp-block-quote is-layout-flow wp-block-quote-is-layout-flow\">\n<p>\u201cTal vez siga el consejo de Nonna Pecas:<br>ir\u00e9 a la Biblioteca, a consultar todas las obras de autores como David Garrick, que me inspiren a re\u00edr llorando cada vez que deba tratar la realidad argentina.\u201d<\/p>\n<\/blockquote>\n\n\n\n<p>Apreciamos \u2014y no es un decir\u2014 la gentileza del lector que envi\u00f3 el extenso resumen: &#8220;CFK: Que Dios y la Patria te lo demanden&#8221; que nos lleg\u00f3 en redacci\u00f3n. Es un repaso, cronol\u00f3gico y crudo, de los pecados cometidos durante la era kirchnerista, expuestos por el Sr. Marcelo Longobardi.<\/p>\n\n\n\n<p>Una larga letan\u00eda que incluye Croma\u00f1\u00f3n, Once, Skanska, la Rosadita, los muertos del agua, los vivos del PAMI, las cuevas, los aviones, los bolsos, las valijas, los t\u00faneles que no llevan a ninguna parte, los hoteles sin hu\u00e9spedes, las declaraciones juradas con asteriscos y hasta los pr\u00f3ceres bajados de sus pedestales para que suban Juana y sus afiches.<\/p>\n\n\n\n<p>Todo eso\u2026 y m\u00e1s. S\u00ed. Todo eso tambi\u00e9n estuvo bien\u2026 para muchos.<br>O estuvo silenciado, relativizado, justificado, camuflado en siglas, o apilado debajo de la alfombra de las causas dormidas.<\/p>\n\n\n\n<p>El problema, estimado lector, no es la falta de datos.<br>Es el esguince de memoria.<\/p>\n\n\n\n<p>Porque si la realidad dol\u00eda, la respuesta era siempre un \u201cdesconf\u00edo\u201d.<br>Un \u201ceso no puede ser tan as\u00ed\u201d.<br>Un \u201ces una operaci\u00f3n de Clar\u00edn\u201d.<br>Un \u201cmir\u00e1 c\u00f3mo crece el consumo\u201d.<\/p>\n\n\n\n<p>Jug\u00e1bamos al truco con la verdad.<br>Y mientras el pueblo perd\u00eda el asado, la inflaci\u00f3n se hac\u00eda la sota y el relato levantaba el siete de espadas.<\/p>\n\n\n\n<p>Hoy, le damos espacio a esa larga carta porque hay cosas que, por m\u00e1s trilladas que parezcan, siguen siendo verdad.<br>Y no por repetidas pierden valor.<br>M\u00e1s bien lo contrario:<br>Cada vez que alguien las recuerda, nos rescata un cent\u00edmetro del barro.<\/p>\n\n\n\n<p>La iron\u00eda, como dec\u00eda Garrick, es la medicina del alma cuando no alcanza con llorar.<br>Y si a esta patria la estamos tratando desde hace d\u00e9cadas con microdosis de s\u00e1tira y memoria, es porque sabemos que sin memoria\u2026 no hay futuro.<\/p>\n\n\n\n<p>Ni siquiera un final digno de tragedia.<\/p>\n\n\n\n<p>\ud83d\udcec \u00bfVos tambi\u00e9n te acord\u00e1s?<br>\u00bfO prefer\u00eds seguir jugando al \u201cdesconf\u00edo\u201d?<br>cristina-no-es-juana@elcanillita.info<br><br><small>\u00a92025 Tully Roberts \u2013 All Rights Reserved &#8211; Copyright \u00a9 2025 ElCanillita.info \/ BlogDiario.info \/SalaStampa.eu, world press service &#8211; Guzzo Photos &amp; Graphic Publications \u2013 Registro Editori e Stampatori n. 1441 Turin, Italy<\/small><br><br><\/p>\n","protected":false},"excerpt":{"rendered":"<p>\u00a1Cu\u00e1ntos hay que, muertos de tedio, hacen re\u00edr como el actor suicida, sin encontrar para su mal remedio!<\/p>\n","protected":false},"author":1,"featured_media":1913,"comment_status":"closed","ping_status":"closed","sticky":false,"template":"","format":"standard","meta":{"footnotes":"","_links_to":"","_links_to_target":""},"categories":[62,51,143,136,40,41,43],"tags":[],"class_list":["post-1911","post","type-post","status-publish","format-standard","has-post-thumbnail","hentry","category-actualidad","category-america-del-sud","category-corrupcion","category-dolores-de-la-press","category-justicia","category-politica-esp","category-sociedad","entry","rows"],"yoast_head":"<!-- This site is optimized with the Yoast SEO plugin v27.4 - https:\/\/yoast.com\/product\/yoast-seo-wordpress\/ -->\n<title>\ud83c\udfa9 David Garrick, la memoria y el truco argentino - BlogDiario Magazine<\/title>\n<meta name=\"robots\" content=\"index, follow, max-snippet:-1, max-image-preview:large, max-video-preview:-1\" \/>\n<link rel=\"canonical\" href=\"https:\/\/blogdiario.info\/magazine\/2025\/06\/16\/\ud83c\udfa9-david-garrick-la-memoria-y-el-truco-argentino\/\" \/>\n<meta property=\"og:locale\" content=\"es_ES\" \/>\n<meta property=\"og:type\" content=\"article\" \/>\n<meta property=\"og:title\" content=\"\ud83c\udfa9 David Garrick, la memoria y el truco argentino - BlogDiario Magazine\" \/>\n<meta property=\"og:description\" content=\"\u00a1Cu\u00e1ntos hay que, muertos de tedio, hacen re\u00edr como el actor suicida, sin encontrar para su mal remedio!\" \/>\n<meta property=\"og:url\" content=\"https:\/\/blogdiario.info\/magazine\/2025\/06\/16\/\ud83c\udfa9-david-garrick-la-memoria-y-el-truco-argentino\/\" \/>\n<meta property=\"og:site_name\" content=\"BlogDiario Magazine\" \/>\n<meta property=\"article:published_time\" content=\"2025-06-16T20:44:19+00:00\" \/>\n<meta property=\"article:modified_time\" content=\"2025-06-16T20:44:21+00:00\" \/>\n<meta property=\"og:image\" content=\"https:\/\/blogdiario.info\/magazine\/images\/2025\/06\/Garric_400.cover_.png\" \/>\n\t<meta property=\"og:image:width\" content=\"400\" \/>\n\t<meta property=\"og:image:height\" content=\"400\" \/>\n\t<meta property=\"og:image:type\" content=\"image\/png\" \/>\n<meta name=\"author\" content=\"World Press Service | Servicio de Prensa Mundial\" \/>\n<meta name=\"twitter:card\" content=\"summary_large_image\" \/>\n<meta name=\"twitter:label1\" content=\"Escrito por\" \/>\n\t<meta name=\"twitter:data1\" content=\"World Press Service | Servicio de Prensa Mundial\" \/>\n\t<meta name=\"twitter:label2\" content=\"Tiempo de lectura\" \/>\n\t<meta name=\"twitter:data2\" content=\"2 minutos\" \/>\n<script type=\"application\/ld+json\" class=\"yoast-schema-graph\">{\"@context\":\"https:\\\/\\\/schema.org\",\"@graph\":[{\"@type\":\"Article\",\"@id\":\"https:\\\/\\\/blogdiario.info\\\/magazine\\\/2025\\\/06\\\/16\\\/%f0%9f%8e%a9-david-garrick-la-memoria-y-el-truco-argentino\\\/#article\",\"isPartOf\":{\"@id\":\"https:\\\/\\\/blogdiario.info\\\/magazine\\\/2025\\\/06\\\/16\\\/%f0%9f%8e%a9-david-garrick-la-memoria-y-el-truco-argentino\\\/\"},\"author\":{\"name\":\"World Press Service | Servicio de Prensa Mundial\",\"@id\":\"https:\\\/\\\/blogdiario.info\\\/magazine\\\/#\\\/schema\\\/person\\\/b2422fe85574d945bad55513bb0c7354\"},\"headline\":\"\ud83c\udfa9 David Garrick, la memoria y el truco argentino\",\"datePublished\":\"2025-06-16T20:44:19+00:00\",\"dateModified\":\"2025-06-16T20:44:21+00:00\",\"mainEntityOfPage\":{\"@id\":\"https:\\\/\\\/blogdiario.info\\\/magazine\\\/2025\\\/06\\\/16\\\/%f0%9f%8e%a9-david-garrick-la-memoria-y-el-truco-argentino\\\/\"},\"wordCount\":421,\"publisher\":{\"@id\":\"https:\\\/\\\/blogdiario.info\\\/magazine\\\/#organization\"},\"image\":{\"@id\":\"https:\\\/\\\/blogdiario.info\\\/magazine\\\/2025\\\/06\\\/16\\\/%f0%9f%8e%a9-david-garrick-la-memoria-y-el-truco-argentino\\\/#primaryimage\"},\"thumbnailUrl\":\"https:\\\/\\\/blogdiario.info\\\/magazine\\\/images\\\/2025\\\/06\\\/Garric_400.cover_.png\",\"articleSection\":[\"Actualidad\",\"America del Sud\",\"Corrupci\u00f3n\",\"Dolores de La Press\",\"Justicia\",\"Politica\",\"Sociedad\"],\"inLanguage\":\"es-AR\"},{\"@type\":\"WebPage\",\"@id\":\"https:\\\/\\\/blogdiario.info\\\/magazine\\\/2025\\\/06\\\/16\\\/%f0%9f%8e%a9-david-garrick-la-memoria-y-el-truco-argentino\\\/\",\"url\":\"https:\\\/\\\/blogdiario.info\\\/magazine\\\/2025\\\/06\\\/16\\\/%f0%9f%8e%a9-david-garrick-la-memoria-y-el-truco-argentino\\\/\",\"name\":\"\ud83c\udfa9 David Garrick, la memoria y el truco argentino - BlogDiario Magazine\",\"isPartOf\":{\"@id\":\"https:\\\/\\\/blogdiario.info\\\/magazine\\\/#website\"},\"primaryImageOfPage\":{\"@id\":\"https:\\\/\\\/blogdiario.info\\\/magazine\\\/2025\\\/06\\\/16\\\/%f0%9f%8e%a9-david-garrick-la-memoria-y-el-truco-argentino\\\/#primaryimage\"},\"image\":{\"@id\":\"https:\\\/\\\/blogdiario.info\\\/magazine\\\/2025\\\/06\\\/16\\\/%f0%9f%8e%a9-david-garrick-la-memoria-y-el-truco-argentino\\\/#primaryimage\"},\"thumbnailUrl\":\"https:\\\/\\\/blogdiario.info\\\/magazine\\\/images\\\/2025\\\/06\\\/Garric_400.cover_.png\",\"datePublished\":\"2025-06-16T20:44:19+00:00\",\"dateModified\":\"2025-06-16T20:44:21+00:00\",\"breadcrumb\":{\"@id\":\"https:\\\/\\\/blogdiario.info\\\/magazine\\\/2025\\\/06\\\/16\\\/%f0%9f%8e%a9-david-garrick-la-memoria-y-el-truco-argentino\\\/#breadcrumb\"},\"inLanguage\":\"es-AR\",\"potentialAction\":[{\"@type\":\"ReadAction\",\"target\":[\"https:\\\/\\\/blogdiario.info\\\/magazine\\\/2025\\\/06\\\/16\\\/%f0%9f%8e%a9-david-garrick-la-memoria-y-el-truco-argentino\\\/\"]}]},{\"@type\":\"ImageObject\",\"inLanguage\":\"es-AR\",\"@id\":\"https:\\\/\\\/blogdiario.info\\\/magazine\\\/2025\\\/06\\\/16\\\/%f0%9f%8e%a9-david-garrick-la-memoria-y-el-truco-argentino\\\/#primaryimage\",\"url\":\"https:\\\/\\\/blogdiario.info\\\/magazine\\\/images\\\/2025\\\/06\\\/Garric_400.cover_.png\",\"contentUrl\":\"https:\\\/\\\/blogdiario.info\\\/magazine\\\/images\\\/2025\\\/06\\\/Garric_400.cover_.png\",\"width\":400,\"height\":400},{\"@type\":\"BreadcrumbList\",\"@id\":\"https:\\\/\\\/blogdiario.info\\\/magazine\\\/2025\\\/06\\\/16\\\/%f0%9f%8e%a9-david-garrick-la-memoria-y-el-truco-argentino\\\/#breadcrumb\",\"itemListElement\":[{\"@type\":\"ListItem\",\"position\":1,\"name\":\"Home\",\"item\":\"https:\\\/\\\/blogdiario.info\\\/magazine\\\/\"},{\"@type\":\"ListItem\",\"position\":2,\"name\":\"\ud83c\udfa9 David Garrick, la memoria y el truco argentino\"}]},{\"@type\":\"WebSite\",\"@id\":\"https:\\\/\\\/blogdiario.info\\\/magazine\\\/#website\",\"url\":\"https:\\\/\\\/blogdiario.info\\\/magazine\\\/\",\"name\":\"BlogDiario Magazine\",\"description\":\"Suplemento multiling\u00fce de ElCanillita.Info\",\"publisher\":{\"@id\":\"https:\\\/\\\/blogdiario.info\\\/magazine\\\/#organization\"},\"potentialAction\":[{\"@type\":\"SearchAction\",\"target\":{\"@type\":\"EntryPoint\",\"urlTemplate\":\"https:\\\/\\\/blogdiario.info\\\/magazine\\\/?s={search_term_string}\"},\"query-input\":{\"@type\":\"PropertyValueSpecification\",\"valueRequired\":true,\"valueName\":\"search_term_string\"}}],\"inLanguage\":\"es-AR\"},{\"@type\":\"Organization\",\"@id\":\"https:\\\/\\\/blogdiario.info\\\/magazine\\\/#organization\",\"name\":\"Guzzo Photos & Graphic Publications\",\"url\":\"https:\\\/\\\/blogdiario.info\\\/magazine\\\/\",\"logo\":{\"@type\":\"ImageObject\",\"inLanguage\":\"es-AR\",\"@id\":\"https:\\\/\\\/blogdiario.info\\\/magazine\\\/#\\\/schema\\\/logo\\\/image\\\/\",\"url\":\"https:\\\/\\\/blogdiario.info\\\/magazine\\\/images\\\/2020\\\/01\\\/cropped-blogdia_magazine.jpg\",\"contentUrl\":\"https:\\\/\\\/blogdiario.info\\\/magazine\\\/images\\\/2020\\\/01\\\/cropped-blogdia_magazine.jpg\",\"width\":589,\"height\":55,\"caption\":\"Guzzo Photos & Graphic Publications\"},\"image\":{\"@id\":\"https:\\\/\\\/blogdiario.info\\\/magazine\\\/#\\\/schema\\\/logo\\\/image\\\/\"}},{\"@type\":\"Person\",\"@id\":\"https:\\\/\\\/blogdiario.info\\\/magazine\\\/#\\\/schema\\\/person\\\/b2422fe85574d945bad55513bb0c7354\",\"name\":\"World Press Service | Servicio de Prensa Mundial\"}]}<\/script>\n<!-- \/ Yoast SEO plugin. -->","yoast_head_json":{"title":"\ud83c\udfa9 David Garrick, la memoria y el truco argentino - BlogDiario Magazine","robots":{"index":"index","follow":"follow","max-snippet":"max-snippet:-1","max-image-preview":"max-image-preview:large","max-video-preview":"max-video-preview:-1"},"canonical":"https:\/\/blogdiario.info\/magazine\/2025\/06\/16\/\ud83c\udfa9-david-garrick-la-memoria-y-el-truco-argentino\/","og_locale":"es_ES","og_type":"article","og_title":"\ud83c\udfa9 David Garrick, la memoria y el truco argentino - BlogDiario Magazine","og_description":"\u00a1Cu\u00e1ntos hay que, muertos de tedio, hacen re\u00edr como el actor suicida, sin encontrar para su mal remedio!","og_url":"https:\/\/blogdiario.info\/magazine\/2025\/06\/16\/\ud83c\udfa9-david-garrick-la-memoria-y-el-truco-argentino\/","og_site_name":"BlogDiario Magazine","article_published_time":"2025-06-16T20:44:19+00:00","article_modified_time":"2025-06-16T20:44:21+00:00","og_image":[{"width":400,"height":400,"url":"https:\/\/blogdiario.info\/magazine\/images\/2025\/06\/Garric_400.cover_.png","type":"image\/png"}],"author":"World Press Service | Servicio de Prensa Mundial","twitter_card":"summary_large_image","twitter_misc":{"Escrito por":"World Press Service | Servicio de Prensa Mundial","Tiempo de lectura":"2 minutos"},"schema":{"@context":"https:\/\/schema.org","@graph":[{"@type":"Article","@id":"https:\/\/blogdiario.info\/magazine\/2025\/06\/16\/%f0%9f%8e%a9-david-garrick-la-memoria-y-el-truco-argentino\/#article","isPartOf":{"@id":"https:\/\/blogdiario.info\/magazine\/2025\/06\/16\/%f0%9f%8e%a9-david-garrick-la-memoria-y-el-truco-argentino\/"},"author":{"name":"World Press Service | Servicio de Prensa Mundial","@id":"https:\/\/blogdiario.info\/magazine\/#\/schema\/person\/b2422fe85574d945bad55513bb0c7354"},"headline":"\ud83c\udfa9 David Garrick, la memoria y el truco argentino","datePublished":"2025-06-16T20:44:19+00:00","dateModified":"2025-06-16T20:44:21+00:00","mainEntityOfPage":{"@id":"https:\/\/blogdiario.info\/magazine\/2025\/06\/16\/%f0%9f%8e%a9-david-garrick-la-memoria-y-el-truco-argentino\/"},"wordCount":421,"publisher":{"@id":"https:\/\/blogdiario.info\/magazine\/#organization"},"image":{"@id":"https:\/\/blogdiario.info\/magazine\/2025\/06\/16\/%f0%9f%8e%a9-david-garrick-la-memoria-y-el-truco-argentino\/#primaryimage"},"thumbnailUrl":"https:\/\/blogdiario.info\/magazine\/images\/2025\/06\/Garric_400.cover_.png","articleSection":["Actualidad","America del Sud","Corrupci\u00f3n","Dolores de La Press","Justicia","Politica","Sociedad"],"inLanguage":"es-AR"},{"@type":"WebPage","@id":"https:\/\/blogdiario.info\/magazine\/2025\/06\/16\/%f0%9f%8e%a9-david-garrick-la-memoria-y-el-truco-argentino\/","url":"https:\/\/blogdiario.info\/magazine\/2025\/06\/16\/%f0%9f%8e%a9-david-garrick-la-memoria-y-el-truco-argentino\/","name":"\ud83c\udfa9 David Garrick, la memoria y el truco argentino - BlogDiario Magazine","isPartOf":{"@id":"https:\/\/blogdiario.info\/magazine\/#website"},"primaryImageOfPage":{"@id":"https:\/\/blogdiario.info\/magazine\/2025\/06\/16\/%f0%9f%8e%a9-david-garrick-la-memoria-y-el-truco-argentino\/#primaryimage"},"image":{"@id":"https:\/\/blogdiario.info\/magazine\/2025\/06\/16\/%f0%9f%8e%a9-david-garrick-la-memoria-y-el-truco-argentino\/#primaryimage"},"thumbnailUrl":"https:\/\/blogdiario.info\/magazine\/images\/2025\/06\/Garric_400.cover_.png","datePublished":"2025-06-16T20:44:19+00:00","dateModified":"2025-06-16T20:44:21+00:00","breadcrumb":{"@id":"https:\/\/blogdiario.info\/magazine\/2025\/06\/16\/%f0%9f%8e%a9-david-garrick-la-memoria-y-el-truco-argentino\/#breadcrumb"},"inLanguage":"es-AR","potentialAction":[{"@type":"ReadAction","target":["https:\/\/blogdiario.info\/magazine\/2025\/06\/16\/%f0%9f%8e%a9-david-garrick-la-memoria-y-el-truco-argentino\/"]}]},{"@type":"ImageObject","inLanguage":"es-AR","@id":"https:\/\/blogdiario.info\/magazine\/2025\/06\/16\/%f0%9f%8e%a9-david-garrick-la-memoria-y-el-truco-argentino\/#primaryimage","url":"https:\/\/blogdiario.info\/magazine\/images\/2025\/06\/Garric_400.cover_.png","contentUrl":"https:\/\/blogdiario.info\/magazine\/images\/2025\/06\/Garric_400.cover_.png","width":400,"height":400},{"@type":"BreadcrumbList","@id":"https:\/\/blogdiario.info\/magazine\/2025\/06\/16\/%f0%9f%8e%a9-david-garrick-la-memoria-y-el-truco-argentino\/#breadcrumb","itemListElement":[{"@type":"ListItem","position":1,"name":"Home","item":"https:\/\/blogdiario.info\/magazine\/"},{"@type":"ListItem","position":2,"name":"\ud83c\udfa9 David Garrick, la memoria y el truco argentino"}]},{"@type":"WebSite","@id":"https:\/\/blogdiario.info\/magazine\/#website","url":"https:\/\/blogdiario.info\/magazine\/","name":"BlogDiario Magazine","description":"Suplemento multiling\u00fce de ElCanillita.Info","publisher":{"@id":"https:\/\/blogdiario.info\/magazine\/#organization"},"potentialAction":[{"@type":"SearchAction","target":{"@type":"EntryPoint","urlTemplate":"https:\/\/blogdiario.info\/magazine\/?s={search_term_string}"},"query-input":{"@type":"PropertyValueSpecification","valueRequired":true,"valueName":"search_term_string"}}],"inLanguage":"es-AR"},{"@type":"Organization","@id":"https:\/\/blogdiario.info\/magazine\/#organization","name":"Guzzo Photos & Graphic Publications","url":"https:\/\/blogdiario.info\/magazine\/","logo":{"@type":"ImageObject","inLanguage":"es-AR","@id":"https:\/\/blogdiario.info\/magazine\/#\/schema\/logo\/image\/","url":"https:\/\/blogdiario.info\/magazine\/images\/2020\/01\/cropped-blogdia_magazine.jpg","contentUrl":"https:\/\/blogdiario.info\/magazine\/images\/2020\/01\/cropped-blogdia_magazine.jpg","width":589,"height":55,"caption":"Guzzo Photos & Graphic Publications"},"image":{"@id":"https:\/\/blogdiario.info\/magazine\/#\/schema\/logo\/image\/"}},{"@type":"Person","@id":"https:\/\/blogdiario.info\/magazine\/#\/schema\/person\/b2422fe85574d945bad55513bb0c7354","name":"World Press Service | Servicio de Prensa Mundial"}]}},"views":764,"_links":{"self":[{"href":"https:\/\/blogdiario.info\/magazine\/wp-json\/wp\/v2\/posts\/1911","targetHints":{"allow":["GET"]}}],"collection":[{"href":"https:\/\/blogdiario.info\/magazine\/wp-json\/wp\/v2\/posts"}],"about":[{"href":"https:\/\/blogdiario.info\/magazine\/wp-json\/wp\/v2\/types\/post"}],"author":[{"embeddable":true,"href":"https:\/\/blogdiario.info\/magazine\/wp-json\/wp\/v2\/users\/1"}],"replies":[{"embeddable":true,"href":"https:\/\/blogdiario.info\/magazine\/wp-json\/wp\/v2\/comments?post=1911"}],"version-history":[{"count":0,"href":"https:\/\/blogdiario.info\/magazine\/wp-json\/wp\/v2\/posts\/1911\/revisions"}],"wp:featuredmedia":[{"embeddable":true,"href":"https:\/\/blogdiario.info\/magazine\/wp-json\/wp\/v2\/media\/1913"}],"wp:attachment":[{"href":"https:\/\/blogdiario.info\/magazine\/wp-json\/wp\/v2\/media?parent=1911"}],"wp:term":[{"taxonomy":"category","embeddable":true,"href":"https:\/\/blogdiario.info\/magazine\/wp-json\/wp\/v2\/categories?post=1911"},{"taxonomy":"post_tag","embeddable":true,"href":"https:\/\/blogdiario.info\/magazine\/wp-json\/wp\/v2\/tags?post=1911"}],"curies":[{"name":"wp","href":"https:\/\/api.w.org\/{rel}","templated":true}]}}