{"id":1821,"date":"2025-06-08T23:00:25","date_gmt":"2025-06-08T22:00:25","guid":{"rendered":"https:\/\/blogdiario.info\/magazine\/?p=1821"},"modified":"2025-06-08T23:00:26","modified_gmt":"2025-06-08T22:00:26","slug":"%f0%9f%8e%99%ef%b8%8f-documentales-con-polvo-y-finales-con-recargo","status":"publish","type":"post","link":"https:\/\/blogdiario.info\/magazine\/2025\/06\/08\/%f0%9f%8e%99%ef%b8%8f-documentales-con-polvo-y-finales-con-recargo\/","title":{"rendered":"\ud83c\udf99\ufe0f Documentales con polvo y finales con recargo"},"content":{"rendered":"<div class=\"wp-block-image\">\n<figure class=\"alignleft size-full is-resized\"><img loading=\"lazy\" decoding=\"async\" width=\"400\" height=\"600\" src=\"https:\/\/blogdiario.info\/magazine\/images\/2025\/06\/rai_600_txt.png\" alt=\"\" class=\"wp-image-1818\" style=\"width:336px;height:auto\" srcset=\"https:\/\/blogdiario.info\/magazine\/images\/2025\/06\/rai_600_txt.png 400w, https:\/\/blogdiario.info\/magazine\/images\/2025\/06\/rai_600_txt-200x300.png 200w\" sizes=\"auto, (max-width: 400px) 100vw, 400px\" \/><\/figure><\/div>\n\n\n<p><strong>BlogDiario.info<\/strong><br>Italia, 08\/06\/2025<\/p>\n\n\n\n<p><em>Por Don Click al Bal\u00f4n \u2014 Especial para BlogDiario.info<\/em><br><br>En Italia hay un grupo de h\u00e9roes an\u00f3nimos, discretos y constantes.<br>No usan capa ni salvan al mundo. Pero, sin ellos, la Radio Televisi\u00f3n Italiana (RAI) ser\u00eda poco m\u00e1s que un eco entre ruinas digitales. Son los viejos abonados, esos jubilados que \u2014sin hacer preguntas\u2014 pagan religiosamente el canone RAI, camuflado entre impuestos y boletas el\u00e9ctricas. S\u00ed, la luz de sus casas tambi\u00e9n ilumina los estudios de Saxa Rubra.<\/p>\n\n\n\n<p>Son ellos quienes sostienen con paciencia la estructura de una TV p\u00fablica que, llegada la temporada de verano, los premia reprogramando viejos documentales sobre la civilizaci\u00f3n minoica, filmados en Super8 y narrados por un arque\u00f3logo que ya no recuerda ni haberlo grabado.<\/p>\n\n\n\n<p>Y ah\u00ed est\u00e1n: los nonnos, con el ventilador en la mano, el caf\u00e9 en la otra, y el televisor apagado porque &#8220;ya lo vieron el a\u00f1o pasado&#8221;. Los programadores de la RAI creen que el Alzheimer colectivo justifica sacar del s\u00f3tano las mismas 12 horas sobre las ballenas del \u00c1rtico grabadas en 1983. Total, \u00bfqui\u00e9n va a quejarse? \u00a1Si el p\u00fablico paga con d\u00e9bito autom\u00e1tico!<\/p>\n\n\n\n<p>Pero\u2026 \u00a1ay de esos abuelos si quieren ver en directo la final de Roland Garros entre Jannik Sinner y Carlos Alcaraz! Ah\u00ed se acab\u00f3 la gratitud institucional.<br>La televisi\u00f3n p\u00fablica ya no es tan p\u00fablica. Para ver el partido, hay que suscribirse a una de esas plataformas privadas con nombre de detergente o de salchicha alemana, donde todo empieza con una oferta de prueba y termina con un cargo vitalicio.<\/p>\n\n\n\n<p>&#8220;\u00bfPero no la dan en la RAI?&#8221;, preguntan los abuelos mientras tantean el viejo telecomando con esparadrapo.<br>No, caro nonno. La RAI est\u00e1 ocupada reemitendo el Sanremo de 1992, cuando el pelo era natural y los cantantes no se tatuaban hasta la retina.<br>El partido est\u00e1\u2026 en otra parte.<br>Y si quer\u00e9s verlo, prepar\u00e1 la tarjeta y la lupa para leer los t\u00e9rminos del contrato.<\/p>\n\n\n\n<p><strong>En resumen:<\/strong><\/p>\n\n\n\n<blockquote class=\"wp-block-quote is-layout-flow wp-block-quote-is-layout-flow\">\n<p>Pagaste toda tu vida por una TV que te da dinosaurios en agosto.<\/p>\n\n\n\n<p>Y cuando juega il ragazzo del Trentino, te mandan a pagar otro abono.<\/p>\n\n\n\n<p>Porque &#8220;los derechos deportivos no est\u00e1n incluidos&#8221;.<br>Ah\u2026 pero la factura con el canone RAI, esa s\u00ed llega puntual.<\/p>\n<\/blockquote>\n\n\n\n<p>A los viejos abonados, nuestro respeto.<br>A la RAI, una pregunta inc\u00f3moda:<br>\u00bfDe verdad creen que la memoria falla tanto como para no notar que repiten el mismo documental desde 1997?<\/p>\n\n\n\n<p>\ud83d\udd70\ufe0f <strong>Pr\u00f3ximo programa:<\/strong> \u201cHistoria secreta del tenis en blanco y negro\u201d<br>(Versi\u00f3n restaurada con sonido mono canal).<br>Mientras tanto, para ver la final\u2026 mejor vayan a casa del nieto.<\/p>\n\n\n\n<p><small>\u00a92025 Don Click al Bal\u00f4n \u2013 el cura del vintage che fotograf\u00eda solo aquello que tiene 50 a\u00f1os &#8211; All Rights Reserved -Copyright \u00a9 2025 BlogDiario.info \/ SalaStampa.eu, world press service &#8211; Guzzo Photos &amp; Graphic Publications \u2013 Registro Editori e Stampatori n. 1441 Torino, Italia<\/small><\/p>\n","protected":false},"excerpt":{"rendered":"<p>&#8220;\u00bfPero no la dan en la RAI?&#8221;<\/p>\n","protected":false},"author":1,"featured_media":1819,"comment_status":"closed","ping_status":"closed","sticky":false,"template":"","format":"standard","meta":{"footnotes":"","_links_to":"","_links_to_target":""},"categories":[97,109,62,37,136,46,41,43],"tags":[22],"class_list":["post-1821","post","type-post","status-publish","format-standard","has-post-thumbnail","hentry","category-elcanillita","category-dc24","category-actualidad","category-cultura-esp","category-dolores-de-la-press","category-europa","category-politica-esp","category-sociedad","tag-italia","entry","rows"],"yoast_head":"<!-- This site is optimized with the Yoast SEO plugin v27.4 - https:\/\/yoast.com\/product\/yoast-seo-wordpress\/ -->\n<title>\ud83c\udf99\ufe0f Documentales con polvo y finales con recargo - BlogDiario Magazine<\/title>\n<meta name=\"robots\" content=\"index, follow, max-snippet:-1, max-image-preview:large, max-video-preview:-1\" \/>\n<link rel=\"canonical\" href=\"https:\/\/blogdiario.info\/magazine\/2025\/06\/08\/\ud83c\udf99\ufe0f-documentales-con-polvo-y-finales-con-recargo\/\" \/>\n<meta property=\"og:locale\" content=\"es_ES\" \/>\n<meta property=\"og:type\" content=\"article\" \/>\n<meta property=\"og:title\" content=\"\ud83c\udf99\ufe0f Documentales con polvo y finales con recargo - BlogDiario Magazine\" \/>\n<meta property=\"og:description\" content=\"&quot;\u00bfPero no la dan en la RAI?&quot;\" \/>\n<meta property=\"og:url\" content=\"https:\/\/blogdiario.info\/magazine\/2025\/06\/08\/\ud83c\udf99\ufe0f-documentales-con-polvo-y-finales-con-recargo\/\" \/>\n<meta property=\"og:site_name\" content=\"BlogDiario Magazine\" \/>\n<meta property=\"article:published_time\" content=\"2025-06-08T22:00:25+00:00\" \/>\n<meta property=\"article:modified_time\" content=\"2025-06-08T22:00:26+00:00\" \/>\n<meta property=\"og:image\" content=\"https:\/\/blogdiario.info\/magazine\/images\/2025\/06\/rai_600_txt.pnghhhh.png\" \/>\n\t<meta property=\"og:image:width\" content=\"500\" \/>\n\t<meta property=\"og:image:height\" content=\"334\" \/>\n\t<meta property=\"og:image:type\" content=\"image\/png\" \/>\n<meta name=\"author\" content=\"World Press Service | Servicio de Prensa Mundial\" \/>\n<meta name=\"twitter:card\" content=\"summary_large_image\" \/>\n<meta name=\"twitter:label1\" content=\"Escrito por\" \/>\n\t<meta name=\"twitter:data1\" content=\"World Press Service | Servicio de Prensa Mundial\" \/>\n\t<meta name=\"twitter:label2\" content=\"Tiempo de lectura\" \/>\n\t<meta name=\"twitter:data2\" content=\"3 minutos\" \/>\n<script type=\"application\/ld+json\" class=\"yoast-schema-graph\">{\"@context\":\"https:\\\/\\\/schema.org\",\"@graph\":[{\"@type\":\"Article\",\"@id\":\"https:\\\/\\\/blogdiario.info\\\/magazine\\\/2025\\\/06\\\/08\\\/%f0%9f%8e%99%ef%b8%8f-documentales-con-polvo-y-finales-con-recargo\\\/#article\",\"isPartOf\":{\"@id\":\"https:\\\/\\\/blogdiario.info\\\/magazine\\\/2025\\\/06\\\/08\\\/%f0%9f%8e%99%ef%b8%8f-documentales-con-polvo-y-finales-con-recargo\\\/\"},\"author\":{\"name\":\"World Press Service | Servicio de Prensa Mundial\",\"@id\":\"https:\\\/\\\/blogdiario.info\\\/magazine\\\/#\\\/schema\\\/person\\\/b2422fe85574d945bad55513bb0c7354\"},\"headline\":\"\ud83c\udf99\ufe0f Documentales con polvo y finales con recargo\",\"datePublished\":\"2025-06-08T22:00:25+00:00\",\"dateModified\":\"2025-06-08T22:00:26+00:00\",\"mainEntityOfPage\":{\"@id\":\"https:\\\/\\\/blogdiario.info\\\/magazine\\\/2025\\\/06\\\/08\\\/%f0%9f%8e%99%ef%b8%8f-documentales-con-polvo-y-finales-con-recargo\\\/\"},\"wordCount\":502,\"publisher\":{\"@id\":\"https:\\\/\\\/blogdiario.info\\\/magazine\\\/#organization\"},\"image\":{\"@id\":\"https:\\\/\\\/blogdiario.info\\\/magazine\\\/2025\\\/06\\\/08\\\/%f0%9f%8e%99%ef%b8%8f-documentales-con-polvo-y-finales-con-recargo\\\/#primaryimage\"},\"thumbnailUrl\":\"https:\\\/\\\/blogdiario.info\\\/magazine\\\/images\\\/2025\\\/06\\\/rai_600_txt.pnghhhh.png\",\"keywords\":[\"Italia\"],\"articleSection\":[\".\",\".\",\"Actualidad\",\"Cultura\",\"Dolores de La Press\",\"Europa\",\"Politica\",\"Sociedad\"],\"inLanguage\":\"es-AR\"},{\"@type\":\"WebPage\",\"@id\":\"https:\\\/\\\/blogdiario.info\\\/magazine\\\/2025\\\/06\\\/08\\\/%f0%9f%8e%99%ef%b8%8f-documentales-con-polvo-y-finales-con-recargo\\\/\",\"url\":\"https:\\\/\\\/blogdiario.info\\\/magazine\\\/2025\\\/06\\\/08\\\/%f0%9f%8e%99%ef%b8%8f-documentales-con-polvo-y-finales-con-recargo\\\/\",\"name\":\"\ud83c\udf99\ufe0f Documentales con polvo y finales con recargo - BlogDiario Magazine\",\"isPartOf\":{\"@id\":\"https:\\\/\\\/blogdiario.info\\\/magazine\\\/#website\"},\"primaryImageOfPage\":{\"@id\":\"https:\\\/\\\/blogdiario.info\\\/magazine\\\/2025\\\/06\\\/08\\\/%f0%9f%8e%99%ef%b8%8f-documentales-con-polvo-y-finales-con-recargo\\\/#primaryimage\"},\"image\":{\"@id\":\"https:\\\/\\\/blogdiario.info\\\/magazine\\\/2025\\\/06\\\/08\\\/%f0%9f%8e%99%ef%b8%8f-documentales-con-polvo-y-finales-con-recargo\\\/#primaryimage\"},\"thumbnailUrl\":\"https:\\\/\\\/blogdiario.info\\\/magazine\\\/images\\\/2025\\\/06\\\/rai_600_txt.pnghhhh.png\",\"datePublished\":\"2025-06-08T22:00:25+00:00\",\"dateModified\":\"2025-06-08T22:00:26+00:00\",\"breadcrumb\":{\"@id\":\"https:\\\/\\\/blogdiario.info\\\/magazine\\\/2025\\\/06\\\/08\\\/%f0%9f%8e%99%ef%b8%8f-documentales-con-polvo-y-finales-con-recargo\\\/#breadcrumb\"},\"inLanguage\":\"es-AR\",\"potentialAction\":[{\"@type\":\"ReadAction\",\"target\":[\"https:\\\/\\\/blogdiario.info\\\/magazine\\\/2025\\\/06\\\/08\\\/%f0%9f%8e%99%ef%b8%8f-documentales-con-polvo-y-finales-con-recargo\\\/\"]}]},{\"@type\":\"ImageObject\",\"inLanguage\":\"es-AR\",\"@id\":\"https:\\\/\\\/blogdiario.info\\\/magazine\\\/2025\\\/06\\\/08\\\/%f0%9f%8e%99%ef%b8%8f-documentales-con-polvo-y-finales-con-recargo\\\/#primaryimage\",\"url\":\"https:\\\/\\\/blogdiario.info\\\/magazine\\\/images\\\/2025\\\/06\\\/rai_600_txt.pnghhhh.png\",\"contentUrl\":\"https:\\\/\\\/blogdiario.info\\\/magazine\\\/images\\\/2025\\\/06\\\/rai_600_txt.pnghhhh.png\",\"width\":500,\"height\":334},{\"@type\":\"BreadcrumbList\",\"@id\":\"https:\\\/\\\/blogdiario.info\\\/magazine\\\/2025\\\/06\\\/08\\\/%f0%9f%8e%99%ef%b8%8f-documentales-con-polvo-y-finales-con-recargo\\\/#breadcrumb\",\"itemListElement\":[{\"@type\":\"ListItem\",\"position\":1,\"name\":\"Home\",\"item\":\"https:\\\/\\\/blogdiario.info\\\/magazine\\\/\"},{\"@type\":\"ListItem\",\"position\":2,\"name\":\"\ud83c\udf99\ufe0f Documentales con polvo y finales con recargo\"}]},{\"@type\":\"WebSite\",\"@id\":\"https:\\\/\\\/blogdiario.info\\\/magazine\\\/#website\",\"url\":\"https:\\\/\\\/blogdiario.info\\\/magazine\\\/\",\"name\":\"BlogDiario Magazine\",\"description\":\"Suplemento multiling\u00fce de ElCanillita.Info\",\"publisher\":{\"@id\":\"https:\\\/\\\/blogdiario.info\\\/magazine\\\/#organization\"},\"potentialAction\":[{\"@type\":\"SearchAction\",\"target\":{\"@type\":\"EntryPoint\",\"urlTemplate\":\"https:\\\/\\\/blogdiario.info\\\/magazine\\\/?s={search_term_string}\"},\"query-input\":{\"@type\":\"PropertyValueSpecification\",\"valueRequired\":true,\"valueName\":\"search_term_string\"}}],\"inLanguage\":\"es-AR\"},{\"@type\":\"Organization\",\"@id\":\"https:\\\/\\\/blogdiario.info\\\/magazine\\\/#organization\",\"name\":\"Guzzo Photos & Graphic Publications\",\"url\":\"https:\\\/\\\/blogdiario.info\\\/magazine\\\/\",\"logo\":{\"@type\":\"ImageObject\",\"inLanguage\":\"es-AR\",\"@id\":\"https:\\\/\\\/blogdiario.info\\\/magazine\\\/#\\\/schema\\\/logo\\\/image\\\/\",\"url\":\"https:\\\/\\\/blogdiario.info\\\/magazine\\\/images\\\/2020\\\/01\\\/cropped-blogdia_magazine.jpg\",\"contentUrl\":\"https:\\\/\\\/blogdiario.info\\\/magazine\\\/images\\\/2020\\\/01\\\/cropped-blogdia_magazine.jpg\",\"width\":589,\"height\":55,\"caption\":\"Guzzo Photos & Graphic Publications\"},\"image\":{\"@id\":\"https:\\\/\\\/blogdiario.info\\\/magazine\\\/#\\\/schema\\\/logo\\\/image\\\/\"}},{\"@type\":\"Person\",\"@id\":\"https:\\\/\\\/blogdiario.info\\\/magazine\\\/#\\\/schema\\\/person\\\/b2422fe85574d945bad55513bb0c7354\",\"name\":\"World Press Service | Servicio de Prensa Mundial\"}]}<\/script>\n<!-- \/ Yoast SEO plugin. -->","yoast_head_json":{"title":"\ud83c\udf99\ufe0f Documentales con polvo y finales con recargo - BlogDiario Magazine","robots":{"index":"index","follow":"follow","max-snippet":"max-snippet:-1","max-image-preview":"max-image-preview:large","max-video-preview":"max-video-preview:-1"},"canonical":"https:\/\/blogdiario.info\/magazine\/2025\/06\/08\/\ud83c\udf99\ufe0f-documentales-con-polvo-y-finales-con-recargo\/","og_locale":"es_ES","og_type":"article","og_title":"\ud83c\udf99\ufe0f Documentales con polvo y finales con recargo - BlogDiario Magazine","og_description":"\"\u00bfPero no la dan en la RAI?\"","og_url":"https:\/\/blogdiario.info\/magazine\/2025\/06\/08\/\ud83c\udf99\ufe0f-documentales-con-polvo-y-finales-con-recargo\/","og_site_name":"BlogDiario Magazine","article_published_time":"2025-06-08T22:00:25+00:00","article_modified_time":"2025-06-08T22:00:26+00:00","og_image":[{"width":500,"height":334,"url":"https:\/\/blogdiario.info\/magazine\/images\/2025\/06\/rai_600_txt.pnghhhh.png","type":"image\/png"}],"author":"World Press Service | Servicio de Prensa Mundial","twitter_card":"summary_large_image","twitter_misc":{"Escrito por":"World Press Service | Servicio de Prensa Mundial","Tiempo de lectura":"3 minutos"},"schema":{"@context":"https:\/\/schema.org","@graph":[{"@type":"Article","@id":"https:\/\/blogdiario.info\/magazine\/2025\/06\/08\/%f0%9f%8e%99%ef%b8%8f-documentales-con-polvo-y-finales-con-recargo\/#article","isPartOf":{"@id":"https:\/\/blogdiario.info\/magazine\/2025\/06\/08\/%f0%9f%8e%99%ef%b8%8f-documentales-con-polvo-y-finales-con-recargo\/"},"author":{"name":"World Press Service | Servicio de Prensa Mundial","@id":"https:\/\/blogdiario.info\/magazine\/#\/schema\/person\/b2422fe85574d945bad55513bb0c7354"},"headline":"\ud83c\udf99\ufe0f Documentales con polvo y finales con recargo","datePublished":"2025-06-08T22:00:25+00:00","dateModified":"2025-06-08T22:00:26+00:00","mainEntityOfPage":{"@id":"https:\/\/blogdiario.info\/magazine\/2025\/06\/08\/%f0%9f%8e%99%ef%b8%8f-documentales-con-polvo-y-finales-con-recargo\/"},"wordCount":502,"publisher":{"@id":"https:\/\/blogdiario.info\/magazine\/#organization"},"image":{"@id":"https:\/\/blogdiario.info\/magazine\/2025\/06\/08\/%f0%9f%8e%99%ef%b8%8f-documentales-con-polvo-y-finales-con-recargo\/#primaryimage"},"thumbnailUrl":"https:\/\/blogdiario.info\/magazine\/images\/2025\/06\/rai_600_txt.pnghhhh.png","keywords":["Italia"],"articleSection":[".",".","Actualidad","Cultura","Dolores de La Press","Europa","Politica","Sociedad"],"inLanguage":"es-AR"},{"@type":"WebPage","@id":"https:\/\/blogdiario.info\/magazine\/2025\/06\/08\/%f0%9f%8e%99%ef%b8%8f-documentales-con-polvo-y-finales-con-recargo\/","url":"https:\/\/blogdiario.info\/magazine\/2025\/06\/08\/%f0%9f%8e%99%ef%b8%8f-documentales-con-polvo-y-finales-con-recargo\/","name":"\ud83c\udf99\ufe0f Documentales con polvo y finales con recargo - BlogDiario Magazine","isPartOf":{"@id":"https:\/\/blogdiario.info\/magazine\/#website"},"primaryImageOfPage":{"@id":"https:\/\/blogdiario.info\/magazine\/2025\/06\/08\/%f0%9f%8e%99%ef%b8%8f-documentales-con-polvo-y-finales-con-recargo\/#primaryimage"},"image":{"@id":"https:\/\/blogdiario.info\/magazine\/2025\/06\/08\/%f0%9f%8e%99%ef%b8%8f-documentales-con-polvo-y-finales-con-recargo\/#primaryimage"},"thumbnailUrl":"https:\/\/blogdiario.info\/magazine\/images\/2025\/06\/rai_600_txt.pnghhhh.png","datePublished":"2025-06-08T22:00:25+00:00","dateModified":"2025-06-08T22:00:26+00:00","breadcrumb":{"@id":"https:\/\/blogdiario.info\/magazine\/2025\/06\/08\/%f0%9f%8e%99%ef%b8%8f-documentales-con-polvo-y-finales-con-recargo\/#breadcrumb"},"inLanguage":"es-AR","potentialAction":[{"@type":"ReadAction","target":["https:\/\/blogdiario.info\/magazine\/2025\/06\/08\/%f0%9f%8e%99%ef%b8%8f-documentales-con-polvo-y-finales-con-recargo\/"]}]},{"@type":"ImageObject","inLanguage":"es-AR","@id":"https:\/\/blogdiario.info\/magazine\/2025\/06\/08\/%f0%9f%8e%99%ef%b8%8f-documentales-con-polvo-y-finales-con-recargo\/#primaryimage","url":"https:\/\/blogdiario.info\/magazine\/images\/2025\/06\/rai_600_txt.pnghhhh.png","contentUrl":"https:\/\/blogdiario.info\/magazine\/images\/2025\/06\/rai_600_txt.pnghhhh.png","width":500,"height":334},{"@type":"BreadcrumbList","@id":"https:\/\/blogdiario.info\/magazine\/2025\/06\/08\/%f0%9f%8e%99%ef%b8%8f-documentales-con-polvo-y-finales-con-recargo\/#breadcrumb","itemListElement":[{"@type":"ListItem","position":1,"name":"Home","item":"https:\/\/blogdiario.info\/magazine\/"},{"@type":"ListItem","position":2,"name":"\ud83c\udf99\ufe0f Documentales con polvo y finales con recargo"}]},{"@type":"WebSite","@id":"https:\/\/blogdiario.info\/magazine\/#website","url":"https:\/\/blogdiario.info\/magazine\/","name":"BlogDiario Magazine","description":"Suplemento multiling\u00fce de ElCanillita.Info","publisher":{"@id":"https:\/\/blogdiario.info\/magazine\/#organization"},"potentialAction":[{"@type":"SearchAction","target":{"@type":"EntryPoint","urlTemplate":"https:\/\/blogdiario.info\/magazine\/?s={search_term_string}"},"query-input":{"@type":"PropertyValueSpecification","valueRequired":true,"valueName":"search_term_string"}}],"inLanguage":"es-AR"},{"@type":"Organization","@id":"https:\/\/blogdiario.info\/magazine\/#organization","name":"Guzzo Photos & Graphic Publications","url":"https:\/\/blogdiario.info\/magazine\/","logo":{"@type":"ImageObject","inLanguage":"es-AR","@id":"https:\/\/blogdiario.info\/magazine\/#\/schema\/logo\/image\/","url":"https:\/\/blogdiario.info\/magazine\/images\/2020\/01\/cropped-blogdia_magazine.jpg","contentUrl":"https:\/\/blogdiario.info\/magazine\/images\/2020\/01\/cropped-blogdia_magazine.jpg","width":589,"height":55,"caption":"Guzzo Photos & Graphic Publications"},"image":{"@id":"https:\/\/blogdiario.info\/magazine\/#\/schema\/logo\/image\/"}},{"@type":"Person","@id":"https:\/\/blogdiario.info\/magazine\/#\/schema\/person\/b2422fe85574d945bad55513bb0c7354","name":"World Press Service | Servicio de Prensa Mundial"}]}},"views":844,"_links":{"self":[{"href":"https:\/\/blogdiario.info\/magazine\/wp-json\/wp\/v2\/posts\/1821","targetHints":{"allow":["GET"]}}],"collection":[{"href":"https:\/\/blogdiario.info\/magazine\/wp-json\/wp\/v2\/posts"}],"about":[{"href":"https:\/\/blogdiario.info\/magazine\/wp-json\/wp\/v2\/types\/post"}],"author":[{"embeddable":true,"href":"https:\/\/blogdiario.info\/magazine\/wp-json\/wp\/v2\/users\/1"}],"replies":[{"embeddable":true,"href":"https:\/\/blogdiario.info\/magazine\/wp-json\/wp\/v2\/comments?post=1821"}],"version-history":[{"count":0,"href":"https:\/\/blogdiario.info\/magazine\/wp-json\/wp\/v2\/posts\/1821\/revisions"}],"wp:featuredmedia":[{"embeddable":true,"href":"https:\/\/blogdiario.info\/magazine\/wp-json\/wp\/v2\/media\/1819"}],"wp:attachment":[{"href":"https:\/\/blogdiario.info\/magazine\/wp-json\/wp\/v2\/media?parent=1821"}],"wp:term":[{"taxonomy":"category","embeddable":true,"href":"https:\/\/blogdiario.info\/magazine\/wp-json\/wp\/v2\/categories?post=1821"},{"taxonomy":"post_tag","embeddable":true,"href":"https:\/\/blogdiario.info\/magazine\/wp-json\/wp\/v2\/tags?post=1821"}],"curies":[{"name":"wp","href":"https:\/\/api.w.org\/{rel}","templated":true}]}}