{"id":180,"date":"2020-12-15T14:54:14","date_gmt":"2020-12-15T17:54:14","guid":{"rendered":"https:\/\/blogdiario.info\/magazine\/?p=180"},"modified":"2021-02-01T06:17:56","modified_gmt":"2021-02-01T09:17:56","slug":"cree-en-navidad","status":"publish","type":"post","link":"https:\/\/blogdiario.info\/magazine\/2020\/12\/15\/cree-en-navidad\/","title":{"rendered":"Cr\u00e9e en Navidad"},"content":{"rendered":"\n<figure class=\"wp-block-video\"><video controls src=\"https:\/\/blogdiario.info\/magazine\/images\/2020\/12\/alleluya.mp4\"><\/video><\/figure>\n\n\n\n<p>Parma, Italia  13.12.2020 &#8211; Andrea Bocelli ofreci\u00f3 una conmovedora y evocadora actuaci\u00f3n junto a la peque\u00f1a Virginia, su hija de 8 a\u00f1os, al son de &#8220;Hallelujah&#8221;. La ocasi\u00f3n fue el espectacular concierto navide\u00f1o del tenor.<\/p>\n\n\n\n<p>&#8220;Cree en Navidad&#8221;, retransmitido en streaming global, obtuvo m\u00e1s de 70.000 accesos \u00fanicos, con un estimado de 200.000 espectadores frente a sus respectivos dispositivos.<br><br> El evento, celebrado en el Teatro Regio di Parma, bajo la direcci\u00f3n art\u00edstica de Franco Dragone, se pudo ver en m\u00e1s de 100 pa\u00edses de todo el mundo. Entre los invitados tambi\u00e9n Zucchero, Cecilia Bartoli, Clara Barbier Serrano y Anastasiya Petryshak.<br><br> <img decoding=\"async\" src=\"https:\/\/blogdiario.info\/magazine\/images\/2020\/12\/Teatro_Regio_Parma.jpg\"><small><strong>Techo de la platea del Teatro Regio de Parma<\/strong><\/small><br><br>Efectos esc\u00e9nicos, escenograf\u00eda fascinante, una gran orquesta y la magia de la Navidad sumergieron al espectador en un maravilloso sue\u00f1o de colores y sugerencias. El escenario real fue el Teatro Regio, uno de los escenarios m\u00e1s prestigiosos de Italia y el \u00fanico de la pen\u00ednsula que acogi\u00f3 un festival de fama mundial dedicado al gran Maestro Giuseppe Verdi. <br><br>Durante la velada Bocelli altern\u00f3 la interpretaci\u00f3n de algunas canciones contenidas en su \u00faltimo disco &#8220;Believe&#8221; con las canciones navide\u00f1as m\u00e1s famosas.<br><br> <small>\u00a9 2020 SalaStampa.eu &#8211; ElCanillita.info &#8211;  Informaci\u00f3n de dominio p\u00fablico<\/small> <\/p>\n","protected":false},"excerpt":{"rendered":"<p>Parma, Italia  13.12.2020 &#8211; Andrea Bocelli ofreci\u00f3 una conmovedora y evocadora actuaci\u00f3n junto a la peque\u00f1a Virginia, su hija de 8 a\u00f1os, al son de &#8220;Hallelujah&#8221;. <\/p>\n","protected":false},"author":1,"featured_media":181,"comment_status":"closed","ping_status":"closed","sticky":false,"template":"","format":"standard","meta":{"footnotes":"","_links_to":"","_links_to_target":""},"categories":[62,37,46,43],"tags":[22],"class_list":["post-180","post","type-post","status-publish","format-standard","has-post-thumbnail","hentry","category-actualidad","category-cultura-esp","category-europa","category-sociedad","tag-italia","entry","rows"],"yoast_head":"<!-- This site is optimized with the Yoast SEO plugin v27.4 - https:\/\/yoast.com\/product\/yoast-seo-wordpress\/ -->\n<title>Cr\u00e9e en Navidad - BlogDiario Magazine<\/title>\n<meta name=\"robots\" content=\"index, follow, max-snippet:-1, max-image-preview:large, max-video-preview:-1\" \/>\n<link rel=\"canonical\" href=\"https:\/\/blogdiario.info\/magazine\/2020\/12\/15\/cree-en-navidad\/\" \/>\n<meta property=\"og:locale\" content=\"es_ES\" \/>\n<meta property=\"og:type\" content=\"article\" \/>\n<meta property=\"og:title\" content=\"Cr\u00e9e en Navidad - BlogDiario Magazine\" \/>\n<meta property=\"og:description\" content=\"Parma, Italia 13.12.2020 - Andrea Bocelli ofreci\u00f3 una conmovedora y evocadora actuaci\u00f3n junto a la peque\u00f1a Virginia, su hija de 8 a\u00f1os, al son de &quot;Hallelujah&quot;.\" \/>\n<meta property=\"og:url\" content=\"https:\/\/blogdiario.info\/magazine\/2020\/12\/15\/cree-en-navidad\/\" \/>\n<meta property=\"og:site_name\" content=\"BlogDiario Magazine\" \/>\n<meta property=\"article:published_time\" content=\"2020-12-15T17:54:14+00:00\" \/>\n<meta property=\"article:modified_time\" content=\"2021-02-01T09:17:56+00:00\" \/>\n<meta property=\"og:image\" content=\"https:\/\/blogdiario.info\/magazine\/images\/2020\/12\/Teatro_Regio_Parma-1.jpg\" \/>\n\t<meta property=\"og:image:width\" content=\"600\" \/>\n\t<meta property=\"og:image:height\" content=\"397\" \/>\n\t<meta property=\"og:image:type\" content=\"image\/jpeg\" \/>\n<meta name=\"author\" content=\"World Press Service | Servicio de Prensa Mundial\" \/>\n<meta name=\"twitter:card\" content=\"summary_large_image\" \/>\n<meta name=\"twitter:label1\" content=\"Escrito por\" \/>\n\t<meta name=\"twitter:data1\" content=\"World Press Service | Servicio de Prensa Mundial\" \/>\n\t<meta name=\"twitter:label2\" content=\"Tiempo de lectura\" \/>\n\t<meta name=\"twitter:data2\" content=\"1 minuto\" \/>\n<script type=\"application\/ld+json\" class=\"yoast-schema-graph\">{\"@context\":\"https:\\\/\\\/schema.org\",\"@graph\":[{\"@type\":\"Article\",\"@id\":\"https:\\\/\\\/blogdiario.info\\\/magazine\\\/2020\\\/12\\\/15\\\/cree-en-navidad\\\/#article\",\"isPartOf\":{\"@id\":\"https:\\\/\\\/blogdiario.info\\\/magazine\\\/2020\\\/12\\\/15\\\/cree-en-navidad\\\/\"},\"author\":{\"name\":\"World Press Service | Servicio de Prensa Mundial\",\"@id\":\"https:\\\/\\\/blogdiario.info\\\/magazine\\\/#\\\/schema\\\/person\\\/b2422fe85574d945bad55513bb0c7354\"},\"headline\":\"Cr\u00e9e en Navidad\",\"datePublished\":\"2020-12-15T17:54:14+00:00\",\"dateModified\":\"2021-02-01T09:17:56+00:00\",\"mainEntityOfPage\":{\"@id\":\"https:\\\/\\\/blogdiario.info\\\/magazine\\\/2020\\\/12\\\/15\\\/cree-en-navidad\\\/\"},\"wordCount\":219,\"publisher\":{\"@id\":\"https:\\\/\\\/blogdiario.info\\\/magazine\\\/#organization\"},\"image\":{\"@id\":\"https:\\\/\\\/blogdiario.info\\\/magazine\\\/2020\\\/12\\\/15\\\/cree-en-navidad\\\/#primaryimage\"},\"thumbnailUrl\":\"https:\\\/\\\/blogdiario.info\\\/magazine\\\/images\\\/2020\\\/12\\\/Teatro_Regio_Parma-1.jpg\",\"keywords\":[\"Italia\"],\"articleSection\":[\"Actualidad\",\"Cultura\",\"Europa\",\"Sociedad\"],\"inLanguage\":\"es-AR\"},{\"@type\":\"WebPage\",\"@id\":\"https:\\\/\\\/blogdiario.info\\\/magazine\\\/2020\\\/12\\\/15\\\/cree-en-navidad\\\/\",\"url\":\"https:\\\/\\\/blogdiario.info\\\/magazine\\\/2020\\\/12\\\/15\\\/cree-en-navidad\\\/\",\"name\":\"Cr\u00e9e en Navidad - BlogDiario Magazine\",\"isPartOf\":{\"@id\":\"https:\\\/\\\/blogdiario.info\\\/magazine\\\/#website\"},\"primaryImageOfPage\":{\"@id\":\"https:\\\/\\\/blogdiario.info\\\/magazine\\\/2020\\\/12\\\/15\\\/cree-en-navidad\\\/#primaryimage\"},\"image\":{\"@id\":\"https:\\\/\\\/blogdiario.info\\\/magazine\\\/2020\\\/12\\\/15\\\/cree-en-navidad\\\/#primaryimage\"},\"thumbnailUrl\":\"https:\\\/\\\/blogdiario.info\\\/magazine\\\/images\\\/2020\\\/12\\\/Teatro_Regio_Parma-1.jpg\",\"datePublished\":\"2020-12-15T17:54:14+00:00\",\"dateModified\":\"2021-02-01T09:17:56+00:00\",\"breadcrumb\":{\"@id\":\"https:\\\/\\\/blogdiario.info\\\/magazine\\\/2020\\\/12\\\/15\\\/cree-en-navidad\\\/#breadcrumb\"},\"inLanguage\":\"es-AR\",\"potentialAction\":[{\"@type\":\"ReadAction\",\"target\":[\"https:\\\/\\\/blogdiario.info\\\/magazine\\\/2020\\\/12\\\/15\\\/cree-en-navidad\\\/\"]}]},{\"@type\":\"ImageObject\",\"inLanguage\":\"es-AR\",\"@id\":\"https:\\\/\\\/blogdiario.info\\\/magazine\\\/2020\\\/12\\\/15\\\/cree-en-navidad\\\/#primaryimage\",\"url\":\"https:\\\/\\\/blogdiario.info\\\/magazine\\\/images\\\/2020\\\/12\\\/Teatro_Regio_Parma-1.jpg\",\"contentUrl\":\"https:\\\/\\\/blogdiario.info\\\/magazine\\\/images\\\/2020\\\/12\\\/Teatro_Regio_Parma-1.jpg\",\"width\":600,\"height\":397},{\"@type\":\"BreadcrumbList\",\"@id\":\"https:\\\/\\\/blogdiario.info\\\/magazine\\\/2020\\\/12\\\/15\\\/cree-en-navidad\\\/#breadcrumb\",\"itemListElement\":[{\"@type\":\"ListItem\",\"position\":1,\"name\":\"Home\",\"item\":\"https:\\\/\\\/blogdiario.info\\\/magazine\\\/\"},{\"@type\":\"ListItem\",\"position\":2,\"name\":\"Cr\u00e9e en Navidad\"}]},{\"@type\":\"WebSite\",\"@id\":\"https:\\\/\\\/blogdiario.info\\\/magazine\\\/#website\",\"url\":\"https:\\\/\\\/blogdiario.info\\\/magazine\\\/\",\"name\":\"BlogDiario Magazine\",\"description\":\"Suplemento multiling\u00fce de ElCanillita.Info\",\"publisher\":{\"@id\":\"https:\\\/\\\/blogdiario.info\\\/magazine\\\/#organization\"},\"potentialAction\":[{\"@type\":\"SearchAction\",\"target\":{\"@type\":\"EntryPoint\",\"urlTemplate\":\"https:\\\/\\\/blogdiario.info\\\/magazine\\\/?s={search_term_string}\"},\"query-input\":{\"@type\":\"PropertyValueSpecification\",\"valueRequired\":true,\"valueName\":\"search_term_string\"}}],\"inLanguage\":\"es-AR\"},{\"@type\":\"Organization\",\"@id\":\"https:\\\/\\\/blogdiario.info\\\/magazine\\\/#organization\",\"name\":\"Guzzo Photos & Graphic Publications\",\"url\":\"https:\\\/\\\/blogdiario.info\\\/magazine\\\/\",\"logo\":{\"@type\":\"ImageObject\",\"inLanguage\":\"es-AR\",\"@id\":\"https:\\\/\\\/blogdiario.info\\\/magazine\\\/#\\\/schema\\\/logo\\\/image\\\/\",\"url\":\"https:\\\/\\\/blogdiario.info\\\/magazine\\\/images\\\/2020\\\/01\\\/cropped-blogdia_magazine.jpg\",\"contentUrl\":\"https:\\\/\\\/blogdiario.info\\\/magazine\\\/images\\\/2020\\\/01\\\/cropped-blogdia_magazine.jpg\",\"width\":589,\"height\":55,\"caption\":\"Guzzo Photos & Graphic Publications\"},\"image\":{\"@id\":\"https:\\\/\\\/blogdiario.info\\\/magazine\\\/#\\\/schema\\\/logo\\\/image\\\/\"}},{\"@type\":\"Person\",\"@id\":\"https:\\\/\\\/blogdiario.info\\\/magazine\\\/#\\\/schema\\\/person\\\/b2422fe85574d945bad55513bb0c7354\",\"name\":\"World Press Service | Servicio de Prensa Mundial\"}]}<\/script>\n<!-- \/ Yoast SEO plugin. -->","yoast_head_json":{"title":"Cr\u00e9e en Navidad - BlogDiario Magazine","robots":{"index":"index","follow":"follow","max-snippet":"max-snippet:-1","max-image-preview":"max-image-preview:large","max-video-preview":"max-video-preview:-1"},"canonical":"https:\/\/blogdiario.info\/magazine\/2020\/12\/15\/cree-en-navidad\/","og_locale":"es_ES","og_type":"article","og_title":"Cr\u00e9e en Navidad - BlogDiario Magazine","og_description":"Parma, Italia 13.12.2020 - Andrea Bocelli ofreci\u00f3 una conmovedora y evocadora actuaci\u00f3n junto a la peque\u00f1a Virginia, su hija de 8 a\u00f1os, al son de \"Hallelujah\".","og_url":"https:\/\/blogdiario.info\/magazine\/2020\/12\/15\/cree-en-navidad\/","og_site_name":"BlogDiario Magazine","article_published_time":"2020-12-15T17:54:14+00:00","article_modified_time":"2021-02-01T09:17:56+00:00","og_image":[{"width":600,"height":397,"url":"https:\/\/blogdiario.info\/magazine\/images\/2020\/12\/Teatro_Regio_Parma-1.jpg","type":"image\/jpeg"}],"author":"World Press Service | Servicio de Prensa Mundial","twitter_card":"summary_large_image","twitter_misc":{"Escrito por":"World Press Service | Servicio de Prensa Mundial","Tiempo de lectura":"1 minuto"},"schema":{"@context":"https:\/\/schema.org","@graph":[{"@type":"Article","@id":"https:\/\/blogdiario.info\/magazine\/2020\/12\/15\/cree-en-navidad\/#article","isPartOf":{"@id":"https:\/\/blogdiario.info\/magazine\/2020\/12\/15\/cree-en-navidad\/"},"author":{"name":"World Press Service | Servicio de Prensa Mundial","@id":"https:\/\/blogdiario.info\/magazine\/#\/schema\/person\/b2422fe85574d945bad55513bb0c7354"},"headline":"Cr\u00e9e en Navidad","datePublished":"2020-12-15T17:54:14+00:00","dateModified":"2021-02-01T09:17:56+00:00","mainEntityOfPage":{"@id":"https:\/\/blogdiario.info\/magazine\/2020\/12\/15\/cree-en-navidad\/"},"wordCount":219,"publisher":{"@id":"https:\/\/blogdiario.info\/magazine\/#organization"},"image":{"@id":"https:\/\/blogdiario.info\/magazine\/2020\/12\/15\/cree-en-navidad\/#primaryimage"},"thumbnailUrl":"https:\/\/blogdiario.info\/magazine\/images\/2020\/12\/Teatro_Regio_Parma-1.jpg","keywords":["Italia"],"articleSection":["Actualidad","Cultura","Europa","Sociedad"],"inLanguage":"es-AR"},{"@type":"WebPage","@id":"https:\/\/blogdiario.info\/magazine\/2020\/12\/15\/cree-en-navidad\/","url":"https:\/\/blogdiario.info\/magazine\/2020\/12\/15\/cree-en-navidad\/","name":"Cr\u00e9e en Navidad - BlogDiario Magazine","isPartOf":{"@id":"https:\/\/blogdiario.info\/magazine\/#website"},"primaryImageOfPage":{"@id":"https:\/\/blogdiario.info\/magazine\/2020\/12\/15\/cree-en-navidad\/#primaryimage"},"image":{"@id":"https:\/\/blogdiario.info\/magazine\/2020\/12\/15\/cree-en-navidad\/#primaryimage"},"thumbnailUrl":"https:\/\/blogdiario.info\/magazine\/images\/2020\/12\/Teatro_Regio_Parma-1.jpg","datePublished":"2020-12-15T17:54:14+00:00","dateModified":"2021-02-01T09:17:56+00:00","breadcrumb":{"@id":"https:\/\/blogdiario.info\/magazine\/2020\/12\/15\/cree-en-navidad\/#breadcrumb"},"inLanguage":"es-AR","potentialAction":[{"@type":"ReadAction","target":["https:\/\/blogdiario.info\/magazine\/2020\/12\/15\/cree-en-navidad\/"]}]},{"@type":"ImageObject","inLanguage":"es-AR","@id":"https:\/\/blogdiario.info\/magazine\/2020\/12\/15\/cree-en-navidad\/#primaryimage","url":"https:\/\/blogdiario.info\/magazine\/images\/2020\/12\/Teatro_Regio_Parma-1.jpg","contentUrl":"https:\/\/blogdiario.info\/magazine\/images\/2020\/12\/Teatro_Regio_Parma-1.jpg","width":600,"height":397},{"@type":"BreadcrumbList","@id":"https:\/\/blogdiario.info\/magazine\/2020\/12\/15\/cree-en-navidad\/#breadcrumb","itemListElement":[{"@type":"ListItem","position":1,"name":"Home","item":"https:\/\/blogdiario.info\/magazine\/"},{"@type":"ListItem","position":2,"name":"Cr\u00e9e en Navidad"}]},{"@type":"WebSite","@id":"https:\/\/blogdiario.info\/magazine\/#website","url":"https:\/\/blogdiario.info\/magazine\/","name":"BlogDiario Magazine","description":"Suplemento multiling\u00fce de ElCanillita.Info","publisher":{"@id":"https:\/\/blogdiario.info\/magazine\/#organization"},"potentialAction":[{"@type":"SearchAction","target":{"@type":"EntryPoint","urlTemplate":"https:\/\/blogdiario.info\/magazine\/?s={search_term_string}"},"query-input":{"@type":"PropertyValueSpecification","valueRequired":true,"valueName":"search_term_string"}}],"inLanguage":"es-AR"},{"@type":"Organization","@id":"https:\/\/blogdiario.info\/magazine\/#organization","name":"Guzzo Photos & Graphic Publications","url":"https:\/\/blogdiario.info\/magazine\/","logo":{"@type":"ImageObject","inLanguage":"es-AR","@id":"https:\/\/blogdiario.info\/magazine\/#\/schema\/logo\/image\/","url":"https:\/\/blogdiario.info\/magazine\/images\/2020\/01\/cropped-blogdia_magazine.jpg","contentUrl":"https:\/\/blogdiario.info\/magazine\/images\/2020\/01\/cropped-blogdia_magazine.jpg","width":589,"height":55,"caption":"Guzzo Photos & Graphic Publications"},"image":{"@id":"https:\/\/blogdiario.info\/magazine\/#\/schema\/logo\/image\/"}},{"@type":"Person","@id":"https:\/\/blogdiario.info\/magazine\/#\/schema\/person\/b2422fe85574d945bad55513bb0c7354","name":"World Press Service | Servicio de Prensa Mundial"}]}},"views":1021,"_links":{"self":[{"href":"https:\/\/blogdiario.info\/magazine\/wp-json\/wp\/v2\/posts\/180","targetHints":{"allow":["GET"]}}],"collection":[{"href":"https:\/\/blogdiario.info\/magazine\/wp-json\/wp\/v2\/posts"}],"about":[{"href":"https:\/\/blogdiario.info\/magazine\/wp-json\/wp\/v2\/types\/post"}],"author":[{"embeddable":true,"href":"https:\/\/blogdiario.info\/magazine\/wp-json\/wp\/v2\/users\/1"}],"replies":[{"embeddable":true,"href":"https:\/\/blogdiario.info\/magazine\/wp-json\/wp\/v2\/comments?post=180"}],"version-history":[{"count":0,"href":"https:\/\/blogdiario.info\/magazine\/wp-json\/wp\/v2\/posts\/180\/revisions"}],"wp:featuredmedia":[{"embeddable":true,"href":"https:\/\/blogdiario.info\/magazine\/wp-json\/wp\/v2\/media\/181"}],"wp:attachment":[{"href":"https:\/\/blogdiario.info\/magazine\/wp-json\/wp\/v2\/media?parent=180"}],"wp:term":[{"taxonomy":"category","embeddable":true,"href":"https:\/\/blogdiario.info\/magazine\/wp-json\/wp\/v2\/categories?post=180"},{"taxonomy":"post_tag","embeddable":true,"href":"https:\/\/blogdiario.info\/magazine\/wp-json\/wp\/v2\/tags?post=180"}],"curies":[{"name":"wp","href":"https:\/\/api.w.org\/{rel}","templated":true}]}}