{"id":1796,"date":"2025-06-04T20:33:22","date_gmt":"2025-06-04T19:33:22","guid":{"rendered":"https:\/\/blogdiario.info\/magazine\/?p=1796"},"modified":"2025-06-05T07:22:01","modified_gmt":"2025-06-05T06:22:01","slug":"el-hombre-que-barre-antes-del-alba","status":"publish","type":"post","link":"https:\/\/blogdiario.info\/magazine\/2025\/06\/04\/el-hombre-que-barre-antes-del-alba\/","title":{"rendered":"El hombre que barre antes del alba"},"content":{"rendered":"<div class=\"wp-block-image\">\n<figure class=\"alignleft size-full is-resized\"><img loading=\"lazy\" decoding=\"async\" width=\"400\" height=\"600\" src=\"https:\/\/blogdiario.info\/magazine\/images\/2025\/06\/minimarket_pub-1.png\" alt=\"\" class=\"wp-image-1805\" style=\"width:268px;height:auto\" srcset=\"https:\/\/blogdiario.info\/magazine\/images\/2025\/06\/minimarket_pub-1.png 400w, https:\/\/blogdiario.info\/magazine\/images\/2025\/06\/minimarket_pub-1-200x300.png 200w\" sizes=\"auto, (max-width: 400px) 100vw, 400px\" \/><\/figure><\/div>\n\n\n<p><strong>BlogDiario.info<\/strong><br \/>Torino, Italia 04\/06\/2025<\/p>\n\n\n\n<p>Por Don Click al Bal\u00f4n \u2014 Especial para ElCanillita.info<\/p>\n\n\n\n<p>Mientras la ciudad duerme o regresa de alg\u00fan after con el est\u00f3mago lleno y el sentido c\u00edvico vac\u00edo, hay un hombre que llega en silencio a Corso Palermo, estaciona su camioncito, y sin que nadie se lo pida, barre la vereda.<\/p>\n\n\n\n<p>No es funcionario.<br \/>No pertenece a Lavazza.<br \/>No firma contratos con el Comune.<br \/>Es Arturo C\u00e1rdenas De La Cruz y junto a su esposa gestiona un Mini Market en el n\u00famero 37. Pero tambi\u00e9n \u2014sin querer\u2014 sostiene el alma de esta ciudad, una pasada de escoba a la vez.<br \/><br \/>Cada ma\u00f1ana, antes de abrir el local, recoge los cartones de pizza olvidados, botellas con restos de resaca, servilletas usadas y \u201crecuerdos\u201d de canes cuyas huellas solo conocen el GPS y el desprecio.<\/p>\n\n\n\n<p>Porque aunque Torino brille con la silueta remota de la Mole Antonelliana o presuma de un skyline reci\u00e9n lavado frente al rascacielos de Lavazza, la limpieza empieza en los bordes, en esa franja de humanidad no registrada por drones ni gabinetes de imagen.<\/p>\n\n\n\n<p>Los C\u00e1rdenas no dan discursos. No piden nada.<br \/>Solo limpian donde otros ensucian.<br \/>Y lo hacen todos los d\u00edas, sabiendo que cinco jornadas sin barrido bastan para que las ratas se organicen en asamblea.<\/p>\n\n\n\n<p>El Municipio limpia, s\u00ed.<br \/>Una vez por semana.<br \/>Como si los desperdicios conocieran el calendario.<\/p>\n\n\n\n<p>Pero el trabajo silencioso de esta familia \u2014extracomunitaria, ejemplar, invisible\u2014 no sobrevive al desprecio con estilo urbano, ni a la \u201cgeneraci\u00f3n Z\u201d nocturna, esa que desayuna stories pero olvida los restos en la vereda.<\/p>\n\n\n\n<p>Y ah\u00ed est\u00e1n ellos.<br \/>Barriendo sin selfie.<br \/>Sin likes.<br \/>Sin meg\u00e1fono.<br \/>Y con m\u00e1s dignidad que toda la carteler\u00eda institucional de la Lavazza junta.<\/p>\n\n\n\n<p>No es una denuncia. Es un elogio.<br \/>Y una invitaci\u00f3n.<\/p>\n\n\n\n<p>A que los vecinos, los funcionarios, los poetas, y los paseadores de perros \u2014pagos o espont\u00e1neos\u2014 se detengan un instante y miren qui\u00e9n realmente cuida esta ciudad cuando nadie la mira.<\/p>\n\n\n\n<p>Y si el Municipio no lo ve, si la Lavazza prefiere invertir en luz de fachada y no en civismo de calle\u2026 no importa.<br \/>Nosotros s\u00ed lo vemos. Y lo publicamos.<\/p>\n\n\n\n<blockquote class=\"wp-block-quote is-layout-flow wp-block-quote-is-layout-flow\">\n<p>Porque en Corso Palermo, antes de que salga el sol,<br \/>una familia recoge la basura que otros dejan,<br \/>y en esa escoba sin salario,<br \/>hay m\u00e1s Torino que en toda la publicidad.<\/p>\n<\/blockquote>\n\n\n\n<p><br \/><small>\u00a92025 Don Click al Bal\u00f4n \u2013 el cura del vintage che fotograf\u00eda solo aquello que tiene 50 a\u00f1os &#8211; All Rights Reserved -Copyright \u00a9 2025 BlogDiario.info \/ SalaStampa.eu, world press service &#8211; Guzzo Photos &amp; Graphic Publications \u2013 Registro Editori e Stampatori n. 1441 Torino, Italia<\/small><\/p>\n","protected":false},"excerpt":{"rendered":"<p>Cada ma\u00f1ana, antes de abrir el local, recoge los cartones de pizza olvidados<\/p>\n","protected":false},"author":1,"featured_media":1799,"comment_status":"closed","ping_status":"closed","sticky":true,"template":"","format":"standard","meta":{"footnotes":"","_links_to":"","_links_to_target":""},"categories":[62,38,137,46,43],"tags":[],"class_list":["post-1796","post","type-post","status-publish","format-standard","has-post-thumbnail","hentry","category-actualidad","category-economia-esp","category-educacion","category-europa","category-sociedad","entry","rows"],"yoast_head":"<!-- This site is optimized with the Yoast SEO plugin v27.4 - https:\/\/yoast.com\/product\/yoast-seo-wordpress\/ -->\n<title>El hombre que barre antes del alba - BlogDiario Magazine<\/title>\n<meta name=\"robots\" content=\"index, follow, max-snippet:-1, max-image-preview:large, max-video-preview:-1\" \/>\n<link rel=\"canonical\" href=\"https:\/\/blogdiario.info\/magazine\/2025\/06\/04\/el-hombre-que-barre-antes-del-alba\/\" \/>\n<meta property=\"og:locale\" content=\"es_ES\" \/>\n<meta property=\"og:type\" content=\"article\" \/>\n<meta property=\"og:title\" content=\"El hombre que barre antes del alba - BlogDiario Magazine\" \/>\n<meta property=\"og:description\" content=\"Cada ma\u00f1ana, antes de abrir el local, recoge los cartones de pizza olvidados\" \/>\n<meta property=\"og:url\" content=\"https:\/\/blogdiario.info\/magazine\/2025\/06\/04\/el-hombre-que-barre-antes-del-alba\/\" \/>\n<meta property=\"og:site_name\" content=\"BlogDiario Magazine\" \/>\n<meta property=\"article:published_time\" content=\"2025-06-04T19:33:22+00:00\" \/>\n<meta property=\"article:modified_time\" content=\"2025-06-05T06:22:01+00:00\" \/>\n<meta property=\"og:image\" content=\"https:\/\/blogdiario.info\/magazine\/images\/2025\/06\/minimarket_cover.png\" \/>\n\t<meta property=\"og:image:width\" content=\"450\" \/>\n\t<meta property=\"og:image:height\" content=\"300\" \/>\n\t<meta property=\"og:image:type\" content=\"image\/png\" \/>\n<meta name=\"author\" content=\"World Press Service | Servicio de Prensa Mundial\" \/>\n<meta name=\"twitter:card\" content=\"summary_large_image\" \/>\n<meta name=\"twitter:label1\" content=\"Escrito por\" \/>\n\t<meta name=\"twitter:data1\" content=\"World Press Service | Servicio de Prensa Mundial\" \/>\n\t<meta name=\"twitter:label2\" content=\"Tiempo de lectura\" \/>\n\t<meta name=\"twitter:data2\" content=\"3 minutos\" \/>\n<script type=\"application\/ld+json\" class=\"yoast-schema-graph\">{\"@context\":\"https:\\\/\\\/schema.org\",\"@graph\":[{\"@type\":\"Article\",\"@id\":\"https:\\\/\\\/blogdiario.info\\\/magazine\\\/2025\\\/06\\\/04\\\/el-hombre-que-barre-antes-del-alba\\\/#article\",\"isPartOf\":{\"@id\":\"https:\\\/\\\/blogdiario.info\\\/magazine\\\/2025\\\/06\\\/04\\\/el-hombre-que-barre-antes-del-alba\\\/\"},\"author\":{\"name\":\"World Press Service | Servicio de Prensa Mundial\",\"@id\":\"https:\\\/\\\/blogdiario.info\\\/magazine\\\/#\\\/schema\\\/person\\\/b2422fe85574d945bad55513bb0c7354\"},\"headline\":\"El hombre que barre antes del alba\",\"datePublished\":\"2025-06-04T19:33:22+00:00\",\"dateModified\":\"2025-06-05T06:22:01+00:00\",\"mainEntityOfPage\":{\"@id\":\"https:\\\/\\\/blogdiario.info\\\/magazine\\\/2025\\\/06\\\/04\\\/el-hombre-que-barre-antes-del-alba\\\/\"},\"wordCount\":460,\"publisher\":{\"@id\":\"https:\\\/\\\/blogdiario.info\\\/magazine\\\/#organization\"},\"image\":{\"@id\":\"https:\\\/\\\/blogdiario.info\\\/magazine\\\/2025\\\/06\\\/04\\\/el-hombre-que-barre-antes-del-alba\\\/#primaryimage\"},\"thumbnailUrl\":\"https:\\\/\\\/blogdiario.info\\\/magazine\\\/images\\\/2025\\\/06\\\/minimarket_cover.png\",\"articleSection\":[\"Actualidad\",\"Economia\",\"Educaci\u00f3n\",\"Europa\",\"Sociedad\"],\"inLanguage\":\"es-AR\"},{\"@type\":\"WebPage\",\"@id\":\"https:\\\/\\\/blogdiario.info\\\/magazine\\\/2025\\\/06\\\/04\\\/el-hombre-que-barre-antes-del-alba\\\/\",\"url\":\"https:\\\/\\\/blogdiario.info\\\/magazine\\\/2025\\\/06\\\/04\\\/el-hombre-que-barre-antes-del-alba\\\/\",\"name\":\"El hombre que barre antes del alba - BlogDiario Magazine\",\"isPartOf\":{\"@id\":\"https:\\\/\\\/blogdiario.info\\\/magazine\\\/#website\"},\"primaryImageOfPage\":{\"@id\":\"https:\\\/\\\/blogdiario.info\\\/magazine\\\/2025\\\/06\\\/04\\\/el-hombre-que-barre-antes-del-alba\\\/#primaryimage\"},\"image\":{\"@id\":\"https:\\\/\\\/blogdiario.info\\\/magazine\\\/2025\\\/06\\\/04\\\/el-hombre-que-barre-antes-del-alba\\\/#primaryimage\"},\"thumbnailUrl\":\"https:\\\/\\\/blogdiario.info\\\/magazine\\\/images\\\/2025\\\/06\\\/minimarket_cover.png\",\"datePublished\":\"2025-06-04T19:33:22+00:00\",\"dateModified\":\"2025-06-05T06:22:01+00:00\",\"breadcrumb\":{\"@id\":\"https:\\\/\\\/blogdiario.info\\\/magazine\\\/2025\\\/06\\\/04\\\/el-hombre-que-barre-antes-del-alba\\\/#breadcrumb\"},\"inLanguage\":\"es-AR\",\"potentialAction\":[{\"@type\":\"ReadAction\",\"target\":[\"https:\\\/\\\/blogdiario.info\\\/magazine\\\/2025\\\/06\\\/04\\\/el-hombre-que-barre-antes-del-alba\\\/\"]}]},{\"@type\":\"ImageObject\",\"inLanguage\":\"es-AR\",\"@id\":\"https:\\\/\\\/blogdiario.info\\\/magazine\\\/2025\\\/06\\\/04\\\/el-hombre-que-barre-antes-del-alba\\\/#primaryimage\",\"url\":\"https:\\\/\\\/blogdiario.info\\\/magazine\\\/images\\\/2025\\\/06\\\/minimarket_cover.png\",\"contentUrl\":\"https:\\\/\\\/blogdiario.info\\\/magazine\\\/images\\\/2025\\\/06\\\/minimarket_cover.png\",\"width\":450,\"height\":300},{\"@type\":\"BreadcrumbList\",\"@id\":\"https:\\\/\\\/blogdiario.info\\\/magazine\\\/2025\\\/06\\\/04\\\/el-hombre-que-barre-antes-del-alba\\\/#breadcrumb\",\"itemListElement\":[{\"@type\":\"ListItem\",\"position\":1,\"name\":\"Home\",\"item\":\"https:\\\/\\\/blogdiario.info\\\/magazine\\\/\"},{\"@type\":\"ListItem\",\"position\":2,\"name\":\"El hombre que barre antes del alba\"}]},{\"@type\":\"WebSite\",\"@id\":\"https:\\\/\\\/blogdiario.info\\\/magazine\\\/#website\",\"url\":\"https:\\\/\\\/blogdiario.info\\\/magazine\\\/\",\"name\":\"BlogDiario Magazine\",\"description\":\"Suplemento multiling\u00fce de ElCanillita.Info\",\"publisher\":{\"@id\":\"https:\\\/\\\/blogdiario.info\\\/magazine\\\/#organization\"},\"potentialAction\":[{\"@type\":\"SearchAction\",\"target\":{\"@type\":\"EntryPoint\",\"urlTemplate\":\"https:\\\/\\\/blogdiario.info\\\/magazine\\\/?s={search_term_string}\"},\"query-input\":{\"@type\":\"PropertyValueSpecification\",\"valueRequired\":true,\"valueName\":\"search_term_string\"}}],\"inLanguage\":\"es-AR\"},{\"@type\":\"Organization\",\"@id\":\"https:\\\/\\\/blogdiario.info\\\/magazine\\\/#organization\",\"name\":\"Guzzo Photos & Graphic Publications\",\"url\":\"https:\\\/\\\/blogdiario.info\\\/magazine\\\/\",\"logo\":{\"@type\":\"ImageObject\",\"inLanguage\":\"es-AR\",\"@id\":\"https:\\\/\\\/blogdiario.info\\\/magazine\\\/#\\\/schema\\\/logo\\\/image\\\/\",\"url\":\"https:\\\/\\\/blogdiario.info\\\/magazine\\\/images\\\/2020\\\/01\\\/cropped-blogdia_magazine.jpg\",\"contentUrl\":\"https:\\\/\\\/blogdiario.info\\\/magazine\\\/images\\\/2020\\\/01\\\/cropped-blogdia_magazine.jpg\",\"width\":589,\"height\":55,\"caption\":\"Guzzo Photos & Graphic Publications\"},\"image\":{\"@id\":\"https:\\\/\\\/blogdiario.info\\\/magazine\\\/#\\\/schema\\\/logo\\\/image\\\/\"}},{\"@type\":\"Person\",\"@id\":\"https:\\\/\\\/blogdiario.info\\\/magazine\\\/#\\\/schema\\\/person\\\/b2422fe85574d945bad55513bb0c7354\",\"name\":\"World Press Service | Servicio de Prensa Mundial\"}]}<\/script>\n<!-- \/ Yoast SEO plugin. -->","yoast_head_json":{"title":"El hombre que barre antes del alba - BlogDiario Magazine","robots":{"index":"index","follow":"follow","max-snippet":"max-snippet:-1","max-image-preview":"max-image-preview:large","max-video-preview":"max-video-preview:-1"},"canonical":"https:\/\/blogdiario.info\/magazine\/2025\/06\/04\/el-hombre-que-barre-antes-del-alba\/","og_locale":"es_ES","og_type":"article","og_title":"El hombre que barre antes del alba - BlogDiario Magazine","og_description":"Cada ma\u00f1ana, antes de abrir el local, recoge los cartones de pizza olvidados","og_url":"https:\/\/blogdiario.info\/magazine\/2025\/06\/04\/el-hombre-que-barre-antes-del-alba\/","og_site_name":"BlogDiario Magazine","article_published_time":"2025-06-04T19:33:22+00:00","article_modified_time":"2025-06-05T06:22:01+00:00","og_image":[{"width":450,"height":300,"url":"https:\/\/blogdiario.info\/magazine\/images\/2025\/06\/minimarket_cover.png","type":"image\/png"}],"author":"World Press Service | Servicio de Prensa Mundial","twitter_card":"summary_large_image","twitter_misc":{"Escrito por":"World Press Service | Servicio de Prensa Mundial","Tiempo de lectura":"3 minutos"},"schema":{"@context":"https:\/\/schema.org","@graph":[{"@type":"Article","@id":"https:\/\/blogdiario.info\/magazine\/2025\/06\/04\/el-hombre-que-barre-antes-del-alba\/#article","isPartOf":{"@id":"https:\/\/blogdiario.info\/magazine\/2025\/06\/04\/el-hombre-que-barre-antes-del-alba\/"},"author":{"name":"World Press Service | Servicio de Prensa Mundial","@id":"https:\/\/blogdiario.info\/magazine\/#\/schema\/person\/b2422fe85574d945bad55513bb0c7354"},"headline":"El hombre que barre antes del alba","datePublished":"2025-06-04T19:33:22+00:00","dateModified":"2025-06-05T06:22:01+00:00","mainEntityOfPage":{"@id":"https:\/\/blogdiario.info\/magazine\/2025\/06\/04\/el-hombre-que-barre-antes-del-alba\/"},"wordCount":460,"publisher":{"@id":"https:\/\/blogdiario.info\/magazine\/#organization"},"image":{"@id":"https:\/\/blogdiario.info\/magazine\/2025\/06\/04\/el-hombre-que-barre-antes-del-alba\/#primaryimage"},"thumbnailUrl":"https:\/\/blogdiario.info\/magazine\/images\/2025\/06\/minimarket_cover.png","articleSection":["Actualidad","Economia","Educaci\u00f3n","Europa","Sociedad"],"inLanguage":"es-AR"},{"@type":"WebPage","@id":"https:\/\/blogdiario.info\/magazine\/2025\/06\/04\/el-hombre-que-barre-antes-del-alba\/","url":"https:\/\/blogdiario.info\/magazine\/2025\/06\/04\/el-hombre-que-barre-antes-del-alba\/","name":"El hombre que barre antes del alba - BlogDiario Magazine","isPartOf":{"@id":"https:\/\/blogdiario.info\/magazine\/#website"},"primaryImageOfPage":{"@id":"https:\/\/blogdiario.info\/magazine\/2025\/06\/04\/el-hombre-que-barre-antes-del-alba\/#primaryimage"},"image":{"@id":"https:\/\/blogdiario.info\/magazine\/2025\/06\/04\/el-hombre-que-barre-antes-del-alba\/#primaryimage"},"thumbnailUrl":"https:\/\/blogdiario.info\/magazine\/images\/2025\/06\/minimarket_cover.png","datePublished":"2025-06-04T19:33:22+00:00","dateModified":"2025-06-05T06:22:01+00:00","breadcrumb":{"@id":"https:\/\/blogdiario.info\/magazine\/2025\/06\/04\/el-hombre-que-barre-antes-del-alba\/#breadcrumb"},"inLanguage":"es-AR","potentialAction":[{"@type":"ReadAction","target":["https:\/\/blogdiario.info\/magazine\/2025\/06\/04\/el-hombre-que-barre-antes-del-alba\/"]}]},{"@type":"ImageObject","inLanguage":"es-AR","@id":"https:\/\/blogdiario.info\/magazine\/2025\/06\/04\/el-hombre-que-barre-antes-del-alba\/#primaryimage","url":"https:\/\/blogdiario.info\/magazine\/images\/2025\/06\/minimarket_cover.png","contentUrl":"https:\/\/blogdiario.info\/magazine\/images\/2025\/06\/minimarket_cover.png","width":450,"height":300},{"@type":"BreadcrumbList","@id":"https:\/\/blogdiario.info\/magazine\/2025\/06\/04\/el-hombre-que-barre-antes-del-alba\/#breadcrumb","itemListElement":[{"@type":"ListItem","position":1,"name":"Home","item":"https:\/\/blogdiario.info\/magazine\/"},{"@type":"ListItem","position":2,"name":"El hombre que barre antes del alba"}]},{"@type":"WebSite","@id":"https:\/\/blogdiario.info\/magazine\/#website","url":"https:\/\/blogdiario.info\/magazine\/","name":"BlogDiario Magazine","description":"Suplemento multiling\u00fce de ElCanillita.Info","publisher":{"@id":"https:\/\/blogdiario.info\/magazine\/#organization"},"potentialAction":[{"@type":"SearchAction","target":{"@type":"EntryPoint","urlTemplate":"https:\/\/blogdiario.info\/magazine\/?s={search_term_string}"},"query-input":{"@type":"PropertyValueSpecification","valueRequired":true,"valueName":"search_term_string"}}],"inLanguage":"es-AR"},{"@type":"Organization","@id":"https:\/\/blogdiario.info\/magazine\/#organization","name":"Guzzo Photos & Graphic Publications","url":"https:\/\/blogdiario.info\/magazine\/","logo":{"@type":"ImageObject","inLanguage":"es-AR","@id":"https:\/\/blogdiario.info\/magazine\/#\/schema\/logo\/image\/","url":"https:\/\/blogdiario.info\/magazine\/images\/2020\/01\/cropped-blogdia_magazine.jpg","contentUrl":"https:\/\/blogdiario.info\/magazine\/images\/2020\/01\/cropped-blogdia_magazine.jpg","width":589,"height":55,"caption":"Guzzo Photos & Graphic Publications"},"image":{"@id":"https:\/\/blogdiario.info\/magazine\/#\/schema\/logo\/image\/"}},{"@type":"Person","@id":"https:\/\/blogdiario.info\/magazine\/#\/schema\/person\/b2422fe85574d945bad55513bb0c7354","name":"World Press Service | Servicio de Prensa Mundial"}]}},"views":328,"_links":{"self":[{"href":"https:\/\/blogdiario.info\/magazine\/wp-json\/wp\/v2\/posts\/1796","targetHints":{"allow":["GET"]}}],"collection":[{"href":"https:\/\/blogdiario.info\/magazine\/wp-json\/wp\/v2\/posts"}],"about":[{"href":"https:\/\/blogdiario.info\/magazine\/wp-json\/wp\/v2\/types\/post"}],"author":[{"embeddable":true,"href":"https:\/\/blogdiario.info\/magazine\/wp-json\/wp\/v2\/users\/1"}],"replies":[{"embeddable":true,"href":"https:\/\/blogdiario.info\/magazine\/wp-json\/wp\/v2\/comments?post=1796"}],"version-history":[{"count":0,"href":"https:\/\/blogdiario.info\/magazine\/wp-json\/wp\/v2\/posts\/1796\/revisions"}],"wp:featuredmedia":[{"embeddable":true,"href":"https:\/\/blogdiario.info\/magazine\/wp-json\/wp\/v2\/media\/1799"}],"wp:attachment":[{"href":"https:\/\/blogdiario.info\/magazine\/wp-json\/wp\/v2\/media?parent=1796"}],"wp:term":[{"taxonomy":"category","embeddable":true,"href":"https:\/\/blogdiario.info\/magazine\/wp-json\/wp\/v2\/categories?post=1796"},{"taxonomy":"post_tag","embeddable":true,"href":"https:\/\/blogdiario.info\/magazine\/wp-json\/wp\/v2\/tags?post=1796"}],"curies":[{"name":"wp","href":"https:\/\/api.w.org\/{rel}","templated":true}]}}