{"id":1772,"date":"2025-05-31T00:34:05","date_gmt":"2025-05-30T23:34:05","guid":{"rendered":"https:\/\/blogdiario.info\/magazine\/?p=1772"},"modified":"2025-05-31T00:34:06","modified_gmt":"2025-05-30T23:34:06","slug":"mamie-pecas-voyage-avec-iberia-et-revient-avec-lidee-de-creer-sa-propre-compagnie-aerienne-ethique","status":"publish","type":"post","link":"https:\/\/blogdiario.info\/magazine\/2025\/05\/31\/mamie-pecas-voyage-avec-iberia-et-revient-avec-lidee-de-creer-sa-propre-compagnie-aerienne-ethique\/","title":{"rendered":"Mamie Pecas voyage avec Iberia (et revient avec l\u2019id\u00e9e de cr\u00e9er sa propre compagnie a\u00e9rienne \u00e9thique)"},"content":{"rendered":"<div class=\"wp-block-image\">\n<figure class=\"alignleft size-full is-resized\"><img loading=\"lazy\" decoding=\"async\" width=\"550\" height=\"367\" src=\"https:\/\/blogdiario.info\/magazine\/images\/2025\/05\/Pecas_Japan_edit.png\" alt=\"\" class=\"wp-image-1768\" style=\"width:333px;height:auto\" srcset=\"https:\/\/blogdiario.info\/magazine\/images\/2025\/05\/Pecas_Japan_edit.png 550w, https:\/\/blogdiario.info\/magazine\/images\/2025\/05\/Pecas_Japan_edit-300x200.png 300w\" sizes=\"auto, (max-width: 550px) 100vw, 550px\" \/><\/figure><\/div>\n\n\n<p><strong>BlogDiario.info<\/strong><br>Madrid, 31\/05\/2025<br>Quand Mamie Pecas a d\u00e9cid\u00e9 de r\u00e9aliser son r\u00eave de partir au Japon, elle l\u2019a fait comme toute voyageuse avis\u00e9e : carte bancaire \u00e0 la main, si\u00e8ge XL r\u00e9serv\u00e9 des mois \u00e0 l\u2019avance, espoir intact et tol\u00e9rance z\u00e9ro pour les si\u00e8ges minuscules.<br>Ce qu\u2019elle ne savait pas, c\u2019est qu\u2019elle avait achet\u00e9 un si\u00e8ge\u2026 dans l\u2019univers parall\u00e8le d\u2019Iberia Airlines S.A., o\u00f9 rien n\u2019est garanti, o\u00f9 les remboursements sont invisibles, et o\u00f9 le client est surtout une g\u00eane sympathique \u00e0 ignorer.<\/p>\n\n\n\n<p>\ud83d\udcc5 Juillet 2024 : achat du si\u00e8ge XL 21J, confirm\u00e9 sur l\u2019application et le site web.<\/p>\n\n\n\n<p>\ud83d\udcc5 Avril 2025 : une amie ach\u00e8te le m\u00eame si\u00e8ge. 21J. Revendu, comme une chaise pliante dans un vide-grenier.<\/p>\n\n\n\n<p>Mamie proteste. Iberia reconna\u00eet \u201cl\u2019erreur\u201d (traduction : on vous a doubl\u00e9 poliment) et r\u00e9pond :\u201cSelon notre syst\u00e8me, le remboursement a \u00e9t\u00e9 effectu\u00e9. Veuillez nous envoyer un certificat bancaire sign\u00e9 et tamponn\u00e9. Nous regrettons la g\u00eane occasionn\u00e9e et esp\u00e9rons vous revoir bient\u00f4t \u00e0 bord.\u201d<\/p>\n\n\n\n<p>\ud83d\udcb3 \u00c9videmment, la banque n\u2019\u00e9met pas ce genre de certificats.<br>Iberia, elle, ne fournit ni preuve de remboursement ni document officiel.<br>L\u2019argent ? \u00c9vapor\u00e9, comme le confort promis.<\/p>\n\n\n\n<p>\ud83d\udcf5 Contacter Iberia, c\u2019est comme crier dans le vide : FAQ sans r\u00e9ponse, bots inefficaces, e-mails robotis\u00e9s.<br>\ud83c\udfad R\u00e9sum\u00e9 de la tragi-com\u00e9die :M\u00eame si\u00e8ge vendu deux fois<br><br>Remboursement fant\u00f4me<br><br>Passager coupable jusqu\u2019\u00e0 preuve du contraire<br><br>Et un syst\u00e8me l\u00e9gal qui ferme les yeux<\/p>\n\n\n\n<p>Mamie Pecas, zen mais lucide, r\u00e9sume :<\/p>\n\n\n\n<p>&#8220;Iberia, c\u2019est comme un serveur qui vous facture deux fois le steak et qui accuse le boucher.&#8221;<br><br><small>\u00a92025 \u201cDon Afano \u2013 All Rights Reserved &#8211; Copyright \u00a9 2025 ElCanillita.info \/ BlogDiario.info \/ SalaStampa.eu, servicio mundial de prensa &#8211; Guzzo Photos &amp; Graphic Publications \u2013 Registro Editori e Stampatori n. 1441 Torino, Italia<\/small><\/p>\n","protected":false},"excerpt":{"rendered":"<p>BlogDiario.infoMadrid, 31\/05\/2025Quand Mamie Pecas a d\u00e9cid\u00e9 de r\u00e9aliser son r\u00eave de partir au Japon, elle l\u2019a fait comme toute voyageuse avis\u00e9e : carte bancaire \u00e0&#8230;<\/p>\n","protected":false},"author":1,"featured_media":1768,"comment_status":"closed","ping_status":"closed","sticky":false,"template":"","format":"standard","meta":{"footnotes":"","_links_to":"","_links_to_target":""},"categories":[65,51,46,31],"tags":[22,105],"class_list":["post-1772","post","type-post","status-publish","format-standard","has-post-thumbnail","hentry","category-actualite","category-america-del-sud","category-europa","category-societe","tag-italia","tag-ue","entry","rows"],"yoast_head":"<!-- This site is optimized with the Yoast SEO plugin v27.4 - https:\/\/yoast.com\/product\/yoast-seo-wordpress\/ -->\n<title>Mamie Pecas voyage avec Iberia (et revient avec l\u2019id\u00e9e de cr\u00e9er sa propre compagnie a\u00e9rienne \u00e9thique) - BlogDiario Magazine<\/title>\n<meta name=\"robots\" content=\"index, follow, max-snippet:-1, max-image-preview:large, max-video-preview:-1\" \/>\n<link rel=\"canonical\" href=\"https:\/\/blogdiario.info\/magazine\/2025\/05\/31\/mamie-pecas-voyage-avec-iberia-et-revient-avec-lidee-de-creer-sa-propre-compagnie-aerienne-ethique\/\" \/>\n<meta property=\"og:locale\" content=\"es_ES\" \/>\n<meta property=\"og:type\" content=\"article\" \/>\n<meta property=\"og:title\" content=\"Mamie Pecas voyage avec Iberia (et revient avec l\u2019id\u00e9e de cr\u00e9er sa propre compagnie a\u00e9rienne \u00e9thique) - BlogDiario Magazine\" \/>\n<meta property=\"og:description\" content=\"BlogDiario.infoMadrid, 31\/05\/2025Quand Mamie Pecas a d\u00e9cid\u00e9 de r\u00e9aliser son r\u00eave de partir au Japon, elle l\u2019a fait comme toute voyageuse avis\u00e9e : carte bancaire \u00e0&#8230;\" \/>\n<meta property=\"og:url\" content=\"https:\/\/blogdiario.info\/magazine\/2025\/05\/31\/mamie-pecas-voyage-avec-iberia-et-revient-avec-lidee-de-creer-sa-propre-compagnie-aerienne-ethique\/\" \/>\n<meta property=\"og:site_name\" content=\"BlogDiario Magazine\" \/>\n<meta property=\"article:published_time\" content=\"2025-05-30T23:34:05+00:00\" \/>\n<meta property=\"article:modified_time\" content=\"2025-05-30T23:34:06+00:00\" \/>\n<meta property=\"og:image\" content=\"https:\/\/blogdiario.info\/magazine\/images\/2025\/05\/Pecas_Japan_edit.png\" \/>\n\t<meta property=\"og:image:width\" content=\"550\" \/>\n\t<meta property=\"og:image:height\" content=\"367\" \/>\n\t<meta property=\"og:image:type\" content=\"image\/png\" \/>\n<meta name=\"author\" content=\"World Press Service | Servicio de Prensa Mundial\" \/>\n<meta name=\"twitter:card\" content=\"summary_large_image\" \/>\n<meta name=\"twitter:label1\" content=\"Escrito por\" \/>\n\t<meta name=\"twitter:data1\" content=\"World Press Service | Servicio de Prensa Mundial\" \/>\n\t<meta name=\"twitter:label2\" content=\"Tiempo de lectura\" \/>\n\t<meta name=\"twitter:data2\" content=\"2 minutos\" \/>\n<script type=\"application\/ld+json\" class=\"yoast-schema-graph\">{\"@context\":\"https:\\\/\\\/schema.org\",\"@graph\":[{\"@type\":\"Article\",\"@id\":\"https:\\\/\\\/blogdiario.info\\\/magazine\\\/2025\\\/05\\\/31\\\/mamie-pecas-voyage-avec-iberia-et-revient-avec-lidee-de-creer-sa-propre-compagnie-aerienne-ethique\\\/#article\",\"isPartOf\":{\"@id\":\"https:\\\/\\\/blogdiario.info\\\/magazine\\\/2025\\\/05\\\/31\\\/mamie-pecas-voyage-avec-iberia-et-revient-avec-lidee-de-creer-sa-propre-compagnie-aerienne-ethique\\\/\"},\"author\":{\"name\":\"World Press Service | Servicio de Prensa Mundial\",\"@id\":\"https:\\\/\\\/blogdiario.info\\\/magazine\\\/#\\\/schema\\\/person\\\/b2422fe85574d945bad55513bb0c7354\"},\"headline\":\"Mamie Pecas voyage avec Iberia (et revient avec l\u2019id\u00e9e de cr\u00e9er sa propre compagnie a\u00e9rienne \u00e9thique)\",\"datePublished\":\"2025-05-30T23:34:05+00:00\",\"dateModified\":\"2025-05-30T23:34:06+00:00\",\"mainEntityOfPage\":{\"@id\":\"https:\\\/\\\/blogdiario.info\\\/magazine\\\/2025\\\/05\\\/31\\\/mamie-pecas-voyage-avec-iberia-et-revient-avec-lidee-de-creer-sa-propre-compagnie-aerienne-ethique\\\/\"},\"wordCount\":335,\"publisher\":{\"@id\":\"https:\\\/\\\/blogdiario.info\\\/magazine\\\/#organization\"},\"image\":{\"@id\":\"https:\\\/\\\/blogdiario.info\\\/magazine\\\/2025\\\/05\\\/31\\\/mamie-pecas-voyage-avec-iberia-et-revient-avec-lidee-de-creer-sa-propre-compagnie-aerienne-ethique\\\/#primaryimage\"},\"thumbnailUrl\":\"https:\\\/\\\/blogdiario.info\\\/magazine\\\/images\\\/2025\\\/05\\\/Pecas_Japan_edit.png\",\"keywords\":[\"Italia\",\"UE\"],\"articleSection\":[\"Actualit\u00e9\",\"America del Sud\",\"Europa\",\"Soci\u00e9t\u00e9\"],\"inLanguage\":\"es-AR\"},{\"@type\":\"WebPage\",\"@id\":\"https:\\\/\\\/blogdiario.info\\\/magazine\\\/2025\\\/05\\\/31\\\/mamie-pecas-voyage-avec-iberia-et-revient-avec-lidee-de-creer-sa-propre-compagnie-aerienne-ethique\\\/\",\"url\":\"https:\\\/\\\/blogdiario.info\\\/magazine\\\/2025\\\/05\\\/31\\\/mamie-pecas-voyage-avec-iberia-et-revient-avec-lidee-de-creer-sa-propre-compagnie-aerienne-ethique\\\/\",\"name\":\"Mamie Pecas voyage avec Iberia (et revient avec l\u2019id\u00e9e de cr\u00e9er sa propre compagnie a\u00e9rienne \u00e9thique) - BlogDiario Magazine\",\"isPartOf\":{\"@id\":\"https:\\\/\\\/blogdiario.info\\\/magazine\\\/#website\"},\"primaryImageOfPage\":{\"@id\":\"https:\\\/\\\/blogdiario.info\\\/magazine\\\/2025\\\/05\\\/31\\\/mamie-pecas-voyage-avec-iberia-et-revient-avec-lidee-de-creer-sa-propre-compagnie-aerienne-ethique\\\/#primaryimage\"},\"image\":{\"@id\":\"https:\\\/\\\/blogdiario.info\\\/magazine\\\/2025\\\/05\\\/31\\\/mamie-pecas-voyage-avec-iberia-et-revient-avec-lidee-de-creer-sa-propre-compagnie-aerienne-ethique\\\/#primaryimage\"},\"thumbnailUrl\":\"https:\\\/\\\/blogdiario.info\\\/magazine\\\/images\\\/2025\\\/05\\\/Pecas_Japan_edit.png\",\"datePublished\":\"2025-05-30T23:34:05+00:00\",\"dateModified\":\"2025-05-30T23:34:06+00:00\",\"breadcrumb\":{\"@id\":\"https:\\\/\\\/blogdiario.info\\\/magazine\\\/2025\\\/05\\\/31\\\/mamie-pecas-voyage-avec-iberia-et-revient-avec-lidee-de-creer-sa-propre-compagnie-aerienne-ethique\\\/#breadcrumb\"},\"inLanguage\":\"es-AR\",\"potentialAction\":[{\"@type\":\"ReadAction\",\"target\":[\"https:\\\/\\\/blogdiario.info\\\/magazine\\\/2025\\\/05\\\/31\\\/mamie-pecas-voyage-avec-iberia-et-revient-avec-lidee-de-creer-sa-propre-compagnie-aerienne-ethique\\\/\"]}]},{\"@type\":\"ImageObject\",\"inLanguage\":\"es-AR\",\"@id\":\"https:\\\/\\\/blogdiario.info\\\/magazine\\\/2025\\\/05\\\/31\\\/mamie-pecas-voyage-avec-iberia-et-revient-avec-lidee-de-creer-sa-propre-compagnie-aerienne-ethique\\\/#primaryimage\",\"url\":\"https:\\\/\\\/blogdiario.info\\\/magazine\\\/images\\\/2025\\\/05\\\/Pecas_Japan_edit.png\",\"contentUrl\":\"https:\\\/\\\/blogdiario.info\\\/magazine\\\/images\\\/2025\\\/05\\\/Pecas_Japan_edit.png\",\"width\":550,\"height\":367},{\"@type\":\"BreadcrumbList\",\"@id\":\"https:\\\/\\\/blogdiario.info\\\/magazine\\\/2025\\\/05\\\/31\\\/mamie-pecas-voyage-avec-iberia-et-revient-avec-lidee-de-creer-sa-propre-compagnie-aerienne-ethique\\\/#breadcrumb\",\"itemListElement\":[{\"@type\":\"ListItem\",\"position\":1,\"name\":\"Home\",\"item\":\"https:\\\/\\\/blogdiario.info\\\/magazine\\\/\"},{\"@type\":\"ListItem\",\"position\":2,\"name\":\"Mamie Pecas voyage avec Iberia (et revient avec l\u2019id\u00e9e de cr\u00e9er sa propre compagnie a\u00e9rienne \u00e9thique)\"}]},{\"@type\":\"WebSite\",\"@id\":\"https:\\\/\\\/blogdiario.info\\\/magazine\\\/#website\",\"url\":\"https:\\\/\\\/blogdiario.info\\\/magazine\\\/\",\"name\":\"BlogDiario Magazine\",\"description\":\"Suplemento multiling\u00fce de ElCanillita.Info\",\"publisher\":{\"@id\":\"https:\\\/\\\/blogdiario.info\\\/magazine\\\/#organization\"},\"potentialAction\":[{\"@type\":\"SearchAction\",\"target\":{\"@type\":\"EntryPoint\",\"urlTemplate\":\"https:\\\/\\\/blogdiario.info\\\/magazine\\\/?s={search_term_string}\"},\"query-input\":{\"@type\":\"PropertyValueSpecification\",\"valueRequired\":true,\"valueName\":\"search_term_string\"}}],\"inLanguage\":\"es-AR\"},{\"@type\":\"Organization\",\"@id\":\"https:\\\/\\\/blogdiario.info\\\/magazine\\\/#organization\",\"name\":\"Guzzo Photos & Graphic Publications\",\"url\":\"https:\\\/\\\/blogdiario.info\\\/magazine\\\/\",\"logo\":{\"@type\":\"ImageObject\",\"inLanguage\":\"es-AR\",\"@id\":\"https:\\\/\\\/blogdiario.info\\\/magazine\\\/#\\\/schema\\\/logo\\\/image\\\/\",\"url\":\"https:\\\/\\\/blogdiario.info\\\/magazine\\\/images\\\/2020\\\/01\\\/cropped-blogdia_magazine.jpg\",\"contentUrl\":\"https:\\\/\\\/blogdiario.info\\\/magazine\\\/images\\\/2020\\\/01\\\/cropped-blogdia_magazine.jpg\",\"width\":589,\"height\":55,\"caption\":\"Guzzo Photos & Graphic Publications\"},\"image\":{\"@id\":\"https:\\\/\\\/blogdiario.info\\\/magazine\\\/#\\\/schema\\\/logo\\\/image\\\/\"}},{\"@type\":\"Person\",\"@id\":\"https:\\\/\\\/blogdiario.info\\\/magazine\\\/#\\\/schema\\\/person\\\/b2422fe85574d945bad55513bb0c7354\",\"name\":\"World Press Service | Servicio de Prensa Mundial\"}]}<\/script>\n<!-- \/ Yoast SEO plugin. -->","yoast_head_json":{"title":"Mamie Pecas voyage avec Iberia (et revient avec l\u2019id\u00e9e de cr\u00e9er sa propre compagnie a\u00e9rienne \u00e9thique) - BlogDiario Magazine","robots":{"index":"index","follow":"follow","max-snippet":"max-snippet:-1","max-image-preview":"max-image-preview:large","max-video-preview":"max-video-preview:-1"},"canonical":"https:\/\/blogdiario.info\/magazine\/2025\/05\/31\/mamie-pecas-voyage-avec-iberia-et-revient-avec-lidee-de-creer-sa-propre-compagnie-aerienne-ethique\/","og_locale":"es_ES","og_type":"article","og_title":"Mamie Pecas voyage avec Iberia (et revient avec l\u2019id\u00e9e de cr\u00e9er sa propre compagnie a\u00e9rienne \u00e9thique) - BlogDiario Magazine","og_description":"BlogDiario.infoMadrid, 31\/05\/2025Quand Mamie Pecas a d\u00e9cid\u00e9 de r\u00e9aliser son r\u00eave de partir au Japon, elle l\u2019a fait comme toute voyageuse avis\u00e9e : carte bancaire \u00e0&#8230;","og_url":"https:\/\/blogdiario.info\/magazine\/2025\/05\/31\/mamie-pecas-voyage-avec-iberia-et-revient-avec-lidee-de-creer-sa-propre-compagnie-aerienne-ethique\/","og_site_name":"BlogDiario Magazine","article_published_time":"2025-05-30T23:34:05+00:00","article_modified_time":"2025-05-30T23:34:06+00:00","og_image":[{"width":550,"height":367,"url":"https:\/\/blogdiario.info\/magazine\/images\/2025\/05\/Pecas_Japan_edit.png","type":"image\/png"}],"author":"World Press Service | Servicio de Prensa Mundial","twitter_card":"summary_large_image","twitter_misc":{"Escrito por":"World Press Service | Servicio de Prensa Mundial","Tiempo de lectura":"2 minutos"},"schema":{"@context":"https:\/\/schema.org","@graph":[{"@type":"Article","@id":"https:\/\/blogdiario.info\/magazine\/2025\/05\/31\/mamie-pecas-voyage-avec-iberia-et-revient-avec-lidee-de-creer-sa-propre-compagnie-aerienne-ethique\/#article","isPartOf":{"@id":"https:\/\/blogdiario.info\/magazine\/2025\/05\/31\/mamie-pecas-voyage-avec-iberia-et-revient-avec-lidee-de-creer-sa-propre-compagnie-aerienne-ethique\/"},"author":{"name":"World Press Service | Servicio de Prensa Mundial","@id":"https:\/\/blogdiario.info\/magazine\/#\/schema\/person\/b2422fe85574d945bad55513bb0c7354"},"headline":"Mamie Pecas voyage avec Iberia (et revient avec l\u2019id\u00e9e de cr\u00e9er sa propre compagnie a\u00e9rienne \u00e9thique)","datePublished":"2025-05-30T23:34:05+00:00","dateModified":"2025-05-30T23:34:06+00:00","mainEntityOfPage":{"@id":"https:\/\/blogdiario.info\/magazine\/2025\/05\/31\/mamie-pecas-voyage-avec-iberia-et-revient-avec-lidee-de-creer-sa-propre-compagnie-aerienne-ethique\/"},"wordCount":335,"publisher":{"@id":"https:\/\/blogdiario.info\/magazine\/#organization"},"image":{"@id":"https:\/\/blogdiario.info\/magazine\/2025\/05\/31\/mamie-pecas-voyage-avec-iberia-et-revient-avec-lidee-de-creer-sa-propre-compagnie-aerienne-ethique\/#primaryimage"},"thumbnailUrl":"https:\/\/blogdiario.info\/magazine\/images\/2025\/05\/Pecas_Japan_edit.png","keywords":["Italia","UE"],"articleSection":["Actualit\u00e9","America del Sud","Europa","Soci\u00e9t\u00e9"],"inLanguage":"es-AR"},{"@type":"WebPage","@id":"https:\/\/blogdiario.info\/magazine\/2025\/05\/31\/mamie-pecas-voyage-avec-iberia-et-revient-avec-lidee-de-creer-sa-propre-compagnie-aerienne-ethique\/","url":"https:\/\/blogdiario.info\/magazine\/2025\/05\/31\/mamie-pecas-voyage-avec-iberia-et-revient-avec-lidee-de-creer-sa-propre-compagnie-aerienne-ethique\/","name":"Mamie Pecas voyage avec Iberia (et revient avec l\u2019id\u00e9e de cr\u00e9er sa propre compagnie a\u00e9rienne \u00e9thique) - BlogDiario Magazine","isPartOf":{"@id":"https:\/\/blogdiario.info\/magazine\/#website"},"primaryImageOfPage":{"@id":"https:\/\/blogdiario.info\/magazine\/2025\/05\/31\/mamie-pecas-voyage-avec-iberia-et-revient-avec-lidee-de-creer-sa-propre-compagnie-aerienne-ethique\/#primaryimage"},"image":{"@id":"https:\/\/blogdiario.info\/magazine\/2025\/05\/31\/mamie-pecas-voyage-avec-iberia-et-revient-avec-lidee-de-creer-sa-propre-compagnie-aerienne-ethique\/#primaryimage"},"thumbnailUrl":"https:\/\/blogdiario.info\/magazine\/images\/2025\/05\/Pecas_Japan_edit.png","datePublished":"2025-05-30T23:34:05+00:00","dateModified":"2025-05-30T23:34:06+00:00","breadcrumb":{"@id":"https:\/\/blogdiario.info\/magazine\/2025\/05\/31\/mamie-pecas-voyage-avec-iberia-et-revient-avec-lidee-de-creer-sa-propre-compagnie-aerienne-ethique\/#breadcrumb"},"inLanguage":"es-AR","potentialAction":[{"@type":"ReadAction","target":["https:\/\/blogdiario.info\/magazine\/2025\/05\/31\/mamie-pecas-voyage-avec-iberia-et-revient-avec-lidee-de-creer-sa-propre-compagnie-aerienne-ethique\/"]}]},{"@type":"ImageObject","inLanguage":"es-AR","@id":"https:\/\/blogdiario.info\/magazine\/2025\/05\/31\/mamie-pecas-voyage-avec-iberia-et-revient-avec-lidee-de-creer-sa-propre-compagnie-aerienne-ethique\/#primaryimage","url":"https:\/\/blogdiario.info\/magazine\/images\/2025\/05\/Pecas_Japan_edit.png","contentUrl":"https:\/\/blogdiario.info\/magazine\/images\/2025\/05\/Pecas_Japan_edit.png","width":550,"height":367},{"@type":"BreadcrumbList","@id":"https:\/\/blogdiario.info\/magazine\/2025\/05\/31\/mamie-pecas-voyage-avec-iberia-et-revient-avec-lidee-de-creer-sa-propre-compagnie-aerienne-ethique\/#breadcrumb","itemListElement":[{"@type":"ListItem","position":1,"name":"Home","item":"https:\/\/blogdiario.info\/magazine\/"},{"@type":"ListItem","position":2,"name":"Mamie Pecas voyage avec Iberia (et revient avec l\u2019id\u00e9e de cr\u00e9er sa propre compagnie a\u00e9rienne \u00e9thique)"}]},{"@type":"WebSite","@id":"https:\/\/blogdiario.info\/magazine\/#website","url":"https:\/\/blogdiario.info\/magazine\/","name":"BlogDiario Magazine","description":"Suplemento multiling\u00fce de ElCanillita.Info","publisher":{"@id":"https:\/\/blogdiario.info\/magazine\/#organization"},"potentialAction":[{"@type":"SearchAction","target":{"@type":"EntryPoint","urlTemplate":"https:\/\/blogdiario.info\/magazine\/?s={search_term_string}"},"query-input":{"@type":"PropertyValueSpecification","valueRequired":true,"valueName":"search_term_string"}}],"inLanguage":"es-AR"},{"@type":"Organization","@id":"https:\/\/blogdiario.info\/magazine\/#organization","name":"Guzzo Photos & Graphic Publications","url":"https:\/\/blogdiario.info\/magazine\/","logo":{"@type":"ImageObject","inLanguage":"es-AR","@id":"https:\/\/blogdiario.info\/magazine\/#\/schema\/logo\/image\/","url":"https:\/\/blogdiario.info\/magazine\/images\/2020\/01\/cropped-blogdia_magazine.jpg","contentUrl":"https:\/\/blogdiario.info\/magazine\/images\/2020\/01\/cropped-blogdia_magazine.jpg","width":589,"height":55,"caption":"Guzzo Photos & Graphic Publications"},"image":{"@id":"https:\/\/blogdiario.info\/magazine\/#\/schema\/logo\/image\/"}},{"@type":"Person","@id":"https:\/\/blogdiario.info\/magazine\/#\/schema\/person\/b2422fe85574d945bad55513bb0c7354","name":"World Press Service | Servicio de Prensa Mundial"}]}},"views":344,"_links":{"self":[{"href":"https:\/\/blogdiario.info\/magazine\/wp-json\/wp\/v2\/posts\/1772","targetHints":{"allow":["GET"]}}],"collection":[{"href":"https:\/\/blogdiario.info\/magazine\/wp-json\/wp\/v2\/posts"}],"about":[{"href":"https:\/\/blogdiario.info\/magazine\/wp-json\/wp\/v2\/types\/post"}],"author":[{"embeddable":true,"href":"https:\/\/blogdiario.info\/magazine\/wp-json\/wp\/v2\/users\/1"}],"replies":[{"embeddable":true,"href":"https:\/\/blogdiario.info\/magazine\/wp-json\/wp\/v2\/comments?post=1772"}],"version-history":[{"count":0,"href":"https:\/\/blogdiario.info\/magazine\/wp-json\/wp\/v2\/posts\/1772\/revisions"}],"wp:featuredmedia":[{"embeddable":true,"href":"https:\/\/blogdiario.info\/magazine\/wp-json\/wp\/v2\/media\/1768"}],"wp:attachment":[{"href":"https:\/\/blogdiario.info\/magazine\/wp-json\/wp\/v2\/media?parent=1772"}],"wp:term":[{"taxonomy":"category","embeddable":true,"href":"https:\/\/blogdiario.info\/magazine\/wp-json\/wp\/v2\/categories?post=1772"},{"taxonomy":"post_tag","embeddable":true,"href":"https:\/\/blogdiario.info\/magazine\/wp-json\/wp\/v2\/tags?post=1772"}],"curies":[{"name":"wp","href":"https:\/\/api.w.org\/{rel}","templated":true}]}}