{"id":177,"date":"2020-11-29T20:48:34","date_gmt":"2020-11-29T23:48:34","guid":{"rendered":"https:\/\/blogdiario.info\/magazine\/?p=177"},"modified":"2022-04-23T06:31:17","modified_gmt":"2022-04-23T09:31:17","slug":"volo-lamia-2933","status":"publish","type":"post","link":"https:\/\/blogdiario.info\/magazine\/2020\/11\/29\/volo-lamia-2933\/","title":{"rendered":"Il volo LaMia 2933"},"content":{"rendered":"\n<figure class=\"wp-block-video\"><video controls src=\"https:\/\/blogdiario.info\/magazine\/images\/2020\/11\/Aviacion.mp4\"><\/video><\/figure>\n\n\n<p>Il volo LaMia 2933 era un volo charter in servizio fra l&#8217;aeroporto Internazionale Viru Viru in Bolivia e l&#8217;aeroporto di Rionegro-Jos\u00e9 Mar\u00eda C\u00f3rdova in Colombia.<\/p>\n<p><!-- \/wp:post-content --><\/p>\n<p>Il 28 novembre 2016 il quadrimotore Avro RJ 85 che operava il volo, precipitava a sud di Medell\u00edn, in Colombia, provocando la morte di 71 persone a bordo, su un totale di 77 tra passeggeri e membri dell&#8217;equipaggio. <br \/><br \/>Molte delle vittime erano giocatori della squadra brasiliana di calcio della Chapecoense, in viaggio verso Medell\u00edn per disputare la finale della Coppa Sudamericana contro la squadra colombiana dell&#8217;Atl\u00e9tico Nacional.<\/p>\n<p><small>Fonte: National Geographic Channel. &#8211; SalaStampa.Eu &#8211; Informazione di dominio pubblico<\/small><\/p>\n<p><!-- \/wp:paragraph --><\/p>","protected":false},"excerpt":{"rendered":"<p>Il 28 novembre 2016 il quadrimotore Avro RJ 85 che operava il volo, precipitava a sud di Medell\u00edn, in Colombia, provocando la morte di 71 persone a bordo, su un totale di 77 tra passeggeri e membri dell&#8217;equipaggio.<\/p>\n","protected":false},"author":1,"featured_media":178,"comment_status":"closed","ping_status":"closed","sticky":false,"template":"","format":"standard","meta":{"footnotes":"","_links_to":"","_links_to_target":""},"categories":[51,17,20,21],"tags":[90,89],"class_list":["post-177","post","type-post","status-publish","format-standard","has-post-thumbnail","hentry","category-america-del-sud","category-giustizia","category-societa","category-sport-ita","tag-brasile","tag-colombia","entry","rows"],"yoast_head":"<!-- This site is optimized with the Yoast SEO plugin v27.4 - https:\/\/yoast.com\/product\/yoast-seo-wordpress\/ -->\n<title>Il volo LaMia 2933 - BlogDiario Magazine<\/title>\n<meta name=\"robots\" content=\"index, follow, max-snippet:-1, max-image-preview:large, max-video-preview:-1\" \/>\n<link rel=\"canonical\" href=\"https:\/\/blogdiario.info\/magazine\/2020\/11\/29\/volo-lamia-2933\/\" \/>\n<meta property=\"og:locale\" content=\"es_ES\" \/>\n<meta property=\"og:type\" content=\"article\" \/>\n<meta property=\"og:title\" content=\"Il volo LaMia 2933 - BlogDiario Magazine\" \/>\n<meta property=\"og:description\" content=\"Il 28 novembre 2016 il quadrimotore Avro RJ 85 che operava il volo, precipitava a sud di Medell\u00edn, in Colombia, provocando la morte di 71 persone a bordo, su un totale di 77 tra passeggeri e membri dell&#039;equipaggio.\" \/>\n<meta property=\"og:url\" content=\"https:\/\/blogdiario.info\/magazine\/2020\/11\/29\/volo-lamia-2933\/\" \/>\n<meta property=\"og:site_name\" content=\"BlogDiario Magazine\" \/>\n<meta property=\"article:published_time\" content=\"2020-11-29T23:48:34+00:00\" \/>\n<meta property=\"article:modified_time\" content=\"2022-04-23T09:31:17+00:00\" \/>\n<meta property=\"og:image\" content=\"https:\/\/blogdiario.info\/magazine\/images\/2020\/11\/medellin.jpg\" \/>\n\t<meta property=\"og:image:width\" content=\"600\" \/>\n\t<meta property=\"og:image:height\" content=\"450\" \/>\n\t<meta property=\"og:image:type\" content=\"image\/jpeg\" \/>\n<meta name=\"author\" content=\"World Press Service | Servicio de Prensa Mundial\" \/>\n<meta name=\"twitter:card\" content=\"summary_large_image\" \/>\n<meta name=\"twitter:label1\" content=\"Escrito por\" \/>\n\t<meta name=\"twitter:data1\" content=\"World Press Service | Servicio de Prensa Mundial\" \/>\n\t<meta name=\"twitter:label2\" content=\"Tiempo de lectura\" \/>\n\t<meta name=\"twitter:data2\" content=\"1 minuto\" \/>\n<script type=\"application\/ld+json\" class=\"yoast-schema-graph\">{\"@context\":\"https:\\\/\\\/schema.org\",\"@graph\":[{\"@type\":\"Article\",\"@id\":\"https:\\\/\\\/blogdiario.info\\\/magazine\\\/2020\\\/11\\\/29\\\/volo-lamia-2933\\\/#article\",\"isPartOf\":{\"@id\":\"https:\\\/\\\/blogdiario.info\\\/magazine\\\/2020\\\/11\\\/29\\\/volo-lamia-2933\\\/\"},\"author\":{\"name\":\"World Press Service | Servicio de Prensa Mundial\",\"@id\":\"https:\\\/\\\/blogdiario.info\\\/magazine\\\/#\\\/schema\\\/person\\\/b2422fe85574d945bad55513bb0c7354\"},\"headline\":\"Il volo LaMia 2933\",\"datePublished\":\"2020-11-29T23:48:34+00:00\",\"dateModified\":\"2022-04-23T09:31:17+00:00\",\"mainEntityOfPage\":{\"@id\":\"https:\\\/\\\/blogdiario.info\\\/magazine\\\/2020\\\/11\\\/29\\\/volo-lamia-2933\\\/\"},\"wordCount\":110,\"publisher\":{\"@id\":\"https:\\\/\\\/blogdiario.info\\\/magazine\\\/#organization\"},\"image\":{\"@id\":\"https:\\\/\\\/blogdiario.info\\\/magazine\\\/2020\\\/11\\\/29\\\/volo-lamia-2933\\\/#primaryimage\"},\"thumbnailUrl\":\"https:\\\/\\\/blogdiario.info\\\/magazine\\\/images\\\/2020\\\/11\\\/medellin.jpg\",\"keywords\":[\"Brasile\",\"Colombia\"],\"articleSection\":[\"America del Sud\",\"Giustizia\",\"Societ\u00e0\",\"Sport\"],\"inLanguage\":\"es-AR\"},{\"@type\":\"WebPage\",\"@id\":\"https:\\\/\\\/blogdiario.info\\\/magazine\\\/2020\\\/11\\\/29\\\/volo-lamia-2933\\\/\",\"url\":\"https:\\\/\\\/blogdiario.info\\\/magazine\\\/2020\\\/11\\\/29\\\/volo-lamia-2933\\\/\",\"name\":\"Il volo LaMia 2933 - BlogDiario Magazine\",\"isPartOf\":{\"@id\":\"https:\\\/\\\/blogdiario.info\\\/magazine\\\/#website\"},\"primaryImageOfPage\":{\"@id\":\"https:\\\/\\\/blogdiario.info\\\/magazine\\\/2020\\\/11\\\/29\\\/volo-lamia-2933\\\/#primaryimage\"},\"image\":{\"@id\":\"https:\\\/\\\/blogdiario.info\\\/magazine\\\/2020\\\/11\\\/29\\\/volo-lamia-2933\\\/#primaryimage\"},\"thumbnailUrl\":\"https:\\\/\\\/blogdiario.info\\\/magazine\\\/images\\\/2020\\\/11\\\/medellin.jpg\",\"datePublished\":\"2020-11-29T23:48:34+00:00\",\"dateModified\":\"2022-04-23T09:31:17+00:00\",\"breadcrumb\":{\"@id\":\"https:\\\/\\\/blogdiario.info\\\/magazine\\\/2020\\\/11\\\/29\\\/volo-lamia-2933\\\/#breadcrumb\"},\"inLanguage\":\"es-AR\",\"potentialAction\":[{\"@type\":\"ReadAction\",\"target\":[\"https:\\\/\\\/blogdiario.info\\\/magazine\\\/2020\\\/11\\\/29\\\/volo-lamia-2933\\\/\"]}]},{\"@type\":\"ImageObject\",\"inLanguage\":\"es-AR\",\"@id\":\"https:\\\/\\\/blogdiario.info\\\/magazine\\\/2020\\\/11\\\/29\\\/volo-lamia-2933\\\/#primaryimage\",\"url\":\"https:\\\/\\\/blogdiario.info\\\/magazine\\\/images\\\/2020\\\/11\\\/medellin.jpg\",\"contentUrl\":\"https:\\\/\\\/blogdiario.info\\\/magazine\\\/images\\\/2020\\\/11\\\/medellin.jpg\",\"width\":600,\"height\":450},{\"@type\":\"BreadcrumbList\",\"@id\":\"https:\\\/\\\/blogdiario.info\\\/magazine\\\/2020\\\/11\\\/29\\\/volo-lamia-2933\\\/#breadcrumb\",\"itemListElement\":[{\"@type\":\"ListItem\",\"position\":1,\"name\":\"Home\",\"item\":\"https:\\\/\\\/blogdiario.info\\\/magazine\\\/\"},{\"@type\":\"ListItem\",\"position\":2,\"name\":\"Il volo LaMia 2933\"}]},{\"@type\":\"WebSite\",\"@id\":\"https:\\\/\\\/blogdiario.info\\\/magazine\\\/#website\",\"url\":\"https:\\\/\\\/blogdiario.info\\\/magazine\\\/\",\"name\":\"BlogDiario Magazine\",\"description\":\"Suplemento multiling\u00fce de ElCanillita.Info\",\"publisher\":{\"@id\":\"https:\\\/\\\/blogdiario.info\\\/magazine\\\/#organization\"},\"potentialAction\":[{\"@type\":\"SearchAction\",\"target\":{\"@type\":\"EntryPoint\",\"urlTemplate\":\"https:\\\/\\\/blogdiario.info\\\/magazine\\\/?s={search_term_string}\"},\"query-input\":{\"@type\":\"PropertyValueSpecification\",\"valueRequired\":true,\"valueName\":\"search_term_string\"}}],\"inLanguage\":\"es-AR\"},{\"@type\":\"Organization\",\"@id\":\"https:\\\/\\\/blogdiario.info\\\/magazine\\\/#organization\",\"name\":\"Guzzo Photos & Graphic Publications\",\"url\":\"https:\\\/\\\/blogdiario.info\\\/magazine\\\/\",\"logo\":{\"@type\":\"ImageObject\",\"inLanguage\":\"es-AR\",\"@id\":\"https:\\\/\\\/blogdiario.info\\\/magazine\\\/#\\\/schema\\\/logo\\\/image\\\/\",\"url\":\"https:\\\/\\\/blogdiario.info\\\/magazine\\\/images\\\/2020\\\/01\\\/cropped-blogdia_magazine.jpg\",\"contentUrl\":\"https:\\\/\\\/blogdiario.info\\\/magazine\\\/images\\\/2020\\\/01\\\/cropped-blogdia_magazine.jpg\",\"width\":589,\"height\":55,\"caption\":\"Guzzo Photos & Graphic Publications\"},\"image\":{\"@id\":\"https:\\\/\\\/blogdiario.info\\\/magazine\\\/#\\\/schema\\\/logo\\\/image\\\/\"}},{\"@type\":\"Person\",\"@id\":\"https:\\\/\\\/blogdiario.info\\\/magazine\\\/#\\\/schema\\\/person\\\/b2422fe85574d945bad55513bb0c7354\",\"name\":\"World Press Service | Servicio de Prensa Mundial\"}]}<\/script>\n<!-- \/ Yoast SEO plugin. -->","yoast_head_json":{"title":"Il volo LaMia 2933 - BlogDiario Magazine","robots":{"index":"index","follow":"follow","max-snippet":"max-snippet:-1","max-image-preview":"max-image-preview:large","max-video-preview":"max-video-preview:-1"},"canonical":"https:\/\/blogdiario.info\/magazine\/2020\/11\/29\/volo-lamia-2933\/","og_locale":"es_ES","og_type":"article","og_title":"Il volo LaMia 2933 - BlogDiario Magazine","og_description":"Il 28 novembre 2016 il quadrimotore Avro RJ 85 che operava il volo, precipitava a sud di Medell\u00edn, in Colombia, provocando la morte di 71 persone a bordo, su un totale di 77 tra passeggeri e membri dell'equipaggio.","og_url":"https:\/\/blogdiario.info\/magazine\/2020\/11\/29\/volo-lamia-2933\/","og_site_name":"BlogDiario Magazine","article_published_time":"2020-11-29T23:48:34+00:00","article_modified_time":"2022-04-23T09:31:17+00:00","og_image":[{"width":600,"height":450,"url":"https:\/\/blogdiario.info\/magazine\/images\/2020\/11\/medellin.jpg","type":"image\/jpeg"}],"author":"World Press Service | Servicio de Prensa Mundial","twitter_card":"summary_large_image","twitter_misc":{"Escrito por":"World Press Service | Servicio de Prensa Mundial","Tiempo de lectura":"1 minuto"},"schema":{"@context":"https:\/\/schema.org","@graph":[{"@type":"Article","@id":"https:\/\/blogdiario.info\/magazine\/2020\/11\/29\/volo-lamia-2933\/#article","isPartOf":{"@id":"https:\/\/blogdiario.info\/magazine\/2020\/11\/29\/volo-lamia-2933\/"},"author":{"name":"World Press Service | Servicio de Prensa Mundial","@id":"https:\/\/blogdiario.info\/magazine\/#\/schema\/person\/b2422fe85574d945bad55513bb0c7354"},"headline":"Il volo LaMia 2933","datePublished":"2020-11-29T23:48:34+00:00","dateModified":"2022-04-23T09:31:17+00:00","mainEntityOfPage":{"@id":"https:\/\/blogdiario.info\/magazine\/2020\/11\/29\/volo-lamia-2933\/"},"wordCount":110,"publisher":{"@id":"https:\/\/blogdiario.info\/magazine\/#organization"},"image":{"@id":"https:\/\/blogdiario.info\/magazine\/2020\/11\/29\/volo-lamia-2933\/#primaryimage"},"thumbnailUrl":"https:\/\/blogdiario.info\/magazine\/images\/2020\/11\/medellin.jpg","keywords":["Brasile","Colombia"],"articleSection":["America del Sud","Giustizia","Societ\u00e0","Sport"],"inLanguage":"es-AR"},{"@type":"WebPage","@id":"https:\/\/blogdiario.info\/magazine\/2020\/11\/29\/volo-lamia-2933\/","url":"https:\/\/blogdiario.info\/magazine\/2020\/11\/29\/volo-lamia-2933\/","name":"Il volo LaMia 2933 - BlogDiario Magazine","isPartOf":{"@id":"https:\/\/blogdiario.info\/magazine\/#website"},"primaryImageOfPage":{"@id":"https:\/\/blogdiario.info\/magazine\/2020\/11\/29\/volo-lamia-2933\/#primaryimage"},"image":{"@id":"https:\/\/blogdiario.info\/magazine\/2020\/11\/29\/volo-lamia-2933\/#primaryimage"},"thumbnailUrl":"https:\/\/blogdiario.info\/magazine\/images\/2020\/11\/medellin.jpg","datePublished":"2020-11-29T23:48:34+00:00","dateModified":"2022-04-23T09:31:17+00:00","breadcrumb":{"@id":"https:\/\/blogdiario.info\/magazine\/2020\/11\/29\/volo-lamia-2933\/#breadcrumb"},"inLanguage":"es-AR","potentialAction":[{"@type":"ReadAction","target":["https:\/\/blogdiario.info\/magazine\/2020\/11\/29\/volo-lamia-2933\/"]}]},{"@type":"ImageObject","inLanguage":"es-AR","@id":"https:\/\/blogdiario.info\/magazine\/2020\/11\/29\/volo-lamia-2933\/#primaryimage","url":"https:\/\/blogdiario.info\/magazine\/images\/2020\/11\/medellin.jpg","contentUrl":"https:\/\/blogdiario.info\/magazine\/images\/2020\/11\/medellin.jpg","width":600,"height":450},{"@type":"BreadcrumbList","@id":"https:\/\/blogdiario.info\/magazine\/2020\/11\/29\/volo-lamia-2933\/#breadcrumb","itemListElement":[{"@type":"ListItem","position":1,"name":"Home","item":"https:\/\/blogdiario.info\/magazine\/"},{"@type":"ListItem","position":2,"name":"Il volo LaMia 2933"}]},{"@type":"WebSite","@id":"https:\/\/blogdiario.info\/magazine\/#website","url":"https:\/\/blogdiario.info\/magazine\/","name":"BlogDiario Magazine","description":"Suplemento multiling\u00fce de ElCanillita.Info","publisher":{"@id":"https:\/\/blogdiario.info\/magazine\/#organization"},"potentialAction":[{"@type":"SearchAction","target":{"@type":"EntryPoint","urlTemplate":"https:\/\/blogdiario.info\/magazine\/?s={search_term_string}"},"query-input":{"@type":"PropertyValueSpecification","valueRequired":true,"valueName":"search_term_string"}}],"inLanguage":"es-AR"},{"@type":"Organization","@id":"https:\/\/blogdiario.info\/magazine\/#organization","name":"Guzzo Photos & Graphic Publications","url":"https:\/\/blogdiario.info\/magazine\/","logo":{"@type":"ImageObject","inLanguage":"es-AR","@id":"https:\/\/blogdiario.info\/magazine\/#\/schema\/logo\/image\/","url":"https:\/\/blogdiario.info\/magazine\/images\/2020\/01\/cropped-blogdia_magazine.jpg","contentUrl":"https:\/\/blogdiario.info\/magazine\/images\/2020\/01\/cropped-blogdia_magazine.jpg","width":589,"height":55,"caption":"Guzzo Photos & Graphic Publications"},"image":{"@id":"https:\/\/blogdiario.info\/magazine\/#\/schema\/logo\/image\/"}},{"@type":"Person","@id":"https:\/\/blogdiario.info\/magazine\/#\/schema\/person\/b2422fe85574d945bad55513bb0c7354","name":"World Press Service | Servicio de Prensa Mundial"}]}},"views":1333,"_links":{"self":[{"href":"https:\/\/blogdiario.info\/magazine\/wp-json\/wp\/v2\/posts\/177","targetHints":{"allow":["GET"]}}],"collection":[{"href":"https:\/\/blogdiario.info\/magazine\/wp-json\/wp\/v2\/posts"}],"about":[{"href":"https:\/\/blogdiario.info\/magazine\/wp-json\/wp\/v2\/types\/post"}],"author":[{"embeddable":true,"href":"https:\/\/blogdiario.info\/magazine\/wp-json\/wp\/v2\/users\/1"}],"replies":[{"embeddable":true,"href":"https:\/\/blogdiario.info\/magazine\/wp-json\/wp\/v2\/comments?post=177"}],"version-history":[{"count":0,"href":"https:\/\/blogdiario.info\/magazine\/wp-json\/wp\/v2\/posts\/177\/revisions"}],"wp:featuredmedia":[{"embeddable":true,"href":"https:\/\/blogdiario.info\/magazine\/wp-json\/wp\/v2\/media\/178"}],"wp:attachment":[{"href":"https:\/\/blogdiario.info\/magazine\/wp-json\/wp\/v2\/media?parent=177"}],"wp:term":[{"taxonomy":"category","embeddable":true,"href":"https:\/\/blogdiario.info\/magazine\/wp-json\/wp\/v2\/categories?post=177"},{"taxonomy":"post_tag","embeddable":true,"href":"https:\/\/blogdiario.info\/magazine\/wp-json\/wp\/v2\/tags?post=177"}],"curies":[{"name":"wp","href":"https:\/\/api.w.org\/{rel}","templated":true}]}}