{"id":1767,"date":"2025-05-31T00:08:34","date_gmt":"2025-05-30T23:08:34","guid":{"rendered":"https:\/\/blogdiario.info\/magazine\/?p=1767"},"modified":"2025-05-31T00:12:48","modified_gmt":"2025-05-30T23:12:48","slug":"abuela-pecas-viaja-con-iberia-y-vuelve-con-ganas-de-fundar-una-aerolinea-etica","status":"publish","type":"post","link":"https:\/\/blogdiario.info\/magazine\/2025\/05\/31\/abuela-pecas-viaja-con-iberia-y-vuelve-con-ganas-de-fundar-una-aerolinea-etica\/","title":{"rendered":"Abuela Pecas viaja con Iberia (y vuelve con ganas de fundar una aerol\u00ednea \u00e9tica)"},"content":{"rendered":"<div class=\"wp-block-image\">\n<figure class=\"alignleft size-full is-resized\"><img loading=\"lazy\" decoding=\"async\" width=\"550\" height=\"367\" src=\"https:\/\/blogdiario.info\/magazine\/images\/2025\/05\/Pecas_Japan_edit.png\" alt=\"\" class=\"wp-image-1768\" style=\"width:341px;height:auto\" srcset=\"https:\/\/blogdiario.info\/magazine\/images\/2025\/05\/Pecas_Japan_edit.png 550w, https:\/\/blogdiario.info\/magazine\/images\/2025\/05\/Pecas_Japan_edit-300x200.png 300w\" sizes=\"auto, (max-width: 550px) 100vw, 550px\" \/><\/figure><\/div>\n\n\n<p><strong>BlogDiario.info<\/strong><br>Madrid 31\/05\/2025<br>Cuando la Abuela Pecas decidi\u00f3 cumplir el sue\u00f1o de volar a Jap\u00f3n, lo hizo con la previsi\u00f3n de toda viajera sabia: tarjeta en mano, asiento XL reservado con meses de anticipaci\u00f3n, ilusi\u00f3n intacta y cero tolerancia al encierro en posici\u00f3n fetal durante 14 horas de vuelo. Lo que no sab\u00eda es que hab\u00eda comprado un asiento\u2026 en el universo paralelo de Iberia Airlines S.A., donde lo reservado no es reservado, lo devuelto no es devuelto, y el cliente es siempre un simp\u00e1tico molesto al que hay que sacar del medio con cordialidad rob\u00f3tica.<\/p>\n\n\n\n<p>\ud83d\udcc5 Julio 2024.<br>Compra asiento XL 21J. Confirmaci\u00f3n por app, web y se\u00f1ales de humo. Todo ok.<\/p>\n\n\n\n<p>\ud83d\udcc5 Abril 2025.<br>Una compa\u00f1era de viaje compra el mismo asiento. El mismo. 21J. Revendido como si Iberia fuera una parrilla de aeropuerto: una misma silla, dos clientes felices (por poco tiempo).<\/p>\n\n\n\n<p>La Abuela reclama. Iberia reconoce el \u201cerror\u201d (palabra clave que en corporativ\u00e9s quiere decir \u201cte estafamos sin querer, ponele\u201d). Y responde con toda la ternura de un call center entrenado en defensa medieval:&#8221;Ya se le fue reembolsado el servicio que reclama.\u201d<br>\u201cEnv\u00ede un certificado bancario con firma y sello del banco.\u201d<br>\u201cSentimos lo ocurrido y esperamos que su pr\u00f3ximo vuelo con nosotros sea satisfactorio.\u201d<\/p>\n\n\n\n<p>\ud83d\udcb3 El banco, por supuesto, no emite tales certificados. Iberia no env\u00eda nota de cr\u00e9dito ni comprobante del reembolso. Y el dinero, como el asiento XL, vuela. Pero sin escalas.<\/p>\n\n\n\n<p>\ud83d\udcf5 La Abuela entonces descubre que reclamar a Iberia es como buscar cobertura con antena de TV en la cordillera: canales que no responden, formularios sin respuesta, bots que desean &#8220;feliz d\u00eda&#8221; mientras te cierran la sesi\u00f3n.<br>Una maquinaria afinada para agotar al pasajero, no para resolverle nada.<br><br>\ud83c\udfad La tragicomedia a\u00e9rea del Siglo XXI: El mismo asiento vendido dos veces (\u00bfal mejor postor?)<br><br>Reembolsos fantasmas sin recibos<br><br>Clientes que deben probar su inocencia, mientras la aerol\u00ednea opera como si nada<br><br>El sistema jur\u00eddico que avala, por omisi\u00f3n o por contrato, estas pr\u00e1cticas.<\/p>\n\n\n\n<p>La Abuela, indignada pero con temple zen (estuvo en Jap\u00f3n, no lo olvidemos), lo resume as\u00ed:\u201cIberia es como un mozo que te cobra dos veces la milanesa y luego te dice que la culpa es del frigor\u00edfico.\u201d<\/p>\n\n\n\n<p>\ud83d\udcee Ep\u00edlogo:<\/p>\n\n\n\n<p>La carta que lleg\u00f3 a nuestra redacci\u00f3n no pide venganza, ni siquiera justicia. Solo un acto m\u00ednimo de coherencia comercial: si revenden un servicio, devuelvan el dinero. Si lo devuelven, entreguen el comprobante. Y si no pueden garantizar eso, al menos tengan la decencia de no sonre\u00edr con emojis en los correos autom\u00e1ticos.<br><br><small>\u00a92025 \u201cDon Afano \u2013 columnista freelance del Ministerio (del rev\u00e9s)\u201d- Todos los derechos reservados &#8211; Copyright \u00a9 2025 ElCanillita.info \/ SalaStampa.eu, servicio mundial de prensa &#8211; Guzzo Photos &amp; Graphic Publications \u2013 Registro Editori e Stampatori n. 1441 Torino, Italia<\/small><\/p>\n","protected":false},"excerpt":{"rendered":"<p>Cuando la Abuela Pecas decidi\u00f3 cumplir el sue\u00f1o de volar a Jap\u00f3n, lo hizo con la previsi\u00f3n de toda viajera sabia: &#8230;<\/p>\n","protected":false},"author":1,"featured_media":1768,"comment_status":"closed","ping_status":"closed","sticky":false,"template":"","format":"standard","meta":{"footnotes":"","_links_to":"","_links_to_target":""},"categories":[97,109,62,51,136,46,134,52,43],"tags":[],"class_list":["post-1767","post","type-post","status-publish","format-standard","has-post-thumbnail","hentry","category-elcanillita","category-dc24","category-actualidad","category-america-del-sud","category-dolores-de-la-press","category-europa","category-politicas-globales","category-resto-del-mondo","category-sociedad","entry","rows"],"yoast_head":"<!-- This site is optimized with the Yoast SEO plugin v27.4 - https:\/\/yoast.com\/product\/yoast-seo-wordpress\/ -->\n<title>Abuela Pecas viaja con Iberia (y vuelve con ganas de fundar una aerol\u00ednea \u00e9tica) - BlogDiario Magazine<\/title>\n<meta name=\"robots\" content=\"index, follow, max-snippet:-1, max-image-preview:large, max-video-preview:-1\" \/>\n<link rel=\"canonical\" href=\"https:\/\/blogdiario.info\/magazine\/2025\/05\/31\/abuela-pecas-viaja-con-iberia-y-vuelve-con-ganas-de-fundar-una-aerolinea-etica\/\" \/>\n<meta property=\"og:locale\" content=\"es_ES\" \/>\n<meta property=\"og:type\" content=\"article\" \/>\n<meta property=\"og:title\" content=\"Abuela Pecas viaja con Iberia (y vuelve con ganas de fundar una aerol\u00ednea \u00e9tica) - BlogDiario Magazine\" \/>\n<meta property=\"og:description\" content=\"Cuando la Abuela Pecas decidi\u00f3 cumplir el sue\u00f1o de volar a Jap\u00f3n, lo hizo con la previsi\u00f3n de toda viajera sabia: ...\" \/>\n<meta property=\"og:url\" content=\"https:\/\/blogdiario.info\/magazine\/2025\/05\/31\/abuela-pecas-viaja-con-iberia-y-vuelve-con-ganas-de-fundar-una-aerolinea-etica\/\" \/>\n<meta property=\"og:site_name\" content=\"BlogDiario Magazine\" \/>\n<meta property=\"article:published_time\" content=\"2025-05-30T23:08:34+00:00\" \/>\n<meta property=\"article:modified_time\" content=\"2025-05-30T23:12:48+00:00\" \/>\n<meta property=\"og:image\" content=\"https:\/\/blogdiario.info\/magazine\/images\/2025\/05\/Pecas_Japan_edit.png\" \/>\n\t<meta property=\"og:image:width\" content=\"550\" \/>\n\t<meta property=\"og:image:height\" content=\"367\" \/>\n\t<meta property=\"og:image:type\" content=\"image\/png\" \/>\n<meta name=\"author\" content=\"World Press Service | Servicio de Prensa Mundial\" \/>\n<meta name=\"twitter:card\" content=\"summary_large_image\" \/>\n<meta name=\"twitter:label1\" content=\"Escrito por\" \/>\n\t<meta name=\"twitter:data1\" content=\"World Press Service | Servicio de Prensa Mundial\" \/>\n\t<meta name=\"twitter:label2\" content=\"Tiempo de lectura\" \/>\n\t<meta name=\"twitter:data2\" content=\"3 minutos\" \/>\n<script type=\"application\/ld+json\" class=\"yoast-schema-graph\">{\"@context\":\"https:\\\/\\\/schema.org\",\"@graph\":[{\"@type\":\"Article\",\"@id\":\"https:\\\/\\\/blogdiario.info\\\/magazine\\\/2025\\\/05\\\/31\\\/abuela-pecas-viaja-con-iberia-y-vuelve-con-ganas-de-fundar-una-aerolinea-etica\\\/#article\",\"isPartOf\":{\"@id\":\"https:\\\/\\\/blogdiario.info\\\/magazine\\\/2025\\\/05\\\/31\\\/abuela-pecas-viaja-con-iberia-y-vuelve-con-ganas-de-fundar-una-aerolinea-etica\\\/\"},\"author\":{\"name\":\"World Press Service | Servicio de Prensa Mundial\",\"@id\":\"https:\\\/\\\/blogdiario.info\\\/magazine\\\/#\\\/schema\\\/person\\\/b2422fe85574d945bad55513bb0c7354\"},\"headline\":\"Abuela Pecas viaja con Iberia (y vuelve con ganas de fundar una aerol\u00ednea \u00e9tica)\",\"datePublished\":\"2025-05-30T23:08:34+00:00\",\"dateModified\":\"2025-05-30T23:12:48+00:00\",\"mainEntityOfPage\":{\"@id\":\"https:\\\/\\\/blogdiario.info\\\/magazine\\\/2025\\\/05\\\/31\\\/abuela-pecas-viaja-con-iberia-y-vuelve-con-ganas-de-fundar-una-aerolinea-etica\\\/\"},\"wordCount\":502,\"publisher\":{\"@id\":\"https:\\\/\\\/blogdiario.info\\\/magazine\\\/#organization\"},\"image\":{\"@id\":\"https:\\\/\\\/blogdiario.info\\\/magazine\\\/2025\\\/05\\\/31\\\/abuela-pecas-viaja-con-iberia-y-vuelve-con-ganas-de-fundar-una-aerolinea-etica\\\/#primaryimage\"},\"thumbnailUrl\":\"https:\\\/\\\/blogdiario.info\\\/magazine\\\/images\\\/2025\\\/05\\\/Pecas_Japan_edit.png\",\"articleSection\":[\".\",\".\",\"Actualidad\",\"America del Sud\",\"Dolores de La Press\",\"Europa\",\"Pol\u00edticas globales\",\"Resto del Mondo\",\"Sociedad\"],\"inLanguage\":\"es-AR\"},{\"@type\":\"WebPage\",\"@id\":\"https:\\\/\\\/blogdiario.info\\\/magazine\\\/2025\\\/05\\\/31\\\/abuela-pecas-viaja-con-iberia-y-vuelve-con-ganas-de-fundar-una-aerolinea-etica\\\/\",\"url\":\"https:\\\/\\\/blogdiario.info\\\/magazine\\\/2025\\\/05\\\/31\\\/abuela-pecas-viaja-con-iberia-y-vuelve-con-ganas-de-fundar-una-aerolinea-etica\\\/\",\"name\":\"Abuela Pecas viaja con Iberia (y vuelve con ganas de fundar una aerol\u00ednea \u00e9tica) - BlogDiario Magazine\",\"isPartOf\":{\"@id\":\"https:\\\/\\\/blogdiario.info\\\/magazine\\\/#website\"},\"primaryImageOfPage\":{\"@id\":\"https:\\\/\\\/blogdiario.info\\\/magazine\\\/2025\\\/05\\\/31\\\/abuela-pecas-viaja-con-iberia-y-vuelve-con-ganas-de-fundar-una-aerolinea-etica\\\/#primaryimage\"},\"image\":{\"@id\":\"https:\\\/\\\/blogdiario.info\\\/magazine\\\/2025\\\/05\\\/31\\\/abuela-pecas-viaja-con-iberia-y-vuelve-con-ganas-de-fundar-una-aerolinea-etica\\\/#primaryimage\"},\"thumbnailUrl\":\"https:\\\/\\\/blogdiario.info\\\/magazine\\\/images\\\/2025\\\/05\\\/Pecas_Japan_edit.png\",\"datePublished\":\"2025-05-30T23:08:34+00:00\",\"dateModified\":\"2025-05-30T23:12:48+00:00\",\"breadcrumb\":{\"@id\":\"https:\\\/\\\/blogdiario.info\\\/magazine\\\/2025\\\/05\\\/31\\\/abuela-pecas-viaja-con-iberia-y-vuelve-con-ganas-de-fundar-una-aerolinea-etica\\\/#breadcrumb\"},\"inLanguage\":\"es-AR\",\"potentialAction\":[{\"@type\":\"ReadAction\",\"target\":[\"https:\\\/\\\/blogdiario.info\\\/magazine\\\/2025\\\/05\\\/31\\\/abuela-pecas-viaja-con-iberia-y-vuelve-con-ganas-de-fundar-una-aerolinea-etica\\\/\"]}]},{\"@type\":\"ImageObject\",\"inLanguage\":\"es-AR\",\"@id\":\"https:\\\/\\\/blogdiario.info\\\/magazine\\\/2025\\\/05\\\/31\\\/abuela-pecas-viaja-con-iberia-y-vuelve-con-ganas-de-fundar-una-aerolinea-etica\\\/#primaryimage\",\"url\":\"https:\\\/\\\/blogdiario.info\\\/magazine\\\/images\\\/2025\\\/05\\\/Pecas_Japan_edit.png\",\"contentUrl\":\"https:\\\/\\\/blogdiario.info\\\/magazine\\\/images\\\/2025\\\/05\\\/Pecas_Japan_edit.png\",\"width\":550,\"height\":367},{\"@type\":\"BreadcrumbList\",\"@id\":\"https:\\\/\\\/blogdiario.info\\\/magazine\\\/2025\\\/05\\\/31\\\/abuela-pecas-viaja-con-iberia-y-vuelve-con-ganas-de-fundar-una-aerolinea-etica\\\/#breadcrumb\",\"itemListElement\":[{\"@type\":\"ListItem\",\"position\":1,\"name\":\"Home\",\"item\":\"https:\\\/\\\/blogdiario.info\\\/magazine\\\/\"},{\"@type\":\"ListItem\",\"position\":2,\"name\":\"Abuela Pecas viaja con Iberia (y vuelve con ganas de fundar una aerol\u00ednea \u00e9tica)\"}]},{\"@type\":\"WebSite\",\"@id\":\"https:\\\/\\\/blogdiario.info\\\/magazine\\\/#website\",\"url\":\"https:\\\/\\\/blogdiario.info\\\/magazine\\\/\",\"name\":\"BlogDiario Magazine\",\"description\":\"Suplemento multiling\u00fce de ElCanillita.Info\",\"publisher\":{\"@id\":\"https:\\\/\\\/blogdiario.info\\\/magazine\\\/#organization\"},\"potentialAction\":[{\"@type\":\"SearchAction\",\"target\":{\"@type\":\"EntryPoint\",\"urlTemplate\":\"https:\\\/\\\/blogdiario.info\\\/magazine\\\/?s={search_term_string}\"},\"query-input\":{\"@type\":\"PropertyValueSpecification\",\"valueRequired\":true,\"valueName\":\"search_term_string\"}}],\"inLanguage\":\"es-AR\"},{\"@type\":\"Organization\",\"@id\":\"https:\\\/\\\/blogdiario.info\\\/magazine\\\/#organization\",\"name\":\"Guzzo Photos & Graphic Publications\",\"url\":\"https:\\\/\\\/blogdiario.info\\\/magazine\\\/\",\"logo\":{\"@type\":\"ImageObject\",\"inLanguage\":\"es-AR\",\"@id\":\"https:\\\/\\\/blogdiario.info\\\/magazine\\\/#\\\/schema\\\/logo\\\/image\\\/\",\"url\":\"https:\\\/\\\/blogdiario.info\\\/magazine\\\/images\\\/2020\\\/01\\\/cropped-blogdia_magazine.jpg\",\"contentUrl\":\"https:\\\/\\\/blogdiario.info\\\/magazine\\\/images\\\/2020\\\/01\\\/cropped-blogdia_magazine.jpg\",\"width\":589,\"height\":55,\"caption\":\"Guzzo Photos & Graphic Publications\"},\"image\":{\"@id\":\"https:\\\/\\\/blogdiario.info\\\/magazine\\\/#\\\/schema\\\/logo\\\/image\\\/\"}},{\"@type\":\"Person\",\"@id\":\"https:\\\/\\\/blogdiario.info\\\/magazine\\\/#\\\/schema\\\/person\\\/b2422fe85574d945bad55513bb0c7354\",\"name\":\"World Press Service | Servicio de Prensa Mundial\"}]}<\/script>\n<!-- \/ Yoast SEO plugin. -->","yoast_head_json":{"title":"Abuela Pecas viaja con Iberia (y vuelve con ganas de fundar una aerol\u00ednea \u00e9tica) - BlogDiario Magazine","robots":{"index":"index","follow":"follow","max-snippet":"max-snippet:-1","max-image-preview":"max-image-preview:large","max-video-preview":"max-video-preview:-1"},"canonical":"https:\/\/blogdiario.info\/magazine\/2025\/05\/31\/abuela-pecas-viaja-con-iberia-y-vuelve-con-ganas-de-fundar-una-aerolinea-etica\/","og_locale":"es_ES","og_type":"article","og_title":"Abuela Pecas viaja con Iberia (y vuelve con ganas de fundar una aerol\u00ednea \u00e9tica) - BlogDiario Magazine","og_description":"Cuando la Abuela Pecas decidi\u00f3 cumplir el sue\u00f1o de volar a Jap\u00f3n, lo hizo con la previsi\u00f3n de toda viajera sabia: ...","og_url":"https:\/\/blogdiario.info\/magazine\/2025\/05\/31\/abuela-pecas-viaja-con-iberia-y-vuelve-con-ganas-de-fundar-una-aerolinea-etica\/","og_site_name":"BlogDiario Magazine","article_published_time":"2025-05-30T23:08:34+00:00","article_modified_time":"2025-05-30T23:12:48+00:00","og_image":[{"width":550,"height":367,"url":"https:\/\/blogdiario.info\/magazine\/images\/2025\/05\/Pecas_Japan_edit.png","type":"image\/png"}],"author":"World Press Service | Servicio de Prensa Mundial","twitter_card":"summary_large_image","twitter_misc":{"Escrito por":"World Press Service | Servicio de Prensa Mundial","Tiempo de lectura":"3 minutos"},"schema":{"@context":"https:\/\/schema.org","@graph":[{"@type":"Article","@id":"https:\/\/blogdiario.info\/magazine\/2025\/05\/31\/abuela-pecas-viaja-con-iberia-y-vuelve-con-ganas-de-fundar-una-aerolinea-etica\/#article","isPartOf":{"@id":"https:\/\/blogdiario.info\/magazine\/2025\/05\/31\/abuela-pecas-viaja-con-iberia-y-vuelve-con-ganas-de-fundar-una-aerolinea-etica\/"},"author":{"name":"World Press Service | Servicio de Prensa Mundial","@id":"https:\/\/blogdiario.info\/magazine\/#\/schema\/person\/b2422fe85574d945bad55513bb0c7354"},"headline":"Abuela Pecas viaja con Iberia (y vuelve con ganas de fundar una aerol\u00ednea \u00e9tica)","datePublished":"2025-05-30T23:08:34+00:00","dateModified":"2025-05-30T23:12:48+00:00","mainEntityOfPage":{"@id":"https:\/\/blogdiario.info\/magazine\/2025\/05\/31\/abuela-pecas-viaja-con-iberia-y-vuelve-con-ganas-de-fundar-una-aerolinea-etica\/"},"wordCount":502,"publisher":{"@id":"https:\/\/blogdiario.info\/magazine\/#organization"},"image":{"@id":"https:\/\/blogdiario.info\/magazine\/2025\/05\/31\/abuela-pecas-viaja-con-iberia-y-vuelve-con-ganas-de-fundar-una-aerolinea-etica\/#primaryimage"},"thumbnailUrl":"https:\/\/blogdiario.info\/magazine\/images\/2025\/05\/Pecas_Japan_edit.png","articleSection":[".",".","Actualidad","America del Sud","Dolores de La Press","Europa","Pol\u00edticas globales","Resto del Mondo","Sociedad"],"inLanguage":"es-AR"},{"@type":"WebPage","@id":"https:\/\/blogdiario.info\/magazine\/2025\/05\/31\/abuela-pecas-viaja-con-iberia-y-vuelve-con-ganas-de-fundar-una-aerolinea-etica\/","url":"https:\/\/blogdiario.info\/magazine\/2025\/05\/31\/abuela-pecas-viaja-con-iberia-y-vuelve-con-ganas-de-fundar-una-aerolinea-etica\/","name":"Abuela Pecas viaja con Iberia (y vuelve con ganas de fundar una aerol\u00ednea \u00e9tica) - BlogDiario Magazine","isPartOf":{"@id":"https:\/\/blogdiario.info\/magazine\/#website"},"primaryImageOfPage":{"@id":"https:\/\/blogdiario.info\/magazine\/2025\/05\/31\/abuela-pecas-viaja-con-iberia-y-vuelve-con-ganas-de-fundar-una-aerolinea-etica\/#primaryimage"},"image":{"@id":"https:\/\/blogdiario.info\/magazine\/2025\/05\/31\/abuela-pecas-viaja-con-iberia-y-vuelve-con-ganas-de-fundar-una-aerolinea-etica\/#primaryimage"},"thumbnailUrl":"https:\/\/blogdiario.info\/magazine\/images\/2025\/05\/Pecas_Japan_edit.png","datePublished":"2025-05-30T23:08:34+00:00","dateModified":"2025-05-30T23:12:48+00:00","breadcrumb":{"@id":"https:\/\/blogdiario.info\/magazine\/2025\/05\/31\/abuela-pecas-viaja-con-iberia-y-vuelve-con-ganas-de-fundar-una-aerolinea-etica\/#breadcrumb"},"inLanguage":"es-AR","potentialAction":[{"@type":"ReadAction","target":["https:\/\/blogdiario.info\/magazine\/2025\/05\/31\/abuela-pecas-viaja-con-iberia-y-vuelve-con-ganas-de-fundar-una-aerolinea-etica\/"]}]},{"@type":"ImageObject","inLanguage":"es-AR","@id":"https:\/\/blogdiario.info\/magazine\/2025\/05\/31\/abuela-pecas-viaja-con-iberia-y-vuelve-con-ganas-de-fundar-una-aerolinea-etica\/#primaryimage","url":"https:\/\/blogdiario.info\/magazine\/images\/2025\/05\/Pecas_Japan_edit.png","contentUrl":"https:\/\/blogdiario.info\/magazine\/images\/2025\/05\/Pecas_Japan_edit.png","width":550,"height":367},{"@type":"BreadcrumbList","@id":"https:\/\/blogdiario.info\/magazine\/2025\/05\/31\/abuela-pecas-viaja-con-iberia-y-vuelve-con-ganas-de-fundar-una-aerolinea-etica\/#breadcrumb","itemListElement":[{"@type":"ListItem","position":1,"name":"Home","item":"https:\/\/blogdiario.info\/magazine\/"},{"@type":"ListItem","position":2,"name":"Abuela Pecas viaja con Iberia (y vuelve con ganas de fundar una aerol\u00ednea \u00e9tica)"}]},{"@type":"WebSite","@id":"https:\/\/blogdiario.info\/magazine\/#website","url":"https:\/\/blogdiario.info\/magazine\/","name":"BlogDiario Magazine","description":"Suplemento multiling\u00fce de ElCanillita.Info","publisher":{"@id":"https:\/\/blogdiario.info\/magazine\/#organization"},"potentialAction":[{"@type":"SearchAction","target":{"@type":"EntryPoint","urlTemplate":"https:\/\/blogdiario.info\/magazine\/?s={search_term_string}"},"query-input":{"@type":"PropertyValueSpecification","valueRequired":true,"valueName":"search_term_string"}}],"inLanguage":"es-AR"},{"@type":"Organization","@id":"https:\/\/blogdiario.info\/magazine\/#organization","name":"Guzzo Photos & Graphic Publications","url":"https:\/\/blogdiario.info\/magazine\/","logo":{"@type":"ImageObject","inLanguage":"es-AR","@id":"https:\/\/blogdiario.info\/magazine\/#\/schema\/logo\/image\/","url":"https:\/\/blogdiario.info\/magazine\/images\/2020\/01\/cropped-blogdia_magazine.jpg","contentUrl":"https:\/\/blogdiario.info\/magazine\/images\/2020\/01\/cropped-blogdia_magazine.jpg","width":589,"height":55,"caption":"Guzzo Photos & Graphic Publications"},"image":{"@id":"https:\/\/blogdiario.info\/magazine\/#\/schema\/logo\/image\/"}},{"@type":"Person","@id":"https:\/\/blogdiario.info\/magazine\/#\/schema\/person\/b2422fe85574d945bad55513bb0c7354","name":"World Press Service | Servicio de Prensa Mundial"}]}},"views":273,"_links":{"self":[{"href":"https:\/\/blogdiario.info\/magazine\/wp-json\/wp\/v2\/posts\/1767","targetHints":{"allow":["GET"]}}],"collection":[{"href":"https:\/\/blogdiario.info\/magazine\/wp-json\/wp\/v2\/posts"}],"about":[{"href":"https:\/\/blogdiario.info\/magazine\/wp-json\/wp\/v2\/types\/post"}],"author":[{"embeddable":true,"href":"https:\/\/blogdiario.info\/magazine\/wp-json\/wp\/v2\/users\/1"}],"replies":[{"embeddable":true,"href":"https:\/\/blogdiario.info\/magazine\/wp-json\/wp\/v2\/comments?post=1767"}],"version-history":[{"count":0,"href":"https:\/\/blogdiario.info\/magazine\/wp-json\/wp\/v2\/posts\/1767\/revisions"}],"wp:featuredmedia":[{"embeddable":true,"href":"https:\/\/blogdiario.info\/magazine\/wp-json\/wp\/v2\/media\/1768"}],"wp:attachment":[{"href":"https:\/\/blogdiario.info\/magazine\/wp-json\/wp\/v2\/media?parent=1767"}],"wp:term":[{"taxonomy":"category","embeddable":true,"href":"https:\/\/blogdiario.info\/magazine\/wp-json\/wp\/v2\/categories?post=1767"},{"taxonomy":"post_tag","embeddable":true,"href":"https:\/\/blogdiario.info\/magazine\/wp-json\/wp\/v2\/tags?post=1767"}],"curies":[{"name":"wp","href":"https:\/\/api.w.org\/{rel}","templated":true}]}}