{"id":1709,"date":"2025-05-24T14:38:02","date_gmt":"2025-05-24T13:38:02","guid":{"rendered":"https:\/\/blogdiario.info\/magazine\/?p=1709"},"modified":"2025-05-24T14:38:03","modified_gmt":"2025-05-24T13:38:03","slug":"et-cannes-perdit-la-lumiere-mais-la-palme-continue-de-briller","status":"publish","type":"post","link":"https:\/\/blogdiario.info\/magazine\/2025\/05\/24\/et-cannes-perdit-la-lumiere-mais-la-palme-continue-de-briller\/","title":{"rendered":"Et Cannes perdit la lumi\u00e8re\u2026 mais la Palme continue de briller"},"content":{"rendered":"\n<figure class=\"wp-block-image size-full\"><img loading=\"lazy\" decoding=\"async\" width=\"600\" height=\"400\" src=\"https:\/\/blogdiario.info\/magazine\/images\/2025\/05\/Cannes_1.png\" alt=\"\" class=\"wp-image-1705\" srcset=\"https:\/\/blogdiario.info\/magazine\/images\/2025\/05\/Cannes_1.png 600w, https:\/\/blogdiario.info\/magazine\/images\/2025\/05\/Cannes_1-300x200.png 300w\" sizes=\"auto, (max-width: 600px) 100vw, 600px\" \/><\/figure>\n\n\n\n<p><strong>BlogDiario.info<\/strong><br>Cannes, 24\/05\/2025<br>Le drame \u00e0 Cannes, c\u2019est une tradition. Cette fois, pas de scandale sur le tapis rouge, pas de r\u00e9alisateur en gr\u00e8ve, ni d\u2019activiste suspendu \u00e0 une fa\u00e7ade. Non. C\u2019est la nuit elle-m\u00eame qui a vol\u00e9 la vedette.<\/p>\n\n\n\n<p>Depuis plusieurs heures, toute la zone \u2014 y compris Antibes \u2014 est plong\u00e9e dans un black-out. Boutiques, restos et palaces sont hors service. Seul survivant lumineux : le Palais du Festival, \u00e9quip\u00e9 d\u2019un g\u00e9n\u00e9rateur ind\u00e9pendant. Comme quoi, pour remettre une Palme, le spectacle doit continuer\u2026 m\u00eame sur p\u00e9dale.<\/p>\n\n\n\n<p>Les projections hors Palais sont \u00e0 l\u2019arr\u00eat, et les festivaliers errent comme dans un Truffaut version chic et zombie. Mais rassurez-vous : la Palme d\u2019Or est sauve, et sera remise avec toute la pompe \u00e9lectrique n\u00e9cessaire.<br><br><small>\u00a92025 \u201cDolores de La Press\u201d.<br>All Rights Reserved.<br>Copyright \u00a9 2025 BlogDiario.info \/ SalaStampa.eu, world press service .<br>Guzzo Photos &amp; Graphic Publications \u2013 Registro Editori e Stampatori n. 1441 Torino, Italia&lt;\/small<\/small><\/p>\n","protected":false},"excerpt":{"rendered":"<p>Quelques heures avant la cl\u00f4ture du 78e Festival de Cannes, la C\u00f4te d\u2019Azur s\u2019est retrouv\u00e9e dans le noir. H\u00f4tels sans \u00e9lectricit\u00e9, touristes \u00e0 t\u00e2tons, projections interrompues.<\/p>\n","protected":false},"author":1,"featured_media":1705,"comment_status":"closed","ping_status":"closed","sticky":false,"template":"","format":"standard","meta":{"footnotes":"","_links_to":"","_links_to_target":""},"categories":[65,25,46,31],"tags":[],"class_list":["post-1709","post","type-post","status-publish","format-standard","has-post-thumbnail","hentry","category-actualite","category-culture-sujets","category-europa","category-societe","entry","rows"],"yoast_head":"<!-- This site is optimized with the Yoast SEO plugin v27.4 - https:\/\/yoast.com\/product\/yoast-seo-wordpress\/ -->\n<title>Et Cannes perdit la lumi\u00e8re\u2026 mais la Palme continue de briller - BlogDiario Magazine<\/title>\n<meta name=\"robots\" content=\"index, follow, max-snippet:-1, max-image-preview:large, max-video-preview:-1\" \/>\n<link rel=\"canonical\" href=\"https:\/\/blogdiario.info\/magazine\/2025\/05\/24\/et-cannes-perdit-la-lumiere-mais-la-palme-continue-de-briller\/\" \/>\n<meta property=\"og:locale\" content=\"es_ES\" \/>\n<meta property=\"og:type\" content=\"article\" \/>\n<meta property=\"og:title\" content=\"Et Cannes perdit la lumi\u00e8re\u2026 mais la Palme continue de briller - BlogDiario Magazine\" \/>\n<meta property=\"og:description\" content=\"Quelques heures avant la cl\u00f4ture du 78e Festival de Cannes, la C\u00f4te d\u2019Azur s\u2019est retrouv\u00e9e dans le noir. H\u00f4tels sans \u00e9lectricit\u00e9, touristes \u00e0 t\u00e2tons, projections interrompues.\" \/>\n<meta property=\"og:url\" content=\"https:\/\/blogdiario.info\/magazine\/2025\/05\/24\/et-cannes-perdit-la-lumiere-mais-la-palme-continue-de-briller\/\" \/>\n<meta property=\"og:site_name\" content=\"BlogDiario Magazine\" \/>\n<meta property=\"article:published_time\" content=\"2025-05-24T13:38:02+00:00\" \/>\n<meta property=\"article:modified_time\" content=\"2025-05-24T13:38:03+00:00\" \/>\n<meta property=\"og:image\" content=\"https:\/\/blogdiario.info\/magazine\/images\/2025\/05\/Cannes_1.png\" \/>\n\t<meta property=\"og:image:width\" content=\"600\" \/>\n\t<meta property=\"og:image:height\" content=\"400\" \/>\n\t<meta property=\"og:image:type\" content=\"image\/png\" \/>\n<meta name=\"author\" content=\"World Press Service | Servicio de Prensa Mundial\" \/>\n<meta name=\"twitter:card\" content=\"summary_large_image\" \/>\n<meta name=\"twitter:label1\" content=\"Escrito por\" \/>\n\t<meta name=\"twitter:data1\" content=\"World Press Service | Servicio de Prensa Mundial\" \/>\n\t<meta name=\"twitter:label2\" content=\"Tiempo de lectura\" \/>\n\t<meta name=\"twitter:data2\" content=\"2 minutos\" \/>\n<script type=\"application\/ld+json\" class=\"yoast-schema-graph\">{\"@context\":\"https:\\\/\\\/schema.org\",\"@graph\":[{\"@type\":\"Article\",\"@id\":\"https:\\\/\\\/blogdiario.info\\\/magazine\\\/2025\\\/05\\\/24\\\/et-cannes-perdit-la-lumiere-mais-la-palme-continue-de-briller\\\/#article\",\"isPartOf\":{\"@id\":\"https:\\\/\\\/blogdiario.info\\\/magazine\\\/2025\\\/05\\\/24\\\/et-cannes-perdit-la-lumiere-mais-la-palme-continue-de-briller\\\/\"},\"author\":{\"name\":\"World Press Service | Servicio de Prensa Mundial\",\"@id\":\"https:\\\/\\\/blogdiario.info\\\/magazine\\\/#\\\/schema\\\/person\\\/b2422fe85574d945bad55513bb0c7354\"},\"headline\":\"Et Cannes perdit la lumi\u00e8re\u2026 mais la Palme continue de briller\",\"datePublished\":\"2025-05-24T13:38:02+00:00\",\"dateModified\":\"2025-05-24T13:38:03+00:00\",\"mainEntityOfPage\":{\"@id\":\"https:\\\/\\\/blogdiario.info\\\/magazine\\\/2025\\\/05\\\/24\\\/et-cannes-perdit-la-lumiere-mais-la-palme-continue-de-briller\\\/\"},\"wordCount\":176,\"publisher\":{\"@id\":\"https:\\\/\\\/blogdiario.info\\\/magazine\\\/#organization\"},\"image\":{\"@id\":\"https:\\\/\\\/blogdiario.info\\\/magazine\\\/2025\\\/05\\\/24\\\/et-cannes-perdit-la-lumiere-mais-la-palme-continue-de-briller\\\/#primaryimage\"},\"thumbnailUrl\":\"https:\\\/\\\/blogdiario.info\\\/magazine\\\/images\\\/2025\\\/05\\\/Cannes_1.png\",\"articleSection\":[\"Actualit\u00e9\",\"Culture\",\"Europa\",\"Soci\u00e9t\u00e9\"],\"inLanguage\":\"es-AR\"},{\"@type\":\"WebPage\",\"@id\":\"https:\\\/\\\/blogdiario.info\\\/magazine\\\/2025\\\/05\\\/24\\\/et-cannes-perdit-la-lumiere-mais-la-palme-continue-de-briller\\\/\",\"url\":\"https:\\\/\\\/blogdiario.info\\\/magazine\\\/2025\\\/05\\\/24\\\/et-cannes-perdit-la-lumiere-mais-la-palme-continue-de-briller\\\/\",\"name\":\"Et Cannes perdit la lumi\u00e8re\u2026 mais la Palme continue de briller - BlogDiario Magazine\",\"isPartOf\":{\"@id\":\"https:\\\/\\\/blogdiario.info\\\/magazine\\\/#website\"},\"primaryImageOfPage\":{\"@id\":\"https:\\\/\\\/blogdiario.info\\\/magazine\\\/2025\\\/05\\\/24\\\/et-cannes-perdit-la-lumiere-mais-la-palme-continue-de-briller\\\/#primaryimage\"},\"image\":{\"@id\":\"https:\\\/\\\/blogdiario.info\\\/magazine\\\/2025\\\/05\\\/24\\\/et-cannes-perdit-la-lumiere-mais-la-palme-continue-de-briller\\\/#primaryimage\"},\"thumbnailUrl\":\"https:\\\/\\\/blogdiario.info\\\/magazine\\\/images\\\/2025\\\/05\\\/Cannes_1.png\",\"datePublished\":\"2025-05-24T13:38:02+00:00\",\"dateModified\":\"2025-05-24T13:38:03+00:00\",\"breadcrumb\":{\"@id\":\"https:\\\/\\\/blogdiario.info\\\/magazine\\\/2025\\\/05\\\/24\\\/et-cannes-perdit-la-lumiere-mais-la-palme-continue-de-briller\\\/#breadcrumb\"},\"inLanguage\":\"es-AR\",\"potentialAction\":[{\"@type\":\"ReadAction\",\"target\":[\"https:\\\/\\\/blogdiario.info\\\/magazine\\\/2025\\\/05\\\/24\\\/et-cannes-perdit-la-lumiere-mais-la-palme-continue-de-briller\\\/\"]}]},{\"@type\":\"ImageObject\",\"inLanguage\":\"es-AR\",\"@id\":\"https:\\\/\\\/blogdiario.info\\\/magazine\\\/2025\\\/05\\\/24\\\/et-cannes-perdit-la-lumiere-mais-la-palme-continue-de-briller\\\/#primaryimage\",\"url\":\"https:\\\/\\\/blogdiario.info\\\/magazine\\\/images\\\/2025\\\/05\\\/Cannes_1.png\",\"contentUrl\":\"https:\\\/\\\/blogdiario.info\\\/magazine\\\/images\\\/2025\\\/05\\\/Cannes_1.png\",\"width\":600,\"height\":400},{\"@type\":\"BreadcrumbList\",\"@id\":\"https:\\\/\\\/blogdiario.info\\\/magazine\\\/2025\\\/05\\\/24\\\/et-cannes-perdit-la-lumiere-mais-la-palme-continue-de-briller\\\/#breadcrumb\",\"itemListElement\":[{\"@type\":\"ListItem\",\"position\":1,\"name\":\"Home\",\"item\":\"https:\\\/\\\/blogdiario.info\\\/magazine\\\/\"},{\"@type\":\"ListItem\",\"position\":2,\"name\":\"Et Cannes perdit la lumi\u00e8re\u2026 mais la Palme continue de briller\"}]},{\"@type\":\"WebSite\",\"@id\":\"https:\\\/\\\/blogdiario.info\\\/magazine\\\/#website\",\"url\":\"https:\\\/\\\/blogdiario.info\\\/magazine\\\/\",\"name\":\"BlogDiario Magazine\",\"description\":\"Suplemento multiling\u00fce de ElCanillita.Info\",\"publisher\":{\"@id\":\"https:\\\/\\\/blogdiario.info\\\/magazine\\\/#organization\"},\"potentialAction\":[{\"@type\":\"SearchAction\",\"target\":{\"@type\":\"EntryPoint\",\"urlTemplate\":\"https:\\\/\\\/blogdiario.info\\\/magazine\\\/?s={search_term_string}\"},\"query-input\":{\"@type\":\"PropertyValueSpecification\",\"valueRequired\":true,\"valueName\":\"search_term_string\"}}],\"inLanguage\":\"es-AR\"},{\"@type\":\"Organization\",\"@id\":\"https:\\\/\\\/blogdiario.info\\\/magazine\\\/#organization\",\"name\":\"Guzzo Photos & Graphic Publications\",\"url\":\"https:\\\/\\\/blogdiario.info\\\/magazine\\\/\",\"logo\":{\"@type\":\"ImageObject\",\"inLanguage\":\"es-AR\",\"@id\":\"https:\\\/\\\/blogdiario.info\\\/magazine\\\/#\\\/schema\\\/logo\\\/image\\\/\",\"url\":\"https:\\\/\\\/blogdiario.info\\\/magazine\\\/images\\\/2020\\\/01\\\/cropped-blogdia_magazine.jpg\",\"contentUrl\":\"https:\\\/\\\/blogdiario.info\\\/magazine\\\/images\\\/2020\\\/01\\\/cropped-blogdia_magazine.jpg\",\"width\":589,\"height\":55,\"caption\":\"Guzzo Photos & Graphic Publications\"},\"image\":{\"@id\":\"https:\\\/\\\/blogdiario.info\\\/magazine\\\/#\\\/schema\\\/logo\\\/image\\\/\"}},{\"@type\":\"Person\",\"@id\":\"https:\\\/\\\/blogdiario.info\\\/magazine\\\/#\\\/schema\\\/person\\\/b2422fe85574d945bad55513bb0c7354\",\"name\":\"World Press Service | Servicio de Prensa Mundial\"}]}<\/script>\n<!-- \/ Yoast SEO plugin. -->","yoast_head_json":{"title":"Et Cannes perdit la lumi\u00e8re\u2026 mais la Palme continue de briller - BlogDiario Magazine","robots":{"index":"index","follow":"follow","max-snippet":"max-snippet:-1","max-image-preview":"max-image-preview:large","max-video-preview":"max-video-preview:-1"},"canonical":"https:\/\/blogdiario.info\/magazine\/2025\/05\/24\/et-cannes-perdit-la-lumiere-mais-la-palme-continue-de-briller\/","og_locale":"es_ES","og_type":"article","og_title":"Et Cannes perdit la lumi\u00e8re\u2026 mais la Palme continue de briller - BlogDiario Magazine","og_description":"Quelques heures avant la cl\u00f4ture du 78e Festival de Cannes, la C\u00f4te d\u2019Azur s\u2019est retrouv\u00e9e dans le noir. H\u00f4tels sans \u00e9lectricit\u00e9, touristes \u00e0 t\u00e2tons, projections interrompues.","og_url":"https:\/\/blogdiario.info\/magazine\/2025\/05\/24\/et-cannes-perdit-la-lumiere-mais-la-palme-continue-de-briller\/","og_site_name":"BlogDiario Magazine","article_published_time":"2025-05-24T13:38:02+00:00","article_modified_time":"2025-05-24T13:38:03+00:00","og_image":[{"width":600,"height":400,"url":"https:\/\/blogdiario.info\/magazine\/images\/2025\/05\/Cannes_1.png","type":"image\/png"}],"author":"World Press Service | Servicio de Prensa Mundial","twitter_card":"summary_large_image","twitter_misc":{"Escrito por":"World Press Service | Servicio de Prensa Mundial","Tiempo de lectura":"2 minutos"},"schema":{"@context":"https:\/\/schema.org","@graph":[{"@type":"Article","@id":"https:\/\/blogdiario.info\/magazine\/2025\/05\/24\/et-cannes-perdit-la-lumiere-mais-la-palme-continue-de-briller\/#article","isPartOf":{"@id":"https:\/\/blogdiario.info\/magazine\/2025\/05\/24\/et-cannes-perdit-la-lumiere-mais-la-palme-continue-de-briller\/"},"author":{"name":"World Press Service | Servicio de Prensa Mundial","@id":"https:\/\/blogdiario.info\/magazine\/#\/schema\/person\/b2422fe85574d945bad55513bb0c7354"},"headline":"Et Cannes perdit la lumi\u00e8re\u2026 mais la Palme continue de briller","datePublished":"2025-05-24T13:38:02+00:00","dateModified":"2025-05-24T13:38:03+00:00","mainEntityOfPage":{"@id":"https:\/\/blogdiario.info\/magazine\/2025\/05\/24\/et-cannes-perdit-la-lumiere-mais-la-palme-continue-de-briller\/"},"wordCount":176,"publisher":{"@id":"https:\/\/blogdiario.info\/magazine\/#organization"},"image":{"@id":"https:\/\/blogdiario.info\/magazine\/2025\/05\/24\/et-cannes-perdit-la-lumiere-mais-la-palme-continue-de-briller\/#primaryimage"},"thumbnailUrl":"https:\/\/blogdiario.info\/magazine\/images\/2025\/05\/Cannes_1.png","articleSection":["Actualit\u00e9","Culture","Europa","Soci\u00e9t\u00e9"],"inLanguage":"es-AR"},{"@type":"WebPage","@id":"https:\/\/blogdiario.info\/magazine\/2025\/05\/24\/et-cannes-perdit-la-lumiere-mais-la-palme-continue-de-briller\/","url":"https:\/\/blogdiario.info\/magazine\/2025\/05\/24\/et-cannes-perdit-la-lumiere-mais-la-palme-continue-de-briller\/","name":"Et Cannes perdit la lumi\u00e8re\u2026 mais la Palme continue de briller - BlogDiario Magazine","isPartOf":{"@id":"https:\/\/blogdiario.info\/magazine\/#website"},"primaryImageOfPage":{"@id":"https:\/\/blogdiario.info\/magazine\/2025\/05\/24\/et-cannes-perdit-la-lumiere-mais-la-palme-continue-de-briller\/#primaryimage"},"image":{"@id":"https:\/\/blogdiario.info\/magazine\/2025\/05\/24\/et-cannes-perdit-la-lumiere-mais-la-palme-continue-de-briller\/#primaryimage"},"thumbnailUrl":"https:\/\/blogdiario.info\/magazine\/images\/2025\/05\/Cannes_1.png","datePublished":"2025-05-24T13:38:02+00:00","dateModified":"2025-05-24T13:38:03+00:00","breadcrumb":{"@id":"https:\/\/blogdiario.info\/magazine\/2025\/05\/24\/et-cannes-perdit-la-lumiere-mais-la-palme-continue-de-briller\/#breadcrumb"},"inLanguage":"es-AR","potentialAction":[{"@type":"ReadAction","target":["https:\/\/blogdiario.info\/magazine\/2025\/05\/24\/et-cannes-perdit-la-lumiere-mais-la-palme-continue-de-briller\/"]}]},{"@type":"ImageObject","inLanguage":"es-AR","@id":"https:\/\/blogdiario.info\/magazine\/2025\/05\/24\/et-cannes-perdit-la-lumiere-mais-la-palme-continue-de-briller\/#primaryimage","url":"https:\/\/blogdiario.info\/magazine\/images\/2025\/05\/Cannes_1.png","contentUrl":"https:\/\/blogdiario.info\/magazine\/images\/2025\/05\/Cannes_1.png","width":600,"height":400},{"@type":"BreadcrumbList","@id":"https:\/\/blogdiario.info\/magazine\/2025\/05\/24\/et-cannes-perdit-la-lumiere-mais-la-palme-continue-de-briller\/#breadcrumb","itemListElement":[{"@type":"ListItem","position":1,"name":"Home","item":"https:\/\/blogdiario.info\/magazine\/"},{"@type":"ListItem","position":2,"name":"Et Cannes perdit la lumi\u00e8re\u2026 mais la Palme continue de briller"}]},{"@type":"WebSite","@id":"https:\/\/blogdiario.info\/magazine\/#website","url":"https:\/\/blogdiario.info\/magazine\/","name":"BlogDiario Magazine","description":"Suplemento multiling\u00fce de ElCanillita.Info","publisher":{"@id":"https:\/\/blogdiario.info\/magazine\/#organization"},"potentialAction":[{"@type":"SearchAction","target":{"@type":"EntryPoint","urlTemplate":"https:\/\/blogdiario.info\/magazine\/?s={search_term_string}"},"query-input":{"@type":"PropertyValueSpecification","valueRequired":true,"valueName":"search_term_string"}}],"inLanguage":"es-AR"},{"@type":"Organization","@id":"https:\/\/blogdiario.info\/magazine\/#organization","name":"Guzzo Photos & Graphic Publications","url":"https:\/\/blogdiario.info\/magazine\/","logo":{"@type":"ImageObject","inLanguage":"es-AR","@id":"https:\/\/blogdiario.info\/magazine\/#\/schema\/logo\/image\/","url":"https:\/\/blogdiario.info\/magazine\/images\/2020\/01\/cropped-blogdia_magazine.jpg","contentUrl":"https:\/\/blogdiario.info\/magazine\/images\/2020\/01\/cropped-blogdia_magazine.jpg","width":589,"height":55,"caption":"Guzzo Photos & Graphic Publications"},"image":{"@id":"https:\/\/blogdiario.info\/magazine\/#\/schema\/logo\/image\/"}},{"@type":"Person","@id":"https:\/\/blogdiario.info\/magazine\/#\/schema\/person\/b2422fe85574d945bad55513bb0c7354","name":"World Press Service | Servicio de Prensa Mundial"}]}},"views":361,"_links":{"self":[{"href":"https:\/\/blogdiario.info\/magazine\/wp-json\/wp\/v2\/posts\/1709","targetHints":{"allow":["GET"]}}],"collection":[{"href":"https:\/\/blogdiario.info\/magazine\/wp-json\/wp\/v2\/posts"}],"about":[{"href":"https:\/\/blogdiario.info\/magazine\/wp-json\/wp\/v2\/types\/post"}],"author":[{"embeddable":true,"href":"https:\/\/blogdiario.info\/magazine\/wp-json\/wp\/v2\/users\/1"}],"replies":[{"embeddable":true,"href":"https:\/\/blogdiario.info\/magazine\/wp-json\/wp\/v2\/comments?post=1709"}],"version-history":[{"count":0,"href":"https:\/\/blogdiario.info\/magazine\/wp-json\/wp\/v2\/posts\/1709\/revisions"}],"wp:featuredmedia":[{"embeddable":true,"href":"https:\/\/blogdiario.info\/magazine\/wp-json\/wp\/v2\/media\/1705"}],"wp:attachment":[{"href":"https:\/\/blogdiario.info\/magazine\/wp-json\/wp\/v2\/media?parent=1709"}],"wp:term":[{"taxonomy":"category","embeddable":true,"href":"https:\/\/blogdiario.info\/magazine\/wp-json\/wp\/v2\/categories?post=1709"},{"taxonomy":"post_tag","embeddable":true,"href":"https:\/\/blogdiario.info\/magazine\/wp-json\/wp\/v2\/tags?post=1709"}],"curies":[{"name":"wp","href":"https:\/\/api.w.org\/{rel}","templated":true}]}}