{"id":1706,"date":"2025-05-24T14:29:08","date_gmt":"2025-05-24T13:29:08","guid":{"rendered":"https:\/\/blogdiario.info\/magazine\/?p=1706"},"modified":"2025-05-24T15:26:55","modified_gmt":"2025-05-24T14:26:55","slug":"y-en-cannes-se-fue-la-luz-pero-la-palma-sigue-brillando","status":"publish","type":"post","link":"https:\/\/blogdiario.info\/magazine\/2025\/05\/24\/y-en-cannes-se-fue-la-luz-pero-la-palma-sigue-brillando\/","title":{"rendered":"Y en Cannes se fue la luz\u2026 pero la Palma sigue brillando"},"content":{"rendered":"\n<figure class=\"wp-block-image size-full\"><img loading=\"lazy\" decoding=\"async\" width=\"600\" height=\"400\" src=\"https:\/\/blogdiario.info\/magazine\/images\/2025\/05\/Cannes_Es.png\" alt=\"\" class=\"wp-image-1707\" srcset=\"https:\/\/blogdiario.info\/magazine\/images\/2025\/05\/Cannes_Es.png 600w, https:\/\/blogdiario.info\/magazine\/images\/2025\/05\/Cannes_Es-300x200.png 300w\" sizes=\"auto, (max-width: 600px) 100vw, 600px\" \/><\/figure>\n\n\n\n<p><strong>BlogDiario.info<\/strong><br \/>Cannes, 24\/05\/2025<br \/>No hay drama sin Cannes. Esta vez no fue un esc\u00e1ndalo de alfombra roja, ni un director en huelga, ni una protesta de Greenpeace con bengalas frente al Palais. No. Fue la mism\u00edsima oscuridad la que decidi\u00f3 hacer su entrada estelar.<\/p>\n\n\n\n<p>Desde hace horas, toda la zona costera \u2014incluyendo Antibes y la propia Cannes\u2014 est\u00e1 sumida en un blackout que dej\u00f3 fuera de juego a hoteles cinco estrellas, boutiques de lujo y restaurantes de sashimi tibio. Las \u00fanicas luces encendidas, como si de una iron\u00eda cinematogr\u00e1fica se tratara, son las del Palais du Festival, que funciona gracias a un generador independiente. Un detalle que demuestra que, cuando se trata de dar premios, el espect\u00e1culo debe continuar\u2026 aunque sea a pedales.<\/p>\n\n\n\n<p>Mientras las proyecciones fuera del Palais fueron interrumpidas sin piedad, los turistas deambulan como personajes de Truffaut en versi\u00f3n zombie chic. Pero tranquilos: la Palma d\u2019Oro est\u00e1 a salvo y se entregar\u00e1 con la misma solemnidad el\u00e9ctrica de siempre.<br \/> <br \/><small>\u00a92025 \u201cEl Tip\u00f3grafo Errante\u201d \u2013 Todos los derechos reservados<br \/>Copyright \u00a9 2025 ElCanillita.info \u2013 BlogDiario.info &#8211; SalaStampa.eu, servicio mundial de prensa<br \/>Guzzo Photos &amp; Graphic Publications \u2013 Registro Editori e Stampatori n. 1441 Torino, Italia<\/small><\/p>\n\n\n\n<p><br \/><br \/><\/p>\n","protected":false},"excerpt":{"rendered":"<p>Horas antes de la ceremonia de clausura del 78\u00ba Festival de Cannes, un apag\u00f3n dej\u00f3 a oscuras la glamorosa Costa Azul. Hoteles sin luz, turistas a tientas y pel\u00edculas que se quedaron sin final.<\/p>\n","protected":false},"author":1,"featured_media":1705,"comment_status":"closed","ping_status":"closed","sticky":false,"template":"","format":"standard","meta":{"footnotes":"","_links_to":"","_links_to_target":""},"categories":[97,109,62,37,136,46,43],"tags":[],"class_list":["post-1706","post","type-post","status-publish","format-standard","has-post-thumbnail","hentry","category-elcanillita","category-dc24","category-actualidad","category-cultura-esp","category-dolores-de-la-press","category-europa","category-sociedad","entry","rows"],"yoast_head":"<!-- This site is optimized with the Yoast SEO plugin v27.4 - https:\/\/yoast.com\/product\/yoast-seo-wordpress\/ -->\n<title>Y en Cannes se fue la luz\u2026 pero la Palma sigue brillando - BlogDiario Magazine<\/title>\n<meta name=\"robots\" content=\"index, follow, max-snippet:-1, max-image-preview:large, max-video-preview:-1\" \/>\n<link rel=\"canonical\" href=\"https:\/\/blogdiario.info\/magazine\/2025\/05\/24\/y-en-cannes-se-fue-la-luz-pero-la-palma-sigue-brillando\/\" \/>\n<meta property=\"og:locale\" content=\"es_ES\" \/>\n<meta property=\"og:type\" content=\"article\" \/>\n<meta property=\"og:title\" content=\"Y en Cannes se fue la luz\u2026 pero la Palma sigue brillando - BlogDiario Magazine\" \/>\n<meta property=\"og:description\" content=\"Horas antes de la ceremonia de clausura del 78\u00ba Festival de Cannes, un apag\u00f3n dej\u00f3 a oscuras la glamorosa Costa Azul. Hoteles sin luz, turistas a tientas y pel\u00edculas que se quedaron sin final.\" \/>\n<meta property=\"og:url\" content=\"https:\/\/blogdiario.info\/magazine\/2025\/05\/24\/y-en-cannes-se-fue-la-luz-pero-la-palma-sigue-brillando\/\" \/>\n<meta property=\"og:site_name\" content=\"BlogDiario Magazine\" \/>\n<meta property=\"article:published_time\" content=\"2025-05-24T13:29:08+00:00\" \/>\n<meta property=\"article:modified_time\" content=\"2025-05-24T14:26:55+00:00\" \/>\n<meta property=\"og:image\" content=\"https:\/\/blogdiario.info\/magazine\/images\/2025\/05\/Cannes_1.png\" \/>\n\t<meta property=\"og:image:width\" content=\"600\" \/>\n\t<meta property=\"og:image:height\" content=\"400\" \/>\n\t<meta property=\"og:image:type\" content=\"image\/png\" \/>\n<meta name=\"author\" content=\"World Press Service | Servicio de Prensa Mundial\" \/>\n<meta name=\"twitter:card\" content=\"summary_large_image\" \/>\n<meta name=\"twitter:label1\" content=\"Escrito por\" \/>\n\t<meta name=\"twitter:data1\" content=\"World Press Service | Servicio de Prensa Mundial\" \/>\n\t<meta name=\"twitter:label2\" content=\"Tiempo de lectura\" \/>\n\t<meta name=\"twitter:data2\" content=\"2 minutos\" \/>\n<script type=\"application\/ld+json\" class=\"yoast-schema-graph\">{\"@context\":\"https:\\\/\\\/schema.org\",\"@graph\":[{\"@type\":\"Article\",\"@id\":\"https:\\\/\\\/blogdiario.info\\\/magazine\\\/2025\\\/05\\\/24\\\/y-en-cannes-se-fue-la-luz-pero-la-palma-sigue-brillando\\\/#article\",\"isPartOf\":{\"@id\":\"https:\\\/\\\/blogdiario.info\\\/magazine\\\/2025\\\/05\\\/24\\\/y-en-cannes-se-fue-la-luz-pero-la-palma-sigue-brillando\\\/\"},\"author\":{\"name\":\"World Press Service | Servicio de Prensa Mundial\",\"@id\":\"https:\\\/\\\/blogdiario.info\\\/magazine\\\/#\\\/schema\\\/person\\\/b2422fe85574d945bad55513bb0c7354\"},\"headline\":\"Y en Cannes se fue la luz\u2026 pero la Palma sigue brillando\",\"datePublished\":\"2025-05-24T13:29:08+00:00\",\"dateModified\":\"2025-05-24T14:26:55+00:00\",\"mainEntityOfPage\":{\"@id\":\"https:\\\/\\\/blogdiario.info\\\/magazine\\\/2025\\\/05\\\/24\\\/y-en-cannes-se-fue-la-luz-pero-la-palma-sigue-brillando\\\/\"},\"wordCount\":212,\"publisher\":{\"@id\":\"https:\\\/\\\/blogdiario.info\\\/magazine\\\/#organization\"},\"image\":{\"@id\":\"https:\\\/\\\/blogdiario.info\\\/magazine\\\/2025\\\/05\\\/24\\\/y-en-cannes-se-fue-la-luz-pero-la-palma-sigue-brillando\\\/#primaryimage\"},\"thumbnailUrl\":\"https:\\\/\\\/blogdiario.info\\\/magazine\\\/images\\\/2025\\\/05\\\/Cannes_1.png\",\"articleSection\":[\".\",\".\",\"Actualidad\",\"Cultura\",\"Dolores de La Press\",\"Europa\",\"Sociedad\"],\"inLanguage\":\"es-AR\"},{\"@type\":\"WebPage\",\"@id\":\"https:\\\/\\\/blogdiario.info\\\/magazine\\\/2025\\\/05\\\/24\\\/y-en-cannes-se-fue-la-luz-pero-la-palma-sigue-brillando\\\/\",\"url\":\"https:\\\/\\\/blogdiario.info\\\/magazine\\\/2025\\\/05\\\/24\\\/y-en-cannes-se-fue-la-luz-pero-la-palma-sigue-brillando\\\/\",\"name\":\"Y en Cannes se fue la luz\u2026 pero la Palma sigue brillando - BlogDiario Magazine\",\"isPartOf\":{\"@id\":\"https:\\\/\\\/blogdiario.info\\\/magazine\\\/#website\"},\"primaryImageOfPage\":{\"@id\":\"https:\\\/\\\/blogdiario.info\\\/magazine\\\/2025\\\/05\\\/24\\\/y-en-cannes-se-fue-la-luz-pero-la-palma-sigue-brillando\\\/#primaryimage\"},\"image\":{\"@id\":\"https:\\\/\\\/blogdiario.info\\\/magazine\\\/2025\\\/05\\\/24\\\/y-en-cannes-se-fue-la-luz-pero-la-palma-sigue-brillando\\\/#primaryimage\"},\"thumbnailUrl\":\"https:\\\/\\\/blogdiario.info\\\/magazine\\\/images\\\/2025\\\/05\\\/Cannes_1.png\",\"datePublished\":\"2025-05-24T13:29:08+00:00\",\"dateModified\":\"2025-05-24T14:26:55+00:00\",\"breadcrumb\":{\"@id\":\"https:\\\/\\\/blogdiario.info\\\/magazine\\\/2025\\\/05\\\/24\\\/y-en-cannes-se-fue-la-luz-pero-la-palma-sigue-brillando\\\/#breadcrumb\"},\"inLanguage\":\"es-AR\",\"potentialAction\":[{\"@type\":\"ReadAction\",\"target\":[\"https:\\\/\\\/blogdiario.info\\\/magazine\\\/2025\\\/05\\\/24\\\/y-en-cannes-se-fue-la-luz-pero-la-palma-sigue-brillando\\\/\"]}]},{\"@type\":\"ImageObject\",\"inLanguage\":\"es-AR\",\"@id\":\"https:\\\/\\\/blogdiario.info\\\/magazine\\\/2025\\\/05\\\/24\\\/y-en-cannes-se-fue-la-luz-pero-la-palma-sigue-brillando\\\/#primaryimage\",\"url\":\"https:\\\/\\\/blogdiario.info\\\/magazine\\\/images\\\/2025\\\/05\\\/Cannes_1.png\",\"contentUrl\":\"https:\\\/\\\/blogdiario.info\\\/magazine\\\/images\\\/2025\\\/05\\\/Cannes_1.png\",\"width\":600,\"height\":400},{\"@type\":\"BreadcrumbList\",\"@id\":\"https:\\\/\\\/blogdiario.info\\\/magazine\\\/2025\\\/05\\\/24\\\/y-en-cannes-se-fue-la-luz-pero-la-palma-sigue-brillando\\\/#breadcrumb\",\"itemListElement\":[{\"@type\":\"ListItem\",\"position\":1,\"name\":\"Home\",\"item\":\"https:\\\/\\\/blogdiario.info\\\/magazine\\\/\"},{\"@type\":\"ListItem\",\"position\":2,\"name\":\"Y en Cannes se fue la luz\u2026 pero la Palma sigue brillando\"}]},{\"@type\":\"WebSite\",\"@id\":\"https:\\\/\\\/blogdiario.info\\\/magazine\\\/#website\",\"url\":\"https:\\\/\\\/blogdiario.info\\\/magazine\\\/\",\"name\":\"BlogDiario Magazine\",\"description\":\"Suplemento multiling\u00fce de ElCanillita.Info\",\"publisher\":{\"@id\":\"https:\\\/\\\/blogdiario.info\\\/magazine\\\/#organization\"},\"potentialAction\":[{\"@type\":\"SearchAction\",\"target\":{\"@type\":\"EntryPoint\",\"urlTemplate\":\"https:\\\/\\\/blogdiario.info\\\/magazine\\\/?s={search_term_string}\"},\"query-input\":{\"@type\":\"PropertyValueSpecification\",\"valueRequired\":true,\"valueName\":\"search_term_string\"}}],\"inLanguage\":\"es-AR\"},{\"@type\":\"Organization\",\"@id\":\"https:\\\/\\\/blogdiario.info\\\/magazine\\\/#organization\",\"name\":\"Guzzo Photos & Graphic Publications\",\"url\":\"https:\\\/\\\/blogdiario.info\\\/magazine\\\/\",\"logo\":{\"@type\":\"ImageObject\",\"inLanguage\":\"es-AR\",\"@id\":\"https:\\\/\\\/blogdiario.info\\\/magazine\\\/#\\\/schema\\\/logo\\\/image\\\/\",\"url\":\"https:\\\/\\\/blogdiario.info\\\/magazine\\\/images\\\/2020\\\/01\\\/cropped-blogdia_magazine.jpg\",\"contentUrl\":\"https:\\\/\\\/blogdiario.info\\\/magazine\\\/images\\\/2020\\\/01\\\/cropped-blogdia_magazine.jpg\",\"width\":589,\"height\":55,\"caption\":\"Guzzo Photos & Graphic Publications\"},\"image\":{\"@id\":\"https:\\\/\\\/blogdiario.info\\\/magazine\\\/#\\\/schema\\\/logo\\\/image\\\/\"}},{\"@type\":\"Person\",\"@id\":\"https:\\\/\\\/blogdiario.info\\\/magazine\\\/#\\\/schema\\\/person\\\/b2422fe85574d945bad55513bb0c7354\",\"name\":\"World Press Service | Servicio de Prensa Mundial\"}]}<\/script>\n<!-- \/ Yoast SEO plugin. -->","yoast_head_json":{"title":"Y en Cannes se fue la luz\u2026 pero la Palma sigue brillando - BlogDiario Magazine","robots":{"index":"index","follow":"follow","max-snippet":"max-snippet:-1","max-image-preview":"max-image-preview:large","max-video-preview":"max-video-preview:-1"},"canonical":"https:\/\/blogdiario.info\/magazine\/2025\/05\/24\/y-en-cannes-se-fue-la-luz-pero-la-palma-sigue-brillando\/","og_locale":"es_ES","og_type":"article","og_title":"Y en Cannes se fue la luz\u2026 pero la Palma sigue brillando - BlogDiario Magazine","og_description":"Horas antes de la ceremonia de clausura del 78\u00ba Festival de Cannes, un apag\u00f3n dej\u00f3 a oscuras la glamorosa Costa Azul. Hoteles sin luz, turistas a tientas y pel\u00edculas que se quedaron sin final.","og_url":"https:\/\/blogdiario.info\/magazine\/2025\/05\/24\/y-en-cannes-se-fue-la-luz-pero-la-palma-sigue-brillando\/","og_site_name":"BlogDiario Magazine","article_published_time":"2025-05-24T13:29:08+00:00","article_modified_time":"2025-05-24T14:26:55+00:00","og_image":[{"width":600,"height":400,"url":"https:\/\/blogdiario.info\/magazine\/images\/2025\/05\/Cannes_1.png","type":"image\/png"}],"author":"World Press Service | Servicio de Prensa Mundial","twitter_card":"summary_large_image","twitter_misc":{"Escrito por":"World Press Service | Servicio de Prensa Mundial","Tiempo de lectura":"2 minutos"},"schema":{"@context":"https:\/\/schema.org","@graph":[{"@type":"Article","@id":"https:\/\/blogdiario.info\/magazine\/2025\/05\/24\/y-en-cannes-se-fue-la-luz-pero-la-palma-sigue-brillando\/#article","isPartOf":{"@id":"https:\/\/blogdiario.info\/magazine\/2025\/05\/24\/y-en-cannes-se-fue-la-luz-pero-la-palma-sigue-brillando\/"},"author":{"name":"World Press Service | Servicio de Prensa Mundial","@id":"https:\/\/blogdiario.info\/magazine\/#\/schema\/person\/b2422fe85574d945bad55513bb0c7354"},"headline":"Y en Cannes se fue la luz\u2026 pero la Palma sigue brillando","datePublished":"2025-05-24T13:29:08+00:00","dateModified":"2025-05-24T14:26:55+00:00","mainEntityOfPage":{"@id":"https:\/\/blogdiario.info\/magazine\/2025\/05\/24\/y-en-cannes-se-fue-la-luz-pero-la-palma-sigue-brillando\/"},"wordCount":212,"publisher":{"@id":"https:\/\/blogdiario.info\/magazine\/#organization"},"image":{"@id":"https:\/\/blogdiario.info\/magazine\/2025\/05\/24\/y-en-cannes-se-fue-la-luz-pero-la-palma-sigue-brillando\/#primaryimage"},"thumbnailUrl":"https:\/\/blogdiario.info\/magazine\/images\/2025\/05\/Cannes_1.png","articleSection":[".",".","Actualidad","Cultura","Dolores de La Press","Europa","Sociedad"],"inLanguage":"es-AR"},{"@type":"WebPage","@id":"https:\/\/blogdiario.info\/magazine\/2025\/05\/24\/y-en-cannes-se-fue-la-luz-pero-la-palma-sigue-brillando\/","url":"https:\/\/blogdiario.info\/magazine\/2025\/05\/24\/y-en-cannes-se-fue-la-luz-pero-la-palma-sigue-brillando\/","name":"Y en Cannes se fue la luz\u2026 pero la Palma sigue brillando - BlogDiario Magazine","isPartOf":{"@id":"https:\/\/blogdiario.info\/magazine\/#website"},"primaryImageOfPage":{"@id":"https:\/\/blogdiario.info\/magazine\/2025\/05\/24\/y-en-cannes-se-fue-la-luz-pero-la-palma-sigue-brillando\/#primaryimage"},"image":{"@id":"https:\/\/blogdiario.info\/magazine\/2025\/05\/24\/y-en-cannes-se-fue-la-luz-pero-la-palma-sigue-brillando\/#primaryimage"},"thumbnailUrl":"https:\/\/blogdiario.info\/magazine\/images\/2025\/05\/Cannes_1.png","datePublished":"2025-05-24T13:29:08+00:00","dateModified":"2025-05-24T14:26:55+00:00","breadcrumb":{"@id":"https:\/\/blogdiario.info\/magazine\/2025\/05\/24\/y-en-cannes-se-fue-la-luz-pero-la-palma-sigue-brillando\/#breadcrumb"},"inLanguage":"es-AR","potentialAction":[{"@type":"ReadAction","target":["https:\/\/blogdiario.info\/magazine\/2025\/05\/24\/y-en-cannes-se-fue-la-luz-pero-la-palma-sigue-brillando\/"]}]},{"@type":"ImageObject","inLanguage":"es-AR","@id":"https:\/\/blogdiario.info\/magazine\/2025\/05\/24\/y-en-cannes-se-fue-la-luz-pero-la-palma-sigue-brillando\/#primaryimage","url":"https:\/\/blogdiario.info\/magazine\/images\/2025\/05\/Cannes_1.png","contentUrl":"https:\/\/blogdiario.info\/magazine\/images\/2025\/05\/Cannes_1.png","width":600,"height":400},{"@type":"BreadcrumbList","@id":"https:\/\/blogdiario.info\/magazine\/2025\/05\/24\/y-en-cannes-se-fue-la-luz-pero-la-palma-sigue-brillando\/#breadcrumb","itemListElement":[{"@type":"ListItem","position":1,"name":"Home","item":"https:\/\/blogdiario.info\/magazine\/"},{"@type":"ListItem","position":2,"name":"Y en Cannes se fue la luz\u2026 pero la Palma sigue brillando"}]},{"@type":"WebSite","@id":"https:\/\/blogdiario.info\/magazine\/#website","url":"https:\/\/blogdiario.info\/magazine\/","name":"BlogDiario Magazine","description":"Suplemento multiling\u00fce de ElCanillita.Info","publisher":{"@id":"https:\/\/blogdiario.info\/magazine\/#organization"},"potentialAction":[{"@type":"SearchAction","target":{"@type":"EntryPoint","urlTemplate":"https:\/\/blogdiario.info\/magazine\/?s={search_term_string}"},"query-input":{"@type":"PropertyValueSpecification","valueRequired":true,"valueName":"search_term_string"}}],"inLanguage":"es-AR"},{"@type":"Organization","@id":"https:\/\/blogdiario.info\/magazine\/#organization","name":"Guzzo Photos & Graphic Publications","url":"https:\/\/blogdiario.info\/magazine\/","logo":{"@type":"ImageObject","inLanguage":"es-AR","@id":"https:\/\/blogdiario.info\/magazine\/#\/schema\/logo\/image\/","url":"https:\/\/blogdiario.info\/magazine\/images\/2020\/01\/cropped-blogdia_magazine.jpg","contentUrl":"https:\/\/blogdiario.info\/magazine\/images\/2020\/01\/cropped-blogdia_magazine.jpg","width":589,"height":55,"caption":"Guzzo Photos & Graphic Publications"},"image":{"@id":"https:\/\/blogdiario.info\/magazine\/#\/schema\/logo\/image\/"}},{"@type":"Person","@id":"https:\/\/blogdiario.info\/magazine\/#\/schema\/person\/b2422fe85574d945bad55513bb0c7354","name":"World Press Service | Servicio de Prensa Mundial"}]}},"views":310,"_links":{"self":[{"href":"https:\/\/blogdiario.info\/magazine\/wp-json\/wp\/v2\/posts\/1706","targetHints":{"allow":["GET"]}}],"collection":[{"href":"https:\/\/blogdiario.info\/magazine\/wp-json\/wp\/v2\/posts"}],"about":[{"href":"https:\/\/blogdiario.info\/magazine\/wp-json\/wp\/v2\/types\/post"}],"author":[{"embeddable":true,"href":"https:\/\/blogdiario.info\/magazine\/wp-json\/wp\/v2\/users\/1"}],"replies":[{"embeddable":true,"href":"https:\/\/blogdiario.info\/magazine\/wp-json\/wp\/v2\/comments?post=1706"}],"version-history":[{"count":0,"href":"https:\/\/blogdiario.info\/magazine\/wp-json\/wp\/v2\/posts\/1706\/revisions"}],"wp:featuredmedia":[{"embeddable":true,"href":"https:\/\/blogdiario.info\/magazine\/wp-json\/wp\/v2\/media\/1705"}],"wp:attachment":[{"href":"https:\/\/blogdiario.info\/magazine\/wp-json\/wp\/v2\/media?parent=1706"}],"wp:term":[{"taxonomy":"category","embeddable":true,"href":"https:\/\/blogdiario.info\/magazine\/wp-json\/wp\/v2\/categories?post=1706"},{"taxonomy":"post_tag","embeddable":true,"href":"https:\/\/blogdiario.info\/magazine\/wp-json\/wp\/v2\/tags?post=1706"}],"curies":[{"name":"wp","href":"https:\/\/api.w.org\/{rel}","templated":true}]}}