{"id":1704,"date":"2025-05-24T14:10:34","date_gmt":"2025-05-24T13:10:34","guid":{"rendered":"https:\/\/blogdiario.info\/magazine\/?p=1704"},"modified":"2025-05-24T14:10:35","modified_gmt":"2025-05-24T13:10:35","slug":"e-cannes-resto-al-buio-ma-la-palma-continua-a-brillare","status":"publish","type":"post","link":"https:\/\/blogdiario.info\/magazine\/2025\/05\/24\/e-cannes-resto-al-buio-ma-la-palma-continua-a-brillare\/","title":{"rendered":"E Cannes rest\u00f2 al buio\u2026 ma la Palma continua a brillare"},"content":{"rendered":"\n<figure class=\"wp-block-image size-full\"><img loading=\"lazy\" decoding=\"async\" width=\"600\" height=\"400\" src=\"https:\/\/blogdiario.info\/magazine\/images\/2025\/05\/Cannes_1.png\" alt=\"\" class=\"wp-image-1705\" srcset=\"https:\/\/blogdiario.info\/magazine\/images\/2025\/05\/Cannes_1.png 600w, https:\/\/blogdiario.info\/magazine\/images\/2025\/05\/Cannes_1-300x200.png 300w\" sizes=\"auto, (max-width: 600px) 100vw, 600px\" \/><\/figure>\n\n\n\n<p><strong>BlogDiario.info<\/strong><br>Cannes, 24\/&#8217;5\/2025<br>A Cannes non manca mai il dramma. Stavolta non si tratta di uno scandalo sul red carpet, n\u00e9 di un regista in sciopero o di una protesta con striscioni. No. \u00c8 stata l\u2019oscurit\u00e0 stessa a voler calcare la scena.<\/p>\n\n\n\n<p>Da ore, tutta la zona costiera \u2014 Antibes inclusa \u2014 \u00e8 al buio: blackout totale. Hotel di lusso, boutique e ristoranti sono fuori servizio. L\u2019unico faro di luce? Il Palais du Festival, che funziona grazie a un generatore autonomo. Un dettaglio che ci ricorda che, quando si tratta di premiare, lo spettacolo deve continuare\u2026 anche a pedali.<\/p>\n\n\n\n<p>Fuori dal Palais le proiezioni sono state sospese, mentre i turisti si aggirano smarriti come in un film di Truffaut versione zombie chic. Ma tranquilli: la Palma d\u2019Oro \u00e8 al sicuro e sar\u00e0 consegnata con la solita solennit\u00e0 elettrica.<br><br><small>\u00a92025 Ermanno Esposimetrico \u2013 ha una luce dentro (ma \u00e8 tarata male). All Rights Reserved<br>Copyright \u00a9 2025 ElCanillita.info \/ BlogDiario.info \/ SalaStampa.eu, world press service<br>Guzzo Photos &amp; Graphic Publications \u2013 Registro Editori e Stampatori n. 1441 Torino, Italia<\/small><\/p>\n\n\n\n<p><br><\/p>\n","protected":false},"excerpt":{"rendered":"<p>Ore prima della cerimonia di chiusura del 78\u00b0 Festival di Cannes, un blackout ha oscurato la glamour C\u00f4te d\u2019Azur. Hotel senza luce, turisti spaesati e proiezioni interrotte.<\/p>\n","protected":false},"author":1,"featured_media":1705,"comment_status":"closed","ping_status":"closed","sticky":false,"template":"","format":"standard","meta":{"footnotes":"","_links_to":"","_links_to_target":""},"categories":[61,14,20],"tags":[107],"class_list":["post-1704","post","type-post","status-publish","format-standard","has-post-thumbnail","hentry","category-attualita","category-cultura-ita","category-societa","tag-francia","entry","rows"],"yoast_head":"<!-- This site is optimized with the Yoast SEO plugin v27.4 - https:\/\/yoast.com\/product\/yoast-seo-wordpress\/ -->\n<title>E Cannes rest\u00f2 al buio\u2026 ma la Palma continua a brillare - BlogDiario Magazine<\/title>\n<meta name=\"robots\" content=\"index, follow, max-snippet:-1, max-image-preview:large, max-video-preview:-1\" \/>\n<link rel=\"canonical\" href=\"https:\/\/blogdiario.info\/magazine\/2025\/05\/24\/e-cannes-resto-al-buio-ma-la-palma-continua-a-brillare\/\" \/>\n<meta property=\"og:locale\" content=\"es_ES\" \/>\n<meta property=\"og:type\" content=\"article\" \/>\n<meta property=\"og:title\" content=\"E Cannes rest\u00f2 al buio\u2026 ma la Palma continua a brillare - BlogDiario Magazine\" \/>\n<meta property=\"og:description\" content=\"Ore prima della cerimonia di chiusura del 78\u00b0 Festival di Cannes, un blackout ha oscurato la glamour C\u00f4te d\u2019Azur. Hotel senza luce, turisti spaesati e proiezioni interrotte.\" \/>\n<meta property=\"og:url\" content=\"https:\/\/blogdiario.info\/magazine\/2025\/05\/24\/e-cannes-resto-al-buio-ma-la-palma-continua-a-brillare\/\" \/>\n<meta property=\"og:site_name\" content=\"BlogDiario Magazine\" \/>\n<meta property=\"article:published_time\" content=\"2025-05-24T13:10:34+00:00\" \/>\n<meta property=\"article:modified_time\" content=\"2025-05-24T13:10:35+00:00\" \/>\n<meta property=\"og:image\" content=\"https:\/\/blogdiario.info\/magazine\/images\/2025\/05\/Cannes_1.png\" \/>\n\t<meta property=\"og:image:width\" content=\"600\" \/>\n\t<meta property=\"og:image:height\" content=\"400\" \/>\n\t<meta property=\"og:image:type\" content=\"image\/png\" \/>\n<meta name=\"author\" content=\"World Press Service | Servicio de Prensa Mundial\" \/>\n<meta name=\"twitter:card\" content=\"summary_large_image\" \/>\n<meta name=\"twitter:label1\" content=\"Escrito por\" \/>\n\t<meta name=\"twitter:data1\" content=\"World Press Service | Servicio de Prensa Mundial\" \/>\n\t<meta name=\"twitter:label2\" content=\"Tiempo de lectura\" \/>\n\t<meta name=\"twitter:data2\" content=\"2 minutos\" \/>\n<script type=\"application\/ld+json\" class=\"yoast-schema-graph\">{\"@context\":\"https:\\\/\\\/schema.org\",\"@graph\":[{\"@type\":\"Article\",\"@id\":\"https:\\\/\\\/blogdiario.info\\\/magazine\\\/2025\\\/05\\\/24\\\/e-cannes-resto-al-buio-ma-la-palma-continua-a-brillare\\\/#article\",\"isPartOf\":{\"@id\":\"https:\\\/\\\/blogdiario.info\\\/magazine\\\/2025\\\/05\\\/24\\\/e-cannes-resto-al-buio-ma-la-palma-continua-a-brillare\\\/\"},\"author\":{\"name\":\"World Press Service | Servicio de Prensa Mundial\",\"@id\":\"https:\\\/\\\/blogdiario.info\\\/magazine\\\/#\\\/schema\\\/person\\\/b2422fe85574d945bad55513bb0c7354\"},\"headline\":\"E Cannes rest\u00f2 al buio\u2026 ma la Palma continua a brillare\",\"datePublished\":\"2025-05-24T13:10:34+00:00\",\"dateModified\":\"2025-05-24T13:10:35+00:00\",\"mainEntityOfPage\":{\"@id\":\"https:\\\/\\\/blogdiario.info\\\/magazine\\\/2025\\\/05\\\/24\\\/e-cannes-resto-al-buio-ma-la-palma-continua-a-brillare\\\/\"},\"wordCount\":179,\"publisher\":{\"@id\":\"https:\\\/\\\/blogdiario.info\\\/magazine\\\/#organization\"},\"image\":{\"@id\":\"https:\\\/\\\/blogdiario.info\\\/magazine\\\/2025\\\/05\\\/24\\\/e-cannes-resto-al-buio-ma-la-palma-continua-a-brillare\\\/#primaryimage\"},\"thumbnailUrl\":\"https:\\\/\\\/blogdiario.info\\\/magazine\\\/images\\\/2025\\\/05\\\/Cannes_1.png\",\"keywords\":[\"Francia\"],\"articleSection\":[\"Attualit\u00e0\",\"Cultura\",\"Societ\u00e0\"],\"inLanguage\":\"es-AR\"},{\"@type\":\"WebPage\",\"@id\":\"https:\\\/\\\/blogdiario.info\\\/magazine\\\/2025\\\/05\\\/24\\\/e-cannes-resto-al-buio-ma-la-palma-continua-a-brillare\\\/\",\"url\":\"https:\\\/\\\/blogdiario.info\\\/magazine\\\/2025\\\/05\\\/24\\\/e-cannes-resto-al-buio-ma-la-palma-continua-a-brillare\\\/\",\"name\":\"E Cannes rest\u00f2 al buio\u2026 ma la Palma continua a brillare - BlogDiario Magazine\",\"isPartOf\":{\"@id\":\"https:\\\/\\\/blogdiario.info\\\/magazine\\\/#website\"},\"primaryImageOfPage\":{\"@id\":\"https:\\\/\\\/blogdiario.info\\\/magazine\\\/2025\\\/05\\\/24\\\/e-cannes-resto-al-buio-ma-la-palma-continua-a-brillare\\\/#primaryimage\"},\"image\":{\"@id\":\"https:\\\/\\\/blogdiario.info\\\/magazine\\\/2025\\\/05\\\/24\\\/e-cannes-resto-al-buio-ma-la-palma-continua-a-brillare\\\/#primaryimage\"},\"thumbnailUrl\":\"https:\\\/\\\/blogdiario.info\\\/magazine\\\/images\\\/2025\\\/05\\\/Cannes_1.png\",\"datePublished\":\"2025-05-24T13:10:34+00:00\",\"dateModified\":\"2025-05-24T13:10:35+00:00\",\"breadcrumb\":{\"@id\":\"https:\\\/\\\/blogdiario.info\\\/magazine\\\/2025\\\/05\\\/24\\\/e-cannes-resto-al-buio-ma-la-palma-continua-a-brillare\\\/#breadcrumb\"},\"inLanguage\":\"es-AR\",\"potentialAction\":[{\"@type\":\"ReadAction\",\"target\":[\"https:\\\/\\\/blogdiario.info\\\/magazine\\\/2025\\\/05\\\/24\\\/e-cannes-resto-al-buio-ma-la-palma-continua-a-brillare\\\/\"]}]},{\"@type\":\"ImageObject\",\"inLanguage\":\"es-AR\",\"@id\":\"https:\\\/\\\/blogdiario.info\\\/magazine\\\/2025\\\/05\\\/24\\\/e-cannes-resto-al-buio-ma-la-palma-continua-a-brillare\\\/#primaryimage\",\"url\":\"https:\\\/\\\/blogdiario.info\\\/magazine\\\/images\\\/2025\\\/05\\\/Cannes_1.png\",\"contentUrl\":\"https:\\\/\\\/blogdiario.info\\\/magazine\\\/images\\\/2025\\\/05\\\/Cannes_1.png\",\"width\":600,\"height\":400},{\"@type\":\"BreadcrumbList\",\"@id\":\"https:\\\/\\\/blogdiario.info\\\/magazine\\\/2025\\\/05\\\/24\\\/e-cannes-resto-al-buio-ma-la-palma-continua-a-brillare\\\/#breadcrumb\",\"itemListElement\":[{\"@type\":\"ListItem\",\"position\":1,\"name\":\"Home\",\"item\":\"https:\\\/\\\/blogdiario.info\\\/magazine\\\/\"},{\"@type\":\"ListItem\",\"position\":2,\"name\":\"E Cannes rest\u00f2 al buio\u2026 ma la Palma continua a brillare\"}]},{\"@type\":\"WebSite\",\"@id\":\"https:\\\/\\\/blogdiario.info\\\/magazine\\\/#website\",\"url\":\"https:\\\/\\\/blogdiario.info\\\/magazine\\\/\",\"name\":\"BlogDiario Magazine\",\"description\":\"Suplemento multiling\u00fce de ElCanillita.Info\",\"publisher\":{\"@id\":\"https:\\\/\\\/blogdiario.info\\\/magazine\\\/#organization\"},\"potentialAction\":[{\"@type\":\"SearchAction\",\"target\":{\"@type\":\"EntryPoint\",\"urlTemplate\":\"https:\\\/\\\/blogdiario.info\\\/magazine\\\/?s={search_term_string}\"},\"query-input\":{\"@type\":\"PropertyValueSpecification\",\"valueRequired\":true,\"valueName\":\"search_term_string\"}}],\"inLanguage\":\"es-AR\"},{\"@type\":\"Organization\",\"@id\":\"https:\\\/\\\/blogdiario.info\\\/magazine\\\/#organization\",\"name\":\"Guzzo Photos & Graphic Publications\",\"url\":\"https:\\\/\\\/blogdiario.info\\\/magazine\\\/\",\"logo\":{\"@type\":\"ImageObject\",\"inLanguage\":\"es-AR\",\"@id\":\"https:\\\/\\\/blogdiario.info\\\/magazine\\\/#\\\/schema\\\/logo\\\/image\\\/\",\"url\":\"https:\\\/\\\/blogdiario.info\\\/magazine\\\/images\\\/2020\\\/01\\\/cropped-blogdia_magazine.jpg\",\"contentUrl\":\"https:\\\/\\\/blogdiario.info\\\/magazine\\\/images\\\/2020\\\/01\\\/cropped-blogdia_magazine.jpg\",\"width\":589,\"height\":55,\"caption\":\"Guzzo Photos & Graphic Publications\"},\"image\":{\"@id\":\"https:\\\/\\\/blogdiario.info\\\/magazine\\\/#\\\/schema\\\/logo\\\/image\\\/\"}},{\"@type\":\"Person\",\"@id\":\"https:\\\/\\\/blogdiario.info\\\/magazine\\\/#\\\/schema\\\/person\\\/b2422fe85574d945bad55513bb0c7354\",\"name\":\"World Press Service | Servicio de Prensa Mundial\"}]}<\/script>\n<!-- \/ Yoast SEO plugin. -->","yoast_head_json":{"title":"E Cannes rest\u00f2 al buio\u2026 ma la Palma continua a brillare - BlogDiario Magazine","robots":{"index":"index","follow":"follow","max-snippet":"max-snippet:-1","max-image-preview":"max-image-preview:large","max-video-preview":"max-video-preview:-1"},"canonical":"https:\/\/blogdiario.info\/magazine\/2025\/05\/24\/e-cannes-resto-al-buio-ma-la-palma-continua-a-brillare\/","og_locale":"es_ES","og_type":"article","og_title":"E Cannes rest\u00f2 al buio\u2026 ma la Palma continua a brillare - BlogDiario Magazine","og_description":"Ore prima della cerimonia di chiusura del 78\u00b0 Festival di Cannes, un blackout ha oscurato la glamour C\u00f4te d\u2019Azur. Hotel senza luce, turisti spaesati e proiezioni interrotte.","og_url":"https:\/\/blogdiario.info\/magazine\/2025\/05\/24\/e-cannes-resto-al-buio-ma-la-palma-continua-a-brillare\/","og_site_name":"BlogDiario Magazine","article_published_time":"2025-05-24T13:10:34+00:00","article_modified_time":"2025-05-24T13:10:35+00:00","og_image":[{"width":600,"height":400,"url":"https:\/\/blogdiario.info\/magazine\/images\/2025\/05\/Cannes_1.png","type":"image\/png"}],"author":"World Press Service | Servicio de Prensa Mundial","twitter_card":"summary_large_image","twitter_misc":{"Escrito por":"World Press Service | Servicio de Prensa Mundial","Tiempo de lectura":"2 minutos"},"schema":{"@context":"https:\/\/schema.org","@graph":[{"@type":"Article","@id":"https:\/\/blogdiario.info\/magazine\/2025\/05\/24\/e-cannes-resto-al-buio-ma-la-palma-continua-a-brillare\/#article","isPartOf":{"@id":"https:\/\/blogdiario.info\/magazine\/2025\/05\/24\/e-cannes-resto-al-buio-ma-la-palma-continua-a-brillare\/"},"author":{"name":"World Press Service | Servicio de Prensa Mundial","@id":"https:\/\/blogdiario.info\/magazine\/#\/schema\/person\/b2422fe85574d945bad55513bb0c7354"},"headline":"E Cannes rest\u00f2 al buio\u2026 ma la Palma continua a brillare","datePublished":"2025-05-24T13:10:34+00:00","dateModified":"2025-05-24T13:10:35+00:00","mainEntityOfPage":{"@id":"https:\/\/blogdiario.info\/magazine\/2025\/05\/24\/e-cannes-resto-al-buio-ma-la-palma-continua-a-brillare\/"},"wordCount":179,"publisher":{"@id":"https:\/\/blogdiario.info\/magazine\/#organization"},"image":{"@id":"https:\/\/blogdiario.info\/magazine\/2025\/05\/24\/e-cannes-resto-al-buio-ma-la-palma-continua-a-brillare\/#primaryimage"},"thumbnailUrl":"https:\/\/blogdiario.info\/magazine\/images\/2025\/05\/Cannes_1.png","keywords":["Francia"],"articleSection":["Attualit\u00e0","Cultura","Societ\u00e0"],"inLanguage":"es-AR"},{"@type":"WebPage","@id":"https:\/\/blogdiario.info\/magazine\/2025\/05\/24\/e-cannes-resto-al-buio-ma-la-palma-continua-a-brillare\/","url":"https:\/\/blogdiario.info\/magazine\/2025\/05\/24\/e-cannes-resto-al-buio-ma-la-palma-continua-a-brillare\/","name":"E Cannes rest\u00f2 al buio\u2026 ma la Palma continua a brillare - BlogDiario Magazine","isPartOf":{"@id":"https:\/\/blogdiario.info\/magazine\/#website"},"primaryImageOfPage":{"@id":"https:\/\/blogdiario.info\/magazine\/2025\/05\/24\/e-cannes-resto-al-buio-ma-la-palma-continua-a-brillare\/#primaryimage"},"image":{"@id":"https:\/\/blogdiario.info\/magazine\/2025\/05\/24\/e-cannes-resto-al-buio-ma-la-palma-continua-a-brillare\/#primaryimage"},"thumbnailUrl":"https:\/\/blogdiario.info\/magazine\/images\/2025\/05\/Cannes_1.png","datePublished":"2025-05-24T13:10:34+00:00","dateModified":"2025-05-24T13:10:35+00:00","breadcrumb":{"@id":"https:\/\/blogdiario.info\/magazine\/2025\/05\/24\/e-cannes-resto-al-buio-ma-la-palma-continua-a-brillare\/#breadcrumb"},"inLanguage":"es-AR","potentialAction":[{"@type":"ReadAction","target":["https:\/\/blogdiario.info\/magazine\/2025\/05\/24\/e-cannes-resto-al-buio-ma-la-palma-continua-a-brillare\/"]}]},{"@type":"ImageObject","inLanguage":"es-AR","@id":"https:\/\/blogdiario.info\/magazine\/2025\/05\/24\/e-cannes-resto-al-buio-ma-la-palma-continua-a-brillare\/#primaryimage","url":"https:\/\/blogdiario.info\/magazine\/images\/2025\/05\/Cannes_1.png","contentUrl":"https:\/\/blogdiario.info\/magazine\/images\/2025\/05\/Cannes_1.png","width":600,"height":400},{"@type":"BreadcrumbList","@id":"https:\/\/blogdiario.info\/magazine\/2025\/05\/24\/e-cannes-resto-al-buio-ma-la-palma-continua-a-brillare\/#breadcrumb","itemListElement":[{"@type":"ListItem","position":1,"name":"Home","item":"https:\/\/blogdiario.info\/magazine\/"},{"@type":"ListItem","position":2,"name":"E Cannes rest\u00f2 al buio\u2026 ma la Palma continua a brillare"}]},{"@type":"WebSite","@id":"https:\/\/blogdiario.info\/magazine\/#website","url":"https:\/\/blogdiario.info\/magazine\/","name":"BlogDiario Magazine","description":"Suplemento multiling\u00fce de ElCanillita.Info","publisher":{"@id":"https:\/\/blogdiario.info\/magazine\/#organization"},"potentialAction":[{"@type":"SearchAction","target":{"@type":"EntryPoint","urlTemplate":"https:\/\/blogdiario.info\/magazine\/?s={search_term_string}"},"query-input":{"@type":"PropertyValueSpecification","valueRequired":true,"valueName":"search_term_string"}}],"inLanguage":"es-AR"},{"@type":"Organization","@id":"https:\/\/blogdiario.info\/magazine\/#organization","name":"Guzzo Photos & Graphic Publications","url":"https:\/\/blogdiario.info\/magazine\/","logo":{"@type":"ImageObject","inLanguage":"es-AR","@id":"https:\/\/blogdiario.info\/magazine\/#\/schema\/logo\/image\/","url":"https:\/\/blogdiario.info\/magazine\/images\/2020\/01\/cropped-blogdia_magazine.jpg","contentUrl":"https:\/\/blogdiario.info\/magazine\/images\/2020\/01\/cropped-blogdia_magazine.jpg","width":589,"height":55,"caption":"Guzzo Photos & Graphic Publications"},"image":{"@id":"https:\/\/blogdiario.info\/magazine\/#\/schema\/logo\/image\/"}},{"@type":"Person","@id":"https:\/\/blogdiario.info\/magazine\/#\/schema\/person\/b2422fe85574d945bad55513bb0c7354","name":"World Press Service | Servicio de Prensa Mundial"}]}},"views":260,"_links":{"self":[{"href":"https:\/\/blogdiario.info\/magazine\/wp-json\/wp\/v2\/posts\/1704","targetHints":{"allow":["GET"]}}],"collection":[{"href":"https:\/\/blogdiario.info\/magazine\/wp-json\/wp\/v2\/posts"}],"about":[{"href":"https:\/\/blogdiario.info\/magazine\/wp-json\/wp\/v2\/types\/post"}],"author":[{"embeddable":true,"href":"https:\/\/blogdiario.info\/magazine\/wp-json\/wp\/v2\/users\/1"}],"replies":[{"embeddable":true,"href":"https:\/\/blogdiario.info\/magazine\/wp-json\/wp\/v2\/comments?post=1704"}],"version-history":[{"count":0,"href":"https:\/\/blogdiario.info\/magazine\/wp-json\/wp\/v2\/posts\/1704\/revisions"}],"wp:featuredmedia":[{"embeddable":true,"href":"https:\/\/blogdiario.info\/magazine\/wp-json\/wp\/v2\/media\/1705"}],"wp:attachment":[{"href":"https:\/\/blogdiario.info\/magazine\/wp-json\/wp\/v2\/media?parent=1704"}],"wp:term":[{"taxonomy":"category","embeddable":true,"href":"https:\/\/blogdiario.info\/magazine\/wp-json\/wp\/v2\/categories?post=1704"},{"taxonomy":"post_tag","embeddable":true,"href":"https:\/\/blogdiario.info\/magazine\/wp-json\/wp\/v2\/tags?post=1704"}],"curies":[{"name":"wp","href":"https:\/\/api.w.org\/{rel}","templated":true}]}}