{"id":1693,"date":"2025-05-22T13:54:07","date_gmt":"2025-05-22T12:54:07","guid":{"rendered":"https:\/\/blogdiario.info\/magazine\/?p=1693"},"modified":"2025-05-22T13:54:21","modified_gmt":"2025-05-22T12:54:21","slug":"milei-e-il-mistero-dellutero-cospiratore","status":"publish","type":"post","link":"https:\/\/blogdiario.info\/magazine\/2025\/05\/22\/milei-e-il-mistero-dellutero-cospiratore\/","title":{"rendered":"Milei e il mistero dell\u2019utero cospiratore"},"content":{"rendered":"<div class=\"wp-block-image\">\n<figure class=\"alignleft size-full is-resized\"><img loading=\"lazy\" decoding=\"async\" width=\"400\" height=\"600\" src=\"https:\/\/blogdiario.info\/magazine\/images\/2025\/05\/milmat_20250521.jpeg\" alt=\"\" class=\"wp-image-1690\" style=\"width:321px;height:auto\" srcset=\"https:\/\/blogdiario.info\/magazine\/images\/2025\/05\/milmat_20250521.jpeg 400w, https:\/\/blogdiario.info\/magazine\/images\/2025\/05\/milmat_20250521-200x300.jpeg 200w\" sizes=\"auto, (max-width: 400px) 100vw, 400px\" \/><\/figure><\/div>\n\n\n<p><strong>BlogDiario.info<\/strong><br>Argentina, <small>22\/05\/2025<\/small><br>Il presidente argentino Javier Milei ha sorpreso ancora una volta \u2014anche se ormai non sorprende pi\u00f9 nessuno\u2014 con una delle sue frasi da laboratorio di Twitter:<br>\u201cHanno esagerato con l\u2019attacco alla famiglia, alle due vite, e ora lo stiamo pagando con il calo del tasso di natalit\u00e0\u201d, ha dichiarato al vertice AmCham, davanti alla Camera di Commercio statunitense in Argentina.<\/p>\n\n\n\n<p>S\u00ec, avete letto bene. Per Milei, il calo della natalit\u00e0 in Argentina non \u00e8 dovuto all\u2019inflazione, alla disoccupazione, all\u2019affitto impossibile n\u00e9 alla mancanza di futuro, bens\u00ec\u2026 alla legalizzazione dell\u2019aborto.<\/p>\n\n\n\n<p>Con la sicurezza di chi scopre un complotto ginecologico nazionale, il Presidente ha lanciato questa perla senza battere ciglio. Come se gli uteri delle donne argentine fossero cellule sovversive infiltrate dal progressismo globale, decise a non generare pi\u00f9 cittadini libertari. Come se la legge sull\u2019Interruzione Volontaria della Gravidanza (IVE), approvata nel 2020 dopo anni di lotte, fosse la causa per cui migliaia di giovani oggi non vogliono, non possono o non osano diventare genitori.<\/p>\n\n\n\n<p>Ma lasciamo stare le favolette e parliamo di dati.<\/p>\n\n\n\n<p>Il mondo intero fa meno figli<\/p>\n\n\n\n<p>Giappone, Germania, Corea del Sud, Italia, Spagna, Canada\u2026 Paesi dove l\u2019aborto \u00e8 legale \u2014o no\u2014 e tutti mostrano un calo sistematico della natalit\u00e0. Il fenomeno non si chiama \u201caborto legale\u201d, ma trasformazione sociale, economica e culturale.<\/p>\n\n\n\n<p>Avere figli oggi \u00e8 un lusso. O un azzardo. O entrambe le cose. Chi, in buona fede, si lancia nell\u2019avventura della genitorialit\u00e0 con stipendi insufficienti, affitti proibitivi e un sistema sanitario al collasso?<\/p>\n\n\n\n<p>Ma Milei, invece di guardare l\u2019insieme, preferisce guardare l\u2019utero, come se l\u00ec si trovasse il nemico. Perch\u00e9 \u00e8 pi\u00f9 facile accusare una legge che interrogarsi sulle conseguenze reali del proprio modello economico. \u00c8 pi\u00f9 comodo punire le scelte personali che assumersi responsabilit\u00e0 collettive.<\/p>\n\n\n\n<p>E la famiglia?<\/p>\n\n\n\n<p>Parla di \u201cattacco alla famiglia\u201d, ma sotto il suo governo i bilanci per istruzione, sanit\u00e0, programmi materno-infantili e politiche di assistenza sono stati tagliati o smantellati. Quale famiglia si rafforza cos\u00ec?<\/p>\n\n\n\n<p>Che tipo di difesa della \u201cvita\u201d \u00e8 quella che non garantisce nemmeno una in condizioni dignitose?<\/p>\n\n\n\n<p>Conclusione:<br>Il calo della natalit\u00e0 non \u00e8 il risultato di una guerra ideologica, ma di una realt\u00e0 in cui la vita quotidiana \u00e8 diventata insostenibile. Il problema non sta nell\u2019utero, ma nella testa: quella del Presidente, che continua a credere che governare sia fare sermoni per i social.<br><br><small>\u00a92025 Don Click al Bal\u00f4n \u2013 il prete del vintage che fotografa solo ci\u00f2 che ha almeno 50 anni.<br>Copyright \u00a9 2025 BlogDiario.info \/ SalaStampa.eu, world press service<br>Guzzo Photos &amp; Graphic Publications \u2013 Registro Editori e Stampatori n. 1441 Torino, Italia<\/small><\/p>\n","protected":false},"excerpt":{"rendered":"<p>Per Milei, il calo della natalit\u00e0 in Argentina \u00e8 dovuto alla legalizzazione dell\u2019aborto.<\/p>\n","protected":false},"author":1,"featured_media":1691,"comment_status":"closed","ping_status":"closed","sticky":false,"template":"","format":"standard","meta":{"footnotes":"","_links_to":"","_links_to_target":""},"categories":[61,15,18,20],"tags":[23],"class_list":["post-1693","post","type-post","status-publish","format-standard","has-post-thumbnail","hentry","category-attualita","category-economia-ita","category-politica-ita","category-societa","tag-argentina","entry","rows"],"yoast_head":"<!-- This site is optimized with the Yoast SEO plugin v27.4 - https:\/\/yoast.com\/product\/yoast-seo-wordpress\/ -->\n<title>Milei e il mistero dell\u2019utero cospiratore - BlogDiario Magazine<\/title>\n<meta name=\"robots\" content=\"index, follow, max-snippet:-1, max-image-preview:large, max-video-preview:-1\" \/>\n<link rel=\"canonical\" href=\"https:\/\/blogdiario.info\/magazine\/2025\/05\/22\/milei-e-il-mistero-dellutero-cospiratore\/\" \/>\n<meta property=\"og:locale\" content=\"es_ES\" \/>\n<meta property=\"og:type\" content=\"article\" \/>\n<meta property=\"og:title\" content=\"Milei e il mistero dell\u2019utero cospiratore - BlogDiario Magazine\" \/>\n<meta property=\"og:description\" content=\"Per Milei, il calo della natalit\u00e0 in Argentina \u00e8 dovuto alla legalizzazione dell\u2019aborto.\" \/>\n<meta property=\"og:url\" content=\"https:\/\/blogdiario.info\/magazine\/2025\/05\/22\/milei-e-il-mistero-dellutero-cospiratore\/\" \/>\n<meta property=\"og:site_name\" content=\"BlogDiario Magazine\" \/>\n<meta property=\"article:published_time\" content=\"2025-05-22T12:54:07+00:00\" \/>\n<meta property=\"article:modified_time\" content=\"2025-05-22T12:54:21+00:00\" \/>\n<meta property=\"og:image\" content=\"https:\/\/blogdiario.info\/magazine\/images\/2025\/05\/milmatcover_20250521.jpeg\" \/>\n\t<meta property=\"og:image:width\" content=\"600\" \/>\n\t<meta property=\"og:image:height\" content=\"400\" \/>\n\t<meta property=\"og:image:type\" content=\"image\/jpeg\" \/>\n<meta name=\"author\" content=\"World Press Service | Servicio de Prensa Mundial\" \/>\n<meta name=\"twitter:card\" content=\"summary_large_image\" \/>\n<meta name=\"twitter:label1\" content=\"Escrito por\" \/>\n\t<meta name=\"twitter:data1\" content=\"World Press Service | Servicio de Prensa Mundial\" \/>\n\t<meta name=\"twitter:label2\" content=\"Tiempo de lectura\" \/>\n\t<meta name=\"twitter:data2\" content=\"3 minutos\" \/>\n<script type=\"application\/ld+json\" class=\"yoast-schema-graph\">{\"@context\":\"https:\\\/\\\/schema.org\",\"@graph\":[{\"@type\":\"Article\",\"@id\":\"https:\\\/\\\/blogdiario.info\\\/magazine\\\/2025\\\/05\\\/22\\\/milei-e-il-mistero-dellutero-cospiratore\\\/#article\",\"isPartOf\":{\"@id\":\"https:\\\/\\\/blogdiario.info\\\/magazine\\\/2025\\\/05\\\/22\\\/milei-e-il-mistero-dellutero-cospiratore\\\/\"},\"author\":{\"name\":\"World Press Service | Servicio de Prensa Mundial\",\"@id\":\"https:\\\/\\\/blogdiario.info\\\/magazine\\\/#\\\/schema\\\/person\\\/b2422fe85574d945bad55513bb0c7354\"},\"headline\":\"Milei e il mistero dell\u2019utero cospiratore\",\"datePublished\":\"2025-05-22T12:54:07+00:00\",\"dateModified\":\"2025-05-22T12:54:21+00:00\",\"mainEntityOfPage\":{\"@id\":\"https:\\\/\\\/blogdiario.info\\\/magazine\\\/2025\\\/05\\\/22\\\/milei-e-il-mistero-dellutero-cospiratore\\\/\"},\"wordCount\":435,\"publisher\":{\"@id\":\"https:\\\/\\\/blogdiario.info\\\/magazine\\\/#organization\"},\"image\":{\"@id\":\"https:\\\/\\\/blogdiario.info\\\/magazine\\\/2025\\\/05\\\/22\\\/milei-e-il-mistero-dellutero-cospiratore\\\/#primaryimage\"},\"thumbnailUrl\":\"https:\\\/\\\/blogdiario.info\\\/magazine\\\/images\\\/2025\\\/05\\\/milmatcover_20250521.jpeg\",\"keywords\":[\"Argentina\"],\"articleSection\":[\"Attualit\u00e0\",\"Economia\",\"Politica\",\"Societ\u00e0\"],\"inLanguage\":\"es-AR\"},{\"@type\":\"WebPage\",\"@id\":\"https:\\\/\\\/blogdiario.info\\\/magazine\\\/2025\\\/05\\\/22\\\/milei-e-il-mistero-dellutero-cospiratore\\\/\",\"url\":\"https:\\\/\\\/blogdiario.info\\\/magazine\\\/2025\\\/05\\\/22\\\/milei-e-il-mistero-dellutero-cospiratore\\\/\",\"name\":\"Milei e il mistero dell\u2019utero cospiratore - BlogDiario Magazine\",\"isPartOf\":{\"@id\":\"https:\\\/\\\/blogdiario.info\\\/magazine\\\/#website\"},\"primaryImageOfPage\":{\"@id\":\"https:\\\/\\\/blogdiario.info\\\/magazine\\\/2025\\\/05\\\/22\\\/milei-e-il-mistero-dellutero-cospiratore\\\/#primaryimage\"},\"image\":{\"@id\":\"https:\\\/\\\/blogdiario.info\\\/magazine\\\/2025\\\/05\\\/22\\\/milei-e-il-mistero-dellutero-cospiratore\\\/#primaryimage\"},\"thumbnailUrl\":\"https:\\\/\\\/blogdiario.info\\\/magazine\\\/images\\\/2025\\\/05\\\/milmatcover_20250521.jpeg\",\"datePublished\":\"2025-05-22T12:54:07+00:00\",\"dateModified\":\"2025-05-22T12:54:21+00:00\",\"breadcrumb\":{\"@id\":\"https:\\\/\\\/blogdiario.info\\\/magazine\\\/2025\\\/05\\\/22\\\/milei-e-il-mistero-dellutero-cospiratore\\\/#breadcrumb\"},\"inLanguage\":\"es-AR\",\"potentialAction\":[{\"@type\":\"ReadAction\",\"target\":[\"https:\\\/\\\/blogdiario.info\\\/magazine\\\/2025\\\/05\\\/22\\\/milei-e-il-mistero-dellutero-cospiratore\\\/\"]}]},{\"@type\":\"ImageObject\",\"inLanguage\":\"es-AR\",\"@id\":\"https:\\\/\\\/blogdiario.info\\\/magazine\\\/2025\\\/05\\\/22\\\/milei-e-il-mistero-dellutero-cospiratore\\\/#primaryimage\",\"url\":\"https:\\\/\\\/blogdiario.info\\\/magazine\\\/images\\\/2025\\\/05\\\/milmatcover_20250521.jpeg\",\"contentUrl\":\"https:\\\/\\\/blogdiario.info\\\/magazine\\\/images\\\/2025\\\/05\\\/milmatcover_20250521.jpeg\",\"width\":600,\"height\":400},{\"@type\":\"BreadcrumbList\",\"@id\":\"https:\\\/\\\/blogdiario.info\\\/magazine\\\/2025\\\/05\\\/22\\\/milei-e-il-mistero-dellutero-cospiratore\\\/#breadcrumb\",\"itemListElement\":[{\"@type\":\"ListItem\",\"position\":1,\"name\":\"Home\",\"item\":\"https:\\\/\\\/blogdiario.info\\\/magazine\\\/\"},{\"@type\":\"ListItem\",\"position\":2,\"name\":\"Milei e il mistero dell\u2019utero cospiratore\"}]},{\"@type\":\"WebSite\",\"@id\":\"https:\\\/\\\/blogdiario.info\\\/magazine\\\/#website\",\"url\":\"https:\\\/\\\/blogdiario.info\\\/magazine\\\/\",\"name\":\"BlogDiario Magazine\",\"description\":\"Suplemento multiling\u00fce de ElCanillita.Info\",\"publisher\":{\"@id\":\"https:\\\/\\\/blogdiario.info\\\/magazine\\\/#organization\"},\"potentialAction\":[{\"@type\":\"SearchAction\",\"target\":{\"@type\":\"EntryPoint\",\"urlTemplate\":\"https:\\\/\\\/blogdiario.info\\\/magazine\\\/?s={search_term_string}\"},\"query-input\":{\"@type\":\"PropertyValueSpecification\",\"valueRequired\":true,\"valueName\":\"search_term_string\"}}],\"inLanguage\":\"es-AR\"},{\"@type\":\"Organization\",\"@id\":\"https:\\\/\\\/blogdiario.info\\\/magazine\\\/#organization\",\"name\":\"Guzzo Photos & Graphic Publications\",\"url\":\"https:\\\/\\\/blogdiario.info\\\/magazine\\\/\",\"logo\":{\"@type\":\"ImageObject\",\"inLanguage\":\"es-AR\",\"@id\":\"https:\\\/\\\/blogdiario.info\\\/magazine\\\/#\\\/schema\\\/logo\\\/image\\\/\",\"url\":\"https:\\\/\\\/blogdiario.info\\\/magazine\\\/images\\\/2020\\\/01\\\/cropped-blogdia_magazine.jpg\",\"contentUrl\":\"https:\\\/\\\/blogdiario.info\\\/magazine\\\/images\\\/2020\\\/01\\\/cropped-blogdia_magazine.jpg\",\"width\":589,\"height\":55,\"caption\":\"Guzzo Photos & Graphic Publications\"},\"image\":{\"@id\":\"https:\\\/\\\/blogdiario.info\\\/magazine\\\/#\\\/schema\\\/logo\\\/image\\\/\"}},{\"@type\":\"Person\",\"@id\":\"https:\\\/\\\/blogdiario.info\\\/magazine\\\/#\\\/schema\\\/person\\\/b2422fe85574d945bad55513bb0c7354\",\"name\":\"World Press Service | Servicio de Prensa Mundial\"}]}<\/script>\n<!-- \/ Yoast SEO plugin. -->","yoast_head_json":{"title":"Milei e il mistero dell\u2019utero cospiratore - BlogDiario Magazine","robots":{"index":"index","follow":"follow","max-snippet":"max-snippet:-1","max-image-preview":"max-image-preview:large","max-video-preview":"max-video-preview:-1"},"canonical":"https:\/\/blogdiario.info\/magazine\/2025\/05\/22\/milei-e-il-mistero-dellutero-cospiratore\/","og_locale":"es_ES","og_type":"article","og_title":"Milei e il mistero dell\u2019utero cospiratore - BlogDiario Magazine","og_description":"Per Milei, il calo della natalit\u00e0 in Argentina \u00e8 dovuto alla legalizzazione dell\u2019aborto.","og_url":"https:\/\/blogdiario.info\/magazine\/2025\/05\/22\/milei-e-il-mistero-dellutero-cospiratore\/","og_site_name":"BlogDiario Magazine","article_published_time":"2025-05-22T12:54:07+00:00","article_modified_time":"2025-05-22T12:54:21+00:00","og_image":[{"width":600,"height":400,"url":"https:\/\/blogdiario.info\/magazine\/images\/2025\/05\/milmatcover_20250521.jpeg","type":"image\/jpeg"}],"author":"World Press Service | Servicio de Prensa Mundial","twitter_card":"summary_large_image","twitter_misc":{"Escrito por":"World Press Service | Servicio de Prensa Mundial","Tiempo de lectura":"3 minutos"},"schema":{"@context":"https:\/\/schema.org","@graph":[{"@type":"Article","@id":"https:\/\/blogdiario.info\/magazine\/2025\/05\/22\/milei-e-il-mistero-dellutero-cospiratore\/#article","isPartOf":{"@id":"https:\/\/blogdiario.info\/magazine\/2025\/05\/22\/milei-e-il-mistero-dellutero-cospiratore\/"},"author":{"name":"World Press Service | Servicio de Prensa Mundial","@id":"https:\/\/blogdiario.info\/magazine\/#\/schema\/person\/b2422fe85574d945bad55513bb0c7354"},"headline":"Milei e il mistero dell\u2019utero cospiratore","datePublished":"2025-05-22T12:54:07+00:00","dateModified":"2025-05-22T12:54:21+00:00","mainEntityOfPage":{"@id":"https:\/\/blogdiario.info\/magazine\/2025\/05\/22\/milei-e-il-mistero-dellutero-cospiratore\/"},"wordCount":435,"publisher":{"@id":"https:\/\/blogdiario.info\/magazine\/#organization"},"image":{"@id":"https:\/\/blogdiario.info\/magazine\/2025\/05\/22\/milei-e-il-mistero-dellutero-cospiratore\/#primaryimage"},"thumbnailUrl":"https:\/\/blogdiario.info\/magazine\/images\/2025\/05\/milmatcover_20250521.jpeg","keywords":["Argentina"],"articleSection":["Attualit\u00e0","Economia","Politica","Societ\u00e0"],"inLanguage":"es-AR"},{"@type":"WebPage","@id":"https:\/\/blogdiario.info\/magazine\/2025\/05\/22\/milei-e-il-mistero-dellutero-cospiratore\/","url":"https:\/\/blogdiario.info\/magazine\/2025\/05\/22\/milei-e-il-mistero-dellutero-cospiratore\/","name":"Milei e il mistero dell\u2019utero cospiratore - BlogDiario Magazine","isPartOf":{"@id":"https:\/\/blogdiario.info\/magazine\/#website"},"primaryImageOfPage":{"@id":"https:\/\/blogdiario.info\/magazine\/2025\/05\/22\/milei-e-il-mistero-dellutero-cospiratore\/#primaryimage"},"image":{"@id":"https:\/\/blogdiario.info\/magazine\/2025\/05\/22\/milei-e-il-mistero-dellutero-cospiratore\/#primaryimage"},"thumbnailUrl":"https:\/\/blogdiario.info\/magazine\/images\/2025\/05\/milmatcover_20250521.jpeg","datePublished":"2025-05-22T12:54:07+00:00","dateModified":"2025-05-22T12:54:21+00:00","breadcrumb":{"@id":"https:\/\/blogdiario.info\/magazine\/2025\/05\/22\/milei-e-il-mistero-dellutero-cospiratore\/#breadcrumb"},"inLanguage":"es-AR","potentialAction":[{"@type":"ReadAction","target":["https:\/\/blogdiario.info\/magazine\/2025\/05\/22\/milei-e-il-mistero-dellutero-cospiratore\/"]}]},{"@type":"ImageObject","inLanguage":"es-AR","@id":"https:\/\/blogdiario.info\/magazine\/2025\/05\/22\/milei-e-il-mistero-dellutero-cospiratore\/#primaryimage","url":"https:\/\/blogdiario.info\/magazine\/images\/2025\/05\/milmatcover_20250521.jpeg","contentUrl":"https:\/\/blogdiario.info\/magazine\/images\/2025\/05\/milmatcover_20250521.jpeg","width":600,"height":400},{"@type":"BreadcrumbList","@id":"https:\/\/blogdiario.info\/magazine\/2025\/05\/22\/milei-e-il-mistero-dellutero-cospiratore\/#breadcrumb","itemListElement":[{"@type":"ListItem","position":1,"name":"Home","item":"https:\/\/blogdiario.info\/magazine\/"},{"@type":"ListItem","position":2,"name":"Milei e il mistero dell\u2019utero cospiratore"}]},{"@type":"WebSite","@id":"https:\/\/blogdiario.info\/magazine\/#website","url":"https:\/\/blogdiario.info\/magazine\/","name":"BlogDiario Magazine","description":"Suplemento multiling\u00fce de ElCanillita.Info","publisher":{"@id":"https:\/\/blogdiario.info\/magazine\/#organization"},"potentialAction":[{"@type":"SearchAction","target":{"@type":"EntryPoint","urlTemplate":"https:\/\/blogdiario.info\/magazine\/?s={search_term_string}"},"query-input":{"@type":"PropertyValueSpecification","valueRequired":true,"valueName":"search_term_string"}}],"inLanguage":"es-AR"},{"@type":"Organization","@id":"https:\/\/blogdiario.info\/magazine\/#organization","name":"Guzzo Photos & Graphic Publications","url":"https:\/\/blogdiario.info\/magazine\/","logo":{"@type":"ImageObject","inLanguage":"es-AR","@id":"https:\/\/blogdiario.info\/magazine\/#\/schema\/logo\/image\/","url":"https:\/\/blogdiario.info\/magazine\/images\/2020\/01\/cropped-blogdia_magazine.jpg","contentUrl":"https:\/\/blogdiario.info\/magazine\/images\/2020\/01\/cropped-blogdia_magazine.jpg","width":589,"height":55,"caption":"Guzzo Photos & Graphic Publications"},"image":{"@id":"https:\/\/blogdiario.info\/magazine\/#\/schema\/logo\/image\/"}},{"@type":"Person","@id":"https:\/\/blogdiario.info\/magazine\/#\/schema\/person\/b2422fe85574d945bad55513bb0c7354","name":"World Press Service | Servicio de Prensa Mundial"}]}},"views":258,"_links":{"self":[{"href":"https:\/\/blogdiario.info\/magazine\/wp-json\/wp\/v2\/posts\/1693","targetHints":{"allow":["GET"]}}],"collection":[{"href":"https:\/\/blogdiario.info\/magazine\/wp-json\/wp\/v2\/posts"}],"about":[{"href":"https:\/\/blogdiario.info\/magazine\/wp-json\/wp\/v2\/types\/post"}],"author":[{"embeddable":true,"href":"https:\/\/blogdiario.info\/magazine\/wp-json\/wp\/v2\/users\/1"}],"replies":[{"embeddable":true,"href":"https:\/\/blogdiario.info\/magazine\/wp-json\/wp\/v2\/comments?post=1693"}],"version-history":[{"count":0,"href":"https:\/\/blogdiario.info\/magazine\/wp-json\/wp\/v2\/posts\/1693\/revisions"}],"wp:featuredmedia":[{"embeddable":true,"href":"https:\/\/blogdiario.info\/magazine\/wp-json\/wp\/v2\/media\/1691"}],"wp:attachment":[{"href":"https:\/\/blogdiario.info\/magazine\/wp-json\/wp\/v2\/media?parent=1693"}],"wp:term":[{"taxonomy":"category","embeddable":true,"href":"https:\/\/blogdiario.info\/magazine\/wp-json\/wp\/v2\/categories?post=1693"},{"taxonomy":"post_tag","embeddable":true,"href":"https:\/\/blogdiario.info\/magazine\/wp-json\/wp\/v2\/tags?post=1693"}],"curies":[{"name":"wp","href":"https:\/\/api.w.org\/{rel}","templated":true}]}}