{"id":1689,"date":"2025-05-22T12:30:24","date_gmt":"2025-05-22T11:30:24","guid":{"rendered":"https:\/\/blogdiario.info\/magazine\/?p=1689"},"modified":"2025-05-22T12:30:25","modified_gmt":"2025-05-22T11:30:25","slug":"milei-et-le-mystere-de-luterus-conspirateur","status":"publish","type":"post","link":"https:\/\/blogdiario.info\/magazine\/2025\/05\/22\/milei-et-le-mystere-de-luterus-conspirateur\/","title":{"rendered":"Milei et le myst\u00e8re de l\u2019ut\u00e9rus conspirateur"},"content":{"rendered":"<div class=\"wp-block-image\">\n<figure class=\"alignleft size-full is-resized\"><img loading=\"lazy\" decoding=\"async\" width=\"400\" height=\"600\" src=\"https:\/\/blogdiario.info\/magazine\/images\/2025\/05\/milmat_20250521.jpeg\" alt=\"\" class=\"wp-image-1690\" style=\"width:364px;height:auto\" srcset=\"https:\/\/blogdiario.info\/magazine\/images\/2025\/05\/milmat_20250521.jpeg 400w, https:\/\/blogdiario.info\/magazine\/images\/2025\/05\/milmat_20250521-200x300.jpeg 200w\" sizes=\"auto, (max-width: 400px) 100vw, 400px\" \/><\/figure><\/div>\n\n\n<p><strong>La Voix du Trottoir<\/strong><br>Argentina, <small>22\/05\/2025<\/small><br>Le pr\u00e9sident argentin Javier Milei a encore frapp\u00e9 \u2014m\u00eame si, \u00e0 ce stade, plus rien ne surprend\u2014 en d\u00e9clarant sans sourciller :<br>\u00ab Ils sont all\u00e9s trop loin dans l\u2019attaque contre la famille, contre les deux vies, et maintenant nous payons le prix avec une baisse du taux de natalit\u00e9 \u00bb, lors du sommet AmCham, devant la Chambre de commerce des \u00c9tats-Unis en Argentine.<\/p>\n\n\n\n<p>Oui, vous avez bien lu. Pour Milei, la baisse de la natalit\u00e9 en Argentine ne serait pas due \u00e0 l\u2019inflation, au ch\u00f4mage, \u00e0 la crise du logement ou \u00e0 l\u2019absence d\u2019avenir, mais\u2026 \u00e0 la l\u00e9galisation de l\u2019avortement.<\/p>\n\n\n\n<p>Avec le ton solennel de celui qui croit d\u00e9voiler un complot gyn\u00e9cologique, le pr\u00e9sident a prononc\u00e9 sa sentence. Comme si les ut\u00e9rus des femmes argentines s\u2019\u00e9taient ligu\u00e9s contre la patrie, manipul\u00e9s par un progressisme international d\u00e9cid\u00e9 \u00e0 ne plus produire de libertariens. Comme si la loi sur l\u2019Interruption Volontaire de Grossesse (IVE), vot\u00e9e en 2020 apr\u00e8s des d\u00e9cennies de lutte, \u00e9tait responsable du fait que tant de jeunes ne veulent ou ne peuvent plus avoir d\u2019enfants.<\/p>\n\n\n\n<p>Mais passons au r\u00e9el.<\/p>\n\n\n\n<p>Le monde entier fait moins d\u2019enfants<\/p>\n\n\n\n<p>Japon, Allemagne, Cor\u00e9e du Sud, Italie, Espagne, Canada\u2026 des pays o\u00f9 l\u2019avortement est l\u00e9gal \u2014ou non\u2014 et tous connaissent une baisse structurelle de la natalit\u00e9. Ce ph\u00e9nom\u00e8ne ne s\u2019appelle pas \u201cavortement l\u00e9gal\u201d, mais changement \u00e9conomique, social et culturel.<\/p>\n\n\n\n<p>Faire des enfants est devenu un luxe. Ou un saut dans le vide. Ou les deux. Qui, en toute lucidit\u00e9, se lance aujourd\u2019hui dans la parentalit\u00e9 avec des salaires pr\u00e9caires, des loyers d\u00e9lirants et un syst\u00e8me de sant\u00e9 \u00e0 genoux ?<\/p>\n\n\n\n<p>Mais au lieu de regarder la r\u00e9alit\u00e9 en face, Milei pr\u00e9f\u00e8re scruter l\u2019ut\u00e9rus, comme si l\u2019ennemi s\u2019y cachait. Car il est plus simple d\u2019accuser une loi que d\u2019assumer les cons\u00e9quences de son propre mod\u00e8le \u00e9conomique. C\u2019est plus confortable de juger les choix individuels que d\u2019assumer des responsabilit\u00e9s collectives.<\/p>\n\n\n\n<p>Et la famille alors ?<\/p>\n\n\n\n<p>Il parle d\u2019\u201cattaque contre la famille\u201d, mais sous son gouvernement, les budgets pour l\u2019\u00e9ducation, la sant\u00e9, les politiques maternelles et les services de soins ont \u00e9t\u00e9 r\u00e9duits \u00e0 peau de chagrin. Quelle famille peut se construire dans ces conditions ?<\/p>\n\n\n\n<p>Quel genre de d\u00e9fense de la \u201cvie\u201d propose un \u00c9tat qui ne garantit m\u00eame pas une seule dans des conditions dignes ?<\/p>\n\n\n\n<p>Conclusion :<br>La chute de la natalit\u00e9 n\u2019est pas le fruit d\u2019une guerre culturelle, mais celui d\u2019une r\u00e9alit\u00e9 o\u00f9 la vie est devenue insoutenable. Le probl\u00e8me n\u2019est pas dans l\u2019ut\u00e9rus. Il est dans la t\u00eate : celle d\u2019un pr\u00e9sident qui pense encore que gouverner, c\u2019est pr\u00eacher sur un r\u00e9seau social.<br><br><small>\u00a92025 LVT &#8211; &#8220;La Voix du Trottoir&#8221;<br>All Rights Reserved<br>Copyright \u00a9 2025 ElCanillita.info \/ BlogDiario.info \/ SalaStampa.eu, world press service<br>Guzzo Photos &amp; Graphic Publications \u2013 Registro Editori e Stampatori n. 1441 Turin, Italy<\/small><\/p>\n","protected":false},"excerpt":{"rendered":"<p>Quel genre de d\u00e9fense de la \u201cvie\u201d propose un \u00c9tat qui ne garantit m\u00eame pas une seule dans des conditions dignes ?<\/p>\n","protected":false},"author":1,"featured_media":1691,"comment_status":"closed","ping_status":"closed","sticky":false,"template":"","format":"standard","meta":{"footnotes":"","_links_to":"","_links_to_target":""},"categories":[65,51,26,29,31],"tags":[23],"class_list":["post-1689","post","type-post","status-publish","format-standard","has-post-thumbnail","hentry","category-actualite","category-america-del-sud","category-economia-sujets","category-politique","category-societe","tag-argentina","entry","rows"],"yoast_head":"<!-- This site is optimized with the Yoast SEO plugin v27.4 - https:\/\/yoast.com\/product\/yoast-seo-wordpress\/ -->\n<title>Milei et le myst\u00e8re de l\u2019ut\u00e9rus conspirateur - BlogDiario Magazine<\/title>\n<meta name=\"robots\" content=\"index, follow, max-snippet:-1, max-image-preview:large, max-video-preview:-1\" \/>\n<link rel=\"canonical\" href=\"https:\/\/blogdiario.info\/magazine\/2025\/05\/22\/milei-et-le-mystere-de-luterus-conspirateur\/\" \/>\n<meta property=\"og:locale\" content=\"es_ES\" \/>\n<meta property=\"og:type\" content=\"article\" \/>\n<meta property=\"og:title\" content=\"Milei et le myst\u00e8re de l\u2019ut\u00e9rus conspirateur - BlogDiario Magazine\" \/>\n<meta property=\"og:description\" content=\"Quel genre de d\u00e9fense de la \u201cvie\u201d propose un \u00c9tat qui ne garantit m\u00eame pas une seule dans des conditions dignes ?\" \/>\n<meta property=\"og:url\" content=\"https:\/\/blogdiario.info\/magazine\/2025\/05\/22\/milei-et-le-mystere-de-luterus-conspirateur\/\" \/>\n<meta property=\"og:site_name\" content=\"BlogDiario Magazine\" \/>\n<meta property=\"article:published_time\" content=\"2025-05-22T11:30:24+00:00\" \/>\n<meta property=\"article:modified_time\" content=\"2025-05-22T11:30:25+00:00\" \/>\n<meta property=\"og:image\" content=\"https:\/\/blogdiario.info\/magazine\/images\/2025\/05\/milmatcover_20250521.jpeg\" \/>\n\t<meta property=\"og:image:width\" content=\"600\" \/>\n\t<meta property=\"og:image:height\" content=\"400\" \/>\n\t<meta property=\"og:image:type\" content=\"image\/jpeg\" \/>\n<meta name=\"author\" content=\"World Press Service | Servicio de Prensa Mundial\" \/>\n<meta name=\"twitter:card\" content=\"summary_large_image\" \/>\n<meta name=\"twitter:label1\" content=\"Escrito por\" \/>\n\t<meta name=\"twitter:data1\" content=\"World Press Service | Servicio de Prensa Mundial\" \/>\n\t<meta name=\"twitter:label2\" content=\"Tiempo de lectura\" \/>\n\t<meta name=\"twitter:data2\" content=\"3 minutos\" \/>\n<script type=\"application\/ld+json\" class=\"yoast-schema-graph\">{\"@context\":\"https:\\\/\\\/schema.org\",\"@graph\":[{\"@type\":\"Article\",\"@id\":\"https:\\\/\\\/blogdiario.info\\\/magazine\\\/2025\\\/05\\\/22\\\/milei-et-le-mystere-de-luterus-conspirateur\\\/#article\",\"isPartOf\":{\"@id\":\"https:\\\/\\\/blogdiario.info\\\/magazine\\\/2025\\\/05\\\/22\\\/milei-et-le-mystere-de-luterus-conspirateur\\\/\"},\"author\":{\"name\":\"World Press Service | Servicio de Prensa Mundial\",\"@id\":\"https:\\\/\\\/blogdiario.info\\\/magazine\\\/#\\\/schema\\\/person\\\/b2422fe85574d945bad55513bb0c7354\"},\"headline\":\"Milei et le myst\u00e8re de l\u2019ut\u00e9rus conspirateur\",\"datePublished\":\"2025-05-22T11:30:24+00:00\",\"dateModified\":\"2025-05-22T11:30:25+00:00\",\"mainEntityOfPage\":{\"@id\":\"https:\\\/\\\/blogdiario.info\\\/magazine\\\/2025\\\/05\\\/22\\\/milei-et-le-mystere-de-luterus-conspirateur\\\/\"},\"wordCount\":527,\"publisher\":{\"@id\":\"https:\\\/\\\/blogdiario.info\\\/magazine\\\/#organization\"},\"image\":{\"@id\":\"https:\\\/\\\/blogdiario.info\\\/magazine\\\/2025\\\/05\\\/22\\\/milei-et-le-mystere-de-luterus-conspirateur\\\/#primaryimage\"},\"thumbnailUrl\":\"https:\\\/\\\/blogdiario.info\\\/magazine\\\/images\\\/2025\\\/05\\\/milmatcover_20250521.jpeg\",\"keywords\":[\"Argentina\"],\"articleSection\":[\"Actualit\u00e9\",\"America del Sud\",\"\u00c9conomie\",\"Politique\",\"Soci\u00e9t\u00e9\"],\"inLanguage\":\"es-AR\"},{\"@type\":\"WebPage\",\"@id\":\"https:\\\/\\\/blogdiario.info\\\/magazine\\\/2025\\\/05\\\/22\\\/milei-et-le-mystere-de-luterus-conspirateur\\\/\",\"url\":\"https:\\\/\\\/blogdiario.info\\\/magazine\\\/2025\\\/05\\\/22\\\/milei-et-le-mystere-de-luterus-conspirateur\\\/\",\"name\":\"Milei et le myst\u00e8re de l\u2019ut\u00e9rus conspirateur - BlogDiario Magazine\",\"isPartOf\":{\"@id\":\"https:\\\/\\\/blogdiario.info\\\/magazine\\\/#website\"},\"primaryImageOfPage\":{\"@id\":\"https:\\\/\\\/blogdiario.info\\\/magazine\\\/2025\\\/05\\\/22\\\/milei-et-le-mystere-de-luterus-conspirateur\\\/#primaryimage\"},\"image\":{\"@id\":\"https:\\\/\\\/blogdiario.info\\\/magazine\\\/2025\\\/05\\\/22\\\/milei-et-le-mystere-de-luterus-conspirateur\\\/#primaryimage\"},\"thumbnailUrl\":\"https:\\\/\\\/blogdiario.info\\\/magazine\\\/images\\\/2025\\\/05\\\/milmatcover_20250521.jpeg\",\"datePublished\":\"2025-05-22T11:30:24+00:00\",\"dateModified\":\"2025-05-22T11:30:25+00:00\",\"breadcrumb\":{\"@id\":\"https:\\\/\\\/blogdiario.info\\\/magazine\\\/2025\\\/05\\\/22\\\/milei-et-le-mystere-de-luterus-conspirateur\\\/#breadcrumb\"},\"inLanguage\":\"es-AR\",\"potentialAction\":[{\"@type\":\"ReadAction\",\"target\":[\"https:\\\/\\\/blogdiario.info\\\/magazine\\\/2025\\\/05\\\/22\\\/milei-et-le-mystere-de-luterus-conspirateur\\\/\"]}]},{\"@type\":\"ImageObject\",\"inLanguage\":\"es-AR\",\"@id\":\"https:\\\/\\\/blogdiario.info\\\/magazine\\\/2025\\\/05\\\/22\\\/milei-et-le-mystere-de-luterus-conspirateur\\\/#primaryimage\",\"url\":\"https:\\\/\\\/blogdiario.info\\\/magazine\\\/images\\\/2025\\\/05\\\/milmatcover_20250521.jpeg\",\"contentUrl\":\"https:\\\/\\\/blogdiario.info\\\/magazine\\\/images\\\/2025\\\/05\\\/milmatcover_20250521.jpeg\",\"width\":600,\"height\":400},{\"@type\":\"BreadcrumbList\",\"@id\":\"https:\\\/\\\/blogdiario.info\\\/magazine\\\/2025\\\/05\\\/22\\\/milei-et-le-mystere-de-luterus-conspirateur\\\/#breadcrumb\",\"itemListElement\":[{\"@type\":\"ListItem\",\"position\":1,\"name\":\"Home\",\"item\":\"https:\\\/\\\/blogdiario.info\\\/magazine\\\/\"},{\"@type\":\"ListItem\",\"position\":2,\"name\":\"Milei et le myst\u00e8re de l\u2019ut\u00e9rus conspirateur\"}]},{\"@type\":\"WebSite\",\"@id\":\"https:\\\/\\\/blogdiario.info\\\/magazine\\\/#website\",\"url\":\"https:\\\/\\\/blogdiario.info\\\/magazine\\\/\",\"name\":\"BlogDiario Magazine\",\"description\":\"Suplemento multiling\u00fce de ElCanillita.Info\",\"publisher\":{\"@id\":\"https:\\\/\\\/blogdiario.info\\\/magazine\\\/#organization\"},\"potentialAction\":[{\"@type\":\"SearchAction\",\"target\":{\"@type\":\"EntryPoint\",\"urlTemplate\":\"https:\\\/\\\/blogdiario.info\\\/magazine\\\/?s={search_term_string}\"},\"query-input\":{\"@type\":\"PropertyValueSpecification\",\"valueRequired\":true,\"valueName\":\"search_term_string\"}}],\"inLanguage\":\"es-AR\"},{\"@type\":\"Organization\",\"@id\":\"https:\\\/\\\/blogdiario.info\\\/magazine\\\/#organization\",\"name\":\"Guzzo Photos & Graphic Publications\",\"url\":\"https:\\\/\\\/blogdiario.info\\\/magazine\\\/\",\"logo\":{\"@type\":\"ImageObject\",\"inLanguage\":\"es-AR\",\"@id\":\"https:\\\/\\\/blogdiario.info\\\/magazine\\\/#\\\/schema\\\/logo\\\/image\\\/\",\"url\":\"https:\\\/\\\/blogdiario.info\\\/magazine\\\/images\\\/2020\\\/01\\\/cropped-blogdia_magazine.jpg\",\"contentUrl\":\"https:\\\/\\\/blogdiario.info\\\/magazine\\\/images\\\/2020\\\/01\\\/cropped-blogdia_magazine.jpg\",\"width\":589,\"height\":55,\"caption\":\"Guzzo Photos & Graphic Publications\"},\"image\":{\"@id\":\"https:\\\/\\\/blogdiario.info\\\/magazine\\\/#\\\/schema\\\/logo\\\/image\\\/\"}},{\"@type\":\"Person\",\"@id\":\"https:\\\/\\\/blogdiario.info\\\/magazine\\\/#\\\/schema\\\/person\\\/b2422fe85574d945bad55513bb0c7354\",\"name\":\"World Press Service | Servicio de Prensa Mundial\"}]}<\/script>\n<!-- \/ Yoast SEO plugin. -->","yoast_head_json":{"title":"Milei et le myst\u00e8re de l\u2019ut\u00e9rus conspirateur - BlogDiario Magazine","robots":{"index":"index","follow":"follow","max-snippet":"max-snippet:-1","max-image-preview":"max-image-preview:large","max-video-preview":"max-video-preview:-1"},"canonical":"https:\/\/blogdiario.info\/magazine\/2025\/05\/22\/milei-et-le-mystere-de-luterus-conspirateur\/","og_locale":"es_ES","og_type":"article","og_title":"Milei et le myst\u00e8re de l\u2019ut\u00e9rus conspirateur - BlogDiario Magazine","og_description":"Quel genre de d\u00e9fense de la \u201cvie\u201d propose un \u00c9tat qui ne garantit m\u00eame pas une seule dans des conditions dignes ?","og_url":"https:\/\/blogdiario.info\/magazine\/2025\/05\/22\/milei-et-le-mystere-de-luterus-conspirateur\/","og_site_name":"BlogDiario Magazine","article_published_time":"2025-05-22T11:30:24+00:00","article_modified_time":"2025-05-22T11:30:25+00:00","og_image":[{"width":600,"height":400,"url":"https:\/\/blogdiario.info\/magazine\/images\/2025\/05\/milmatcover_20250521.jpeg","type":"image\/jpeg"}],"author":"World Press Service | Servicio de Prensa Mundial","twitter_card":"summary_large_image","twitter_misc":{"Escrito por":"World Press Service | Servicio de Prensa Mundial","Tiempo de lectura":"3 minutos"},"schema":{"@context":"https:\/\/schema.org","@graph":[{"@type":"Article","@id":"https:\/\/blogdiario.info\/magazine\/2025\/05\/22\/milei-et-le-mystere-de-luterus-conspirateur\/#article","isPartOf":{"@id":"https:\/\/blogdiario.info\/magazine\/2025\/05\/22\/milei-et-le-mystere-de-luterus-conspirateur\/"},"author":{"name":"World Press Service | Servicio de Prensa Mundial","@id":"https:\/\/blogdiario.info\/magazine\/#\/schema\/person\/b2422fe85574d945bad55513bb0c7354"},"headline":"Milei et le myst\u00e8re de l\u2019ut\u00e9rus conspirateur","datePublished":"2025-05-22T11:30:24+00:00","dateModified":"2025-05-22T11:30:25+00:00","mainEntityOfPage":{"@id":"https:\/\/blogdiario.info\/magazine\/2025\/05\/22\/milei-et-le-mystere-de-luterus-conspirateur\/"},"wordCount":527,"publisher":{"@id":"https:\/\/blogdiario.info\/magazine\/#organization"},"image":{"@id":"https:\/\/blogdiario.info\/magazine\/2025\/05\/22\/milei-et-le-mystere-de-luterus-conspirateur\/#primaryimage"},"thumbnailUrl":"https:\/\/blogdiario.info\/magazine\/images\/2025\/05\/milmatcover_20250521.jpeg","keywords":["Argentina"],"articleSection":["Actualit\u00e9","America del Sud","\u00c9conomie","Politique","Soci\u00e9t\u00e9"],"inLanguage":"es-AR"},{"@type":"WebPage","@id":"https:\/\/blogdiario.info\/magazine\/2025\/05\/22\/milei-et-le-mystere-de-luterus-conspirateur\/","url":"https:\/\/blogdiario.info\/magazine\/2025\/05\/22\/milei-et-le-mystere-de-luterus-conspirateur\/","name":"Milei et le myst\u00e8re de l\u2019ut\u00e9rus conspirateur - BlogDiario Magazine","isPartOf":{"@id":"https:\/\/blogdiario.info\/magazine\/#website"},"primaryImageOfPage":{"@id":"https:\/\/blogdiario.info\/magazine\/2025\/05\/22\/milei-et-le-mystere-de-luterus-conspirateur\/#primaryimage"},"image":{"@id":"https:\/\/blogdiario.info\/magazine\/2025\/05\/22\/milei-et-le-mystere-de-luterus-conspirateur\/#primaryimage"},"thumbnailUrl":"https:\/\/blogdiario.info\/magazine\/images\/2025\/05\/milmatcover_20250521.jpeg","datePublished":"2025-05-22T11:30:24+00:00","dateModified":"2025-05-22T11:30:25+00:00","breadcrumb":{"@id":"https:\/\/blogdiario.info\/magazine\/2025\/05\/22\/milei-et-le-mystere-de-luterus-conspirateur\/#breadcrumb"},"inLanguage":"es-AR","potentialAction":[{"@type":"ReadAction","target":["https:\/\/blogdiario.info\/magazine\/2025\/05\/22\/milei-et-le-mystere-de-luterus-conspirateur\/"]}]},{"@type":"ImageObject","inLanguage":"es-AR","@id":"https:\/\/blogdiario.info\/magazine\/2025\/05\/22\/milei-et-le-mystere-de-luterus-conspirateur\/#primaryimage","url":"https:\/\/blogdiario.info\/magazine\/images\/2025\/05\/milmatcover_20250521.jpeg","contentUrl":"https:\/\/blogdiario.info\/magazine\/images\/2025\/05\/milmatcover_20250521.jpeg","width":600,"height":400},{"@type":"BreadcrumbList","@id":"https:\/\/blogdiario.info\/magazine\/2025\/05\/22\/milei-et-le-mystere-de-luterus-conspirateur\/#breadcrumb","itemListElement":[{"@type":"ListItem","position":1,"name":"Home","item":"https:\/\/blogdiario.info\/magazine\/"},{"@type":"ListItem","position":2,"name":"Milei et le myst\u00e8re de l\u2019ut\u00e9rus conspirateur"}]},{"@type":"WebSite","@id":"https:\/\/blogdiario.info\/magazine\/#website","url":"https:\/\/blogdiario.info\/magazine\/","name":"BlogDiario Magazine","description":"Suplemento multiling\u00fce de ElCanillita.Info","publisher":{"@id":"https:\/\/blogdiario.info\/magazine\/#organization"},"potentialAction":[{"@type":"SearchAction","target":{"@type":"EntryPoint","urlTemplate":"https:\/\/blogdiario.info\/magazine\/?s={search_term_string}"},"query-input":{"@type":"PropertyValueSpecification","valueRequired":true,"valueName":"search_term_string"}}],"inLanguage":"es-AR"},{"@type":"Organization","@id":"https:\/\/blogdiario.info\/magazine\/#organization","name":"Guzzo Photos & Graphic Publications","url":"https:\/\/blogdiario.info\/magazine\/","logo":{"@type":"ImageObject","inLanguage":"es-AR","@id":"https:\/\/blogdiario.info\/magazine\/#\/schema\/logo\/image\/","url":"https:\/\/blogdiario.info\/magazine\/images\/2020\/01\/cropped-blogdia_magazine.jpg","contentUrl":"https:\/\/blogdiario.info\/magazine\/images\/2020\/01\/cropped-blogdia_magazine.jpg","width":589,"height":55,"caption":"Guzzo Photos & Graphic Publications"},"image":{"@id":"https:\/\/blogdiario.info\/magazine\/#\/schema\/logo\/image\/"}},{"@type":"Person","@id":"https:\/\/blogdiario.info\/magazine\/#\/schema\/person\/b2422fe85574d945bad55513bb0c7354","name":"World Press Service | Servicio de Prensa Mundial"}]}},"views":348,"_links":{"self":[{"href":"https:\/\/blogdiario.info\/magazine\/wp-json\/wp\/v2\/posts\/1689","targetHints":{"allow":["GET"]}}],"collection":[{"href":"https:\/\/blogdiario.info\/magazine\/wp-json\/wp\/v2\/posts"}],"about":[{"href":"https:\/\/blogdiario.info\/magazine\/wp-json\/wp\/v2\/types\/post"}],"author":[{"embeddable":true,"href":"https:\/\/blogdiario.info\/magazine\/wp-json\/wp\/v2\/users\/1"}],"replies":[{"embeddable":true,"href":"https:\/\/blogdiario.info\/magazine\/wp-json\/wp\/v2\/comments?post=1689"}],"version-history":[{"count":0,"href":"https:\/\/blogdiario.info\/magazine\/wp-json\/wp\/v2\/posts\/1689\/revisions"}],"wp:featuredmedia":[{"embeddable":true,"href":"https:\/\/blogdiario.info\/magazine\/wp-json\/wp\/v2\/media\/1691"}],"wp:attachment":[{"href":"https:\/\/blogdiario.info\/magazine\/wp-json\/wp\/v2\/media?parent=1689"}],"wp:term":[{"taxonomy":"category","embeddable":true,"href":"https:\/\/blogdiario.info\/magazine\/wp-json\/wp\/v2\/categories?post=1689"},{"taxonomy":"post_tag","embeddable":true,"href":"https:\/\/blogdiario.info\/magazine\/wp-json\/wp\/v2\/tags?post=1689"}],"curies":[{"name":"wp","href":"https:\/\/api.w.org\/{rel}","templated":true}]}}