{"id":1683,"date":"2025-05-21T19:26:37","date_gmt":"2025-05-21T18:26:37","guid":{"rendered":"https:\/\/blogdiario.info\/magazine\/?p=1683"},"modified":"2025-05-21T19:29:58","modified_gmt":"2025-05-21T18:29:58","slug":"cuando-las-armas-sustituyen-al-protocolo","status":"publish","type":"post","link":"https:\/\/blogdiario.info\/magazine\/2025\/05\/21\/cuando-las-armas-sustituyen-al-protocolo\/","title":{"rendered":"Cuando las armas sustituyen al protocolo"},"content":{"rendered":"\n<figure class=\"wp-block-image size-full\"><img loading=\"lazy\" decoding=\"async\" width=\"600\" height=\"400\" src=\"https:\/\/blogdiario.info\/magazine\/images\/2025\/05\/MpJen_20250521.jpeg\" alt=\"\" class=\"wp-image-1679\" srcset=\"https:\/\/blogdiario.info\/magazine\/images\/2025\/05\/MpJen_20250521.jpeg 600w, https:\/\/blogdiario.info\/magazine\/images\/2025\/05\/MpJen_20250521-300x200.jpeg 300w\" sizes=\"auto, (max-width: 600px) 100vw, 600px\" \/><\/figure>\n\n\n\n<p><strong>BlogDiario.info<\/strong><br>Jenin, Cisjordania, <small>21\/05\/2025<\/small><br>Una unidad del ej\u00e9rcito israel\u00ed (IDF) dispar\u00f3 al aire durante la visita de una delegaci\u00f3n diplom\u00e1tica compuesta por 25 representantes internacionales, incluidos diplom\u00e1ticos de Europa, China, Jap\u00f3n, India y el vicec\u00f3nsul italiano en Jerusal\u00e9n, Alessandro Tutino. El hecho, ocurrido durante una misi\u00f3n de observaci\u00f3n en una zona hist\u00f3ricamente conflictiva, provoc\u00f3 p\u00e1nico entre los asistentes.<\/p>\n\n\n\n<p>No hubo heridos. Pero el incidente no puede considerarse menor.<\/p>\n\n\n\n<p>Disparar cerca de una comitiva diplom\u00e1tica no es un simple exceso de celo: es una violaci\u00f3n directa del principio de inviolabilidad diplom\u00e1tica, uno de los pilares m\u00e1s b\u00e1sicos del derecho internacional. El ej\u00e9rcito israel\u00ed, como cualquier fuerza militar profesional, sabe perfectamente c\u00f3mo reconocer una misi\u00f3n oficial. Si aun as\u00ed dispara \u2014aunque sea al aire\u2014 frente a ella, lo hace sabiendo que el impacto pol\u00edtico ser\u00e1 inmediato.<\/p>\n\n\n\n<p>Italia y Francia han convocado a los respectivos embajadores de Israel en Roma y Par\u00eds para exigir explicaciones. Un paso correcto, aunque insuficiente si no se acompa\u00f1a de acciones concretas. Porque cuando se dispara frente a diplom\u00e1ticos, no s\u00f3lo hay balas: hay un mensaje.<\/p>\n\n\n\n<p>Y ese mensaje \u2014consciente o no\u2014 es preocupante: en ciertos territorios, incluso la observaci\u00f3n internacional puede ser considerada una intromisi\u00f3n.<\/p>\n\n\n\n<p>En tiempos donde la tensi\u00f3n regional alcanza niveles extremos, hechos como este no deben relativizarse. No importa la bandera, la religi\u00f3n o la causa: la inmunidad diplom\u00e1tica no puede estar sujeta al ruido de las armas.<br><br>\u00a92025 \u201cPapel y Tinta\u201d &#8211; Todos los derechos reservados<br>Copyright \u00a9 2025 ElCanillita.info \/ BlogDiario.info \/ SalaStampa.eu, servicio mundial de prensa<br>Guzzo Photos &amp; Graphic Publications \u2013 Registro Editori e Stampatori n. 1441 Torino, Italia<\/p>\n","protected":false},"excerpt":{"rendered":"<p>No hubo heridos. Pero el incidente no puede considerarse menor.<\/p>\n","protected":false},"author":1,"featured_media":1680,"comment_status":"closed","ping_status":"closed","sticky":false,"template":"","format":"standard","meta":{"footnotes":"","_links_to":"","_links_to_target":""},"categories":[62,54,41],"tags":[],"class_list":["post-1683","post","type-post","status-publish","format-standard","has-post-thumbnail","hentry","category-actualidad","category-medio-oriente","category-politica-esp","entry","rows"],"yoast_head":"<!-- This site is optimized with the Yoast SEO plugin v27.4 - https:\/\/yoast.com\/product\/yoast-seo-wordpress\/ -->\n<title>Cuando las armas sustituyen al protocolo - BlogDiario Magazine<\/title>\n<meta name=\"robots\" content=\"index, follow, max-snippet:-1, max-image-preview:large, max-video-preview:-1\" \/>\n<link rel=\"canonical\" href=\"https:\/\/blogdiario.info\/magazine\/2025\/05\/21\/cuando-las-armas-sustituyen-al-protocolo\/\" \/>\n<meta property=\"og:locale\" content=\"es_ES\" \/>\n<meta property=\"og:type\" content=\"article\" \/>\n<meta property=\"og:title\" content=\"Cuando las armas sustituyen al protocolo - BlogDiario Magazine\" \/>\n<meta property=\"og:description\" content=\"No hubo heridos. Pero el incidente no puede considerarse menor.\" \/>\n<meta property=\"og:url\" content=\"https:\/\/blogdiario.info\/magazine\/2025\/05\/21\/cuando-las-armas-sustituyen-al-protocolo\/\" \/>\n<meta property=\"og:site_name\" content=\"BlogDiario Magazine\" \/>\n<meta property=\"article:published_time\" content=\"2025-05-21T18:26:37+00:00\" \/>\n<meta property=\"article:modified_time\" content=\"2025-05-21T18:29:58+00:00\" \/>\n<meta property=\"og:image\" content=\"https:\/\/blogdiario.info\/magazine\/images\/2025\/05\/Jen_20250521.jpeg\" \/>\n\t<meta property=\"og:image:width\" content=\"600\" \/>\n\t<meta property=\"og:image:height\" content=\"400\" \/>\n\t<meta property=\"og:image:type\" content=\"image\/jpeg\" \/>\n<meta name=\"author\" content=\"World Press Service | Servicio de Prensa Mundial\" \/>\n<meta name=\"twitter:card\" content=\"summary_large_image\" \/>\n<meta name=\"twitter:label1\" content=\"Escrito por\" \/>\n\t<meta name=\"twitter:data1\" content=\"World Press Service | Servicio de Prensa Mundial\" \/>\n\t<meta name=\"twitter:label2\" content=\"Tiempo de lectura\" \/>\n\t<meta name=\"twitter:data2\" content=\"2 minutos\" \/>\n<script type=\"application\/ld+json\" class=\"yoast-schema-graph\">{\"@context\":\"https:\\\/\\\/schema.org\",\"@graph\":[{\"@type\":\"Article\",\"@id\":\"https:\\\/\\\/blogdiario.info\\\/magazine\\\/2025\\\/05\\\/21\\\/cuando-las-armas-sustituyen-al-protocolo\\\/#article\",\"isPartOf\":{\"@id\":\"https:\\\/\\\/blogdiario.info\\\/magazine\\\/2025\\\/05\\\/21\\\/cuando-las-armas-sustituyen-al-protocolo\\\/\"},\"author\":{\"name\":\"World Press Service | Servicio de Prensa Mundial\",\"@id\":\"https:\\\/\\\/blogdiario.info\\\/magazine\\\/#\\\/schema\\\/person\\\/b2422fe85574d945bad55513bb0c7354\"},\"headline\":\"Cuando las armas sustituyen al protocolo\",\"datePublished\":\"2025-05-21T18:26:37+00:00\",\"dateModified\":\"2025-05-21T18:29:58+00:00\",\"mainEntityOfPage\":{\"@id\":\"https:\\\/\\\/blogdiario.info\\\/magazine\\\/2025\\\/05\\\/21\\\/cuando-las-armas-sustituyen-al-protocolo\\\/\"},\"wordCount\":297,\"publisher\":{\"@id\":\"https:\\\/\\\/blogdiario.info\\\/magazine\\\/#organization\"},\"image\":{\"@id\":\"https:\\\/\\\/blogdiario.info\\\/magazine\\\/2025\\\/05\\\/21\\\/cuando-las-armas-sustituyen-al-protocolo\\\/#primaryimage\"},\"thumbnailUrl\":\"https:\\\/\\\/blogdiario.info\\\/magazine\\\/images\\\/2025\\\/05\\\/Jen_20250521.jpeg\",\"articleSection\":[\"Actualidad\",\"Medio Oriente\",\"Politica\"],\"inLanguage\":\"es-AR\"},{\"@type\":\"WebPage\",\"@id\":\"https:\\\/\\\/blogdiario.info\\\/magazine\\\/2025\\\/05\\\/21\\\/cuando-las-armas-sustituyen-al-protocolo\\\/\",\"url\":\"https:\\\/\\\/blogdiario.info\\\/magazine\\\/2025\\\/05\\\/21\\\/cuando-las-armas-sustituyen-al-protocolo\\\/\",\"name\":\"Cuando las armas sustituyen al protocolo - BlogDiario Magazine\",\"isPartOf\":{\"@id\":\"https:\\\/\\\/blogdiario.info\\\/magazine\\\/#website\"},\"primaryImageOfPage\":{\"@id\":\"https:\\\/\\\/blogdiario.info\\\/magazine\\\/2025\\\/05\\\/21\\\/cuando-las-armas-sustituyen-al-protocolo\\\/#primaryimage\"},\"image\":{\"@id\":\"https:\\\/\\\/blogdiario.info\\\/magazine\\\/2025\\\/05\\\/21\\\/cuando-las-armas-sustituyen-al-protocolo\\\/#primaryimage\"},\"thumbnailUrl\":\"https:\\\/\\\/blogdiario.info\\\/magazine\\\/images\\\/2025\\\/05\\\/Jen_20250521.jpeg\",\"datePublished\":\"2025-05-21T18:26:37+00:00\",\"dateModified\":\"2025-05-21T18:29:58+00:00\",\"breadcrumb\":{\"@id\":\"https:\\\/\\\/blogdiario.info\\\/magazine\\\/2025\\\/05\\\/21\\\/cuando-las-armas-sustituyen-al-protocolo\\\/#breadcrumb\"},\"inLanguage\":\"es-AR\",\"potentialAction\":[{\"@type\":\"ReadAction\",\"target\":[\"https:\\\/\\\/blogdiario.info\\\/magazine\\\/2025\\\/05\\\/21\\\/cuando-las-armas-sustituyen-al-protocolo\\\/\"]}]},{\"@type\":\"ImageObject\",\"inLanguage\":\"es-AR\",\"@id\":\"https:\\\/\\\/blogdiario.info\\\/magazine\\\/2025\\\/05\\\/21\\\/cuando-las-armas-sustituyen-al-protocolo\\\/#primaryimage\",\"url\":\"https:\\\/\\\/blogdiario.info\\\/magazine\\\/images\\\/2025\\\/05\\\/Jen_20250521.jpeg\",\"contentUrl\":\"https:\\\/\\\/blogdiario.info\\\/magazine\\\/images\\\/2025\\\/05\\\/Jen_20250521.jpeg\",\"width\":600,\"height\":400},{\"@type\":\"BreadcrumbList\",\"@id\":\"https:\\\/\\\/blogdiario.info\\\/magazine\\\/2025\\\/05\\\/21\\\/cuando-las-armas-sustituyen-al-protocolo\\\/#breadcrumb\",\"itemListElement\":[{\"@type\":\"ListItem\",\"position\":1,\"name\":\"Home\",\"item\":\"https:\\\/\\\/blogdiario.info\\\/magazine\\\/\"},{\"@type\":\"ListItem\",\"position\":2,\"name\":\"Cuando las armas sustituyen al protocolo\"}]},{\"@type\":\"WebSite\",\"@id\":\"https:\\\/\\\/blogdiario.info\\\/magazine\\\/#website\",\"url\":\"https:\\\/\\\/blogdiario.info\\\/magazine\\\/\",\"name\":\"BlogDiario Magazine\",\"description\":\"Suplemento multiling\u00fce de ElCanillita.Info\",\"publisher\":{\"@id\":\"https:\\\/\\\/blogdiario.info\\\/magazine\\\/#organization\"},\"potentialAction\":[{\"@type\":\"SearchAction\",\"target\":{\"@type\":\"EntryPoint\",\"urlTemplate\":\"https:\\\/\\\/blogdiario.info\\\/magazine\\\/?s={search_term_string}\"},\"query-input\":{\"@type\":\"PropertyValueSpecification\",\"valueRequired\":true,\"valueName\":\"search_term_string\"}}],\"inLanguage\":\"es-AR\"},{\"@type\":\"Organization\",\"@id\":\"https:\\\/\\\/blogdiario.info\\\/magazine\\\/#organization\",\"name\":\"Guzzo Photos & Graphic Publications\",\"url\":\"https:\\\/\\\/blogdiario.info\\\/magazine\\\/\",\"logo\":{\"@type\":\"ImageObject\",\"inLanguage\":\"es-AR\",\"@id\":\"https:\\\/\\\/blogdiario.info\\\/magazine\\\/#\\\/schema\\\/logo\\\/image\\\/\",\"url\":\"https:\\\/\\\/blogdiario.info\\\/magazine\\\/images\\\/2020\\\/01\\\/cropped-blogdia_magazine.jpg\",\"contentUrl\":\"https:\\\/\\\/blogdiario.info\\\/magazine\\\/images\\\/2020\\\/01\\\/cropped-blogdia_magazine.jpg\",\"width\":589,\"height\":55,\"caption\":\"Guzzo Photos & Graphic Publications\"},\"image\":{\"@id\":\"https:\\\/\\\/blogdiario.info\\\/magazine\\\/#\\\/schema\\\/logo\\\/image\\\/\"}},{\"@type\":\"Person\",\"@id\":\"https:\\\/\\\/blogdiario.info\\\/magazine\\\/#\\\/schema\\\/person\\\/b2422fe85574d945bad55513bb0c7354\",\"name\":\"World Press Service | Servicio de Prensa Mundial\"}]}<\/script>\n<!-- \/ Yoast SEO plugin. -->","yoast_head_json":{"title":"Cuando las armas sustituyen al protocolo - BlogDiario Magazine","robots":{"index":"index","follow":"follow","max-snippet":"max-snippet:-1","max-image-preview":"max-image-preview:large","max-video-preview":"max-video-preview:-1"},"canonical":"https:\/\/blogdiario.info\/magazine\/2025\/05\/21\/cuando-las-armas-sustituyen-al-protocolo\/","og_locale":"es_ES","og_type":"article","og_title":"Cuando las armas sustituyen al protocolo - BlogDiario Magazine","og_description":"No hubo heridos. Pero el incidente no puede considerarse menor.","og_url":"https:\/\/blogdiario.info\/magazine\/2025\/05\/21\/cuando-las-armas-sustituyen-al-protocolo\/","og_site_name":"BlogDiario Magazine","article_published_time":"2025-05-21T18:26:37+00:00","article_modified_time":"2025-05-21T18:29:58+00:00","og_image":[{"width":600,"height":400,"url":"https:\/\/blogdiario.info\/magazine\/images\/2025\/05\/Jen_20250521.jpeg","type":"image\/jpeg"}],"author":"World Press Service | Servicio de Prensa Mundial","twitter_card":"summary_large_image","twitter_misc":{"Escrito por":"World Press Service | Servicio de Prensa Mundial","Tiempo de lectura":"2 minutos"},"schema":{"@context":"https:\/\/schema.org","@graph":[{"@type":"Article","@id":"https:\/\/blogdiario.info\/magazine\/2025\/05\/21\/cuando-las-armas-sustituyen-al-protocolo\/#article","isPartOf":{"@id":"https:\/\/blogdiario.info\/magazine\/2025\/05\/21\/cuando-las-armas-sustituyen-al-protocolo\/"},"author":{"name":"World Press Service | Servicio de Prensa Mundial","@id":"https:\/\/blogdiario.info\/magazine\/#\/schema\/person\/b2422fe85574d945bad55513bb0c7354"},"headline":"Cuando las armas sustituyen al protocolo","datePublished":"2025-05-21T18:26:37+00:00","dateModified":"2025-05-21T18:29:58+00:00","mainEntityOfPage":{"@id":"https:\/\/blogdiario.info\/magazine\/2025\/05\/21\/cuando-las-armas-sustituyen-al-protocolo\/"},"wordCount":297,"publisher":{"@id":"https:\/\/blogdiario.info\/magazine\/#organization"},"image":{"@id":"https:\/\/blogdiario.info\/magazine\/2025\/05\/21\/cuando-las-armas-sustituyen-al-protocolo\/#primaryimage"},"thumbnailUrl":"https:\/\/blogdiario.info\/magazine\/images\/2025\/05\/Jen_20250521.jpeg","articleSection":["Actualidad","Medio Oriente","Politica"],"inLanguage":"es-AR"},{"@type":"WebPage","@id":"https:\/\/blogdiario.info\/magazine\/2025\/05\/21\/cuando-las-armas-sustituyen-al-protocolo\/","url":"https:\/\/blogdiario.info\/magazine\/2025\/05\/21\/cuando-las-armas-sustituyen-al-protocolo\/","name":"Cuando las armas sustituyen al protocolo - BlogDiario Magazine","isPartOf":{"@id":"https:\/\/blogdiario.info\/magazine\/#website"},"primaryImageOfPage":{"@id":"https:\/\/blogdiario.info\/magazine\/2025\/05\/21\/cuando-las-armas-sustituyen-al-protocolo\/#primaryimage"},"image":{"@id":"https:\/\/blogdiario.info\/magazine\/2025\/05\/21\/cuando-las-armas-sustituyen-al-protocolo\/#primaryimage"},"thumbnailUrl":"https:\/\/blogdiario.info\/magazine\/images\/2025\/05\/Jen_20250521.jpeg","datePublished":"2025-05-21T18:26:37+00:00","dateModified":"2025-05-21T18:29:58+00:00","breadcrumb":{"@id":"https:\/\/blogdiario.info\/magazine\/2025\/05\/21\/cuando-las-armas-sustituyen-al-protocolo\/#breadcrumb"},"inLanguage":"es-AR","potentialAction":[{"@type":"ReadAction","target":["https:\/\/blogdiario.info\/magazine\/2025\/05\/21\/cuando-las-armas-sustituyen-al-protocolo\/"]}]},{"@type":"ImageObject","inLanguage":"es-AR","@id":"https:\/\/blogdiario.info\/magazine\/2025\/05\/21\/cuando-las-armas-sustituyen-al-protocolo\/#primaryimage","url":"https:\/\/blogdiario.info\/magazine\/images\/2025\/05\/Jen_20250521.jpeg","contentUrl":"https:\/\/blogdiario.info\/magazine\/images\/2025\/05\/Jen_20250521.jpeg","width":600,"height":400},{"@type":"BreadcrumbList","@id":"https:\/\/blogdiario.info\/magazine\/2025\/05\/21\/cuando-las-armas-sustituyen-al-protocolo\/#breadcrumb","itemListElement":[{"@type":"ListItem","position":1,"name":"Home","item":"https:\/\/blogdiario.info\/magazine\/"},{"@type":"ListItem","position":2,"name":"Cuando las armas sustituyen al protocolo"}]},{"@type":"WebSite","@id":"https:\/\/blogdiario.info\/magazine\/#website","url":"https:\/\/blogdiario.info\/magazine\/","name":"BlogDiario Magazine","description":"Suplemento multiling\u00fce de ElCanillita.Info","publisher":{"@id":"https:\/\/blogdiario.info\/magazine\/#organization"},"potentialAction":[{"@type":"SearchAction","target":{"@type":"EntryPoint","urlTemplate":"https:\/\/blogdiario.info\/magazine\/?s={search_term_string}"},"query-input":{"@type":"PropertyValueSpecification","valueRequired":true,"valueName":"search_term_string"}}],"inLanguage":"es-AR"},{"@type":"Organization","@id":"https:\/\/blogdiario.info\/magazine\/#organization","name":"Guzzo Photos & Graphic Publications","url":"https:\/\/blogdiario.info\/magazine\/","logo":{"@type":"ImageObject","inLanguage":"es-AR","@id":"https:\/\/blogdiario.info\/magazine\/#\/schema\/logo\/image\/","url":"https:\/\/blogdiario.info\/magazine\/images\/2020\/01\/cropped-blogdia_magazine.jpg","contentUrl":"https:\/\/blogdiario.info\/magazine\/images\/2020\/01\/cropped-blogdia_magazine.jpg","width":589,"height":55,"caption":"Guzzo Photos & Graphic Publications"},"image":{"@id":"https:\/\/blogdiario.info\/magazine\/#\/schema\/logo\/image\/"}},{"@type":"Person","@id":"https:\/\/blogdiario.info\/magazine\/#\/schema\/person\/b2422fe85574d945bad55513bb0c7354","name":"World Press Service | Servicio de Prensa Mundial"}]}},"views":291,"_links":{"self":[{"href":"https:\/\/blogdiario.info\/magazine\/wp-json\/wp\/v2\/posts\/1683","targetHints":{"allow":["GET"]}}],"collection":[{"href":"https:\/\/blogdiario.info\/magazine\/wp-json\/wp\/v2\/posts"}],"about":[{"href":"https:\/\/blogdiario.info\/magazine\/wp-json\/wp\/v2\/types\/post"}],"author":[{"embeddable":true,"href":"https:\/\/blogdiario.info\/magazine\/wp-json\/wp\/v2\/users\/1"}],"replies":[{"embeddable":true,"href":"https:\/\/blogdiario.info\/magazine\/wp-json\/wp\/v2\/comments?post=1683"}],"version-history":[{"count":0,"href":"https:\/\/blogdiario.info\/magazine\/wp-json\/wp\/v2\/posts\/1683\/revisions"}],"wp:featuredmedia":[{"embeddable":true,"href":"https:\/\/blogdiario.info\/magazine\/wp-json\/wp\/v2\/media\/1680"}],"wp:attachment":[{"href":"https:\/\/blogdiario.info\/magazine\/wp-json\/wp\/v2\/media?parent=1683"}],"wp:term":[{"taxonomy":"category","embeddable":true,"href":"https:\/\/blogdiario.info\/magazine\/wp-json\/wp\/v2\/categories?post=1683"},{"taxonomy":"post_tag","embeddable":true,"href":"https:\/\/blogdiario.info\/magazine\/wp-json\/wp\/v2\/tags?post=1683"}],"curies":[{"name":"wp","href":"https:\/\/api.w.org\/{rel}","templated":true}]}}