{"id":1678,"date":"2025-05-21T18:12:28","date_gmt":"2025-05-21T17:12:28","guid":{"rendered":"https:\/\/blogdiario.info\/magazine\/?p=1678"},"modified":"2025-05-21T18:13:17","modified_gmt":"2025-05-21T17:13:17","slug":"quand-les-armes-remplacent-le-protocole","status":"publish","type":"post","link":"https:\/\/blogdiario.info\/magazine\/2025\/05\/21\/quand-les-armes-remplacent-le-protocole\/","title":{"rendered":"Quand les armes remplacent le protocole"},"content":{"rendered":"\n<figure class=\"wp-block-image size-full is-style-default\"><img loading=\"lazy\" decoding=\"async\" width=\"600\" height=\"400\" src=\"https:\/\/blogdiario.info\/magazine\/images\/2025\/05\/MpJen_20250521.jpeg\" alt=\"\" class=\"wp-image-1679\" srcset=\"https:\/\/blogdiario.info\/magazine\/images\/2025\/05\/MpJen_20250521.jpeg 600w, https:\/\/blogdiario.info\/magazine\/images\/2025\/05\/MpJen_20250521-300x200.jpeg 300w\" sizes=\"auto, (max-width: 600px) 100vw, 600px\" \/><\/figure>\n\n\n\n<p><strong>La Voix du Trottoir<\/strong><br>J\u00e9nine, Cisjordanie, 21\/05\/2025<br>Une unit\u00e9 de l\u2019arm\u00e9e isra\u00e9lienne (IDF) a tir\u00e9 en l\u2019air lors de la visite d\u2019une d\u00e9l\u00e9gation diplomatique compos\u00e9e de 25 repr\u00e9sentants internationaux, dont des diplomates europ\u00e9ens, chinois, japonais, indiens, ainsi que le vice-consul italien \u00e0 J\u00e9rusalem, Alessandro Tutino. L\u2019incident, survenu lors d\u2019une mission d\u2019observation dans une zone historiquement sensible, a sem\u00e9 la panique parmi les participants.<\/p>\n\n\n\n<p>Aucune victime n\u2019est \u00e0 d\u00e9plorer. Mais l\u2019affaire n\u2019a rien d\u2019anodin.<\/p>\n\n\n\n<p>Tirer \u00e0 proximit\u00e9 d\u2019une mission diplomatique officielle ne rel\u00e8ve pas d\u2019un exc\u00e8s de z\u00e8le : c\u2019est une violation directe du principe d\u2019inviolabilit\u00e9 diplomatique, l\u2019un des fondements du droit international. L\u2019arm\u00e9e isra\u00e9lienne, comme toute force militaire professionnelle, sait parfaitement reconna\u00eetre une d\u00e9l\u00e9gation officielle. Si elle tire n\u00e9anmoins \u2014 m\u00eame en l\u2019air \u2014 en sa pr\u00e9sence, elle le fait en toute conscience des r\u00e9percussions politiques.<\/p>\n\n\n\n<p>L\u2019Italie et la France ont convoqu\u00e9 les ambassadeurs isra\u00e9liens \u00e0 Rome et \u00e0 Paris pour demander des explications. Une d\u00e9marche n\u00e9cessaire, mais insuffisante si elle n\u2019est pas suivie de mesures concr\u00e8tes. Car lorsqu\u2019on tire devant des diplomates, il ne s\u2019agit pas seulement de balles : il s\u2019agit aussi d\u2019un signal.<\/p>\n\n\n\n<p>Et ce signal \u2014 qu\u2019il soit intentionnel ou non \u2014 est pr\u00e9occupant : dans certains territoires, m\u00eame l\u2019observation internationale semble \u00eatre per\u00e7ue comme une intrusion.<\/p>\n\n\n\n<p>\u00c0 une \u00e9poque o\u00f9 les tensions r\u00e9gionales atteignent des sommets, des actes de ce genre ne peuvent \u00eatre banalis\u00e9s. Peu importe le drapeau, la religion ou la cause : l\u2019immunit\u00e9 diplomatique ne peut \u00eatre soumise au bruit des armes.<br><br><small>\u00a92025 LVT &#8211; &#8220;La Voix du Trottoir&#8221;<br>All Rights Reserved<br>Copyright \u00a9 2025 ElCanillita.info \/ BlogDiario.info \/ SalaStampa.eu, world press service<br>Guzzo Photos &amp; Graphic Publications \u2013 Registro Editori e Stampatori n. 1441 Turin, Italy<\/small><\/p>\n","protected":false},"excerpt":{"rendered":"<p>Aucune victime n\u2019est \u00e0 d\u00e9plorer. Mais l\u2019affaire n\u2019a rien d\u2019anodin.<\/p>\n","protected":false},"author":1,"featured_media":1680,"comment_status":"closed","ping_status":"closed","sticky":false,"template":"","format":"standard","meta":{"footnotes":"","_links_to":"","_links_to_target":""},"categories":[65,136,54,29],"tags":[107],"class_list":["post-1678","post","type-post","status-publish","format-standard","has-post-thumbnail","hentry","category-actualite","category-dolores-de-la-press","category-medio-oriente","category-politique","tag-francia","entry","rows"],"yoast_head":"<!-- This site is optimized with the Yoast SEO plugin v27.4 - https:\/\/yoast.com\/product\/yoast-seo-wordpress\/ -->\n<title>Quand les armes remplacent le protocole - BlogDiario Magazine<\/title>\n<meta name=\"robots\" content=\"index, follow, max-snippet:-1, max-image-preview:large, max-video-preview:-1\" \/>\n<link rel=\"canonical\" href=\"https:\/\/blogdiario.info\/magazine\/2025\/05\/21\/quand-les-armes-remplacent-le-protocole\/\" \/>\n<meta property=\"og:locale\" content=\"es_ES\" \/>\n<meta property=\"og:type\" content=\"article\" \/>\n<meta property=\"og:title\" content=\"Quand les armes remplacent le protocole - BlogDiario Magazine\" \/>\n<meta property=\"og:description\" content=\"Aucune victime n\u2019est \u00e0 d\u00e9plorer. Mais l\u2019affaire n\u2019a rien d\u2019anodin.\" \/>\n<meta property=\"og:url\" content=\"https:\/\/blogdiario.info\/magazine\/2025\/05\/21\/quand-les-armes-remplacent-le-protocole\/\" \/>\n<meta property=\"og:site_name\" content=\"BlogDiario Magazine\" \/>\n<meta property=\"article:published_time\" content=\"2025-05-21T17:12:28+00:00\" \/>\n<meta property=\"article:modified_time\" content=\"2025-05-21T17:13:17+00:00\" \/>\n<meta property=\"og:image\" content=\"https:\/\/blogdiario.info\/magazine\/images\/2025\/05\/Jen_20250521.jpeg\" \/>\n\t<meta property=\"og:image:width\" content=\"600\" \/>\n\t<meta property=\"og:image:height\" content=\"400\" \/>\n\t<meta property=\"og:image:type\" content=\"image\/jpeg\" \/>\n<meta name=\"author\" content=\"World Press Service | Servicio de Prensa Mundial\" \/>\n<meta name=\"twitter:card\" content=\"summary_large_image\" \/>\n<meta name=\"twitter:label1\" content=\"Escrito por\" \/>\n\t<meta name=\"twitter:data1\" content=\"World Press Service | Servicio de Prensa Mundial\" \/>\n\t<meta name=\"twitter:label2\" content=\"Tiempo de lectura\" \/>\n\t<meta name=\"twitter:data2\" content=\"2 minutos\" \/>\n<script type=\"application\/ld+json\" class=\"yoast-schema-graph\">{\"@context\":\"https:\\\/\\\/schema.org\",\"@graph\":[{\"@type\":\"Article\",\"@id\":\"https:\\\/\\\/blogdiario.info\\\/magazine\\\/2025\\\/05\\\/21\\\/quand-les-armes-remplacent-le-protocole\\\/#article\",\"isPartOf\":{\"@id\":\"https:\\\/\\\/blogdiario.info\\\/magazine\\\/2025\\\/05\\\/21\\\/quand-les-armes-remplacent-le-protocole\\\/\"},\"author\":{\"name\":\"World Press Service | Servicio de Prensa Mundial\",\"@id\":\"https:\\\/\\\/blogdiario.info\\\/magazine\\\/#\\\/schema\\\/person\\\/b2422fe85574d945bad55513bb0c7354\"},\"headline\":\"Quand les armes remplacent le protocole\",\"datePublished\":\"2025-05-21T17:12:28+00:00\",\"dateModified\":\"2025-05-21T17:13:17+00:00\",\"mainEntityOfPage\":{\"@id\":\"https:\\\/\\\/blogdiario.info\\\/magazine\\\/2025\\\/05\\\/21\\\/quand-les-armes-remplacent-le-protocole\\\/\"},\"wordCount\":326,\"publisher\":{\"@id\":\"https:\\\/\\\/blogdiario.info\\\/magazine\\\/#organization\"},\"image\":{\"@id\":\"https:\\\/\\\/blogdiario.info\\\/magazine\\\/2025\\\/05\\\/21\\\/quand-les-armes-remplacent-le-protocole\\\/#primaryimage\"},\"thumbnailUrl\":\"https:\\\/\\\/blogdiario.info\\\/magazine\\\/images\\\/2025\\\/05\\\/Jen_20250521.jpeg\",\"keywords\":[\"Francia\"],\"articleSection\":[\"Actualit\u00e9\",\"Dolores de La Press\",\"Medio Oriente\",\"Politique\"],\"inLanguage\":\"es-AR\"},{\"@type\":\"WebPage\",\"@id\":\"https:\\\/\\\/blogdiario.info\\\/magazine\\\/2025\\\/05\\\/21\\\/quand-les-armes-remplacent-le-protocole\\\/\",\"url\":\"https:\\\/\\\/blogdiario.info\\\/magazine\\\/2025\\\/05\\\/21\\\/quand-les-armes-remplacent-le-protocole\\\/\",\"name\":\"Quand les armes remplacent le protocole - BlogDiario Magazine\",\"isPartOf\":{\"@id\":\"https:\\\/\\\/blogdiario.info\\\/magazine\\\/#website\"},\"primaryImageOfPage\":{\"@id\":\"https:\\\/\\\/blogdiario.info\\\/magazine\\\/2025\\\/05\\\/21\\\/quand-les-armes-remplacent-le-protocole\\\/#primaryimage\"},\"image\":{\"@id\":\"https:\\\/\\\/blogdiario.info\\\/magazine\\\/2025\\\/05\\\/21\\\/quand-les-armes-remplacent-le-protocole\\\/#primaryimage\"},\"thumbnailUrl\":\"https:\\\/\\\/blogdiario.info\\\/magazine\\\/images\\\/2025\\\/05\\\/Jen_20250521.jpeg\",\"datePublished\":\"2025-05-21T17:12:28+00:00\",\"dateModified\":\"2025-05-21T17:13:17+00:00\",\"breadcrumb\":{\"@id\":\"https:\\\/\\\/blogdiario.info\\\/magazine\\\/2025\\\/05\\\/21\\\/quand-les-armes-remplacent-le-protocole\\\/#breadcrumb\"},\"inLanguage\":\"es-AR\",\"potentialAction\":[{\"@type\":\"ReadAction\",\"target\":[\"https:\\\/\\\/blogdiario.info\\\/magazine\\\/2025\\\/05\\\/21\\\/quand-les-armes-remplacent-le-protocole\\\/\"]}]},{\"@type\":\"ImageObject\",\"inLanguage\":\"es-AR\",\"@id\":\"https:\\\/\\\/blogdiario.info\\\/magazine\\\/2025\\\/05\\\/21\\\/quand-les-armes-remplacent-le-protocole\\\/#primaryimage\",\"url\":\"https:\\\/\\\/blogdiario.info\\\/magazine\\\/images\\\/2025\\\/05\\\/Jen_20250521.jpeg\",\"contentUrl\":\"https:\\\/\\\/blogdiario.info\\\/magazine\\\/images\\\/2025\\\/05\\\/Jen_20250521.jpeg\",\"width\":600,\"height\":400},{\"@type\":\"BreadcrumbList\",\"@id\":\"https:\\\/\\\/blogdiario.info\\\/magazine\\\/2025\\\/05\\\/21\\\/quand-les-armes-remplacent-le-protocole\\\/#breadcrumb\",\"itemListElement\":[{\"@type\":\"ListItem\",\"position\":1,\"name\":\"Home\",\"item\":\"https:\\\/\\\/blogdiario.info\\\/magazine\\\/\"},{\"@type\":\"ListItem\",\"position\":2,\"name\":\"Quand les armes remplacent le protocole\"}]},{\"@type\":\"WebSite\",\"@id\":\"https:\\\/\\\/blogdiario.info\\\/magazine\\\/#website\",\"url\":\"https:\\\/\\\/blogdiario.info\\\/magazine\\\/\",\"name\":\"BlogDiario Magazine\",\"description\":\"Suplemento multiling\u00fce de ElCanillita.Info\",\"publisher\":{\"@id\":\"https:\\\/\\\/blogdiario.info\\\/magazine\\\/#organization\"},\"potentialAction\":[{\"@type\":\"SearchAction\",\"target\":{\"@type\":\"EntryPoint\",\"urlTemplate\":\"https:\\\/\\\/blogdiario.info\\\/magazine\\\/?s={search_term_string}\"},\"query-input\":{\"@type\":\"PropertyValueSpecification\",\"valueRequired\":true,\"valueName\":\"search_term_string\"}}],\"inLanguage\":\"es-AR\"},{\"@type\":\"Organization\",\"@id\":\"https:\\\/\\\/blogdiario.info\\\/magazine\\\/#organization\",\"name\":\"Guzzo Photos & Graphic Publications\",\"url\":\"https:\\\/\\\/blogdiario.info\\\/magazine\\\/\",\"logo\":{\"@type\":\"ImageObject\",\"inLanguage\":\"es-AR\",\"@id\":\"https:\\\/\\\/blogdiario.info\\\/magazine\\\/#\\\/schema\\\/logo\\\/image\\\/\",\"url\":\"https:\\\/\\\/blogdiario.info\\\/magazine\\\/images\\\/2020\\\/01\\\/cropped-blogdia_magazine.jpg\",\"contentUrl\":\"https:\\\/\\\/blogdiario.info\\\/magazine\\\/images\\\/2020\\\/01\\\/cropped-blogdia_magazine.jpg\",\"width\":589,\"height\":55,\"caption\":\"Guzzo Photos & Graphic Publications\"},\"image\":{\"@id\":\"https:\\\/\\\/blogdiario.info\\\/magazine\\\/#\\\/schema\\\/logo\\\/image\\\/\"}},{\"@type\":\"Person\",\"@id\":\"https:\\\/\\\/blogdiario.info\\\/magazine\\\/#\\\/schema\\\/person\\\/b2422fe85574d945bad55513bb0c7354\",\"name\":\"World Press Service | Servicio de Prensa Mundial\"}]}<\/script>\n<!-- \/ Yoast SEO plugin. -->","yoast_head_json":{"title":"Quand les armes remplacent le protocole - BlogDiario Magazine","robots":{"index":"index","follow":"follow","max-snippet":"max-snippet:-1","max-image-preview":"max-image-preview:large","max-video-preview":"max-video-preview:-1"},"canonical":"https:\/\/blogdiario.info\/magazine\/2025\/05\/21\/quand-les-armes-remplacent-le-protocole\/","og_locale":"es_ES","og_type":"article","og_title":"Quand les armes remplacent le protocole - BlogDiario Magazine","og_description":"Aucune victime n\u2019est \u00e0 d\u00e9plorer. Mais l\u2019affaire n\u2019a rien d\u2019anodin.","og_url":"https:\/\/blogdiario.info\/magazine\/2025\/05\/21\/quand-les-armes-remplacent-le-protocole\/","og_site_name":"BlogDiario Magazine","article_published_time":"2025-05-21T17:12:28+00:00","article_modified_time":"2025-05-21T17:13:17+00:00","og_image":[{"width":600,"height":400,"url":"https:\/\/blogdiario.info\/magazine\/images\/2025\/05\/Jen_20250521.jpeg","type":"image\/jpeg"}],"author":"World Press Service | Servicio de Prensa Mundial","twitter_card":"summary_large_image","twitter_misc":{"Escrito por":"World Press Service | Servicio de Prensa Mundial","Tiempo de lectura":"2 minutos"},"schema":{"@context":"https:\/\/schema.org","@graph":[{"@type":"Article","@id":"https:\/\/blogdiario.info\/magazine\/2025\/05\/21\/quand-les-armes-remplacent-le-protocole\/#article","isPartOf":{"@id":"https:\/\/blogdiario.info\/magazine\/2025\/05\/21\/quand-les-armes-remplacent-le-protocole\/"},"author":{"name":"World Press Service | Servicio de Prensa Mundial","@id":"https:\/\/blogdiario.info\/magazine\/#\/schema\/person\/b2422fe85574d945bad55513bb0c7354"},"headline":"Quand les armes remplacent le protocole","datePublished":"2025-05-21T17:12:28+00:00","dateModified":"2025-05-21T17:13:17+00:00","mainEntityOfPage":{"@id":"https:\/\/blogdiario.info\/magazine\/2025\/05\/21\/quand-les-armes-remplacent-le-protocole\/"},"wordCount":326,"publisher":{"@id":"https:\/\/blogdiario.info\/magazine\/#organization"},"image":{"@id":"https:\/\/blogdiario.info\/magazine\/2025\/05\/21\/quand-les-armes-remplacent-le-protocole\/#primaryimage"},"thumbnailUrl":"https:\/\/blogdiario.info\/magazine\/images\/2025\/05\/Jen_20250521.jpeg","keywords":["Francia"],"articleSection":["Actualit\u00e9","Dolores de La Press","Medio Oriente","Politique"],"inLanguage":"es-AR"},{"@type":"WebPage","@id":"https:\/\/blogdiario.info\/magazine\/2025\/05\/21\/quand-les-armes-remplacent-le-protocole\/","url":"https:\/\/blogdiario.info\/magazine\/2025\/05\/21\/quand-les-armes-remplacent-le-protocole\/","name":"Quand les armes remplacent le protocole - BlogDiario Magazine","isPartOf":{"@id":"https:\/\/blogdiario.info\/magazine\/#website"},"primaryImageOfPage":{"@id":"https:\/\/blogdiario.info\/magazine\/2025\/05\/21\/quand-les-armes-remplacent-le-protocole\/#primaryimage"},"image":{"@id":"https:\/\/blogdiario.info\/magazine\/2025\/05\/21\/quand-les-armes-remplacent-le-protocole\/#primaryimage"},"thumbnailUrl":"https:\/\/blogdiario.info\/magazine\/images\/2025\/05\/Jen_20250521.jpeg","datePublished":"2025-05-21T17:12:28+00:00","dateModified":"2025-05-21T17:13:17+00:00","breadcrumb":{"@id":"https:\/\/blogdiario.info\/magazine\/2025\/05\/21\/quand-les-armes-remplacent-le-protocole\/#breadcrumb"},"inLanguage":"es-AR","potentialAction":[{"@type":"ReadAction","target":["https:\/\/blogdiario.info\/magazine\/2025\/05\/21\/quand-les-armes-remplacent-le-protocole\/"]}]},{"@type":"ImageObject","inLanguage":"es-AR","@id":"https:\/\/blogdiario.info\/magazine\/2025\/05\/21\/quand-les-armes-remplacent-le-protocole\/#primaryimage","url":"https:\/\/blogdiario.info\/magazine\/images\/2025\/05\/Jen_20250521.jpeg","contentUrl":"https:\/\/blogdiario.info\/magazine\/images\/2025\/05\/Jen_20250521.jpeg","width":600,"height":400},{"@type":"BreadcrumbList","@id":"https:\/\/blogdiario.info\/magazine\/2025\/05\/21\/quand-les-armes-remplacent-le-protocole\/#breadcrumb","itemListElement":[{"@type":"ListItem","position":1,"name":"Home","item":"https:\/\/blogdiario.info\/magazine\/"},{"@type":"ListItem","position":2,"name":"Quand les armes remplacent le protocole"}]},{"@type":"WebSite","@id":"https:\/\/blogdiario.info\/magazine\/#website","url":"https:\/\/blogdiario.info\/magazine\/","name":"BlogDiario Magazine","description":"Suplemento multiling\u00fce de ElCanillita.Info","publisher":{"@id":"https:\/\/blogdiario.info\/magazine\/#organization"},"potentialAction":[{"@type":"SearchAction","target":{"@type":"EntryPoint","urlTemplate":"https:\/\/blogdiario.info\/magazine\/?s={search_term_string}"},"query-input":{"@type":"PropertyValueSpecification","valueRequired":true,"valueName":"search_term_string"}}],"inLanguage":"es-AR"},{"@type":"Organization","@id":"https:\/\/blogdiario.info\/magazine\/#organization","name":"Guzzo Photos & Graphic Publications","url":"https:\/\/blogdiario.info\/magazine\/","logo":{"@type":"ImageObject","inLanguage":"es-AR","@id":"https:\/\/blogdiario.info\/magazine\/#\/schema\/logo\/image\/","url":"https:\/\/blogdiario.info\/magazine\/images\/2020\/01\/cropped-blogdia_magazine.jpg","contentUrl":"https:\/\/blogdiario.info\/magazine\/images\/2020\/01\/cropped-blogdia_magazine.jpg","width":589,"height":55,"caption":"Guzzo Photos & Graphic Publications"},"image":{"@id":"https:\/\/blogdiario.info\/magazine\/#\/schema\/logo\/image\/"}},{"@type":"Person","@id":"https:\/\/blogdiario.info\/magazine\/#\/schema\/person\/b2422fe85574d945bad55513bb0c7354","name":"World Press Service | Servicio de Prensa Mundial"}]}},"views":350,"_links":{"self":[{"href":"https:\/\/blogdiario.info\/magazine\/wp-json\/wp\/v2\/posts\/1678","targetHints":{"allow":["GET"]}}],"collection":[{"href":"https:\/\/blogdiario.info\/magazine\/wp-json\/wp\/v2\/posts"}],"about":[{"href":"https:\/\/blogdiario.info\/magazine\/wp-json\/wp\/v2\/types\/post"}],"author":[{"embeddable":true,"href":"https:\/\/blogdiario.info\/magazine\/wp-json\/wp\/v2\/users\/1"}],"replies":[{"embeddable":true,"href":"https:\/\/blogdiario.info\/magazine\/wp-json\/wp\/v2\/comments?post=1678"}],"version-history":[{"count":0,"href":"https:\/\/blogdiario.info\/magazine\/wp-json\/wp\/v2\/posts\/1678\/revisions"}],"wp:featuredmedia":[{"embeddable":true,"href":"https:\/\/blogdiario.info\/magazine\/wp-json\/wp\/v2\/media\/1680"}],"wp:attachment":[{"href":"https:\/\/blogdiario.info\/magazine\/wp-json\/wp\/v2\/media?parent=1678"}],"wp:term":[{"taxonomy":"category","embeddable":true,"href":"https:\/\/blogdiario.info\/magazine\/wp-json\/wp\/v2\/categories?post=1678"},{"taxonomy":"post_tag","embeddable":true,"href":"https:\/\/blogdiario.info\/magazine\/wp-json\/wp\/v2\/tags?post=1678"}],"curies":[{"name":"wp","href":"https:\/\/api.w.org\/{rel}","templated":true}]}}