{"id":1675,"date":"2025-05-21T14:31:21","date_gmt":"2025-05-21T13:31:21","guid":{"rendered":"https:\/\/blogdiario.info\/magazine\/?p=1675"},"modified":"2025-05-21T16:20:55","modified_gmt":"2025-05-21T15:20:55","slug":"le-lodge-et-la-radio-une-carte-postale-derangeante-des-esteros-del-ibera","status":"publish","type":"post","link":"https:\/\/blogdiario.info\/magazine\/2025\/05\/21\/le-lodge-et-la-radio-une-carte-postale-derangeante-des-esteros-del-ibera\/","title":{"rendered":"\u201cLe Lodge et la Radio : une carte postale d\u00e9rangeante des Esteros del Iber\u00e1\u201d"},"content":{"rendered":"<div class=\"wp-block-image\">\n<figure class=\"alignleft size-full is-resized\"><img loading=\"lazy\" decoding=\"async\" width=\"400\" height=\"400\" src=\"https:\/\/blogdiario.info\/magazine\/images\/2025\/05\/IberPag_20250521.jpeg\" alt=\"\" class=\"wp-image-1667\" style=\"width:316px;height:auto\" srcset=\"https:\/\/blogdiario.info\/magazine\/images\/2025\/05\/IberPag_20250521.jpeg 400w, https:\/\/blogdiario.info\/magazine\/images\/2025\/05\/IberPag_20250521-300x300.jpeg 300w, https:\/\/blogdiario.info\/magazine\/images\/2025\/05\/IberPag_20250521-150x150.jpeg 150w\" sizes=\"auto, (max-width: 400px) 100vw, 400px\" \/><\/figure><\/div>\n\n\n<p><strong>BlogDiario.info<\/strong><br><small>Argentina, 21\/05\/2025<\/small><br>La province de Corrientes investit dans le tourisme cinq \u00e9toiles, tandis que sa population appelle les radios locales pour demander un fauteuil roulant ou un simple cahier. Une carte postale \u00e9l\u00e9gante et cruelle d\u2019un h\u00e9ritage colonial toujours vivant.<\/p>\n\n\n\n<p>L\u00e0 o\u00f9 r\u00e9gnaient jadis le silence, les jaguars et la boue, on trouve maintenant des h\u00f4tels de luxe avec spa, climatisation \u00e9cologique et exp\u00e9riences exclusives pour les touristes \u00e9trangers, fortun\u00e9s et disponibles. Bienvenue \u00e0 Iber\u00e1, joyau de l\u2019\u00e9cotourisme argentin.<\/p>\n\n\n\n<p>Mais \u00e0 quelques kilom\u00e8tres de l\u00e0, des appels d\u00e9sesp\u00e9r\u00e9s sont diffus\u00e9s \u00e0 la radio : des habitants demandent une b\u00e9quille, un fauteuil usag\u00e9, un sac \u00e0 dos scolaire. Parfois, ils r\u00e9clament simplement de l\u2019\u00e9lectricit\u00e9, coup\u00e9e pendant des heures.<\/p>\n\n\n\n<p>Le contraste n\u2019est pas seulement visuel. Il est historique. C\u2019est la version 2025 de l\u2019encomienda criolla : les profits en haut, les besoins en bas, le tout sous le vernis du \u00ab d\u00e9veloppement durable \u00bb.<\/p>\n\n\n\n<p>La pauvret\u00e9 \u00e0 Corrientes d\u00e9passe les 36 %. Pourtant, un Marriott y est inaugur\u00e9. Qui en profite ? Qui reste derri\u00e8re la vitrine ?<\/p>\n\n\n\n<p>Si l\u2019investissement ne s\u2019accompagne pas de dignit\u00e9, il ne reste qu\u2019un d\u00e9cor. Tourisme \u00e0 exporter\u2026 in\u00e9galit\u00e9s \u00e0 domicile.<br><br><small>\u00a92025 LVT &#8211; &#8220;La Voix du Trottoir&#8221;<br>All Rights Reserved<br>Copyright \u00a9 2025 ElCanillita.info \/ BlogDiario.info \/ SalaStampa.eu, world press service<br>Guzzo Photos &amp; Graphic Publications \u2013 Registro Editori e Stampatori n. 1441 Turin, Italy<\/small><\/p>\n","protected":false},"excerpt":{"rendered":"<p>La province de Corrientes investit dans le tourisme cinq \u00e9toiles, tandis que sa population appelle les radios locales pour demander un fauteuil roulant ou un simple cahier.<\/p>\n","protected":false},"author":1,"featured_media":1668,"comment_status":"closed","ping_status":"closed","sticky":false,"template":"","format":"standard","meta":{"footnotes":"","_links_to":"","_links_to_target":""},"categories":[65,26,29,31],"tags":[],"class_list":["post-1675","post","type-post","status-publish","format-standard","has-post-thumbnail","hentry","category-actualite","category-economia-sujets","category-politique","category-societe","entry","rows"],"yoast_head":"<!-- This site is optimized with the Yoast SEO plugin v27.4 - https:\/\/yoast.com\/product\/yoast-seo-wordpress\/ -->\n<title>\u201cLe Lodge et la Radio : une carte postale d\u00e9rangeante des Esteros del Iber\u00e1\u201d - BlogDiario Magazine<\/title>\n<meta name=\"robots\" content=\"index, follow, max-snippet:-1, max-image-preview:large, max-video-preview:-1\" \/>\n<link rel=\"canonical\" href=\"https:\/\/blogdiario.info\/magazine\/2025\/05\/21\/le-lodge-et-la-radio-une-carte-postale-derangeante-des-esteros-del-ibera\/\" \/>\n<meta property=\"og:locale\" content=\"es_ES\" \/>\n<meta property=\"og:type\" content=\"article\" \/>\n<meta property=\"og:title\" content=\"\u201cLe Lodge et la Radio : une carte postale d\u00e9rangeante des Esteros del Iber\u00e1\u201d - BlogDiario Magazine\" \/>\n<meta property=\"og:description\" content=\"La province de Corrientes investit dans le tourisme cinq \u00e9toiles, tandis que sa population appelle les radios locales pour demander un fauteuil roulant ou un simple cahier.\" \/>\n<meta property=\"og:url\" content=\"https:\/\/blogdiario.info\/magazine\/2025\/05\/21\/le-lodge-et-la-radio-une-carte-postale-derangeante-des-esteros-del-ibera\/\" \/>\n<meta property=\"og:site_name\" content=\"BlogDiario Magazine\" \/>\n<meta property=\"article:published_time\" content=\"2025-05-21T13:31:21+00:00\" \/>\n<meta property=\"article:modified_time\" content=\"2025-05-21T15:20:55+00:00\" \/>\n<meta property=\"og:image\" content=\"https:\/\/blogdiario.info\/magazine\/images\/2025\/05\/Ibercover_20250521.jpeg\" \/>\n\t<meta property=\"og:image:width\" content=\"600\" \/>\n\t<meta property=\"og:image:height\" content=\"400\" \/>\n\t<meta property=\"og:image:type\" content=\"image\/jpeg\" \/>\n<meta name=\"author\" content=\"World Press Service | Servicio de Prensa Mundial\" \/>\n<meta name=\"twitter:card\" content=\"summary_large_image\" \/>\n<meta name=\"twitter:label1\" content=\"Escrito por\" \/>\n\t<meta name=\"twitter:data1\" content=\"World Press Service | Servicio de Prensa Mundial\" \/>\n\t<meta name=\"twitter:label2\" content=\"Tiempo de lectura\" \/>\n\t<meta name=\"twitter:data2\" content=\"2 minutos\" \/>\n<script type=\"application\/ld+json\" class=\"yoast-schema-graph\">{\"@context\":\"https:\\\/\\\/schema.org\",\"@graph\":[{\"@type\":\"Article\",\"@id\":\"https:\\\/\\\/blogdiario.info\\\/magazine\\\/2025\\\/05\\\/21\\\/le-lodge-et-la-radio-une-carte-postale-derangeante-des-esteros-del-ibera\\\/#article\",\"isPartOf\":{\"@id\":\"https:\\\/\\\/blogdiario.info\\\/magazine\\\/2025\\\/05\\\/21\\\/le-lodge-et-la-radio-une-carte-postale-derangeante-des-esteros-del-ibera\\\/\"},\"author\":{\"name\":\"World Press Service | Servicio de Prensa Mundial\",\"@id\":\"https:\\\/\\\/blogdiario.info\\\/magazine\\\/#\\\/schema\\\/person\\\/b2422fe85574d945bad55513bb0c7354\"},\"headline\":\"\u201cLe Lodge et la Radio : une carte postale d\u00e9rangeante des Esteros del Iber\u00e1\u201d\",\"datePublished\":\"2025-05-21T13:31:21+00:00\",\"dateModified\":\"2025-05-21T15:20:55+00:00\",\"mainEntityOfPage\":{\"@id\":\"https:\\\/\\\/blogdiario.info\\\/magazine\\\/2025\\\/05\\\/21\\\/le-lodge-et-la-radio-une-carte-postale-derangeante-des-esteros-del-ibera\\\/\"},\"wordCount\":251,\"publisher\":{\"@id\":\"https:\\\/\\\/blogdiario.info\\\/magazine\\\/#organization\"},\"image\":{\"@id\":\"https:\\\/\\\/blogdiario.info\\\/magazine\\\/2025\\\/05\\\/21\\\/le-lodge-et-la-radio-une-carte-postale-derangeante-des-esteros-del-ibera\\\/#primaryimage\"},\"thumbnailUrl\":\"https:\\\/\\\/blogdiario.info\\\/magazine\\\/images\\\/2025\\\/05\\\/Ibercover_20250521.jpeg\",\"articleSection\":[\"Actualit\u00e9\",\"\u00c9conomie\",\"Politique\",\"Soci\u00e9t\u00e9\"],\"inLanguage\":\"es-AR\"},{\"@type\":\"WebPage\",\"@id\":\"https:\\\/\\\/blogdiario.info\\\/magazine\\\/2025\\\/05\\\/21\\\/le-lodge-et-la-radio-une-carte-postale-derangeante-des-esteros-del-ibera\\\/\",\"url\":\"https:\\\/\\\/blogdiario.info\\\/magazine\\\/2025\\\/05\\\/21\\\/le-lodge-et-la-radio-une-carte-postale-derangeante-des-esteros-del-ibera\\\/\",\"name\":\"\u201cLe Lodge et la Radio : une carte postale d\u00e9rangeante des Esteros del Iber\u00e1\u201d - BlogDiario Magazine\",\"isPartOf\":{\"@id\":\"https:\\\/\\\/blogdiario.info\\\/magazine\\\/#website\"},\"primaryImageOfPage\":{\"@id\":\"https:\\\/\\\/blogdiario.info\\\/magazine\\\/2025\\\/05\\\/21\\\/le-lodge-et-la-radio-une-carte-postale-derangeante-des-esteros-del-ibera\\\/#primaryimage\"},\"image\":{\"@id\":\"https:\\\/\\\/blogdiario.info\\\/magazine\\\/2025\\\/05\\\/21\\\/le-lodge-et-la-radio-une-carte-postale-derangeante-des-esteros-del-ibera\\\/#primaryimage\"},\"thumbnailUrl\":\"https:\\\/\\\/blogdiario.info\\\/magazine\\\/images\\\/2025\\\/05\\\/Ibercover_20250521.jpeg\",\"datePublished\":\"2025-05-21T13:31:21+00:00\",\"dateModified\":\"2025-05-21T15:20:55+00:00\",\"breadcrumb\":{\"@id\":\"https:\\\/\\\/blogdiario.info\\\/magazine\\\/2025\\\/05\\\/21\\\/le-lodge-et-la-radio-une-carte-postale-derangeante-des-esteros-del-ibera\\\/#breadcrumb\"},\"inLanguage\":\"es-AR\",\"potentialAction\":[{\"@type\":\"ReadAction\",\"target\":[\"https:\\\/\\\/blogdiario.info\\\/magazine\\\/2025\\\/05\\\/21\\\/le-lodge-et-la-radio-une-carte-postale-derangeante-des-esteros-del-ibera\\\/\"]}]},{\"@type\":\"ImageObject\",\"inLanguage\":\"es-AR\",\"@id\":\"https:\\\/\\\/blogdiario.info\\\/magazine\\\/2025\\\/05\\\/21\\\/le-lodge-et-la-radio-une-carte-postale-derangeante-des-esteros-del-ibera\\\/#primaryimage\",\"url\":\"https:\\\/\\\/blogdiario.info\\\/magazine\\\/images\\\/2025\\\/05\\\/Ibercover_20250521.jpeg\",\"contentUrl\":\"https:\\\/\\\/blogdiario.info\\\/magazine\\\/images\\\/2025\\\/05\\\/Ibercover_20250521.jpeg\",\"width\":600,\"height\":400},{\"@type\":\"BreadcrumbList\",\"@id\":\"https:\\\/\\\/blogdiario.info\\\/magazine\\\/2025\\\/05\\\/21\\\/le-lodge-et-la-radio-une-carte-postale-derangeante-des-esteros-del-ibera\\\/#breadcrumb\",\"itemListElement\":[{\"@type\":\"ListItem\",\"position\":1,\"name\":\"Home\",\"item\":\"https:\\\/\\\/blogdiario.info\\\/magazine\\\/\"},{\"@type\":\"ListItem\",\"position\":2,\"name\":\"\u201cLe Lodge et la Radio : une carte postale d\u00e9rangeante des Esteros del Iber\u00e1\u201d\"}]},{\"@type\":\"WebSite\",\"@id\":\"https:\\\/\\\/blogdiario.info\\\/magazine\\\/#website\",\"url\":\"https:\\\/\\\/blogdiario.info\\\/magazine\\\/\",\"name\":\"BlogDiario Magazine\",\"description\":\"Suplemento multiling\u00fce de ElCanillita.Info\",\"publisher\":{\"@id\":\"https:\\\/\\\/blogdiario.info\\\/magazine\\\/#organization\"},\"potentialAction\":[{\"@type\":\"SearchAction\",\"target\":{\"@type\":\"EntryPoint\",\"urlTemplate\":\"https:\\\/\\\/blogdiario.info\\\/magazine\\\/?s={search_term_string}\"},\"query-input\":{\"@type\":\"PropertyValueSpecification\",\"valueRequired\":true,\"valueName\":\"search_term_string\"}}],\"inLanguage\":\"es-AR\"},{\"@type\":\"Organization\",\"@id\":\"https:\\\/\\\/blogdiario.info\\\/magazine\\\/#organization\",\"name\":\"Guzzo Photos & Graphic Publications\",\"url\":\"https:\\\/\\\/blogdiario.info\\\/magazine\\\/\",\"logo\":{\"@type\":\"ImageObject\",\"inLanguage\":\"es-AR\",\"@id\":\"https:\\\/\\\/blogdiario.info\\\/magazine\\\/#\\\/schema\\\/logo\\\/image\\\/\",\"url\":\"https:\\\/\\\/blogdiario.info\\\/magazine\\\/images\\\/2020\\\/01\\\/cropped-blogdia_magazine.jpg\",\"contentUrl\":\"https:\\\/\\\/blogdiario.info\\\/magazine\\\/images\\\/2020\\\/01\\\/cropped-blogdia_magazine.jpg\",\"width\":589,\"height\":55,\"caption\":\"Guzzo Photos & Graphic Publications\"},\"image\":{\"@id\":\"https:\\\/\\\/blogdiario.info\\\/magazine\\\/#\\\/schema\\\/logo\\\/image\\\/\"}},{\"@type\":\"Person\",\"@id\":\"https:\\\/\\\/blogdiario.info\\\/magazine\\\/#\\\/schema\\\/person\\\/b2422fe85574d945bad55513bb0c7354\",\"name\":\"World Press Service | Servicio de Prensa Mundial\"}]}<\/script>\n<!-- \/ Yoast SEO plugin. -->","yoast_head_json":{"title":"\u201cLe Lodge et la Radio : une carte postale d\u00e9rangeante des Esteros del Iber\u00e1\u201d - BlogDiario Magazine","robots":{"index":"index","follow":"follow","max-snippet":"max-snippet:-1","max-image-preview":"max-image-preview:large","max-video-preview":"max-video-preview:-1"},"canonical":"https:\/\/blogdiario.info\/magazine\/2025\/05\/21\/le-lodge-et-la-radio-une-carte-postale-derangeante-des-esteros-del-ibera\/","og_locale":"es_ES","og_type":"article","og_title":"\u201cLe Lodge et la Radio : une carte postale d\u00e9rangeante des Esteros del Iber\u00e1\u201d - BlogDiario Magazine","og_description":"La province de Corrientes investit dans le tourisme cinq \u00e9toiles, tandis que sa population appelle les radios locales pour demander un fauteuil roulant ou un simple cahier.","og_url":"https:\/\/blogdiario.info\/magazine\/2025\/05\/21\/le-lodge-et-la-radio-une-carte-postale-derangeante-des-esteros-del-ibera\/","og_site_name":"BlogDiario Magazine","article_published_time":"2025-05-21T13:31:21+00:00","article_modified_time":"2025-05-21T15:20:55+00:00","og_image":[{"width":600,"height":400,"url":"https:\/\/blogdiario.info\/magazine\/images\/2025\/05\/Ibercover_20250521.jpeg","type":"image\/jpeg"}],"author":"World Press Service | Servicio de Prensa Mundial","twitter_card":"summary_large_image","twitter_misc":{"Escrito por":"World Press Service | Servicio de Prensa Mundial","Tiempo de lectura":"2 minutos"},"schema":{"@context":"https:\/\/schema.org","@graph":[{"@type":"Article","@id":"https:\/\/blogdiario.info\/magazine\/2025\/05\/21\/le-lodge-et-la-radio-une-carte-postale-derangeante-des-esteros-del-ibera\/#article","isPartOf":{"@id":"https:\/\/blogdiario.info\/magazine\/2025\/05\/21\/le-lodge-et-la-radio-une-carte-postale-derangeante-des-esteros-del-ibera\/"},"author":{"name":"World Press Service | Servicio de Prensa Mundial","@id":"https:\/\/blogdiario.info\/magazine\/#\/schema\/person\/b2422fe85574d945bad55513bb0c7354"},"headline":"\u201cLe Lodge et la Radio : une carte postale d\u00e9rangeante des Esteros del Iber\u00e1\u201d","datePublished":"2025-05-21T13:31:21+00:00","dateModified":"2025-05-21T15:20:55+00:00","mainEntityOfPage":{"@id":"https:\/\/blogdiario.info\/magazine\/2025\/05\/21\/le-lodge-et-la-radio-une-carte-postale-derangeante-des-esteros-del-ibera\/"},"wordCount":251,"publisher":{"@id":"https:\/\/blogdiario.info\/magazine\/#organization"},"image":{"@id":"https:\/\/blogdiario.info\/magazine\/2025\/05\/21\/le-lodge-et-la-radio-une-carte-postale-derangeante-des-esteros-del-ibera\/#primaryimage"},"thumbnailUrl":"https:\/\/blogdiario.info\/magazine\/images\/2025\/05\/Ibercover_20250521.jpeg","articleSection":["Actualit\u00e9","\u00c9conomie","Politique","Soci\u00e9t\u00e9"],"inLanguage":"es-AR"},{"@type":"WebPage","@id":"https:\/\/blogdiario.info\/magazine\/2025\/05\/21\/le-lodge-et-la-radio-une-carte-postale-derangeante-des-esteros-del-ibera\/","url":"https:\/\/blogdiario.info\/magazine\/2025\/05\/21\/le-lodge-et-la-radio-une-carte-postale-derangeante-des-esteros-del-ibera\/","name":"\u201cLe Lodge et la Radio : une carte postale d\u00e9rangeante des Esteros del Iber\u00e1\u201d - BlogDiario Magazine","isPartOf":{"@id":"https:\/\/blogdiario.info\/magazine\/#website"},"primaryImageOfPage":{"@id":"https:\/\/blogdiario.info\/magazine\/2025\/05\/21\/le-lodge-et-la-radio-une-carte-postale-derangeante-des-esteros-del-ibera\/#primaryimage"},"image":{"@id":"https:\/\/blogdiario.info\/magazine\/2025\/05\/21\/le-lodge-et-la-radio-une-carte-postale-derangeante-des-esteros-del-ibera\/#primaryimage"},"thumbnailUrl":"https:\/\/blogdiario.info\/magazine\/images\/2025\/05\/Ibercover_20250521.jpeg","datePublished":"2025-05-21T13:31:21+00:00","dateModified":"2025-05-21T15:20:55+00:00","breadcrumb":{"@id":"https:\/\/blogdiario.info\/magazine\/2025\/05\/21\/le-lodge-et-la-radio-une-carte-postale-derangeante-des-esteros-del-ibera\/#breadcrumb"},"inLanguage":"es-AR","potentialAction":[{"@type":"ReadAction","target":["https:\/\/blogdiario.info\/magazine\/2025\/05\/21\/le-lodge-et-la-radio-une-carte-postale-derangeante-des-esteros-del-ibera\/"]}]},{"@type":"ImageObject","inLanguage":"es-AR","@id":"https:\/\/blogdiario.info\/magazine\/2025\/05\/21\/le-lodge-et-la-radio-une-carte-postale-derangeante-des-esteros-del-ibera\/#primaryimage","url":"https:\/\/blogdiario.info\/magazine\/images\/2025\/05\/Ibercover_20250521.jpeg","contentUrl":"https:\/\/blogdiario.info\/magazine\/images\/2025\/05\/Ibercover_20250521.jpeg","width":600,"height":400},{"@type":"BreadcrumbList","@id":"https:\/\/blogdiario.info\/magazine\/2025\/05\/21\/le-lodge-et-la-radio-une-carte-postale-derangeante-des-esteros-del-ibera\/#breadcrumb","itemListElement":[{"@type":"ListItem","position":1,"name":"Home","item":"https:\/\/blogdiario.info\/magazine\/"},{"@type":"ListItem","position":2,"name":"\u201cLe Lodge et la Radio : une carte postale d\u00e9rangeante des Esteros del Iber\u00e1\u201d"}]},{"@type":"WebSite","@id":"https:\/\/blogdiario.info\/magazine\/#website","url":"https:\/\/blogdiario.info\/magazine\/","name":"BlogDiario Magazine","description":"Suplemento multiling\u00fce de ElCanillita.Info","publisher":{"@id":"https:\/\/blogdiario.info\/magazine\/#organization"},"potentialAction":[{"@type":"SearchAction","target":{"@type":"EntryPoint","urlTemplate":"https:\/\/blogdiario.info\/magazine\/?s={search_term_string}"},"query-input":{"@type":"PropertyValueSpecification","valueRequired":true,"valueName":"search_term_string"}}],"inLanguage":"es-AR"},{"@type":"Organization","@id":"https:\/\/blogdiario.info\/magazine\/#organization","name":"Guzzo Photos & Graphic Publications","url":"https:\/\/blogdiario.info\/magazine\/","logo":{"@type":"ImageObject","inLanguage":"es-AR","@id":"https:\/\/blogdiario.info\/magazine\/#\/schema\/logo\/image\/","url":"https:\/\/blogdiario.info\/magazine\/images\/2020\/01\/cropped-blogdia_magazine.jpg","contentUrl":"https:\/\/blogdiario.info\/magazine\/images\/2020\/01\/cropped-blogdia_magazine.jpg","width":589,"height":55,"caption":"Guzzo Photos & Graphic Publications"},"image":{"@id":"https:\/\/blogdiario.info\/magazine\/#\/schema\/logo\/image\/"}},{"@type":"Person","@id":"https:\/\/blogdiario.info\/magazine\/#\/schema\/person\/b2422fe85574d945bad55513bb0c7354","name":"World Press Service | Servicio de Prensa Mundial"}]}},"views":355,"_links":{"self":[{"href":"https:\/\/blogdiario.info\/magazine\/wp-json\/wp\/v2\/posts\/1675","targetHints":{"allow":["GET"]}}],"collection":[{"href":"https:\/\/blogdiario.info\/magazine\/wp-json\/wp\/v2\/posts"}],"about":[{"href":"https:\/\/blogdiario.info\/magazine\/wp-json\/wp\/v2\/types\/post"}],"author":[{"embeddable":true,"href":"https:\/\/blogdiario.info\/magazine\/wp-json\/wp\/v2\/users\/1"}],"replies":[{"embeddable":true,"href":"https:\/\/blogdiario.info\/magazine\/wp-json\/wp\/v2\/comments?post=1675"}],"version-history":[{"count":0,"href":"https:\/\/blogdiario.info\/magazine\/wp-json\/wp\/v2\/posts\/1675\/revisions"}],"wp:featuredmedia":[{"embeddable":true,"href":"https:\/\/blogdiario.info\/magazine\/wp-json\/wp\/v2\/media\/1668"}],"wp:attachment":[{"href":"https:\/\/blogdiario.info\/magazine\/wp-json\/wp\/v2\/media?parent=1675"}],"wp:term":[{"taxonomy":"category","embeddable":true,"href":"https:\/\/blogdiario.info\/magazine\/wp-json\/wp\/v2\/categories?post=1675"},{"taxonomy":"post_tag","embeddable":true,"href":"https:\/\/blogdiario.info\/magazine\/wp-json\/wp\/v2\/tags?post=1675"}],"curies":[{"name":"wp","href":"https:\/\/api.w.org\/{rel}","templated":true}]}}