{"id":1639,"date":"2025-05-09T09:31:43","date_gmt":"2025-05-09T08:31:43","guid":{"rendered":"https:\/\/blogdiario.info\/magazine\/?p=1639"},"modified":"2025-05-09T09:36:48","modified_gmt":"2025-05-09T08:36:48","slug":"leon-xiv-el-nuevo-papa-que-asume-el-timon-mientras-el-imperio-de-occidente-arde-otra-vez","status":"publish","type":"post","link":"https:\/\/blogdiario.info\/magazine\/2025\/05\/09\/leon-xiv-el-nuevo-papa-que-asume-el-timon-mientras-el-imperio-de-occidente-arde-otra-vez\/","title":{"rendered":"Le\u00f3n XIV: el nuevo Papa que asume el tim\u00f3n mientras el Imperio (de Occidente) arde\u2026 otra vez"},"content":{"rendered":"\n<figure class=\"wp-block-image size-large\"><img loading=\"lazy\" decoding=\"async\" width=\"1024\" height=\"833\" src=\"https:\/\/blogdiario.info\/magazine\/images\/2025\/05\/c51b688c-23d5-4e46-a9e9-a1a29270b9c4-1-1024x833.jpg\" alt=\"\" class=\"wp-image-1641\" srcset=\"https:\/\/blogdiario.info\/magazine\/images\/2025\/05\/c51b688c-23d5-4e46-a9e9-a1a29270b9c4-1-1024x833.jpg 1024w, https:\/\/blogdiario.info\/magazine\/images\/2025\/05\/c51b688c-23d5-4e46-a9e9-a1a29270b9c4-1-300x244.jpg 300w, https:\/\/blogdiario.info\/magazine\/images\/2025\/05\/c51b688c-23d5-4e46-a9e9-a1a29270b9c4-1-768x624.jpg 768w, https:\/\/blogdiario.info\/magazine\/images\/2025\/05\/c51b688c-23d5-4e46-a9e9-a1a29270b9c4-1-1536x1249.jpg 1536w, https:\/\/blogdiario.info\/magazine\/images\/2025\/05\/c51b688c-23d5-4e46-a9e9-a1a29270b9c4-1.jpg 1600w\" sizes=\"auto, (max-width: 1024px) 100vw, 1024px\" \/><\/figure>\n\n\n\n<p>ElCanillita.info<br \/>08\/05\/2925<\/p>\n\n\n\n<p>Cuando el humo blanco por fin sali\u00f3 (s\u00ed, otra vez negro al principio, como para mantener el suspenso global), el mundo entero se pregunt\u00f3: \u00bfqui\u00e9n es el nuevo piloto de esta nave milenaria llamada Iglesia Cat\u00f3lica?<\/p>\n\n\n\n<p>La respuesta vino serena, pero con potencia simb\u00f3lica: Robert Francis Prevost \u2014norteamericano, misionero, te\u00f3logo, hombre de discreci\u00f3n franciscana\u2014 eligi\u00f3 llamarse Le\u00f3n XIV. Un nombre que no se usaba desde hace m\u00e1s de un siglo. Y no cualquier nombre. Uno que remite directamente a San Le\u00f3n I Magno, aquel que enfrent\u00f3 al mism\u00edsimo Atila el Huno\u2026 y sali\u00f3 caminando.<\/p>\n\n\n\n<p>Pero no nos adelantemos.<\/p>\n\n\n\n<p><strong>\u00bfPor qu\u00e9 \u201cLe\u00f3n\u201d? \u00bfPor qu\u00e9 ahora?<\/strong><\/p>\n\n\n\n<p>Si en el siglo V el Papa Le\u00f3n Magno enfrentaba la descomposici\u00f3n del Imperio Romano de Occidente, las invasiones b\u00e1rbaras y la confusi\u00f3n doctrinal interna, \u00bfqu\u00e9 enfrenta hoy Le\u00f3n XIV?<br \/>\u2022 Un Occidente convulsionado entre guerras, populismos, plataformas y p\u00e1nicos.<br \/>\u2022 Una Iglesia fragmentada entre progresismos, restauraciones y di\u00f3cesis vac\u00edas.<br \/>\u2022 Una humanidad que, con suerte, se confiesa por WhatsApp pero no perdona ni en Twitter.<\/p>\n\n\n\n<p>El nuevo Papa lo sabe. No viene a inventar nada. Pero s\u00ed a recordar que cuando todo parece venirse abajo, la Iglesia \u2014si quiere sobrevivir\u2014 debe ponerse de pie. Con fe, con paciencia\u2026 y con algo de coraje.<\/p>\n\n\n\n<p><\/p>\n\n\n\n<p><strong>Un gui\u00f1o a la Historia, una oraci\u00f3n para el presente<\/strong><\/p>\n\n\n\n<p>San Le\u00f3n Magno se enfrent\u00f3 al manique\u00edsmo, aquella herej\u00eda que divid\u00eda el mundo en blanco o negro (\u00a1mir\u00e1 vos qu\u00e9 moderno!). Le\u00f3n XIV, en cambio, enfrenta un mundo que se desliza entre el \u201ctodo es relativo\u201d y el \u201ctodo me ofende\u201d. No hay herej\u00edas oficiales, pero s\u00ed infinitas verdades autopercibidas.<\/p>\n\n\n\n<p>Mientras tanto, el Vaticano sigue siendo ese faro contradictorio: eterno pero nervioso, piadoso pero diplom\u00e1tico, con sotanas y smartphones, incienso y conferencias de prensa.<\/p>\n\n\n\n<p><\/p>\n\n\n\n<p><strong>\u00bfY ahora qu\u00e9?<\/strong><\/p>\n\n\n\n<p>Ahora, Le\u00f3n XIV sube al trono de Pedro con un mensaje claro: paz, unidad y misi\u00f3n. No es poco, considerando que su predecesor saliente (Francisco) ya hab\u00eda avisado que ven\u00eda complicada la cosa. Y que el mundo no espera: grita, empuja, quema, consume y descarta.<\/p>\n\n\n\n<p>Pero un Papa llamado \u201cLe\u00f3n\u201d no viene a esconderse. Viene a mirar de frente el caos, sin perder la ternura\u2026 ni la tradici\u00f3n.<\/p>\n\n\n\n<p><\/p>\n\n\n\n<p><strong>\u00bfMilagro? No. \u00bfEsperanza? Tal vez. \u00bfHumildad con autoridad? <\/strong>Eso parece.<\/p>\n\n\n\n<p>Y como dir\u00eda San Le\u00f3n Magno, a los pies de Atila: \u201cLa paz comienza cuando uno deja de gritar y empieza a rezar. Incluso si el otro tiene un ej\u00e9rcito.\u201d<\/p>\n\n\n\n<p><small>\u00a9\ufe0f2025 \u201cEl \u00faltimo que dobla la esquina\u201d \u2026poque siempre hay alguien que reparte noticias mientras todos duermen. All Rights Reserved Copyright \u00a9\ufe0f 2025 ElCanillita.info \/ BlogDiario.info \/ SalaStampa.eu, world press service Guzzo Photos &amp; Graphic Publications \u2013 Registro Editori e Stampatori n. 1441 Torino, Italia<\/small><\/p>\n","protected":false},"excerpt":{"rendered":"<p>Cuando el humo blanco por fin sali\u00f3 (s\u00ed, otra vez negro al principio, como para mantener el suspenso global), el mundo entero se pregunt\u00f3: \u00bfqui\u00e9n es el nuevo piloto de esta nave milenaria llamada Iglesia Cat\u00f3lica?<\/p>\n","protected":false},"author":1,"featured_media":1642,"comment_status":"closed","ping_status":"closed","sticky":true,"template":"","format":"standard","meta":{"footnotes":"","_links_to":"","_links_to_target":""},"categories":[62,46,134,43],"tags":[150],"class_list":["post-1639","post","type-post","status-publish","format-standard","has-post-thumbnail","hentry","category-actualidad","category-europa","category-politicas-globales","category-sociedad","tag-citta-del-vaticano","entry","rows"],"yoast_head":"<!-- This site is optimized with the Yoast SEO plugin v27.4 - https:\/\/yoast.com\/product\/yoast-seo-wordpress\/ -->\n<title>Le\u00f3n XIV: el nuevo Papa que asume el tim\u00f3n mientras el Imperio (de Occidente) arde\u2026 otra vez - BlogDiario Magazine<\/title>\n<meta name=\"robots\" content=\"index, follow, max-snippet:-1, max-image-preview:large, max-video-preview:-1\" \/>\n<link rel=\"canonical\" href=\"https:\/\/blogdiario.info\/magazine\/2025\/05\/09\/leon-xiv-el-nuevo-papa-que-asume-el-timon-mientras-el-imperio-de-occidente-arde-otra-vez\/\" \/>\n<meta property=\"og:locale\" content=\"es_ES\" \/>\n<meta property=\"og:type\" content=\"article\" \/>\n<meta property=\"og:title\" content=\"Le\u00f3n XIV: el nuevo Papa que asume el tim\u00f3n mientras el Imperio (de Occidente) arde\u2026 otra vez - BlogDiario Magazine\" \/>\n<meta property=\"og:description\" content=\"Cuando el humo blanco por fin sali\u00f3 (s\u00ed, otra vez negro al principio, como para mantener el suspenso global), el mundo entero se pregunt\u00f3: \u00bfqui\u00e9n es el nuevo piloto de esta nave milenaria llamada Iglesia Cat\u00f3lica?\" \/>\n<meta property=\"og:url\" content=\"https:\/\/blogdiario.info\/magazine\/2025\/05\/09\/leon-xiv-el-nuevo-papa-que-asume-el-timon-mientras-el-imperio-de-occidente-arde-otra-vez\/\" \/>\n<meta property=\"og:site_name\" content=\"BlogDiario Magazine\" \/>\n<meta property=\"article:published_time\" content=\"2025-05-09T08:31:43+00:00\" \/>\n<meta property=\"article:modified_time\" content=\"2025-05-09T08:36:48+00:00\" \/>\n<meta property=\"og:image\" content=\"https:\/\/blogdiario.info\/magazine\/images\/2025\/05\/3accd874-afd3-4ee1-b4e3-6ed4bb50bb1e-1.jpg\" \/>\n\t<meta property=\"og:image:width\" content=\"1600\" \/>\n\t<meta property=\"og:image:height\" content=\"1067\" \/>\n\t<meta property=\"og:image:type\" content=\"image\/jpeg\" \/>\n<meta name=\"author\" content=\"World Press Service | Servicio de Prensa Mundial\" \/>\n<meta name=\"twitter:card\" content=\"summary_large_image\" \/>\n<meta name=\"twitter:label1\" content=\"Escrito por\" \/>\n\t<meta name=\"twitter:data1\" content=\"World Press Service | Servicio de Prensa Mundial\" \/>\n\t<meta name=\"twitter:label2\" content=\"Tiempo de lectura\" \/>\n\t<meta name=\"twitter:data2\" content=\"3 minutos\" \/>\n<script type=\"application\/ld+json\" class=\"yoast-schema-graph\">{\"@context\":\"https:\\\/\\\/schema.org\",\"@graph\":[{\"@type\":\"Article\",\"@id\":\"https:\\\/\\\/blogdiario.info\\\/magazine\\\/2025\\\/05\\\/09\\\/leon-xiv-el-nuevo-papa-que-asume-el-timon-mientras-el-imperio-de-occidente-arde-otra-vez\\\/#article\",\"isPartOf\":{\"@id\":\"https:\\\/\\\/blogdiario.info\\\/magazine\\\/2025\\\/05\\\/09\\\/leon-xiv-el-nuevo-papa-que-asume-el-timon-mientras-el-imperio-de-occidente-arde-otra-vez\\\/\"},\"author\":{\"name\":\"World Press Service | Servicio de Prensa Mundial\",\"@id\":\"https:\\\/\\\/blogdiario.info\\\/magazine\\\/#\\\/schema\\\/person\\\/b2422fe85574d945bad55513bb0c7354\"},\"headline\":\"Le\u00f3n XIV: el nuevo Papa que asume el tim\u00f3n mientras el Imperio (de Occidente) arde\u2026 otra vez\",\"datePublished\":\"2025-05-09T08:31:43+00:00\",\"dateModified\":\"2025-05-09T08:36:48+00:00\",\"mainEntityOfPage\":{\"@id\":\"https:\\\/\\\/blogdiario.info\\\/magazine\\\/2025\\\/05\\\/09\\\/leon-xiv-el-nuevo-papa-que-asume-el-timon-mientras-el-imperio-de-occidente-arde-otra-vez\\\/\"},\"wordCount\":498,\"publisher\":{\"@id\":\"https:\\\/\\\/blogdiario.info\\\/magazine\\\/#organization\"},\"image\":{\"@id\":\"https:\\\/\\\/blogdiario.info\\\/magazine\\\/2025\\\/05\\\/09\\\/leon-xiv-el-nuevo-papa-que-asume-el-timon-mientras-el-imperio-de-occidente-arde-otra-vez\\\/#primaryimage\"},\"thumbnailUrl\":\"https:\\\/\\\/blogdiario.info\\\/magazine\\\/images\\\/2025\\\/05\\\/3accd874-afd3-4ee1-b4e3-6ed4bb50bb1e-1.jpg\",\"keywords\":[\"Citt\u00e0 del Vaticano\"],\"articleSection\":[\"Actualidad\",\"Europa\",\"Pol\u00edticas globales\",\"Sociedad\"],\"inLanguage\":\"es-AR\"},{\"@type\":\"WebPage\",\"@id\":\"https:\\\/\\\/blogdiario.info\\\/magazine\\\/2025\\\/05\\\/09\\\/leon-xiv-el-nuevo-papa-que-asume-el-timon-mientras-el-imperio-de-occidente-arde-otra-vez\\\/\",\"url\":\"https:\\\/\\\/blogdiario.info\\\/magazine\\\/2025\\\/05\\\/09\\\/leon-xiv-el-nuevo-papa-que-asume-el-timon-mientras-el-imperio-de-occidente-arde-otra-vez\\\/\",\"name\":\"Le\u00f3n XIV: el nuevo Papa que asume el tim\u00f3n mientras el Imperio (de Occidente) arde\u2026 otra vez - BlogDiario Magazine\",\"isPartOf\":{\"@id\":\"https:\\\/\\\/blogdiario.info\\\/magazine\\\/#website\"},\"primaryImageOfPage\":{\"@id\":\"https:\\\/\\\/blogdiario.info\\\/magazine\\\/2025\\\/05\\\/09\\\/leon-xiv-el-nuevo-papa-que-asume-el-timon-mientras-el-imperio-de-occidente-arde-otra-vez\\\/#primaryimage\"},\"image\":{\"@id\":\"https:\\\/\\\/blogdiario.info\\\/magazine\\\/2025\\\/05\\\/09\\\/leon-xiv-el-nuevo-papa-que-asume-el-timon-mientras-el-imperio-de-occidente-arde-otra-vez\\\/#primaryimage\"},\"thumbnailUrl\":\"https:\\\/\\\/blogdiario.info\\\/magazine\\\/images\\\/2025\\\/05\\\/3accd874-afd3-4ee1-b4e3-6ed4bb50bb1e-1.jpg\",\"datePublished\":\"2025-05-09T08:31:43+00:00\",\"dateModified\":\"2025-05-09T08:36:48+00:00\",\"breadcrumb\":{\"@id\":\"https:\\\/\\\/blogdiario.info\\\/magazine\\\/2025\\\/05\\\/09\\\/leon-xiv-el-nuevo-papa-que-asume-el-timon-mientras-el-imperio-de-occidente-arde-otra-vez\\\/#breadcrumb\"},\"inLanguage\":\"es-AR\",\"potentialAction\":[{\"@type\":\"ReadAction\",\"target\":[\"https:\\\/\\\/blogdiario.info\\\/magazine\\\/2025\\\/05\\\/09\\\/leon-xiv-el-nuevo-papa-que-asume-el-timon-mientras-el-imperio-de-occidente-arde-otra-vez\\\/\"]}]},{\"@type\":\"ImageObject\",\"inLanguage\":\"es-AR\",\"@id\":\"https:\\\/\\\/blogdiario.info\\\/magazine\\\/2025\\\/05\\\/09\\\/leon-xiv-el-nuevo-papa-que-asume-el-timon-mientras-el-imperio-de-occidente-arde-otra-vez\\\/#primaryimage\",\"url\":\"https:\\\/\\\/blogdiario.info\\\/magazine\\\/images\\\/2025\\\/05\\\/3accd874-afd3-4ee1-b4e3-6ed4bb50bb1e-1.jpg\",\"contentUrl\":\"https:\\\/\\\/blogdiario.info\\\/magazine\\\/images\\\/2025\\\/05\\\/3accd874-afd3-4ee1-b4e3-6ed4bb50bb1e-1.jpg\",\"width\":1600,\"height\":1067},{\"@type\":\"BreadcrumbList\",\"@id\":\"https:\\\/\\\/blogdiario.info\\\/magazine\\\/2025\\\/05\\\/09\\\/leon-xiv-el-nuevo-papa-que-asume-el-timon-mientras-el-imperio-de-occidente-arde-otra-vez\\\/#breadcrumb\",\"itemListElement\":[{\"@type\":\"ListItem\",\"position\":1,\"name\":\"Home\",\"item\":\"https:\\\/\\\/blogdiario.info\\\/magazine\\\/\"},{\"@type\":\"ListItem\",\"position\":2,\"name\":\"Le\u00f3n XIV: el nuevo Papa que asume el tim\u00f3n mientras el Imperio (de Occidente) arde\u2026 otra vez\"}]},{\"@type\":\"WebSite\",\"@id\":\"https:\\\/\\\/blogdiario.info\\\/magazine\\\/#website\",\"url\":\"https:\\\/\\\/blogdiario.info\\\/magazine\\\/\",\"name\":\"BlogDiario Magazine\",\"description\":\"Suplemento multiling\u00fce de ElCanillita.Info\",\"publisher\":{\"@id\":\"https:\\\/\\\/blogdiario.info\\\/magazine\\\/#organization\"},\"potentialAction\":[{\"@type\":\"SearchAction\",\"target\":{\"@type\":\"EntryPoint\",\"urlTemplate\":\"https:\\\/\\\/blogdiario.info\\\/magazine\\\/?s={search_term_string}\"},\"query-input\":{\"@type\":\"PropertyValueSpecification\",\"valueRequired\":true,\"valueName\":\"search_term_string\"}}],\"inLanguage\":\"es-AR\"},{\"@type\":\"Organization\",\"@id\":\"https:\\\/\\\/blogdiario.info\\\/magazine\\\/#organization\",\"name\":\"Guzzo Photos & Graphic Publications\",\"url\":\"https:\\\/\\\/blogdiario.info\\\/magazine\\\/\",\"logo\":{\"@type\":\"ImageObject\",\"inLanguage\":\"es-AR\",\"@id\":\"https:\\\/\\\/blogdiario.info\\\/magazine\\\/#\\\/schema\\\/logo\\\/image\\\/\",\"url\":\"https:\\\/\\\/blogdiario.info\\\/magazine\\\/images\\\/2020\\\/01\\\/cropped-blogdia_magazine.jpg\",\"contentUrl\":\"https:\\\/\\\/blogdiario.info\\\/magazine\\\/images\\\/2020\\\/01\\\/cropped-blogdia_magazine.jpg\",\"width\":589,\"height\":55,\"caption\":\"Guzzo Photos & Graphic Publications\"},\"image\":{\"@id\":\"https:\\\/\\\/blogdiario.info\\\/magazine\\\/#\\\/schema\\\/logo\\\/image\\\/\"}},{\"@type\":\"Person\",\"@id\":\"https:\\\/\\\/blogdiario.info\\\/magazine\\\/#\\\/schema\\\/person\\\/b2422fe85574d945bad55513bb0c7354\",\"name\":\"World Press Service | Servicio de Prensa Mundial\"}]}<\/script>\n<!-- \/ Yoast SEO plugin. -->","yoast_head_json":{"title":"Le\u00f3n XIV: el nuevo Papa que asume el tim\u00f3n mientras el Imperio (de Occidente) arde\u2026 otra vez - BlogDiario Magazine","robots":{"index":"index","follow":"follow","max-snippet":"max-snippet:-1","max-image-preview":"max-image-preview:large","max-video-preview":"max-video-preview:-1"},"canonical":"https:\/\/blogdiario.info\/magazine\/2025\/05\/09\/leon-xiv-el-nuevo-papa-que-asume-el-timon-mientras-el-imperio-de-occidente-arde-otra-vez\/","og_locale":"es_ES","og_type":"article","og_title":"Le\u00f3n XIV: el nuevo Papa que asume el tim\u00f3n mientras el Imperio (de Occidente) arde\u2026 otra vez - BlogDiario Magazine","og_description":"Cuando el humo blanco por fin sali\u00f3 (s\u00ed, otra vez negro al principio, como para mantener el suspenso global), el mundo entero se pregunt\u00f3: \u00bfqui\u00e9n es el nuevo piloto de esta nave milenaria llamada Iglesia Cat\u00f3lica?","og_url":"https:\/\/blogdiario.info\/magazine\/2025\/05\/09\/leon-xiv-el-nuevo-papa-que-asume-el-timon-mientras-el-imperio-de-occidente-arde-otra-vez\/","og_site_name":"BlogDiario Magazine","article_published_time":"2025-05-09T08:31:43+00:00","article_modified_time":"2025-05-09T08:36:48+00:00","og_image":[{"width":1600,"height":1067,"url":"https:\/\/blogdiario.info\/magazine\/images\/2025\/05\/3accd874-afd3-4ee1-b4e3-6ed4bb50bb1e-1.jpg","type":"image\/jpeg"}],"author":"World Press Service | Servicio de Prensa Mundial","twitter_card":"summary_large_image","twitter_misc":{"Escrito por":"World Press Service | Servicio de Prensa Mundial","Tiempo de lectura":"3 minutos"},"schema":{"@context":"https:\/\/schema.org","@graph":[{"@type":"Article","@id":"https:\/\/blogdiario.info\/magazine\/2025\/05\/09\/leon-xiv-el-nuevo-papa-que-asume-el-timon-mientras-el-imperio-de-occidente-arde-otra-vez\/#article","isPartOf":{"@id":"https:\/\/blogdiario.info\/magazine\/2025\/05\/09\/leon-xiv-el-nuevo-papa-que-asume-el-timon-mientras-el-imperio-de-occidente-arde-otra-vez\/"},"author":{"name":"World Press Service | Servicio de Prensa Mundial","@id":"https:\/\/blogdiario.info\/magazine\/#\/schema\/person\/b2422fe85574d945bad55513bb0c7354"},"headline":"Le\u00f3n XIV: el nuevo Papa que asume el tim\u00f3n mientras el Imperio (de Occidente) arde\u2026 otra vez","datePublished":"2025-05-09T08:31:43+00:00","dateModified":"2025-05-09T08:36:48+00:00","mainEntityOfPage":{"@id":"https:\/\/blogdiario.info\/magazine\/2025\/05\/09\/leon-xiv-el-nuevo-papa-que-asume-el-timon-mientras-el-imperio-de-occidente-arde-otra-vez\/"},"wordCount":498,"publisher":{"@id":"https:\/\/blogdiario.info\/magazine\/#organization"},"image":{"@id":"https:\/\/blogdiario.info\/magazine\/2025\/05\/09\/leon-xiv-el-nuevo-papa-que-asume-el-timon-mientras-el-imperio-de-occidente-arde-otra-vez\/#primaryimage"},"thumbnailUrl":"https:\/\/blogdiario.info\/magazine\/images\/2025\/05\/3accd874-afd3-4ee1-b4e3-6ed4bb50bb1e-1.jpg","keywords":["Citt\u00e0 del Vaticano"],"articleSection":["Actualidad","Europa","Pol\u00edticas globales","Sociedad"],"inLanguage":"es-AR"},{"@type":"WebPage","@id":"https:\/\/blogdiario.info\/magazine\/2025\/05\/09\/leon-xiv-el-nuevo-papa-que-asume-el-timon-mientras-el-imperio-de-occidente-arde-otra-vez\/","url":"https:\/\/blogdiario.info\/magazine\/2025\/05\/09\/leon-xiv-el-nuevo-papa-que-asume-el-timon-mientras-el-imperio-de-occidente-arde-otra-vez\/","name":"Le\u00f3n XIV: el nuevo Papa que asume el tim\u00f3n mientras el Imperio (de Occidente) arde\u2026 otra vez - BlogDiario Magazine","isPartOf":{"@id":"https:\/\/blogdiario.info\/magazine\/#website"},"primaryImageOfPage":{"@id":"https:\/\/blogdiario.info\/magazine\/2025\/05\/09\/leon-xiv-el-nuevo-papa-que-asume-el-timon-mientras-el-imperio-de-occidente-arde-otra-vez\/#primaryimage"},"image":{"@id":"https:\/\/blogdiario.info\/magazine\/2025\/05\/09\/leon-xiv-el-nuevo-papa-que-asume-el-timon-mientras-el-imperio-de-occidente-arde-otra-vez\/#primaryimage"},"thumbnailUrl":"https:\/\/blogdiario.info\/magazine\/images\/2025\/05\/3accd874-afd3-4ee1-b4e3-6ed4bb50bb1e-1.jpg","datePublished":"2025-05-09T08:31:43+00:00","dateModified":"2025-05-09T08:36:48+00:00","breadcrumb":{"@id":"https:\/\/blogdiario.info\/magazine\/2025\/05\/09\/leon-xiv-el-nuevo-papa-que-asume-el-timon-mientras-el-imperio-de-occidente-arde-otra-vez\/#breadcrumb"},"inLanguage":"es-AR","potentialAction":[{"@type":"ReadAction","target":["https:\/\/blogdiario.info\/magazine\/2025\/05\/09\/leon-xiv-el-nuevo-papa-que-asume-el-timon-mientras-el-imperio-de-occidente-arde-otra-vez\/"]}]},{"@type":"ImageObject","inLanguage":"es-AR","@id":"https:\/\/blogdiario.info\/magazine\/2025\/05\/09\/leon-xiv-el-nuevo-papa-que-asume-el-timon-mientras-el-imperio-de-occidente-arde-otra-vez\/#primaryimage","url":"https:\/\/blogdiario.info\/magazine\/images\/2025\/05\/3accd874-afd3-4ee1-b4e3-6ed4bb50bb1e-1.jpg","contentUrl":"https:\/\/blogdiario.info\/magazine\/images\/2025\/05\/3accd874-afd3-4ee1-b4e3-6ed4bb50bb1e-1.jpg","width":1600,"height":1067},{"@type":"BreadcrumbList","@id":"https:\/\/blogdiario.info\/magazine\/2025\/05\/09\/leon-xiv-el-nuevo-papa-que-asume-el-timon-mientras-el-imperio-de-occidente-arde-otra-vez\/#breadcrumb","itemListElement":[{"@type":"ListItem","position":1,"name":"Home","item":"https:\/\/blogdiario.info\/magazine\/"},{"@type":"ListItem","position":2,"name":"Le\u00f3n XIV: el nuevo Papa que asume el tim\u00f3n mientras el Imperio (de Occidente) arde\u2026 otra vez"}]},{"@type":"WebSite","@id":"https:\/\/blogdiario.info\/magazine\/#website","url":"https:\/\/blogdiario.info\/magazine\/","name":"BlogDiario Magazine","description":"Suplemento multiling\u00fce de ElCanillita.Info","publisher":{"@id":"https:\/\/blogdiario.info\/magazine\/#organization"},"potentialAction":[{"@type":"SearchAction","target":{"@type":"EntryPoint","urlTemplate":"https:\/\/blogdiario.info\/magazine\/?s={search_term_string}"},"query-input":{"@type":"PropertyValueSpecification","valueRequired":true,"valueName":"search_term_string"}}],"inLanguage":"es-AR"},{"@type":"Organization","@id":"https:\/\/blogdiario.info\/magazine\/#organization","name":"Guzzo Photos & Graphic Publications","url":"https:\/\/blogdiario.info\/magazine\/","logo":{"@type":"ImageObject","inLanguage":"es-AR","@id":"https:\/\/blogdiario.info\/magazine\/#\/schema\/logo\/image\/","url":"https:\/\/blogdiario.info\/magazine\/images\/2020\/01\/cropped-blogdia_magazine.jpg","contentUrl":"https:\/\/blogdiario.info\/magazine\/images\/2020\/01\/cropped-blogdia_magazine.jpg","width":589,"height":55,"caption":"Guzzo Photos & Graphic Publications"},"image":{"@id":"https:\/\/blogdiario.info\/magazine\/#\/schema\/logo\/image\/"}},{"@type":"Person","@id":"https:\/\/blogdiario.info\/magazine\/#\/schema\/person\/b2422fe85574d945bad55513bb0c7354","name":"World Press Service | Servicio de Prensa Mundial"}]}},"views":333,"_links":{"self":[{"href":"https:\/\/blogdiario.info\/magazine\/wp-json\/wp\/v2\/posts\/1639","targetHints":{"allow":["GET"]}}],"collection":[{"href":"https:\/\/blogdiario.info\/magazine\/wp-json\/wp\/v2\/posts"}],"about":[{"href":"https:\/\/blogdiario.info\/magazine\/wp-json\/wp\/v2\/types\/post"}],"author":[{"embeddable":true,"href":"https:\/\/blogdiario.info\/magazine\/wp-json\/wp\/v2\/users\/1"}],"replies":[{"embeddable":true,"href":"https:\/\/blogdiario.info\/magazine\/wp-json\/wp\/v2\/comments?post=1639"}],"version-history":[{"count":0,"href":"https:\/\/blogdiario.info\/magazine\/wp-json\/wp\/v2\/posts\/1639\/revisions"}],"wp:featuredmedia":[{"embeddable":true,"href":"https:\/\/blogdiario.info\/magazine\/wp-json\/wp\/v2\/media\/1642"}],"wp:attachment":[{"href":"https:\/\/blogdiario.info\/magazine\/wp-json\/wp\/v2\/media?parent=1639"}],"wp:term":[{"taxonomy":"category","embeddable":true,"href":"https:\/\/blogdiario.info\/magazine\/wp-json\/wp\/v2\/categories?post=1639"},{"taxonomy":"post_tag","embeddable":true,"href":"https:\/\/blogdiario.info\/magazine\/wp-json\/wp\/v2\/tags?post=1639"}],"curies":[{"name":"wp","href":"https:\/\/api.w.org\/{rel}","templated":true}]}}