{"id":1636,"date":"2025-05-08T17:26:00","date_gmt":"2025-05-08T16:26:00","guid":{"rendered":"https:\/\/blogdiario.info\/magazine\/?p=1636"},"modified":"2025-05-08T17:26:01","modified_gmt":"2025-05-08T16:26:01","slug":"napoli-invoca-san-gennaro-liquefallo-tu","status":"publish","type":"post","link":"https:\/\/blogdiario.info\/magazine\/2025\/05\/08\/napoli-invoca-san-gennaro-liquefallo-tu\/","title":{"rendered":"Napoli invoca: San Gennaro, liquefallo tu!"},"content":{"rendered":"<div class=\"wp-block-image\">\n<figure class=\"alignleft size-full\"><img loading=\"lazy\" decoding=\"async\" width=\"400\" height=\"600\" src=\"https:\/\/blogdiario.info\/magazine\/images\/2025\/05\/Gen_II_20250508.jpg\" alt=\"\" class=\"wp-image-1638\" srcset=\"https:\/\/blogdiario.info\/magazine\/images\/2025\/05\/Gen_II_20250508.jpg 400w, https:\/\/blogdiario.info\/magazine\/images\/2025\/05\/Gen_II_20250508-200x300.jpg 200w\" sizes=\"auto, (max-width: 400px) 100vw, 400px\" \/><\/figure><\/div>\n\n\n<p><strong>BlogDiario.info<\/strong><br><small>Citt\u00e0 del Vaticano, 08\/05\/2025<\/small><br>C\u2019\u00e8 chi aspetta segnali dal cielo, chi si affida alle urne, e chi \u2014 come Napoli \u2014 preferisce rivolgersi direttamente a San Gennaro. Ma stavolta, l\u2019obiettivo non \u00e8 salvare la citt\u00e0 da una calamit\u00e0 o da una retrocessione: \u00e8 sciogliere il sangue dell\u2019indecisione cardinalizia che ancora aleggia sopra Roma, con una fumata bianca che tarda pi\u00f9 del treno Circumvesuviana.<\/p>\n\n\n\n<p>I napoletani, gente pratica e devota, lo sanno bene: quando il Vaticano si impantana in mille consultazioni, c\u2019\u00e8 solo una soluzione. Chiamare il Santissimo Maradona e organizzare un raduno di preghiera straordinario. Perch\u00e9 se non lo fanno loro, chi?<\/p>\n\n\n\n<p>L\u2019idea parte da una piccola cappella in via dei Tribunali, dove un fedele \u2014 mentre accendeva una candela per la pace nel mondo e una per la prossima qualificazione in Champions \u2014 ha avuto l\u2019intuizione:<\/p>\n\n\n\n<p>\u201cMa \u2018o sang \u2018e San Gennaro, si scioglie pure pe\u2019 far scendere \u2018a nebbia in Vaticano?\u201d<\/p>\n\n\n\n<p>La proposta ha preso subito piede. Si parla di una processione laica con coro da stadio, ceri votivi a forma di pallone e una reliquia speciale: un calzino di Maradona ancora unto di grasso sacro del 1987.<\/p>\n\n\n\n<p><strong>La preghiera collettiva<\/strong><\/p>\n\n\n\n<p>L\u2019appello \u00e8 chiaro, con tanto di formula:<\/p>\n\n\n\n<p>\u201cSan Gennaro, scioglilo tu, \u2018stu sangue vescovile!<br>Fa\u2019 che se decidano presto, ch\u00e9 a Napoli gi\u00e0 ci serve un Santo per il prossimo scudetto!\u201d<\/p>\n\n\n\n<p>Tra le proposte: un maxischermo in piazza del Plebiscito collegato in diretta con la Cappella Sistina, cos\u00ec da vedere in tempo reale ogni sbuffo di fumo. Se \u00e8 bianco, si brinda. Se \u00e8 nero, si rinnova la novena.<\/p>\n\n\n\n<p><strong>I vescovi incerti? Da sciogliere, non da condannare<\/strong><\/p>\n\n\n\n<p>Sia chiaro: nessun rancore verso i cardinali. Solo una gentile esortazione napoletana a non tergiversare. Perch\u00e9 se il sangue si scioglie da secoli, un po\u2019 di decisione non dovrebbe far male.<\/p>\n\n\n\n<p>Nel frattempo, la citt\u00e0 attende il miracolo papale, confidando nella combinazione pi\u00f9 potente della storia: fede, folklore e un pizzico di superstizione benedetta.<br><br><small>\u00a9 2025 &#8220;Remo dei Fiaschi, cronista, bevitore e poeta improvvisato&#8221; &#8211; All Rights Reserved<\/small><br><small>Copyright \u00a9 2025 BlogDiario.info \/ SalaStampa.eu, world press service<\/small><br><small>Guzzo Photos &amp; Graphic Publications &#8211; Registro Editori e Stampatori n. 1441 Torino, Italia<\/small><\/p>\n","protected":false},"excerpt":{"rendered":"<p>HABEMUS PAPAM<\/p>\n","protected":false},"author":1,"featured_media":1637,"comment_status":"closed","ping_status":"closed","sticky":false,"template":"","format":"standard","meta":{"footnotes":"","_links_to":"","_links_to_target":""},"categories":[97,109,61,14,18,20],"tags":[150],"class_list":["post-1636","post","type-post","status-publish","format-standard","has-post-thumbnail","hentry","category-elcanillita","category-dc24","category-attualita","category-cultura-ita","category-politica-ita","category-societa","tag-citta-del-vaticano","entry","rows"],"yoast_head":"<!-- This site is optimized with the Yoast SEO plugin v27.4 - https:\/\/yoast.com\/product\/yoast-seo-wordpress\/ -->\n<title>Napoli invoca: San Gennaro, liquefallo tu! - BlogDiario Magazine<\/title>\n<meta name=\"robots\" content=\"index, follow, max-snippet:-1, max-image-preview:large, max-video-preview:-1\" \/>\n<link rel=\"canonical\" href=\"https:\/\/blogdiario.info\/magazine\/2025\/05\/08\/napoli-invoca-san-gennaro-liquefallo-tu\/\" \/>\n<meta property=\"og:locale\" content=\"es_ES\" \/>\n<meta property=\"og:type\" content=\"article\" \/>\n<meta property=\"og:title\" content=\"Napoli invoca: San Gennaro, liquefallo tu! - BlogDiario Magazine\" \/>\n<meta property=\"og:description\" content=\"HABEMUS PAPAM\" \/>\n<meta property=\"og:url\" content=\"https:\/\/blogdiario.info\/magazine\/2025\/05\/08\/napoli-invoca-san-gennaro-liquefallo-tu\/\" \/>\n<meta property=\"og:site_name\" content=\"BlogDiario Magazine\" \/>\n<meta property=\"article:published_time\" content=\"2025-05-08T16:26:00+00:00\" \/>\n<meta property=\"article:modified_time\" content=\"2025-05-08T16:26:01+00:00\" \/>\n<meta property=\"og:image\" content=\"https:\/\/blogdiario.info\/magazine\/images\/2025\/05\/Gen_Cov_20250508.jpg\" \/>\n\t<meta property=\"og:image:width\" content=\"600\" \/>\n\t<meta property=\"og:image:height\" content=\"400\" \/>\n\t<meta property=\"og:image:type\" content=\"image\/jpeg\" \/>\n<meta name=\"author\" content=\"World Press Service | Servicio de Prensa Mundial\" \/>\n<meta name=\"twitter:card\" content=\"summary_large_image\" \/>\n<meta name=\"twitter:label1\" content=\"Escrito por\" \/>\n\t<meta name=\"twitter:data1\" content=\"World Press Service | Servicio de Prensa Mundial\" \/>\n\t<meta name=\"twitter:label2\" content=\"Tiempo de lectura\" \/>\n\t<meta name=\"twitter:data2\" content=\"3 minutos\" \/>\n<script type=\"application\/ld+json\" class=\"yoast-schema-graph\">{\"@context\":\"https:\\\/\\\/schema.org\",\"@graph\":[{\"@type\":\"Article\",\"@id\":\"https:\\\/\\\/blogdiario.info\\\/magazine\\\/2025\\\/05\\\/08\\\/napoli-invoca-san-gennaro-liquefallo-tu\\\/#article\",\"isPartOf\":{\"@id\":\"https:\\\/\\\/blogdiario.info\\\/magazine\\\/2025\\\/05\\\/08\\\/napoli-invoca-san-gennaro-liquefallo-tu\\\/\"},\"author\":{\"name\":\"World Press Service | Servicio de Prensa Mundial\",\"@id\":\"https:\\\/\\\/blogdiario.info\\\/magazine\\\/#\\\/schema\\\/person\\\/b2422fe85574d945bad55513bb0c7354\"},\"headline\":\"Napoli invoca: San Gennaro, liquefallo tu!\",\"datePublished\":\"2025-05-08T16:26:00+00:00\",\"dateModified\":\"2025-05-08T16:26:01+00:00\",\"mainEntityOfPage\":{\"@id\":\"https:\\\/\\\/blogdiario.info\\\/magazine\\\/2025\\\/05\\\/08\\\/napoli-invoca-san-gennaro-liquefallo-tu\\\/\"},\"wordCount\":359,\"publisher\":{\"@id\":\"https:\\\/\\\/blogdiario.info\\\/magazine\\\/#organization\"},\"image\":{\"@id\":\"https:\\\/\\\/blogdiario.info\\\/magazine\\\/2025\\\/05\\\/08\\\/napoli-invoca-san-gennaro-liquefallo-tu\\\/#primaryimage\"},\"thumbnailUrl\":\"https:\\\/\\\/blogdiario.info\\\/magazine\\\/images\\\/2025\\\/05\\\/Gen_Cov_20250508.jpg\",\"keywords\":[\"Citt\u00e0 del Vaticano\"],\"articleSection\":[\".\",\".\",\"Attualit\u00e0\",\"Cultura\",\"Politica\",\"Societ\u00e0\"],\"inLanguage\":\"es-AR\"},{\"@type\":\"WebPage\",\"@id\":\"https:\\\/\\\/blogdiario.info\\\/magazine\\\/2025\\\/05\\\/08\\\/napoli-invoca-san-gennaro-liquefallo-tu\\\/\",\"url\":\"https:\\\/\\\/blogdiario.info\\\/magazine\\\/2025\\\/05\\\/08\\\/napoli-invoca-san-gennaro-liquefallo-tu\\\/\",\"name\":\"Napoli invoca: San Gennaro, liquefallo tu! - BlogDiario Magazine\",\"isPartOf\":{\"@id\":\"https:\\\/\\\/blogdiario.info\\\/magazine\\\/#website\"},\"primaryImageOfPage\":{\"@id\":\"https:\\\/\\\/blogdiario.info\\\/magazine\\\/2025\\\/05\\\/08\\\/napoli-invoca-san-gennaro-liquefallo-tu\\\/#primaryimage\"},\"image\":{\"@id\":\"https:\\\/\\\/blogdiario.info\\\/magazine\\\/2025\\\/05\\\/08\\\/napoli-invoca-san-gennaro-liquefallo-tu\\\/#primaryimage\"},\"thumbnailUrl\":\"https:\\\/\\\/blogdiario.info\\\/magazine\\\/images\\\/2025\\\/05\\\/Gen_Cov_20250508.jpg\",\"datePublished\":\"2025-05-08T16:26:00+00:00\",\"dateModified\":\"2025-05-08T16:26:01+00:00\",\"breadcrumb\":{\"@id\":\"https:\\\/\\\/blogdiario.info\\\/magazine\\\/2025\\\/05\\\/08\\\/napoli-invoca-san-gennaro-liquefallo-tu\\\/#breadcrumb\"},\"inLanguage\":\"es-AR\",\"potentialAction\":[{\"@type\":\"ReadAction\",\"target\":[\"https:\\\/\\\/blogdiario.info\\\/magazine\\\/2025\\\/05\\\/08\\\/napoli-invoca-san-gennaro-liquefallo-tu\\\/\"]}]},{\"@type\":\"ImageObject\",\"inLanguage\":\"es-AR\",\"@id\":\"https:\\\/\\\/blogdiario.info\\\/magazine\\\/2025\\\/05\\\/08\\\/napoli-invoca-san-gennaro-liquefallo-tu\\\/#primaryimage\",\"url\":\"https:\\\/\\\/blogdiario.info\\\/magazine\\\/images\\\/2025\\\/05\\\/Gen_Cov_20250508.jpg\",\"contentUrl\":\"https:\\\/\\\/blogdiario.info\\\/magazine\\\/images\\\/2025\\\/05\\\/Gen_Cov_20250508.jpg\",\"width\":600,\"height\":400},{\"@type\":\"BreadcrumbList\",\"@id\":\"https:\\\/\\\/blogdiario.info\\\/magazine\\\/2025\\\/05\\\/08\\\/napoli-invoca-san-gennaro-liquefallo-tu\\\/#breadcrumb\",\"itemListElement\":[{\"@type\":\"ListItem\",\"position\":1,\"name\":\"Home\",\"item\":\"https:\\\/\\\/blogdiario.info\\\/magazine\\\/\"},{\"@type\":\"ListItem\",\"position\":2,\"name\":\"Napoli invoca: San Gennaro, liquefallo tu!\"}]},{\"@type\":\"WebSite\",\"@id\":\"https:\\\/\\\/blogdiario.info\\\/magazine\\\/#website\",\"url\":\"https:\\\/\\\/blogdiario.info\\\/magazine\\\/\",\"name\":\"BlogDiario Magazine\",\"description\":\"Suplemento multiling\u00fce de ElCanillita.Info\",\"publisher\":{\"@id\":\"https:\\\/\\\/blogdiario.info\\\/magazine\\\/#organization\"},\"potentialAction\":[{\"@type\":\"SearchAction\",\"target\":{\"@type\":\"EntryPoint\",\"urlTemplate\":\"https:\\\/\\\/blogdiario.info\\\/magazine\\\/?s={search_term_string}\"},\"query-input\":{\"@type\":\"PropertyValueSpecification\",\"valueRequired\":true,\"valueName\":\"search_term_string\"}}],\"inLanguage\":\"es-AR\"},{\"@type\":\"Organization\",\"@id\":\"https:\\\/\\\/blogdiario.info\\\/magazine\\\/#organization\",\"name\":\"Guzzo Photos & Graphic Publications\",\"url\":\"https:\\\/\\\/blogdiario.info\\\/magazine\\\/\",\"logo\":{\"@type\":\"ImageObject\",\"inLanguage\":\"es-AR\",\"@id\":\"https:\\\/\\\/blogdiario.info\\\/magazine\\\/#\\\/schema\\\/logo\\\/image\\\/\",\"url\":\"https:\\\/\\\/blogdiario.info\\\/magazine\\\/images\\\/2020\\\/01\\\/cropped-blogdia_magazine.jpg\",\"contentUrl\":\"https:\\\/\\\/blogdiario.info\\\/magazine\\\/images\\\/2020\\\/01\\\/cropped-blogdia_magazine.jpg\",\"width\":589,\"height\":55,\"caption\":\"Guzzo Photos & Graphic Publications\"},\"image\":{\"@id\":\"https:\\\/\\\/blogdiario.info\\\/magazine\\\/#\\\/schema\\\/logo\\\/image\\\/\"}},{\"@type\":\"Person\",\"@id\":\"https:\\\/\\\/blogdiario.info\\\/magazine\\\/#\\\/schema\\\/person\\\/b2422fe85574d945bad55513bb0c7354\",\"name\":\"World Press Service | Servicio de Prensa Mundial\"}]}<\/script>\n<!-- \/ Yoast SEO plugin. -->","yoast_head_json":{"title":"Napoli invoca: San Gennaro, liquefallo tu! - BlogDiario Magazine","robots":{"index":"index","follow":"follow","max-snippet":"max-snippet:-1","max-image-preview":"max-image-preview:large","max-video-preview":"max-video-preview:-1"},"canonical":"https:\/\/blogdiario.info\/magazine\/2025\/05\/08\/napoli-invoca-san-gennaro-liquefallo-tu\/","og_locale":"es_ES","og_type":"article","og_title":"Napoli invoca: San Gennaro, liquefallo tu! - BlogDiario Magazine","og_description":"HABEMUS PAPAM","og_url":"https:\/\/blogdiario.info\/magazine\/2025\/05\/08\/napoli-invoca-san-gennaro-liquefallo-tu\/","og_site_name":"BlogDiario Magazine","article_published_time":"2025-05-08T16:26:00+00:00","article_modified_time":"2025-05-08T16:26:01+00:00","og_image":[{"width":600,"height":400,"url":"https:\/\/blogdiario.info\/magazine\/images\/2025\/05\/Gen_Cov_20250508.jpg","type":"image\/jpeg"}],"author":"World Press Service | Servicio de Prensa Mundial","twitter_card":"summary_large_image","twitter_misc":{"Escrito por":"World Press Service | Servicio de Prensa Mundial","Tiempo de lectura":"3 minutos"},"schema":{"@context":"https:\/\/schema.org","@graph":[{"@type":"Article","@id":"https:\/\/blogdiario.info\/magazine\/2025\/05\/08\/napoli-invoca-san-gennaro-liquefallo-tu\/#article","isPartOf":{"@id":"https:\/\/blogdiario.info\/magazine\/2025\/05\/08\/napoli-invoca-san-gennaro-liquefallo-tu\/"},"author":{"name":"World Press Service | Servicio de Prensa Mundial","@id":"https:\/\/blogdiario.info\/magazine\/#\/schema\/person\/b2422fe85574d945bad55513bb0c7354"},"headline":"Napoli invoca: San Gennaro, liquefallo tu!","datePublished":"2025-05-08T16:26:00+00:00","dateModified":"2025-05-08T16:26:01+00:00","mainEntityOfPage":{"@id":"https:\/\/blogdiario.info\/magazine\/2025\/05\/08\/napoli-invoca-san-gennaro-liquefallo-tu\/"},"wordCount":359,"publisher":{"@id":"https:\/\/blogdiario.info\/magazine\/#organization"},"image":{"@id":"https:\/\/blogdiario.info\/magazine\/2025\/05\/08\/napoli-invoca-san-gennaro-liquefallo-tu\/#primaryimage"},"thumbnailUrl":"https:\/\/blogdiario.info\/magazine\/images\/2025\/05\/Gen_Cov_20250508.jpg","keywords":["Citt\u00e0 del Vaticano"],"articleSection":[".",".","Attualit\u00e0","Cultura","Politica","Societ\u00e0"],"inLanguage":"es-AR"},{"@type":"WebPage","@id":"https:\/\/blogdiario.info\/magazine\/2025\/05\/08\/napoli-invoca-san-gennaro-liquefallo-tu\/","url":"https:\/\/blogdiario.info\/magazine\/2025\/05\/08\/napoli-invoca-san-gennaro-liquefallo-tu\/","name":"Napoli invoca: San Gennaro, liquefallo tu! - BlogDiario Magazine","isPartOf":{"@id":"https:\/\/blogdiario.info\/magazine\/#website"},"primaryImageOfPage":{"@id":"https:\/\/blogdiario.info\/magazine\/2025\/05\/08\/napoli-invoca-san-gennaro-liquefallo-tu\/#primaryimage"},"image":{"@id":"https:\/\/blogdiario.info\/magazine\/2025\/05\/08\/napoli-invoca-san-gennaro-liquefallo-tu\/#primaryimage"},"thumbnailUrl":"https:\/\/blogdiario.info\/magazine\/images\/2025\/05\/Gen_Cov_20250508.jpg","datePublished":"2025-05-08T16:26:00+00:00","dateModified":"2025-05-08T16:26:01+00:00","breadcrumb":{"@id":"https:\/\/blogdiario.info\/magazine\/2025\/05\/08\/napoli-invoca-san-gennaro-liquefallo-tu\/#breadcrumb"},"inLanguage":"es-AR","potentialAction":[{"@type":"ReadAction","target":["https:\/\/blogdiario.info\/magazine\/2025\/05\/08\/napoli-invoca-san-gennaro-liquefallo-tu\/"]}]},{"@type":"ImageObject","inLanguage":"es-AR","@id":"https:\/\/blogdiario.info\/magazine\/2025\/05\/08\/napoli-invoca-san-gennaro-liquefallo-tu\/#primaryimage","url":"https:\/\/blogdiario.info\/magazine\/images\/2025\/05\/Gen_Cov_20250508.jpg","contentUrl":"https:\/\/blogdiario.info\/magazine\/images\/2025\/05\/Gen_Cov_20250508.jpg","width":600,"height":400},{"@type":"BreadcrumbList","@id":"https:\/\/blogdiario.info\/magazine\/2025\/05\/08\/napoli-invoca-san-gennaro-liquefallo-tu\/#breadcrumb","itemListElement":[{"@type":"ListItem","position":1,"name":"Home","item":"https:\/\/blogdiario.info\/magazine\/"},{"@type":"ListItem","position":2,"name":"Napoli invoca: San Gennaro, liquefallo tu!"}]},{"@type":"WebSite","@id":"https:\/\/blogdiario.info\/magazine\/#website","url":"https:\/\/blogdiario.info\/magazine\/","name":"BlogDiario Magazine","description":"Suplemento multiling\u00fce de ElCanillita.Info","publisher":{"@id":"https:\/\/blogdiario.info\/magazine\/#organization"},"potentialAction":[{"@type":"SearchAction","target":{"@type":"EntryPoint","urlTemplate":"https:\/\/blogdiario.info\/magazine\/?s={search_term_string}"},"query-input":{"@type":"PropertyValueSpecification","valueRequired":true,"valueName":"search_term_string"}}],"inLanguage":"es-AR"},{"@type":"Organization","@id":"https:\/\/blogdiario.info\/magazine\/#organization","name":"Guzzo Photos & Graphic Publications","url":"https:\/\/blogdiario.info\/magazine\/","logo":{"@type":"ImageObject","inLanguage":"es-AR","@id":"https:\/\/blogdiario.info\/magazine\/#\/schema\/logo\/image\/","url":"https:\/\/blogdiario.info\/magazine\/images\/2020\/01\/cropped-blogdia_magazine.jpg","contentUrl":"https:\/\/blogdiario.info\/magazine\/images\/2020\/01\/cropped-blogdia_magazine.jpg","width":589,"height":55,"caption":"Guzzo Photos & Graphic Publications"},"image":{"@id":"https:\/\/blogdiario.info\/magazine\/#\/schema\/logo\/image\/"}},{"@type":"Person","@id":"https:\/\/blogdiario.info\/magazine\/#\/schema\/person\/b2422fe85574d945bad55513bb0c7354","name":"World Press Service | Servicio de Prensa Mundial"}]}},"views":483,"_links":{"self":[{"href":"https:\/\/blogdiario.info\/magazine\/wp-json\/wp\/v2\/posts\/1636","targetHints":{"allow":["GET"]}}],"collection":[{"href":"https:\/\/blogdiario.info\/magazine\/wp-json\/wp\/v2\/posts"}],"about":[{"href":"https:\/\/blogdiario.info\/magazine\/wp-json\/wp\/v2\/types\/post"}],"author":[{"embeddable":true,"href":"https:\/\/blogdiario.info\/magazine\/wp-json\/wp\/v2\/users\/1"}],"replies":[{"embeddable":true,"href":"https:\/\/blogdiario.info\/magazine\/wp-json\/wp\/v2\/comments?post=1636"}],"version-history":[{"count":0,"href":"https:\/\/blogdiario.info\/magazine\/wp-json\/wp\/v2\/posts\/1636\/revisions"}],"wp:featuredmedia":[{"embeddable":true,"href":"https:\/\/blogdiario.info\/magazine\/wp-json\/wp\/v2\/media\/1637"}],"wp:attachment":[{"href":"https:\/\/blogdiario.info\/magazine\/wp-json\/wp\/v2\/media?parent=1636"}],"wp:term":[{"taxonomy":"category","embeddable":true,"href":"https:\/\/blogdiario.info\/magazine\/wp-json\/wp\/v2\/categories?post=1636"},{"taxonomy":"post_tag","embeddable":true,"href":"https:\/\/blogdiario.info\/magazine\/wp-json\/wp\/v2\/tags?post=1636"}],"curies":[{"name":"wp","href":"https:\/\/api.w.org\/{rel}","templated":true}]}}