{"id":1632,"date":"2025-05-07T11:36:48","date_gmt":"2025-05-07T10:36:48","guid":{"rendered":"https:\/\/blogdiario.info\/magazine\/?p=1632"},"modified":"2025-05-07T11:38:36","modified_gmt":"2025-05-07T10:38:36","slug":"le-mystere-njue-exclu-du-conclave-mais-en-bonne-sante","status":"publish","type":"post","link":"https:\/\/blogdiario.info\/magazine\/2025\/05\/07\/le-mystere-njue-exclu-du-conclave-mais-en-bonne-sante\/","title":{"rendered":"Le myst\u00e8re Njue : exclu du conclave, mais en bonne sant\u00e9"},"content":{"rendered":"<div class=\"wp-block-image\">\n<figure class=\"alignleft size-full\"><img loading=\"lazy\" decoding=\"async\" width=\"400\" height=\"600\" src=\"https:\/\/blogdiario.info\/magazine\/images\/2025\/05\/ijue_boz_20250507.jpg\" alt=\"\" class=\"wp-image-1615\" srcset=\"https:\/\/blogdiario.info\/magazine\/images\/2025\/05\/ijue_boz_20250507.jpg 400w, https:\/\/blogdiario.info\/magazine\/images\/2025\/05\/ijue_boz_20250507-200x300.jpg 200w\" sizes=\"auto, (max-width: 400px) 100vw, 400px\" \/><\/figure><\/div>\n\n\n<p><strong>BlogDiario.info<\/strong><br><small>Cit\u00e9 du Vatican, 07\/05\/2025<\/small><br>\u201cJe ne suis pas malade, je vais tr\u00e8s bien. Mais ils ne m\u2019ont pas voulu au conclave.\u201d<br>Par cette phrase, le cardinal kenyan John Njue a allum\u00e9 une bougie \u2014et quelques suspicions\u2014 sous la coupole feutr\u00e9e du Coll\u00e8ge des cardinaux. <br><br>Car lorsqu\u2019un prince de l\u2019\u00c9glise se d\u00e9clare apte et pr\u00eat \u00e0 voter, mais qu\u2019il est \u00e9cart\u00e9 sans explication, ce n\u2019est pas de l\u2019encens qu\u2019on sent\u2026 mais du myst\u00e8re.<\/p>\n\n\n\n<p>Le conclave est, par d\u00e9finition, le temple du silence. Mais cette fois, une rumeur a gliss\u00e9 \u2014et pas par le toit de la chapelle Sixtine.<br><br>L\u2019affaire Njue s\u2019est r\u00e9pandue comme de l\u2019encens dans les sacristies africaines, chez les th\u00e9ologiens romains et les vaticanistes exp\u00e9riment\u00e9s.<\/p>\n\n\n\n<p>La question est simple : qui d\u00e9cide vraiment de qui est \u201capte et pr\u00e9sent\u201d pour \u00e9lire un pape ?<\/p>\n\n\n\n<p>Officiellement : l\u2019\u00e2ge (moins de 80), la sant\u00e9 et la r\u00e9sidence canonique. Mais dans le cas de Njue, les deux premi\u00e8res conditions sont remplies. Alors ? Serait-ce la troisi\u00e8me qui devient\u2026 modulable ? Ou bien une nouvelle tradition implicite n\u00e9e sous Fran\u00e7ois : redessiner le pouvoir sans d\u00e9claration formelle.<\/p>\n\n\n\n<p>Car si Fran\u00e7ois laisse un h\u00e9ritage clair, c\u2019est celui-ci :<br>la guerre des cardinaux ne se fait plus \u00e0 coups de crosse, mais par listes, omissions et silences organis\u00e9s.<br><br>La \u201cmis\u00e9ricorde\u201d, elle, repose d\u00e9sormais dans les archives des intentions.<\/p>\n\n\n\n<p>Et le cardinal Njue reste hors jeu, chapelet en main, froncement de sourcils inclus. Cas isol\u00e9 ou avant-go\u00fbt d\u2019une tendance ? Une chose est s\u00fbre : le prochain pape h\u00e9ritera d\u2019un coll\u00e8ge divis\u00e9, tri\u00e9 et inquiet.<\/p>\n\n\n\n<p>Et commencera peut-\u00eatre son pontificat avec une b\u00e9n\u00e9diction\u2026 et un bilan m\u00e9dical.<br><br><small>\u00a92025 \u201cCarta e inchiostro\u201d All Rights Reserved<\/small><br><small>Copyright \u00a9 2025 BlogDiario.info \/ SalaStampa.eu, world press service<\/small><br><small>Guzzo Photos &amp; Graphic Publications &#8211; Registro Editori e Stampatori n. 1441 Torino, Italia<\/small><\/p>\n","protected":false},"excerpt":{"rendered":"<p>L\u2019h\u00e9ritage vatican selon Fran\u00e7ois<\/p>\n","protected":false},"author":1,"featured_media":1616,"comment_status":"closed","ping_status":"closed","sticky":false,"template":"","format":"standard","meta":{"footnotes":"","_links_to":"","_links_to_target":""},"categories":[65,136,46,29,31],"tags":[150],"class_list":["post-1632","post","type-post","status-publish","format-standard","has-post-thumbnail","hentry","category-actualite","category-dolores-de-la-press","category-europa","category-politique","category-societe","tag-citta-del-vaticano","entry","rows"],"yoast_head":"<!-- This site is optimized with the Yoast SEO plugin v27.4 - https:\/\/yoast.com\/product\/yoast-seo-wordpress\/ -->\n<title>Le myst\u00e8re Njue : exclu du conclave, mais en bonne sant\u00e9 - BlogDiario Magazine<\/title>\n<meta name=\"robots\" content=\"index, follow, max-snippet:-1, max-image-preview:large, max-video-preview:-1\" \/>\n<link rel=\"canonical\" href=\"https:\/\/blogdiario.info\/magazine\/2025\/05\/07\/le-mystere-njue-exclu-du-conclave-mais-en-bonne-sante\/\" \/>\n<meta property=\"og:locale\" content=\"es_ES\" \/>\n<meta property=\"og:type\" content=\"article\" \/>\n<meta property=\"og:title\" content=\"Le myst\u00e8re Njue : exclu du conclave, mais en bonne sant\u00e9 - BlogDiario Magazine\" \/>\n<meta property=\"og:description\" content=\"L\u2019h\u00e9ritage vatican selon Fran\u00e7ois\" \/>\n<meta property=\"og:url\" content=\"https:\/\/blogdiario.info\/magazine\/2025\/05\/07\/le-mystere-njue-exclu-du-conclave-mais-en-bonne-sante\/\" \/>\n<meta property=\"og:site_name\" content=\"BlogDiario Magazine\" \/>\n<meta property=\"article:published_time\" content=\"2025-05-07T10:36:48+00:00\" \/>\n<meta property=\"article:modified_time\" content=\"2025-05-07T10:38:36+00:00\" \/>\n<meta property=\"og:image\" content=\"https:\/\/blogdiario.info\/magazine\/images\/2025\/05\/vati_20250507.jpg\" \/>\n\t<meta property=\"og:image:width\" content=\"600\" \/>\n\t<meta property=\"og:image:height\" content=\"400\" \/>\n\t<meta property=\"og:image:type\" content=\"image\/jpeg\" \/>\n<meta name=\"author\" content=\"World Press Service | Servicio de Prensa Mundial\" \/>\n<meta name=\"twitter:card\" content=\"summary_large_image\" \/>\n<meta name=\"twitter:label1\" content=\"Escrito por\" \/>\n\t<meta name=\"twitter:data1\" content=\"World Press Service | Servicio de Prensa Mundial\" \/>\n\t<meta name=\"twitter:label2\" content=\"Tiempo de lectura\" \/>\n\t<meta name=\"twitter:data2\" content=\"2 minutos\" \/>\n<script type=\"application\/ld+json\" class=\"yoast-schema-graph\">{\"@context\":\"https:\\\/\\\/schema.org\",\"@graph\":[{\"@type\":\"Article\",\"@id\":\"https:\\\/\\\/blogdiario.info\\\/magazine\\\/2025\\\/05\\\/07\\\/le-mystere-njue-exclu-du-conclave-mais-en-bonne-sante\\\/#article\",\"isPartOf\":{\"@id\":\"https:\\\/\\\/blogdiario.info\\\/magazine\\\/2025\\\/05\\\/07\\\/le-mystere-njue-exclu-du-conclave-mais-en-bonne-sante\\\/\"},\"author\":{\"name\":\"World Press Service | Servicio de Prensa Mundial\",\"@id\":\"https:\\\/\\\/blogdiario.info\\\/magazine\\\/#\\\/schema\\\/person\\\/b2422fe85574d945bad55513bb0c7354\"},\"headline\":\"Le myst\u00e8re Njue : exclu du conclave, mais en bonne sant\u00e9\",\"datePublished\":\"2025-05-07T10:36:48+00:00\",\"dateModified\":\"2025-05-07T10:38:36+00:00\",\"mainEntityOfPage\":{\"@id\":\"https:\\\/\\\/blogdiario.info\\\/magazine\\\/2025\\\/05\\\/07\\\/le-mystere-njue-exclu-du-conclave-mais-en-bonne-sante\\\/\"},\"wordCount\":344,\"publisher\":{\"@id\":\"https:\\\/\\\/blogdiario.info\\\/magazine\\\/#organization\"},\"image\":{\"@id\":\"https:\\\/\\\/blogdiario.info\\\/magazine\\\/2025\\\/05\\\/07\\\/le-mystere-njue-exclu-du-conclave-mais-en-bonne-sante\\\/#primaryimage\"},\"thumbnailUrl\":\"https:\\\/\\\/blogdiario.info\\\/magazine\\\/images\\\/2025\\\/05\\\/vati_20250507.jpg\",\"keywords\":[\"Citt\u00e0 del Vaticano\"],\"articleSection\":[\"Actualit\u00e9\",\"Dolores de La Press\",\"Europa\",\"Politique\",\"Soci\u00e9t\u00e9\"],\"inLanguage\":\"es-AR\"},{\"@type\":\"WebPage\",\"@id\":\"https:\\\/\\\/blogdiario.info\\\/magazine\\\/2025\\\/05\\\/07\\\/le-mystere-njue-exclu-du-conclave-mais-en-bonne-sante\\\/\",\"url\":\"https:\\\/\\\/blogdiario.info\\\/magazine\\\/2025\\\/05\\\/07\\\/le-mystere-njue-exclu-du-conclave-mais-en-bonne-sante\\\/\",\"name\":\"Le myst\u00e8re Njue : exclu du conclave, mais en bonne sant\u00e9 - BlogDiario Magazine\",\"isPartOf\":{\"@id\":\"https:\\\/\\\/blogdiario.info\\\/magazine\\\/#website\"},\"primaryImageOfPage\":{\"@id\":\"https:\\\/\\\/blogdiario.info\\\/magazine\\\/2025\\\/05\\\/07\\\/le-mystere-njue-exclu-du-conclave-mais-en-bonne-sante\\\/#primaryimage\"},\"image\":{\"@id\":\"https:\\\/\\\/blogdiario.info\\\/magazine\\\/2025\\\/05\\\/07\\\/le-mystere-njue-exclu-du-conclave-mais-en-bonne-sante\\\/#primaryimage\"},\"thumbnailUrl\":\"https:\\\/\\\/blogdiario.info\\\/magazine\\\/images\\\/2025\\\/05\\\/vati_20250507.jpg\",\"datePublished\":\"2025-05-07T10:36:48+00:00\",\"dateModified\":\"2025-05-07T10:38:36+00:00\",\"breadcrumb\":{\"@id\":\"https:\\\/\\\/blogdiario.info\\\/magazine\\\/2025\\\/05\\\/07\\\/le-mystere-njue-exclu-du-conclave-mais-en-bonne-sante\\\/#breadcrumb\"},\"inLanguage\":\"es-AR\",\"potentialAction\":[{\"@type\":\"ReadAction\",\"target\":[\"https:\\\/\\\/blogdiario.info\\\/magazine\\\/2025\\\/05\\\/07\\\/le-mystere-njue-exclu-du-conclave-mais-en-bonne-sante\\\/\"]}]},{\"@type\":\"ImageObject\",\"inLanguage\":\"es-AR\",\"@id\":\"https:\\\/\\\/blogdiario.info\\\/magazine\\\/2025\\\/05\\\/07\\\/le-mystere-njue-exclu-du-conclave-mais-en-bonne-sante\\\/#primaryimage\",\"url\":\"https:\\\/\\\/blogdiario.info\\\/magazine\\\/images\\\/2025\\\/05\\\/vati_20250507.jpg\",\"contentUrl\":\"https:\\\/\\\/blogdiario.info\\\/magazine\\\/images\\\/2025\\\/05\\\/vati_20250507.jpg\",\"width\":600,\"height\":400},{\"@type\":\"BreadcrumbList\",\"@id\":\"https:\\\/\\\/blogdiario.info\\\/magazine\\\/2025\\\/05\\\/07\\\/le-mystere-njue-exclu-du-conclave-mais-en-bonne-sante\\\/#breadcrumb\",\"itemListElement\":[{\"@type\":\"ListItem\",\"position\":1,\"name\":\"Home\",\"item\":\"https:\\\/\\\/blogdiario.info\\\/magazine\\\/\"},{\"@type\":\"ListItem\",\"position\":2,\"name\":\"Le myst\u00e8re Njue : exclu du conclave, mais en bonne sant\u00e9\"}]},{\"@type\":\"WebSite\",\"@id\":\"https:\\\/\\\/blogdiario.info\\\/magazine\\\/#website\",\"url\":\"https:\\\/\\\/blogdiario.info\\\/magazine\\\/\",\"name\":\"BlogDiario Magazine\",\"description\":\"Suplemento multiling\u00fce de ElCanillita.Info\",\"publisher\":{\"@id\":\"https:\\\/\\\/blogdiario.info\\\/magazine\\\/#organization\"},\"potentialAction\":[{\"@type\":\"SearchAction\",\"target\":{\"@type\":\"EntryPoint\",\"urlTemplate\":\"https:\\\/\\\/blogdiario.info\\\/magazine\\\/?s={search_term_string}\"},\"query-input\":{\"@type\":\"PropertyValueSpecification\",\"valueRequired\":true,\"valueName\":\"search_term_string\"}}],\"inLanguage\":\"es-AR\"},{\"@type\":\"Organization\",\"@id\":\"https:\\\/\\\/blogdiario.info\\\/magazine\\\/#organization\",\"name\":\"Guzzo Photos & Graphic Publications\",\"url\":\"https:\\\/\\\/blogdiario.info\\\/magazine\\\/\",\"logo\":{\"@type\":\"ImageObject\",\"inLanguage\":\"es-AR\",\"@id\":\"https:\\\/\\\/blogdiario.info\\\/magazine\\\/#\\\/schema\\\/logo\\\/image\\\/\",\"url\":\"https:\\\/\\\/blogdiario.info\\\/magazine\\\/images\\\/2020\\\/01\\\/cropped-blogdia_magazine.jpg\",\"contentUrl\":\"https:\\\/\\\/blogdiario.info\\\/magazine\\\/images\\\/2020\\\/01\\\/cropped-blogdia_magazine.jpg\",\"width\":589,\"height\":55,\"caption\":\"Guzzo Photos & Graphic Publications\"},\"image\":{\"@id\":\"https:\\\/\\\/blogdiario.info\\\/magazine\\\/#\\\/schema\\\/logo\\\/image\\\/\"}},{\"@type\":\"Person\",\"@id\":\"https:\\\/\\\/blogdiario.info\\\/magazine\\\/#\\\/schema\\\/person\\\/b2422fe85574d945bad55513bb0c7354\",\"name\":\"World Press Service | Servicio de Prensa Mundial\"}]}<\/script>\n<!-- \/ Yoast SEO plugin. -->","yoast_head_json":{"title":"Le myst\u00e8re Njue : exclu du conclave, mais en bonne sant\u00e9 - BlogDiario Magazine","robots":{"index":"index","follow":"follow","max-snippet":"max-snippet:-1","max-image-preview":"max-image-preview:large","max-video-preview":"max-video-preview:-1"},"canonical":"https:\/\/blogdiario.info\/magazine\/2025\/05\/07\/le-mystere-njue-exclu-du-conclave-mais-en-bonne-sante\/","og_locale":"es_ES","og_type":"article","og_title":"Le myst\u00e8re Njue : exclu du conclave, mais en bonne sant\u00e9 - BlogDiario Magazine","og_description":"L\u2019h\u00e9ritage vatican selon Fran\u00e7ois","og_url":"https:\/\/blogdiario.info\/magazine\/2025\/05\/07\/le-mystere-njue-exclu-du-conclave-mais-en-bonne-sante\/","og_site_name":"BlogDiario Magazine","article_published_time":"2025-05-07T10:36:48+00:00","article_modified_time":"2025-05-07T10:38:36+00:00","og_image":[{"width":600,"height":400,"url":"https:\/\/blogdiario.info\/magazine\/images\/2025\/05\/vati_20250507.jpg","type":"image\/jpeg"}],"author":"World Press Service | Servicio de Prensa Mundial","twitter_card":"summary_large_image","twitter_misc":{"Escrito por":"World Press Service | Servicio de Prensa Mundial","Tiempo de lectura":"2 minutos"},"schema":{"@context":"https:\/\/schema.org","@graph":[{"@type":"Article","@id":"https:\/\/blogdiario.info\/magazine\/2025\/05\/07\/le-mystere-njue-exclu-du-conclave-mais-en-bonne-sante\/#article","isPartOf":{"@id":"https:\/\/blogdiario.info\/magazine\/2025\/05\/07\/le-mystere-njue-exclu-du-conclave-mais-en-bonne-sante\/"},"author":{"name":"World Press Service | Servicio de Prensa Mundial","@id":"https:\/\/blogdiario.info\/magazine\/#\/schema\/person\/b2422fe85574d945bad55513bb0c7354"},"headline":"Le myst\u00e8re Njue : exclu du conclave, mais en bonne sant\u00e9","datePublished":"2025-05-07T10:36:48+00:00","dateModified":"2025-05-07T10:38:36+00:00","mainEntityOfPage":{"@id":"https:\/\/blogdiario.info\/magazine\/2025\/05\/07\/le-mystere-njue-exclu-du-conclave-mais-en-bonne-sante\/"},"wordCount":344,"publisher":{"@id":"https:\/\/blogdiario.info\/magazine\/#organization"},"image":{"@id":"https:\/\/blogdiario.info\/magazine\/2025\/05\/07\/le-mystere-njue-exclu-du-conclave-mais-en-bonne-sante\/#primaryimage"},"thumbnailUrl":"https:\/\/blogdiario.info\/magazine\/images\/2025\/05\/vati_20250507.jpg","keywords":["Citt\u00e0 del Vaticano"],"articleSection":["Actualit\u00e9","Dolores de La Press","Europa","Politique","Soci\u00e9t\u00e9"],"inLanguage":"es-AR"},{"@type":"WebPage","@id":"https:\/\/blogdiario.info\/magazine\/2025\/05\/07\/le-mystere-njue-exclu-du-conclave-mais-en-bonne-sante\/","url":"https:\/\/blogdiario.info\/magazine\/2025\/05\/07\/le-mystere-njue-exclu-du-conclave-mais-en-bonne-sante\/","name":"Le myst\u00e8re Njue : exclu du conclave, mais en bonne sant\u00e9 - BlogDiario Magazine","isPartOf":{"@id":"https:\/\/blogdiario.info\/magazine\/#website"},"primaryImageOfPage":{"@id":"https:\/\/blogdiario.info\/magazine\/2025\/05\/07\/le-mystere-njue-exclu-du-conclave-mais-en-bonne-sante\/#primaryimage"},"image":{"@id":"https:\/\/blogdiario.info\/magazine\/2025\/05\/07\/le-mystere-njue-exclu-du-conclave-mais-en-bonne-sante\/#primaryimage"},"thumbnailUrl":"https:\/\/blogdiario.info\/magazine\/images\/2025\/05\/vati_20250507.jpg","datePublished":"2025-05-07T10:36:48+00:00","dateModified":"2025-05-07T10:38:36+00:00","breadcrumb":{"@id":"https:\/\/blogdiario.info\/magazine\/2025\/05\/07\/le-mystere-njue-exclu-du-conclave-mais-en-bonne-sante\/#breadcrumb"},"inLanguage":"es-AR","potentialAction":[{"@type":"ReadAction","target":["https:\/\/blogdiario.info\/magazine\/2025\/05\/07\/le-mystere-njue-exclu-du-conclave-mais-en-bonne-sante\/"]}]},{"@type":"ImageObject","inLanguage":"es-AR","@id":"https:\/\/blogdiario.info\/magazine\/2025\/05\/07\/le-mystere-njue-exclu-du-conclave-mais-en-bonne-sante\/#primaryimage","url":"https:\/\/blogdiario.info\/magazine\/images\/2025\/05\/vati_20250507.jpg","contentUrl":"https:\/\/blogdiario.info\/magazine\/images\/2025\/05\/vati_20250507.jpg","width":600,"height":400},{"@type":"BreadcrumbList","@id":"https:\/\/blogdiario.info\/magazine\/2025\/05\/07\/le-mystere-njue-exclu-du-conclave-mais-en-bonne-sante\/#breadcrumb","itemListElement":[{"@type":"ListItem","position":1,"name":"Home","item":"https:\/\/blogdiario.info\/magazine\/"},{"@type":"ListItem","position":2,"name":"Le myst\u00e8re Njue : exclu du conclave, mais en bonne sant\u00e9"}]},{"@type":"WebSite","@id":"https:\/\/blogdiario.info\/magazine\/#website","url":"https:\/\/blogdiario.info\/magazine\/","name":"BlogDiario Magazine","description":"Suplemento multiling\u00fce de ElCanillita.Info","publisher":{"@id":"https:\/\/blogdiario.info\/magazine\/#organization"},"potentialAction":[{"@type":"SearchAction","target":{"@type":"EntryPoint","urlTemplate":"https:\/\/blogdiario.info\/magazine\/?s={search_term_string}"},"query-input":{"@type":"PropertyValueSpecification","valueRequired":true,"valueName":"search_term_string"}}],"inLanguage":"es-AR"},{"@type":"Organization","@id":"https:\/\/blogdiario.info\/magazine\/#organization","name":"Guzzo Photos & Graphic Publications","url":"https:\/\/blogdiario.info\/magazine\/","logo":{"@type":"ImageObject","inLanguage":"es-AR","@id":"https:\/\/blogdiario.info\/magazine\/#\/schema\/logo\/image\/","url":"https:\/\/blogdiario.info\/magazine\/images\/2020\/01\/cropped-blogdia_magazine.jpg","contentUrl":"https:\/\/blogdiario.info\/magazine\/images\/2020\/01\/cropped-blogdia_magazine.jpg","width":589,"height":55,"caption":"Guzzo Photos & Graphic Publications"},"image":{"@id":"https:\/\/blogdiario.info\/magazine\/#\/schema\/logo\/image\/"}},{"@type":"Person","@id":"https:\/\/blogdiario.info\/magazine\/#\/schema\/person\/b2422fe85574d945bad55513bb0c7354","name":"World Press Service | Servicio de Prensa Mundial"}]}},"views":492,"_links":{"self":[{"href":"https:\/\/blogdiario.info\/magazine\/wp-json\/wp\/v2\/posts\/1632","targetHints":{"allow":["GET"]}}],"collection":[{"href":"https:\/\/blogdiario.info\/magazine\/wp-json\/wp\/v2\/posts"}],"about":[{"href":"https:\/\/blogdiario.info\/magazine\/wp-json\/wp\/v2\/types\/post"}],"author":[{"embeddable":true,"href":"https:\/\/blogdiario.info\/magazine\/wp-json\/wp\/v2\/users\/1"}],"replies":[{"embeddable":true,"href":"https:\/\/blogdiario.info\/magazine\/wp-json\/wp\/v2\/comments?post=1632"}],"version-history":[{"count":0,"href":"https:\/\/blogdiario.info\/magazine\/wp-json\/wp\/v2\/posts\/1632\/revisions"}],"wp:featuredmedia":[{"embeddable":true,"href":"https:\/\/blogdiario.info\/magazine\/wp-json\/wp\/v2\/media\/1616"}],"wp:attachment":[{"href":"https:\/\/blogdiario.info\/magazine\/wp-json\/wp\/v2\/media?parent=1632"}],"wp:term":[{"taxonomy":"category","embeddable":true,"href":"https:\/\/blogdiario.info\/magazine\/wp-json\/wp\/v2\/categories?post=1632"},{"taxonomy":"post_tag","embeddable":true,"href":"https:\/\/blogdiario.info\/magazine\/wp-json\/wp\/v2\/tags?post=1632"}],"curies":[{"name":"wp","href":"https:\/\/api.w.org\/{rel}","templated":true}]}}