{"id":163,"date":"2020-10-07T17:17:02","date_gmt":"2020-10-07T20:17:02","guid":{"rendered":"https:\/\/blogdiario.info\/magazine\/?p=163"},"modified":"2023-03-03T10:34:12","modified_gmt":"2023-03-03T13:34:12","slug":"azerbaigian-la-citta-di-stepanakert-nel-nagorno-karabakh-e-teatro-di-combattimenti","status":"publish","type":"post","link":"https:\/\/blogdiario.info\/magazine\/2020\/10\/07\/azerbaigian-la-citta-di-stepanakert-nel-nagorno-karabakh-e-teatro-di-combattimenti\/","title":{"rendered":"Azerbaigian: la citt\u00e0 di Stepanakert, nel Nagorno-Karabakh, \u00e8 teatro di combattimenti"},"content":{"rendered":"<figure style=\"width: 600px\" class=\"wp-caption alignnone\"><img decoding=\"async\" src=\"https:\/\/blogdiario.info\/magazine\/images\/2020\/10\/donna-fucile-stepanakert.jpg\" alt=\"Donna anziana con fucile a Stepananakert\" width=\"600\"><figcaption class=\"wp-caption-text\">Un&#8217;anziana donna siede all&#8217;ingresso della sua casa con un fucile durante il bombardamento della citt\u00e0 di Stepananakert da parte dell&#8217;esercito azero durante i combattimenti tra l&#8217;Azerbaigian e il Nagorno-Karabakh. La donna \u00e8 determinata a non muoversi e a difendere la sua casa fino alla fine.<\/figcaption><\/figure>\n<p>Baku \/ Yerevan, 07.10.2020<br \/>\nL&#8217;ufficio del procuratore generale dell&#8217;Azerbaigian ha dichiarato il 6 ottobre che un oleodotto \u00e8 stato preso di mira nei combattimenti tra le forze armene e azerbaigiane all&#8217;interno e intorno alla  regione separatista del Nagorno-Karabakh, un&#8217;accusa immediatamente respinta dall&#8217;Armenia.<\/p>\n<p>Sono stati sparati razzi contro la parte dell&#8217;oleodotto Baku-Tbilisi-Ceyhan che attraversa la regione di Yevlakh, ha detto l&#8217;ufficio del procuratore generale, secondo il Servizio Azerbaigiano della RFE\/RL.<\/p>\n<p>Il tentativo di danneggiare l&#8217;oleodotto, una componente importante per la sicurezza energetica dell&#8217;Europa, si \u00e8 verificato alle 21.00 circa, ora locale, il 6 ottobre, ha detto l&#8217;ufficio. \u00c8 stato impedito grazie a misure adottate dall&#8217;Esercito Azero, ha detto, aggiungendo che un civile \u00e8 stato ucciso.<\/p>\n<p><b>Il Ministero della Difesa armeno ha respinto le accuse<\/b><\/p>\n<p>&#8220;I rapporti dell&#8217;Azerbaigian sul tentativo delle truppe armene di colpire l&#8217;oleodotto Baku-Tbilisi-Ceyhan sono delle vere e proprie menzogne&#8221;, ha scritto sulla sua pagina Facebook l&#8217;addetto stampa del Ministero della Difesa armeno Shushan Stepanian. . &#8220;Abbiamo detto pi\u00f9 volte che non consideriamo le infrastrutture del petrolio e del gas come il nostro obiettivo&#8221;.<\/p>\n<p>All&#8217;inizio del 6 ottobre c&#8217;\u00e8 stato uno sbarramento di fuoco a razzo sulla capitale del Nagorno-Karabakh, Stepanakert, e un &#8220;attacco su larga scala&#8221; da parte delle forze azere lungo il fronte meridionale, ha detto Stepanian.<\/p>\n<p><b>L&#8217;Azerbaigian ha detto che le forze armene hanno preso di mira diverse sue regioni<\/b><\/p>\n<p>Il presidente azero Ilham Aliyev ha parlato per telefono il 6 ottobre con il presidente iraniano Hassan Rohani, ha detto il servizio stampa del presidente in una dichiarazione. Aliyev ha comunicato a Rohani che 27 azeri civili erano stati uccisi, pi\u00f9 di 170 feriti e pi\u00f9 di 900 case danneggiate o distrutte nei recenti combattimenti.<\/p>\n<p>Rohani ha espresso la preoccupazione del suo Paese per il conflitto attraverso l&#8217;intera linea di contatto che separa le forze armene e azere, ed ha espresso la speranza che il conflitto si risolva in modo pacifico, il prima possibile.<\/p>\n<p>Aliyev ha anche segnalato durante la chiamata che parte del territorio lungo il confine tra Iran e Azerbaigian \u00e8 passato sotto il controllo dell&#8217;Azerbaigian, e ci sono piani per dispiegare le truppe di frontiera azere e le infrastrutture di confine nella zona.<\/p>\n<p>Il primo ministro armeno Nikol Pashinian ha dichiarato il 6 ottobre, in un&#8217;intervista all&#8217;agenzia di stampa francese AFP, che il &#8220;pieno sostegno&#8221; della Turchia ha motivato l&#8217;alleato Azerbaigian a riaccendere i combattimenti.<\/p>\n<p>&#8220;Se \u00e8 vero che la leadership dell&#8217;Azerbaigian ha promosso attivamente la retorica bellica negli ultimi 15 anni, ora la decisione di scatenare una guerra \u00e8 stata motivata dal pieno sostegno della Turchia&#8221;, ha detto Pashinian.<br \/>\n&#8220;Senza l&#8217;impegno attivo della Turchia questa guerra non sarebbe iniziata&#8221;, ha aggiunto, parlando all&#8217;AFP nella Casa del Governo nel cuore di Yerevan.<\/p>\n<p>Pashinian, che \u00e8 diventato primo ministro nel 2018 dopo aver guidato le proteste contro il partito al potere, ha condannato l&#8217;Azerbaigian per aver intrapreso una &#8220;guerra terroristica contro un popolo che lotta per la sua libert\u00e0&#8221;.<\/p>\n<p>Ha detto che l&#8217;attuale conflitto ha visto &#8220;l&#8217;impegno attivo dei gruppi terroristici del Medio Oriente nella zona del conflitto&#8221;, descrivendo il ruolo delle forze armene come una &#8220;operazione antiterrorismo&#8221;.<br \/>\nMentre le forze armene e azere combattono dentro e intorno al territorio conteso del Nagorno-Karabakh, le due parti stanno lanciando accuse contro la Turchia, secondo quanto riferito, dispiegando i ribelli siriani per aiutare Baku, il il suo alleato a maggioranza musulmana.<\/p>\n<figure style=\"width: 600px\" class=\"wp-caption alignnone\"><img decoding=\"async\" src=\"https:\/\/elcanillita.info\/press\/images\/2020\/10\/maparmenia.jpg\" alt=\"Mappa conflitto Armenia Azerbaigian per la regione azera separatista Nagorno-Karabakh\" width=\"600\"><figcaption class=\"wp-caption-text\">L&#8217;Armenia e l&#8217;Azerbaigian dal 1988 sono coinvolte in un conflitto per la regione azera separatista del Nagorno-Karabakh.<\/figcaption><\/figure>\n<p>Da quando sono scoppiati i combattimenti il 27 settembre, le due parti hanno riportato almeno 240 morti, tra cui decine di civili. Si ritiene che il bilancio effettivo sia molto pi\u00f9 alto, poich\u00e9 entrambe le parti affermano di avere ha inflitto pesanti perdite militari. Ogni parte ha accusato l&#8217;altra di aver preso di mira i civili.<\/p>\n<p>Le ostilit\u00e0 hanno aumentato la preoccupazione che un conflitto pi\u00f9 ampio possa trascinare nel potere regionale la Turchia, che \u00e8 l&#8217;alleato pi\u00f9 stretto dell&#8217;Azerbaigian, e la Russia, che ha un patto di difesa con l&#8217;Armenia.<\/p>\n<p>Il 5 ottobre, la Russia, la Francia e gli Stati Uniti, co-presidenti del cosiddetto Gruppo di Minsk dell&#8217;Organizzazione per la Sicurezza e la Cooperazione in Europa (OSCE), che ha guidato gli sforzi di pace sul Nagorno-Karabakh dall&#8217;inizio degli anni Novanta &#8211; hanno ribadito il loro appello per un immediato cessate il fuoco nel Nagorno-Karabakh e nei suoi dintorni.<\/p>\n<p>Spazzando via gli appelli per un cessate il fuoco, il ministro degli Esteri turco Mevlut Cavusoglu ha incontrato Aliyev a Baku il 6 ottobre, giurando di approfondire il coinvolgimento del Paese, mentre criticava il gruppo di Minsk.<\/p>\n<p>&#8220;Non ci dovrebbero essere dubbi sul fatto che, quando sar\u00e0 necessario, agiremo come un unico Stato&#8221;. La Turchia \u00e8 l&#8217;Azerbaigian, l&#8217;Azerbaigian \u00e8 la Turchia&#8221;, ha twittato Cavusoglu il 6 ottobre.<\/p>\n<p>Cavusoglu ha detto a Baku che qualsiasi proposta di cessate il fuoco non \u00e8 &#8220;diversa&#8221; dalle precedenti e non affronter\u00e0 quelle che ha descritto come violazioni dell&#8217;integrit\u00e0 territoriale dell&#8217;Azerbaigian.<\/p>\n<p>L&#8217;Azerbaigian ha chiesto alle forze armene di ritirarsi dal Nagorno-Karabakh e dai territori azeri circostanti, dicendo che non avrebbe posto fine all&#8217;azione militare finch\u00e9 le sue richieste non fossero state soddisfatte.<\/p>\n<p>Queste condizioni sarebbero quasi impossibili da accettare per l&#8217;Armenia.<\/p>\n<p><small>\u00a9 2020 SalaStampa.Eu affiliata a USAGM \/ BBG<br \/>\nCopyright(c)2020. RFE\/RL, Inc. Reprinted with the permission of Radio Free Europe\/Radio Liberty, 1201 Connecticut Ave NW, Ste 400, Washington DC 20036.<\/small><\/p>\n","protected":false},"excerpt":{"rendered":"<p>Baku \/ Yerevan, 07.10.2020 L&#8217;ufficio del procuratore generale dell&#8217;Azerbaigian ha dichiarato il 6 ottobre che un oleodotto \u00e8 stato preso di mira nei combattimenti tra&#8230;<\/p>\n","protected":false},"author":1,"featured_media":164,"comment_status":"closed","ping_status":"closed","sticky":false,"template":"","format":"standard","meta":{"footnotes":"","_links_to":"","_links_to_target":""},"categories":[61,47,20],"tags":[87],"class_list":["post-163","post","type-post","status-publish","format-standard","has-post-thumbnail","hentry","category-attualita","category-eurasia","category-societa","tag-azerbaigian","entry","rows"],"yoast_head":"<!-- This site is optimized with the Yoast SEO plugin v27.4 - https:\/\/yoast.com\/product\/yoast-seo-wordpress\/ -->\n<title>Azerbaigian: la citt\u00e0 di Stepanakert, nel Nagorno-Karabakh, \u00e8 teatro di combattimenti - BlogDiario Magazine<\/title>\n<meta name=\"robots\" content=\"index, follow, max-snippet:-1, max-image-preview:large, max-video-preview:-1\" \/>\n<link rel=\"canonical\" href=\"https:\/\/blogdiario.info\/magazine\/2020\/10\/07\/azerbaigian-la-citta-di-stepanakert-nel-nagorno-karabakh-e-teatro-di-combattimenti\/\" \/>\n<meta property=\"og:locale\" content=\"es_ES\" \/>\n<meta property=\"og:type\" content=\"article\" \/>\n<meta property=\"og:title\" content=\"Azerbaigian: la citt\u00e0 di Stepanakert, nel Nagorno-Karabakh, \u00e8 teatro di combattimenti - BlogDiario Magazine\" \/>\n<meta property=\"og:description\" content=\"Baku \/ Yerevan, 07.10.2020 L&#8217;ufficio del procuratore generale dell&#8217;Azerbaigian ha dichiarato il 6 ottobre che un oleodotto \u00e8 stato preso di mira nei combattimenti tra&#8230;\" \/>\n<meta property=\"og:url\" content=\"https:\/\/blogdiario.info\/magazine\/2020\/10\/07\/azerbaigian-la-citta-di-stepanakert-nel-nagorno-karabakh-e-teatro-di-combattimenti\/\" \/>\n<meta property=\"og:site_name\" content=\"BlogDiario Magazine\" \/>\n<meta property=\"article:published_time\" content=\"2020-10-07T20:17:02+00:00\" \/>\n<meta property=\"article:modified_time\" content=\"2023-03-03T13:34:12+00:00\" \/>\n<meta property=\"og:image\" content=\"https:\/\/blogdiario.info\/magazine\/images\/2020\/10\/donna-fucile-stepanakert.jpg\" \/>\n\t<meta property=\"og:image:width\" content=\"600\" \/>\n\t<meta property=\"og:image:height\" content=\"378\" \/>\n\t<meta property=\"og:image:type\" content=\"image\/jpeg\" \/>\n<meta name=\"author\" content=\"World Press Service | Servicio de Prensa Mundial\" \/>\n<meta name=\"twitter:card\" content=\"summary_large_image\" \/>\n<meta name=\"twitter:label1\" content=\"Escrito por\" \/>\n\t<meta name=\"twitter:data1\" content=\"World Press Service | Servicio de Prensa Mundial\" \/>\n\t<meta name=\"twitter:label2\" content=\"Tiempo de lectura\" \/>\n\t<meta name=\"twitter:data2\" content=\"6 minutos\" \/>\n<script type=\"application\/ld+json\" class=\"yoast-schema-graph\">{\"@context\":\"https:\\\/\\\/schema.org\",\"@graph\":[{\"@type\":\"Article\",\"@id\":\"https:\\\/\\\/blogdiario.info\\\/magazine\\\/2020\\\/10\\\/07\\\/azerbaigian-la-citta-di-stepanakert-nel-nagorno-karabakh-e-teatro-di-combattimenti\\\/#article\",\"isPartOf\":{\"@id\":\"https:\\\/\\\/blogdiario.info\\\/magazine\\\/2020\\\/10\\\/07\\\/azerbaigian-la-citta-di-stepanakert-nel-nagorno-karabakh-e-teatro-di-combattimenti\\\/\"},\"author\":{\"name\":\"World Press Service | Servicio de Prensa Mundial\",\"@id\":\"https:\\\/\\\/blogdiario.info\\\/magazine\\\/#\\\/schema\\\/person\\\/b2422fe85574d945bad55513bb0c7354\"},\"headline\":\"Azerbaigian: la citt\u00e0 di Stepanakert, nel Nagorno-Karabakh, \u00e8 teatro di combattimenti\",\"datePublished\":\"2020-10-07T20:17:02+00:00\",\"dateModified\":\"2023-03-03T13:34:12+00:00\",\"mainEntityOfPage\":{\"@id\":\"https:\\\/\\\/blogdiario.info\\\/magazine\\\/2020\\\/10\\\/07\\\/azerbaigian-la-citta-di-stepanakert-nel-nagorno-karabakh-e-teatro-di-combattimenti\\\/\"},\"wordCount\":963,\"publisher\":{\"@id\":\"https:\\\/\\\/blogdiario.info\\\/magazine\\\/#organization\"},\"image\":{\"@id\":\"https:\\\/\\\/blogdiario.info\\\/magazine\\\/2020\\\/10\\\/07\\\/azerbaigian-la-citta-di-stepanakert-nel-nagorno-karabakh-e-teatro-di-combattimenti\\\/#primaryimage\"},\"thumbnailUrl\":\"https:\\\/\\\/blogdiario.info\\\/magazine\\\/images\\\/2020\\\/10\\\/donna-fucile-stepanakert.jpg\",\"keywords\":[\"Azerbaigian\"],\"articleSection\":[\"Attualit\u00e0\",\"Eurasia\",\"Societ\u00e0\"],\"inLanguage\":\"es-AR\"},{\"@type\":\"WebPage\",\"@id\":\"https:\\\/\\\/blogdiario.info\\\/magazine\\\/2020\\\/10\\\/07\\\/azerbaigian-la-citta-di-stepanakert-nel-nagorno-karabakh-e-teatro-di-combattimenti\\\/\",\"url\":\"https:\\\/\\\/blogdiario.info\\\/magazine\\\/2020\\\/10\\\/07\\\/azerbaigian-la-citta-di-stepanakert-nel-nagorno-karabakh-e-teatro-di-combattimenti\\\/\",\"name\":\"Azerbaigian: la citt\u00e0 di Stepanakert, nel Nagorno-Karabakh, \u00e8 teatro di combattimenti - BlogDiario Magazine\",\"isPartOf\":{\"@id\":\"https:\\\/\\\/blogdiario.info\\\/magazine\\\/#website\"},\"primaryImageOfPage\":{\"@id\":\"https:\\\/\\\/blogdiario.info\\\/magazine\\\/2020\\\/10\\\/07\\\/azerbaigian-la-citta-di-stepanakert-nel-nagorno-karabakh-e-teatro-di-combattimenti\\\/#primaryimage\"},\"image\":{\"@id\":\"https:\\\/\\\/blogdiario.info\\\/magazine\\\/2020\\\/10\\\/07\\\/azerbaigian-la-citta-di-stepanakert-nel-nagorno-karabakh-e-teatro-di-combattimenti\\\/#primaryimage\"},\"thumbnailUrl\":\"https:\\\/\\\/blogdiario.info\\\/magazine\\\/images\\\/2020\\\/10\\\/donna-fucile-stepanakert.jpg\",\"datePublished\":\"2020-10-07T20:17:02+00:00\",\"dateModified\":\"2023-03-03T13:34:12+00:00\",\"breadcrumb\":{\"@id\":\"https:\\\/\\\/blogdiario.info\\\/magazine\\\/2020\\\/10\\\/07\\\/azerbaigian-la-citta-di-stepanakert-nel-nagorno-karabakh-e-teatro-di-combattimenti\\\/#breadcrumb\"},\"inLanguage\":\"es-AR\",\"potentialAction\":[{\"@type\":\"ReadAction\",\"target\":[\"https:\\\/\\\/blogdiario.info\\\/magazine\\\/2020\\\/10\\\/07\\\/azerbaigian-la-citta-di-stepanakert-nel-nagorno-karabakh-e-teatro-di-combattimenti\\\/\"]}]},{\"@type\":\"ImageObject\",\"inLanguage\":\"es-AR\",\"@id\":\"https:\\\/\\\/blogdiario.info\\\/magazine\\\/2020\\\/10\\\/07\\\/azerbaigian-la-citta-di-stepanakert-nel-nagorno-karabakh-e-teatro-di-combattimenti\\\/#primaryimage\",\"url\":\"https:\\\/\\\/blogdiario.info\\\/magazine\\\/images\\\/2020\\\/10\\\/donna-fucile-stepanakert.jpg\",\"contentUrl\":\"https:\\\/\\\/blogdiario.info\\\/magazine\\\/images\\\/2020\\\/10\\\/donna-fucile-stepanakert.jpg\",\"width\":600,\"height\":378,\"caption\":\"Donna anziana con fucile a Stepanakert\"},{\"@type\":\"BreadcrumbList\",\"@id\":\"https:\\\/\\\/blogdiario.info\\\/magazine\\\/2020\\\/10\\\/07\\\/azerbaigian-la-citta-di-stepanakert-nel-nagorno-karabakh-e-teatro-di-combattimenti\\\/#breadcrumb\",\"itemListElement\":[{\"@type\":\"ListItem\",\"position\":1,\"name\":\"Home\",\"item\":\"https:\\\/\\\/blogdiario.info\\\/magazine\\\/\"},{\"@type\":\"ListItem\",\"position\":2,\"name\":\"Azerbaigian: la citt\u00e0 di Stepanakert, nel Nagorno-Karabakh, \u00e8 teatro di combattimenti\"}]},{\"@type\":\"WebSite\",\"@id\":\"https:\\\/\\\/blogdiario.info\\\/magazine\\\/#website\",\"url\":\"https:\\\/\\\/blogdiario.info\\\/magazine\\\/\",\"name\":\"BlogDiario Magazine\",\"description\":\"Suplemento multiling\u00fce de ElCanillita.Info\",\"publisher\":{\"@id\":\"https:\\\/\\\/blogdiario.info\\\/magazine\\\/#organization\"},\"potentialAction\":[{\"@type\":\"SearchAction\",\"target\":{\"@type\":\"EntryPoint\",\"urlTemplate\":\"https:\\\/\\\/blogdiario.info\\\/magazine\\\/?s={search_term_string}\"},\"query-input\":{\"@type\":\"PropertyValueSpecification\",\"valueRequired\":true,\"valueName\":\"search_term_string\"}}],\"inLanguage\":\"es-AR\"},{\"@type\":\"Organization\",\"@id\":\"https:\\\/\\\/blogdiario.info\\\/magazine\\\/#organization\",\"name\":\"Guzzo Photos & Graphic Publications\",\"url\":\"https:\\\/\\\/blogdiario.info\\\/magazine\\\/\",\"logo\":{\"@type\":\"ImageObject\",\"inLanguage\":\"es-AR\",\"@id\":\"https:\\\/\\\/blogdiario.info\\\/magazine\\\/#\\\/schema\\\/logo\\\/image\\\/\",\"url\":\"https:\\\/\\\/blogdiario.info\\\/magazine\\\/images\\\/2020\\\/01\\\/cropped-blogdia_magazine.jpg\",\"contentUrl\":\"https:\\\/\\\/blogdiario.info\\\/magazine\\\/images\\\/2020\\\/01\\\/cropped-blogdia_magazine.jpg\",\"width\":589,\"height\":55,\"caption\":\"Guzzo Photos & Graphic Publications\"},\"image\":{\"@id\":\"https:\\\/\\\/blogdiario.info\\\/magazine\\\/#\\\/schema\\\/logo\\\/image\\\/\"}},{\"@type\":\"Person\",\"@id\":\"https:\\\/\\\/blogdiario.info\\\/magazine\\\/#\\\/schema\\\/person\\\/b2422fe85574d945bad55513bb0c7354\",\"name\":\"World Press Service | Servicio de Prensa Mundial\"}]}<\/script>\n<!-- \/ Yoast SEO plugin. -->","yoast_head_json":{"title":"Azerbaigian: la citt\u00e0 di Stepanakert, nel Nagorno-Karabakh, \u00e8 teatro di combattimenti - BlogDiario Magazine","robots":{"index":"index","follow":"follow","max-snippet":"max-snippet:-1","max-image-preview":"max-image-preview:large","max-video-preview":"max-video-preview:-1"},"canonical":"https:\/\/blogdiario.info\/magazine\/2020\/10\/07\/azerbaigian-la-citta-di-stepanakert-nel-nagorno-karabakh-e-teatro-di-combattimenti\/","og_locale":"es_ES","og_type":"article","og_title":"Azerbaigian: la citt\u00e0 di Stepanakert, nel Nagorno-Karabakh, \u00e8 teatro di combattimenti - BlogDiario Magazine","og_description":"Baku \/ Yerevan, 07.10.2020 L&#8217;ufficio del procuratore generale dell&#8217;Azerbaigian ha dichiarato il 6 ottobre che un oleodotto \u00e8 stato preso di mira nei combattimenti tra&#8230;","og_url":"https:\/\/blogdiario.info\/magazine\/2020\/10\/07\/azerbaigian-la-citta-di-stepanakert-nel-nagorno-karabakh-e-teatro-di-combattimenti\/","og_site_name":"BlogDiario Magazine","article_published_time":"2020-10-07T20:17:02+00:00","article_modified_time":"2023-03-03T13:34:12+00:00","og_image":[{"width":600,"height":378,"url":"https:\/\/blogdiario.info\/magazine\/images\/2020\/10\/donna-fucile-stepanakert.jpg","type":"image\/jpeg"}],"author":"World Press Service | Servicio de Prensa Mundial","twitter_card":"summary_large_image","twitter_misc":{"Escrito por":"World Press Service | Servicio de Prensa Mundial","Tiempo de lectura":"6 minutos"},"schema":{"@context":"https:\/\/schema.org","@graph":[{"@type":"Article","@id":"https:\/\/blogdiario.info\/magazine\/2020\/10\/07\/azerbaigian-la-citta-di-stepanakert-nel-nagorno-karabakh-e-teatro-di-combattimenti\/#article","isPartOf":{"@id":"https:\/\/blogdiario.info\/magazine\/2020\/10\/07\/azerbaigian-la-citta-di-stepanakert-nel-nagorno-karabakh-e-teatro-di-combattimenti\/"},"author":{"name":"World Press Service | Servicio de Prensa Mundial","@id":"https:\/\/blogdiario.info\/magazine\/#\/schema\/person\/b2422fe85574d945bad55513bb0c7354"},"headline":"Azerbaigian: la citt\u00e0 di Stepanakert, nel Nagorno-Karabakh, \u00e8 teatro di combattimenti","datePublished":"2020-10-07T20:17:02+00:00","dateModified":"2023-03-03T13:34:12+00:00","mainEntityOfPage":{"@id":"https:\/\/blogdiario.info\/magazine\/2020\/10\/07\/azerbaigian-la-citta-di-stepanakert-nel-nagorno-karabakh-e-teatro-di-combattimenti\/"},"wordCount":963,"publisher":{"@id":"https:\/\/blogdiario.info\/magazine\/#organization"},"image":{"@id":"https:\/\/blogdiario.info\/magazine\/2020\/10\/07\/azerbaigian-la-citta-di-stepanakert-nel-nagorno-karabakh-e-teatro-di-combattimenti\/#primaryimage"},"thumbnailUrl":"https:\/\/blogdiario.info\/magazine\/images\/2020\/10\/donna-fucile-stepanakert.jpg","keywords":["Azerbaigian"],"articleSection":["Attualit\u00e0","Eurasia","Societ\u00e0"],"inLanguage":"es-AR"},{"@type":"WebPage","@id":"https:\/\/blogdiario.info\/magazine\/2020\/10\/07\/azerbaigian-la-citta-di-stepanakert-nel-nagorno-karabakh-e-teatro-di-combattimenti\/","url":"https:\/\/blogdiario.info\/magazine\/2020\/10\/07\/azerbaigian-la-citta-di-stepanakert-nel-nagorno-karabakh-e-teatro-di-combattimenti\/","name":"Azerbaigian: la citt\u00e0 di Stepanakert, nel Nagorno-Karabakh, \u00e8 teatro di combattimenti - BlogDiario Magazine","isPartOf":{"@id":"https:\/\/blogdiario.info\/magazine\/#website"},"primaryImageOfPage":{"@id":"https:\/\/blogdiario.info\/magazine\/2020\/10\/07\/azerbaigian-la-citta-di-stepanakert-nel-nagorno-karabakh-e-teatro-di-combattimenti\/#primaryimage"},"image":{"@id":"https:\/\/blogdiario.info\/magazine\/2020\/10\/07\/azerbaigian-la-citta-di-stepanakert-nel-nagorno-karabakh-e-teatro-di-combattimenti\/#primaryimage"},"thumbnailUrl":"https:\/\/blogdiario.info\/magazine\/images\/2020\/10\/donna-fucile-stepanakert.jpg","datePublished":"2020-10-07T20:17:02+00:00","dateModified":"2023-03-03T13:34:12+00:00","breadcrumb":{"@id":"https:\/\/blogdiario.info\/magazine\/2020\/10\/07\/azerbaigian-la-citta-di-stepanakert-nel-nagorno-karabakh-e-teatro-di-combattimenti\/#breadcrumb"},"inLanguage":"es-AR","potentialAction":[{"@type":"ReadAction","target":["https:\/\/blogdiario.info\/magazine\/2020\/10\/07\/azerbaigian-la-citta-di-stepanakert-nel-nagorno-karabakh-e-teatro-di-combattimenti\/"]}]},{"@type":"ImageObject","inLanguage":"es-AR","@id":"https:\/\/blogdiario.info\/magazine\/2020\/10\/07\/azerbaigian-la-citta-di-stepanakert-nel-nagorno-karabakh-e-teatro-di-combattimenti\/#primaryimage","url":"https:\/\/blogdiario.info\/magazine\/images\/2020\/10\/donna-fucile-stepanakert.jpg","contentUrl":"https:\/\/blogdiario.info\/magazine\/images\/2020\/10\/donna-fucile-stepanakert.jpg","width":600,"height":378,"caption":"Donna anziana con fucile a Stepanakert"},{"@type":"BreadcrumbList","@id":"https:\/\/blogdiario.info\/magazine\/2020\/10\/07\/azerbaigian-la-citta-di-stepanakert-nel-nagorno-karabakh-e-teatro-di-combattimenti\/#breadcrumb","itemListElement":[{"@type":"ListItem","position":1,"name":"Home","item":"https:\/\/blogdiario.info\/magazine\/"},{"@type":"ListItem","position":2,"name":"Azerbaigian: la citt\u00e0 di Stepanakert, nel Nagorno-Karabakh, \u00e8 teatro di combattimenti"}]},{"@type":"WebSite","@id":"https:\/\/blogdiario.info\/magazine\/#website","url":"https:\/\/blogdiario.info\/magazine\/","name":"BlogDiario Magazine","description":"Suplemento multiling\u00fce de ElCanillita.Info","publisher":{"@id":"https:\/\/blogdiario.info\/magazine\/#organization"},"potentialAction":[{"@type":"SearchAction","target":{"@type":"EntryPoint","urlTemplate":"https:\/\/blogdiario.info\/magazine\/?s={search_term_string}"},"query-input":{"@type":"PropertyValueSpecification","valueRequired":true,"valueName":"search_term_string"}}],"inLanguage":"es-AR"},{"@type":"Organization","@id":"https:\/\/blogdiario.info\/magazine\/#organization","name":"Guzzo Photos & Graphic Publications","url":"https:\/\/blogdiario.info\/magazine\/","logo":{"@type":"ImageObject","inLanguage":"es-AR","@id":"https:\/\/blogdiario.info\/magazine\/#\/schema\/logo\/image\/","url":"https:\/\/blogdiario.info\/magazine\/images\/2020\/01\/cropped-blogdia_magazine.jpg","contentUrl":"https:\/\/blogdiario.info\/magazine\/images\/2020\/01\/cropped-blogdia_magazine.jpg","width":589,"height":55,"caption":"Guzzo Photos & Graphic Publications"},"image":{"@id":"https:\/\/blogdiario.info\/magazine\/#\/schema\/logo\/image\/"}},{"@type":"Person","@id":"https:\/\/blogdiario.info\/magazine\/#\/schema\/person\/b2422fe85574d945bad55513bb0c7354","name":"World Press Service | Servicio de Prensa Mundial"}]}},"views":1120,"_links":{"self":[{"href":"https:\/\/blogdiario.info\/magazine\/wp-json\/wp\/v2\/posts\/163","targetHints":{"allow":["GET"]}}],"collection":[{"href":"https:\/\/blogdiario.info\/magazine\/wp-json\/wp\/v2\/posts"}],"about":[{"href":"https:\/\/blogdiario.info\/magazine\/wp-json\/wp\/v2\/types\/post"}],"author":[{"embeddable":true,"href":"https:\/\/blogdiario.info\/magazine\/wp-json\/wp\/v2\/users\/1"}],"replies":[{"embeddable":true,"href":"https:\/\/blogdiario.info\/magazine\/wp-json\/wp\/v2\/comments?post=163"}],"version-history":[{"count":0,"href":"https:\/\/blogdiario.info\/magazine\/wp-json\/wp\/v2\/posts\/163\/revisions"}],"wp:featuredmedia":[{"embeddable":true,"href":"https:\/\/blogdiario.info\/magazine\/wp-json\/wp\/v2\/media\/164"}],"wp:attachment":[{"href":"https:\/\/blogdiario.info\/magazine\/wp-json\/wp\/v2\/media?parent=163"}],"wp:term":[{"taxonomy":"category","embeddable":true,"href":"https:\/\/blogdiario.info\/magazine\/wp-json\/wp\/v2\/categories?post=163"},{"taxonomy":"post_tag","embeddable":true,"href":"https:\/\/blogdiario.info\/magazine\/wp-json\/wp\/v2\/tags?post=163"}],"curies":[{"name":"wp","href":"https:\/\/api.w.org\/{rel}","templated":true}]}}