{"id":1623,"date":"2025-05-07T08:46:43","date_gmt":"2025-05-07T07:46:43","guid":{"rendered":"https:\/\/blogdiario.info\/magazine\/?p=1623"},"modified":"2025-05-09T09:02:54","modified_gmt":"2025-05-09T08:02:54","slug":"el-enigma-njue-excluido-del-conclave-pero-en-plena-forma","status":"publish","type":"post","link":"https:\/\/blogdiario.info\/magazine\/2025\/05\/07\/el-enigma-njue-excluido-del-conclave-pero-en-plena-forma\/","title":{"rendered":"El enigma Njue: excluido del c\u00f3nclave, pero en plena forma"},"content":{"rendered":"<div class=\"wp-block-image\">\n<figure class=\"alignleft size-full\"><img loading=\"lazy\" decoding=\"async\" width=\"400\" height=\"600\" src=\"https:\/\/blogdiario.info\/magazine\/images\/2025\/05\/ijue_boz_20250507.jpg\" alt=\"\" class=\"wp-image-1615\" srcset=\"https:\/\/blogdiario.info\/magazine\/images\/2025\/05\/ijue_boz_20250507.jpg 400w, https:\/\/blogdiario.info\/magazine\/images\/2025\/05\/ijue_boz_20250507-200x300.jpg 200w\" sizes=\"auto, (max-width: 400px) 100vw, 400px\" \/><\/figure><\/div>\n\n\n<p><strong>BlogDiario.info<\/strong><br><small>Ciudad del Vaticano, 07\/05\/2025<\/small><br>\u201cNo estoy enfermo, estoy perfectamente. Pero no me han querido en el c\u00f3nclave.\u201d<br><br>Con esta frase, el cardenal keniano John Njue encendi\u00f3 una vela \u2014y algunas alarmas\u2014 bajo la c\u00fapula del Colegio Cardenalicio. <br><br>Porque cuando un pr\u00edncipe de la Iglesia afirma estar listo para votar y es dejado fuera sin explicaciones, m\u00e1s que humo blanco, huele a misterio.<\/p>\n\n\n\n<p>El c\u00f3nclave es por definici\u00f3n el templo del sigilo. Pero esta vez algo se filtr\u00f3 \u2014y no desde el techo de la Capilla Sixtina. La exclusi\u00f3n de Njue se ha esparcido como incienso entre obispos africanos, te\u00f3logos romanos y periodistas vaticanos con olfato entrenado.<\/p>\n\n\n\n<p>La pregunta es directa: \u00bfqui\u00e9n decide realmente qui\u00e9n est\u00e1 \u201capto y presente\u201d para elegir Papa?<\/p>\n\n\n\n<p>En teor\u00eda, cuenta la edad (menos de 80), la salud y la residencia. Pero en el caso de Njue, las dos primeras estaban cumplidas. Entonces, \u00bfqu\u00e9 pas\u00f3? Tal vez es la tercera la que ahora se interpreta\u2026 con flexibilidad. O tal vez se trata de la nueva tradici\u00f3n t\u00e1cita iniciada durante el pontificado de Francisco: redise\u00f1ar el mapa del poder, sin decirlo.<\/p>\n\n\n\n<p>Porque si algo ha dejado claro Francisco es esto:<br>la guerra entre cardenales ya no se libra con b\u00e1culos, sino con listas, invitaciones y silencios.<br><br>La \u201cmisericordia\u201d ya est\u00e1 archivada en los anaqueles de las buenas intenciones.<\/p>\n\n\n\n<p>El cardenal Njue, mientras tanto, queda fuera, rosario en mano y ce\u00f1o fruncido. \u00bfUn caso aislado o el primero de muchos? Lo cierto es que el pr\u00f3ximo Papa heredar\u00e1 un colegio dividido, selectivo y nervioso.<\/p>\n\n\n\n<p>Y quiz\u00e1s empiece su pontificado con una bendici\u00f3n\u2026 y un chequeo m\u00e9dico.<br><br><small>\u00a92025 \u201cPapel y Tinta\u201d &#8211; Todos los derechos reservados<\/small><br><small>Copyright \u00a9 2025 ElCanillita.info \/ BlogDiario.info \/ SalaStampa.eu, servicio mundial de prensa<\/small><br><small>Guzzo Photos &amp; Graphic Publications \u2013 Registro Editori e Stampatori n. 1441 Torino, Italia<\/small><\/p>\n","protected":false},"excerpt":{"rendered":"<p>La herencia vaticana seg\u00fan Francisco<\/p>\n","protected":false},"author":1,"featured_media":1616,"comment_status":"closed","ping_status":"closed","sticky":false,"template":"","format":"standard","meta":{"footnotes":"","_links_to":"","_links_to_target":""},"categories":[97,109,62,136,46,134,43],"tags":[],"class_list":["post-1623","post","type-post","status-publish","format-standard","has-post-thumbnail","hentry","category-elcanillita","category-dc24","category-actualidad","category-dolores-de-la-press","category-europa","category-politicas-globales","category-sociedad","entry","rows"],"yoast_head":"<!-- This site is optimized with the Yoast SEO plugin v27.4 - https:\/\/yoast.com\/product\/yoast-seo-wordpress\/ -->\n<title>El enigma Njue: excluido del c\u00f3nclave, pero en plena forma - BlogDiario Magazine<\/title>\n<meta name=\"robots\" content=\"index, follow, max-snippet:-1, max-image-preview:large, max-video-preview:-1\" \/>\n<link rel=\"canonical\" href=\"https:\/\/blogdiario.info\/magazine\/2025\/05\/07\/el-enigma-njue-excluido-del-conclave-pero-en-plena-forma\/\" \/>\n<meta property=\"og:locale\" content=\"es_ES\" \/>\n<meta property=\"og:type\" content=\"article\" \/>\n<meta property=\"og:title\" content=\"El enigma Njue: excluido del c\u00f3nclave, pero en plena forma - BlogDiario Magazine\" \/>\n<meta property=\"og:description\" content=\"La herencia vaticana seg\u00fan Francisco\" \/>\n<meta property=\"og:url\" content=\"https:\/\/blogdiario.info\/magazine\/2025\/05\/07\/el-enigma-njue-excluido-del-conclave-pero-en-plena-forma\/\" \/>\n<meta property=\"og:site_name\" content=\"BlogDiario Magazine\" \/>\n<meta property=\"article:published_time\" content=\"2025-05-07T07:46:43+00:00\" \/>\n<meta property=\"article:modified_time\" content=\"2025-05-09T08:02:54+00:00\" \/>\n<meta property=\"og:image\" content=\"https:\/\/blogdiario.info\/magazine\/images\/2025\/05\/vati_20250507.jpg\" \/>\n\t<meta property=\"og:image:width\" content=\"600\" \/>\n\t<meta property=\"og:image:height\" content=\"400\" \/>\n\t<meta property=\"og:image:type\" content=\"image\/jpeg\" \/>\n<meta name=\"author\" content=\"World Press Service | Servicio de Prensa Mundial\" \/>\n<meta name=\"twitter:card\" content=\"summary_large_image\" \/>\n<meta name=\"twitter:label1\" content=\"Escrito por\" \/>\n\t<meta name=\"twitter:data1\" content=\"World Press Service | Servicio de Prensa Mundial\" \/>\n\t<meta name=\"twitter:label2\" content=\"Tiempo de lectura\" \/>\n\t<meta name=\"twitter:data2\" content=\"2 minutos\" \/>\n<script type=\"application\/ld+json\" class=\"yoast-schema-graph\">{\"@context\":\"https:\\\/\\\/schema.org\",\"@graph\":[{\"@type\":\"Article\",\"@id\":\"https:\\\/\\\/blogdiario.info\\\/magazine\\\/2025\\\/05\\\/07\\\/el-enigma-njue-excluido-del-conclave-pero-en-plena-forma\\\/#article\",\"isPartOf\":{\"@id\":\"https:\\\/\\\/blogdiario.info\\\/magazine\\\/2025\\\/05\\\/07\\\/el-enigma-njue-excluido-del-conclave-pero-en-plena-forma\\\/\"},\"author\":{\"name\":\"World Press Service | Servicio de Prensa Mundial\",\"@id\":\"https:\\\/\\\/blogdiario.info\\\/magazine\\\/#\\\/schema\\\/person\\\/b2422fe85574d945bad55513bb0c7354\"},\"headline\":\"El enigma Njue: excluido del c\u00f3nclave, pero en plena forma\",\"datePublished\":\"2025-05-07T07:46:43+00:00\",\"dateModified\":\"2025-05-09T08:02:54+00:00\",\"mainEntityOfPage\":{\"@id\":\"https:\\\/\\\/blogdiario.info\\\/magazine\\\/2025\\\/05\\\/07\\\/el-enigma-njue-excluido-del-conclave-pero-en-plena-forma\\\/\"},\"wordCount\":329,\"publisher\":{\"@id\":\"https:\\\/\\\/blogdiario.info\\\/magazine\\\/#organization\"},\"image\":{\"@id\":\"https:\\\/\\\/blogdiario.info\\\/magazine\\\/2025\\\/05\\\/07\\\/el-enigma-njue-excluido-del-conclave-pero-en-plena-forma\\\/#primaryimage\"},\"thumbnailUrl\":\"https:\\\/\\\/blogdiario.info\\\/magazine\\\/images\\\/2025\\\/05\\\/vati_20250507.jpg\",\"articleSection\":[\".\",\".\",\"Actualidad\",\"Dolores de La Press\",\"Europa\",\"Pol\u00edticas globales\",\"Sociedad\"],\"inLanguage\":\"es-AR\"},{\"@type\":\"WebPage\",\"@id\":\"https:\\\/\\\/blogdiario.info\\\/magazine\\\/2025\\\/05\\\/07\\\/el-enigma-njue-excluido-del-conclave-pero-en-plena-forma\\\/\",\"url\":\"https:\\\/\\\/blogdiario.info\\\/magazine\\\/2025\\\/05\\\/07\\\/el-enigma-njue-excluido-del-conclave-pero-en-plena-forma\\\/\",\"name\":\"El enigma Njue: excluido del c\u00f3nclave, pero en plena forma - BlogDiario Magazine\",\"isPartOf\":{\"@id\":\"https:\\\/\\\/blogdiario.info\\\/magazine\\\/#website\"},\"primaryImageOfPage\":{\"@id\":\"https:\\\/\\\/blogdiario.info\\\/magazine\\\/2025\\\/05\\\/07\\\/el-enigma-njue-excluido-del-conclave-pero-en-plena-forma\\\/#primaryimage\"},\"image\":{\"@id\":\"https:\\\/\\\/blogdiario.info\\\/magazine\\\/2025\\\/05\\\/07\\\/el-enigma-njue-excluido-del-conclave-pero-en-plena-forma\\\/#primaryimage\"},\"thumbnailUrl\":\"https:\\\/\\\/blogdiario.info\\\/magazine\\\/images\\\/2025\\\/05\\\/vati_20250507.jpg\",\"datePublished\":\"2025-05-07T07:46:43+00:00\",\"dateModified\":\"2025-05-09T08:02:54+00:00\",\"breadcrumb\":{\"@id\":\"https:\\\/\\\/blogdiario.info\\\/magazine\\\/2025\\\/05\\\/07\\\/el-enigma-njue-excluido-del-conclave-pero-en-plena-forma\\\/#breadcrumb\"},\"inLanguage\":\"es-AR\",\"potentialAction\":[{\"@type\":\"ReadAction\",\"target\":[\"https:\\\/\\\/blogdiario.info\\\/magazine\\\/2025\\\/05\\\/07\\\/el-enigma-njue-excluido-del-conclave-pero-en-plena-forma\\\/\"]}]},{\"@type\":\"ImageObject\",\"inLanguage\":\"es-AR\",\"@id\":\"https:\\\/\\\/blogdiario.info\\\/magazine\\\/2025\\\/05\\\/07\\\/el-enigma-njue-excluido-del-conclave-pero-en-plena-forma\\\/#primaryimage\",\"url\":\"https:\\\/\\\/blogdiario.info\\\/magazine\\\/images\\\/2025\\\/05\\\/vati_20250507.jpg\",\"contentUrl\":\"https:\\\/\\\/blogdiario.info\\\/magazine\\\/images\\\/2025\\\/05\\\/vati_20250507.jpg\",\"width\":600,\"height\":400},{\"@type\":\"BreadcrumbList\",\"@id\":\"https:\\\/\\\/blogdiario.info\\\/magazine\\\/2025\\\/05\\\/07\\\/el-enigma-njue-excluido-del-conclave-pero-en-plena-forma\\\/#breadcrumb\",\"itemListElement\":[{\"@type\":\"ListItem\",\"position\":1,\"name\":\"Home\",\"item\":\"https:\\\/\\\/blogdiario.info\\\/magazine\\\/\"},{\"@type\":\"ListItem\",\"position\":2,\"name\":\"El enigma Njue: excluido del c\u00f3nclave, pero en plena forma\"}]},{\"@type\":\"WebSite\",\"@id\":\"https:\\\/\\\/blogdiario.info\\\/magazine\\\/#website\",\"url\":\"https:\\\/\\\/blogdiario.info\\\/magazine\\\/\",\"name\":\"BlogDiario Magazine\",\"description\":\"Suplemento multiling\u00fce de ElCanillita.Info\",\"publisher\":{\"@id\":\"https:\\\/\\\/blogdiario.info\\\/magazine\\\/#organization\"},\"potentialAction\":[{\"@type\":\"SearchAction\",\"target\":{\"@type\":\"EntryPoint\",\"urlTemplate\":\"https:\\\/\\\/blogdiario.info\\\/magazine\\\/?s={search_term_string}\"},\"query-input\":{\"@type\":\"PropertyValueSpecification\",\"valueRequired\":true,\"valueName\":\"search_term_string\"}}],\"inLanguage\":\"es-AR\"},{\"@type\":\"Organization\",\"@id\":\"https:\\\/\\\/blogdiario.info\\\/magazine\\\/#organization\",\"name\":\"Guzzo Photos & Graphic Publications\",\"url\":\"https:\\\/\\\/blogdiario.info\\\/magazine\\\/\",\"logo\":{\"@type\":\"ImageObject\",\"inLanguage\":\"es-AR\",\"@id\":\"https:\\\/\\\/blogdiario.info\\\/magazine\\\/#\\\/schema\\\/logo\\\/image\\\/\",\"url\":\"https:\\\/\\\/blogdiario.info\\\/magazine\\\/images\\\/2020\\\/01\\\/cropped-blogdia_magazine.jpg\",\"contentUrl\":\"https:\\\/\\\/blogdiario.info\\\/magazine\\\/images\\\/2020\\\/01\\\/cropped-blogdia_magazine.jpg\",\"width\":589,\"height\":55,\"caption\":\"Guzzo Photos & Graphic Publications\"},\"image\":{\"@id\":\"https:\\\/\\\/blogdiario.info\\\/magazine\\\/#\\\/schema\\\/logo\\\/image\\\/\"}},{\"@type\":\"Person\",\"@id\":\"https:\\\/\\\/blogdiario.info\\\/magazine\\\/#\\\/schema\\\/person\\\/b2422fe85574d945bad55513bb0c7354\",\"name\":\"World Press Service | Servicio de Prensa Mundial\"}]}<\/script>\n<!-- \/ Yoast SEO plugin. -->","yoast_head_json":{"title":"El enigma Njue: excluido del c\u00f3nclave, pero en plena forma - BlogDiario Magazine","robots":{"index":"index","follow":"follow","max-snippet":"max-snippet:-1","max-image-preview":"max-image-preview:large","max-video-preview":"max-video-preview:-1"},"canonical":"https:\/\/blogdiario.info\/magazine\/2025\/05\/07\/el-enigma-njue-excluido-del-conclave-pero-en-plena-forma\/","og_locale":"es_ES","og_type":"article","og_title":"El enigma Njue: excluido del c\u00f3nclave, pero en plena forma - BlogDiario Magazine","og_description":"La herencia vaticana seg\u00fan Francisco","og_url":"https:\/\/blogdiario.info\/magazine\/2025\/05\/07\/el-enigma-njue-excluido-del-conclave-pero-en-plena-forma\/","og_site_name":"BlogDiario Magazine","article_published_time":"2025-05-07T07:46:43+00:00","article_modified_time":"2025-05-09T08:02:54+00:00","og_image":[{"width":600,"height":400,"url":"https:\/\/blogdiario.info\/magazine\/images\/2025\/05\/vati_20250507.jpg","type":"image\/jpeg"}],"author":"World Press Service | Servicio de Prensa Mundial","twitter_card":"summary_large_image","twitter_misc":{"Escrito por":"World Press Service | Servicio de Prensa Mundial","Tiempo de lectura":"2 minutos"},"schema":{"@context":"https:\/\/schema.org","@graph":[{"@type":"Article","@id":"https:\/\/blogdiario.info\/magazine\/2025\/05\/07\/el-enigma-njue-excluido-del-conclave-pero-en-plena-forma\/#article","isPartOf":{"@id":"https:\/\/blogdiario.info\/magazine\/2025\/05\/07\/el-enigma-njue-excluido-del-conclave-pero-en-plena-forma\/"},"author":{"name":"World Press Service | Servicio de Prensa Mundial","@id":"https:\/\/blogdiario.info\/magazine\/#\/schema\/person\/b2422fe85574d945bad55513bb0c7354"},"headline":"El enigma Njue: excluido del c\u00f3nclave, pero en plena forma","datePublished":"2025-05-07T07:46:43+00:00","dateModified":"2025-05-09T08:02:54+00:00","mainEntityOfPage":{"@id":"https:\/\/blogdiario.info\/magazine\/2025\/05\/07\/el-enigma-njue-excluido-del-conclave-pero-en-plena-forma\/"},"wordCount":329,"publisher":{"@id":"https:\/\/blogdiario.info\/magazine\/#organization"},"image":{"@id":"https:\/\/blogdiario.info\/magazine\/2025\/05\/07\/el-enigma-njue-excluido-del-conclave-pero-en-plena-forma\/#primaryimage"},"thumbnailUrl":"https:\/\/blogdiario.info\/magazine\/images\/2025\/05\/vati_20250507.jpg","articleSection":[".",".","Actualidad","Dolores de La Press","Europa","Pol\u00edticas globales","Sociedad"],"inLanguage":"es-AR"},{"@type":"WebPage","@id":"https:\/\/blogdiario.info\/magazine\/2025\/05\/07\/el-enigma-njue-excluido-del-conclave-pero-en-plena-forma\/","url":"https:\/\/blogdiario.info\/magazine\/2025\/05\/07\/el-enigma-njue-excluido-del-conclave-pero-en-plena-forma\/","name":"El enigma Njue: excluido del c\u00f3nclave, pero en plena forma - BlogDiario Magazine","isPartOf":{"@id":"https:\/\/blogdiario.info\/magazine\/#website"},"primaryImageOfPage":{"@id":"https:\/\/blogdiario.info\/magazine\/2025\/05\/07\/el-enigma-njue-excluido-del-conclave-pero-en-plena-forma\/#primaryimage"},"image":{"@id":"https:\/\/blogdiario.info\/magazine\/2025\/05\/07\/el-enigma-njue-excluido-del-conclave-pero-en-plena-forma\/#primaryimage"},"thumbnailUrl":"https:\/\/blogdiario.info\/magazine\/images\/2025\/05\/vati_20250507.jpg","datePublished":"2025-05-07T07:46:43+00:00","dateModified":"2025-05-09T08:02:54+00:00","breadcrumb":{"@id":"https:\/\/blogdiario.info\/magazine\/2025\/05\/07\/el-enigma-njue-excluido-del-conclave-pero-en-plena-forma\/#breadcrumb"},"inLanguage":"es-AR","potentialAction":[{"@type":"ReadAction","target":["https:\/\/blogdiario.info\/magazine\/2025\/05\/07\/el-enigma-njue-excluido-del-conclave-pero-en-plena-forma\/"]}]},{"@type":"ImageObject","inLanguage":"es-AR","@id":"https:\/\/blogdiario.info\/magazine\/2025\/05\/07\/el-enigma-njue-excluido-del-conclave-pero-en-plena-forma\/#primaryimage","url":"https:\/\/blogdiario.info\/magazine\/images\/2025\/05\/vati_20250507.jpg","contentUrl":"https:\/\/blogdiario.info\/magazine\/images\/2025\/05\/vati_20250507.jpg","width":600,"height":400},{"@type":"BreadcrumbList","@id":"https:\/\/blogdiario.info\/magazine\/2025\/05\/07\/el-enigma-njue-excluido-del-conclave-pero-en-plena-forma\/#breadcrumb","itemListElement":[{"@type":"ListItem","position":1,"name":"Home","item":"https:\/\/blogdiario.info\/magazine\/"},{"@type":"ListItem","position":2,"name":"El enigma Njue: excluido del c\u00f3nclave, pero en plena forma"}]},{"@type":"WebSite","@id":"https:\/\/blogdiario.info\/magazine\/#website","url":"https:\/\/blogdiario.info\/magazine\/","name":"BlogDiario Magazine","description":"Suplemento multiling\u00fce de ElCanillita.Info","publisher":{"@id":"https:\/\/blogdiario.info\/magazine\/#organization"},"potentialAction":[{"@type":"SearchAction","target":{"@type":"EntryPoint","urlTemplate":"https:\/\/blogdiario.info\/magazine\/?s={search_term_string}"},"query-input":{"@type":"PropertyValueSpecification","valueRequired":true,"valueName":"search_term_string"}}],"inLanguage":"es-AR"},{"@type":"Organization","@id":"https:\/\/blogdiario.info\/magazine\/#organization","name":"Guzzo Photos & Graphic Publications","url":"https:\/\/blogdiario.info\/magazine\/","logo":{"@type":"ImageObject","inLanguage":"es-AR","@id":"https:\/\/blogdiario.info\/magazine\/#\/schema\/logo\/image\/","url":"https:\/\/blogdiario.info\/magazine\/images\/2020\/01\/cropped-blogdia_magazine.jpg","contentUrl":"https:\/\/blogdiario.info\/magazine\/images\/2020\/01\/cropped-blogdia_magazine.jpg","width":589,"height":55,"caption":"Guzzo Photos & Graphic Publications"},"image":{"@id":"https:\/\/blogdiario.info\/magazine\/#\/schema\/logo\/image\/"}},{"@type":"Person","@id":"https:\/\/blogdiario.info\/magazine\/#\/schema\/person\/b2422fe85574d945bad55513bb0c7354","name":"World Press Service | Servicio de Prensa Mundial"}]}},"views":547,"_links":{"self":[{"href":"https:\/\/blogdiario.info\/magazine\/wp-json\/wp\/v2\/posts\/1623","targetHints":{"allow":["GET"]}}],"collection":[{"href":"https:\/\/blogdiario.info\/magazine\/wp-json\/wp\/v2\/posts"}],"about":[{"href":"https:\/\/blogdiario.info\/magazine\/wp-json\/wp\/v2\/types\/post"}],"author":[{"embeddable":true,"href":"https:\/\/blogdiario.info\/magazine\/wp-json\/wp\/v2\/users\/1"}],"replies":[{"embeddable":true,"href":"https:\/\/blogdiario.info\/magazine\/wp-json\/wp\/v2\/comments?post=1623"}],"version-history":[{"count":0,"href":"https:\/\/blogdiario.info\/magazine\/wp-json\/wp\/v2\/posts\/1623\/revisions"}],"wp:featuredmedia":[{"embeddable":true,"href":"https:\/\/blogdiario.info\/magazine\/wp-json\/wp\/v2\/media\/1616"}],"wp:attachment":[{"href":"https:\/\/blogdiario.info\/magazine\/wp-json\/wp\/v2\/media?parent=1623"}],"wp:term":[{"taxonomy":"category","embeddable":true,"href":"https:\/\/blogdiario.info\/magazine\/wp-json\/wp\/v2\/categories?post=1623"},{"taxonomy":"post_tag","embeddable":true,"href":"https:\/\/blogdiario.info\/magazine\/wp-json\/wp\/v2\/tags?post=1623"}],"curies":[{"name":"wp","href":"https:\/\/api.w.org\/{rel}","templated":true}]}}