{"id":1610,"date":"2025-05-06T22:34:30","date_gmt":"2025-05-06T21:34:30","guid":{"rendered":"https:\/\/blogdiario.info\/magazine\/?p=1610"},"modified":"2025-05-06T22:34:33","modified_gmt":"2025-05-06T21:34:33","slug":"la-historia-se-repite-con-corbata-negra-y-sonrisa-de-archivo","status":"publish","type":"post","link":"https:\/\/blogdiario.info\/magazine\/2025\/05\/06\/la-historia-se-repite-con-corbata-negra-y-sonrisa-de-archivo\/","title":{"rendered":"\u201cLa historia se repite (con corbata negra y sonrisa de archivo)\u201d"},"content":{"rendered":"\n<figure class=\"wp-block-image size-full\"><img loading=\"lazy\" decoding=\"async\" width=\"600\" height=\"400\" src=\"https:\/\/blogdiario.info\/magazine\/images\/2025\/05\/seconvot_20250506.jpg\" alt=\"\" class=\"wp-image-1611\" srcset=\"https:\/\/blogdiario.info\/magazine\/images\/2025\/05\/seconvot_20250506.jpg 600w, https:\/\/blogdiario.info\/magazine\/images\/2025\/05\/seconvot_20250506-300x200.jpg 300w\" sizes=\"auto, (max-width: 600px) 100vw, 600px\" \/><\/figure>\n\n\n\n<p><strong>BlogDiario.info<\/strong><br><small>Rep\u00fablica Federal Alemana, 06\/05\/2025<\/small><br>En Alemania, como en las buenas comedias pol\u00edticas, los finales no siempre son definitivos. Cuando Friedrich Merz se qued\u00f3 sin mayor\u00eda en la primera ronda para ser elegido Canciller, m\u00e1s de un alem\u00e1n sac\u00f3 el schnitzel del microondas, murmurando: \u201cEsto ya lo hemos visto.\u201d<\/p>\n\n\n\n<p><strong>Y no se equivocaban.<\/strong><\/p>\n\n\n\n<p>Corr\u00eda el a\u00f1o 1949, Alemania acababa de renacer entre las ruinas, y Konrad Adenauer \u2014otro caballero de ce\u00f1o firme y pulso de acero\u2014 tambi\u00e9n necesit\u00f3 una segunda vuelta para sentarse en el trono de la Canciller\u00eda. Fue elegido por UN solo voto de diferencia. Porque claro, en pol\u00edtica alemana, si no se sufre, no vale.<\/p>\n\n\n\n<p>Hoy, en pleno 2025, Friedrich Merz \u2014reencarnaci\u00f3n del pol\u00edtico serio, el conservador con alma de contable y sonrisa de m\u00e1rmol\u2014 repite el ritual: prometer orden, estabilidad y una pizca de emoci\u00f3n\u2026 con voto extra incluido.<\/p>\n\n\n\n<p>\u00bfCasualidad? \u00bfTradici\u00f3n? \u00bfO simplemente el esp\u00edritu alem\u00e1n que dice: \u201cS\u00ed, te elegimos\u2026 pero despu\u00e9s de pensarlo bien, con un poco de suspenso y caf\u00e9 fuerte\u201d?<\/p>\n\n\n\n<p>Mientras tanto, los alemanes miran las urnas con esa mezcla de respeto y resignaci\u00f3n teutona. Porque en la tierra del protocolo y las segundas vueltas, todo se decide\u2026 aber mit Pr\u00e4zision.<br><br><small>\u00a92025 \u201cPapel y Tinta\u201d &#8211; Todos los derechos reservados <\/small><br><small>Copyright \u00a9 2025 ElCanillita.info \/ BlogDiario.info \/ SalaStampa.eu, servicio mundial de prensa <\/small><br><small>Guzzo Photos &amp; Graphic Publications \u2013 Registro Editori e Stampatori n. 1441 Torino, Italia<\/small><\/p>\n\n\n\n<p><\/p>\n","protected":false},"excerpt":{"rendered":"<p>En Alemania, como en las buenas comedias pol\u00edticas, los finales no siempre son definitivos..<\/p>\n","protected":false},"author":1,"featured_media":1611,"comment_status":"closed","ping_status":"closed","sticky":false,"template":"","format":"standard","meta":{"footnotes":"","_links_to":"","_links_to_target":""},"categories":[109,97,62,46,41,43],"tags":[149],"class_list":["post-1610","post","type-post","status-publish","format-standard","has-post-thumbnail","hentry","category-dc24","category-elcanillita","category-actualidad","category-europa","category-politica-esp","category-sociedad","tag-alemania","entry","rows"],"yoast_head":"<!-- This site is optimized with the Yoast SEO plugin v27.4 - https:\/\/yoast.com\/product\/yoast-seo-wordpress\/ -->\n<title>\u201cLa historia se repite (con corbata negra y sonrisa de archivo)\u201d - BlogDiario Magazine<\/title>\n<meta name=\"robots\" content=\"index, follow, max-snippet:-1, max-image-preview:large, max-video-preview:-1\" \/>\n<link rel=\"canonical\" href=\"https:\/\/blogdiario.info\/magazine\/2025\/05\/06\/la-historia-se-repite-con-corbata-negra-y-sonrisa-de-archivo\/\" \/>\n<meta property=\"og:locale\" content=\"es_ES\" \/>\n<meta property=\"og:type\" content=\"article\" \/>\n<meta property=\"og:title\" content=\"\u201cLa historia se repite (con corbata negra y sonrisa de archivo)\u201d - BlogDiario Magazine\" \/>\n<meta property=\"og:description\" content=\"En Alemania, como en las buenas comedias pol\u00edticas, los finales no siempre son definitivos..\" \/>\n<meta property=\"og:url\" content=\"https:\/\/blogdiario.info\/magazine\/2025\/05\/06\/la-historia-se-repite-con-corbata-negra-y-sonrisa-de-archivo\/\" \/>\n<meta property=\"og:site_name\" content=\"BlogDiario Magazine\" \/>\n<meta property=\"article:published_time\" content=\"2025-05-06T21:34:30+00:00\" \/>\n<meta property=\"article:modified_time\" content=\"2025-05-06T21:34:33+00:00\" \/>\n<meta property=\"og:image\" content=\"https:\/\/blogdiario.info\/magazine\/images\/2025\/05\/seconvot_20250506.jpg\" \/>\n\t<meta property=\"og:image:width\" content=\"600\" \/>\n\t<meta property=\"og:image:height\" content=\"400\" \/>\n\t<meta property=\"og:image:type\" content=\"image\/jpeg\" \/>\n<meta name=\"author\" content=\"World Press Service | Servicio de Prensa Mundial\" \/>\n<meta name=\"twitter:card\" content=\"summary_large_image\" \/>\n<meta name=\"twitter:label1\" content=\"Escrito por\" \/>\n\t<meta name=\"twitter:data1\" content=\"World Press Service | Servicio de Prensa Mundial\" \/>\n\t<meta name=\"twitter:label2\" content=\"Tiempo de lectura\" \/>\n\t<meta name=\"twitter:data2\" content=\"2 minutos\" \/>\n<script type=\"application\/ld+json\" class=\"yoast-schema-graph\">{\"@context\":\"https:\\\/\\\/schema.org\",\"@graph\":[{\"@type\":\"Article\",\"@id\":\"https:\\\/\\\/blogdiario.info\\\/magazine\\\/2025\\\/05\\\/06\\\/la-historia-se-repite-con-corbata-negra-y-sonrisa-de-archivo\\\/#article\",\"isPartOf\":{\"@id\":\"https:\\\/\\\/blogdiario.info\\\/magazine\\\/2025\\\/05\\\/06\\\/la-historia-se-repite-con-corbata-negra-y-sonrisa-de-archivo\\\/\"},\"author\":{\"name\":\"World Press Service | Servicio de Prensa Mundial\",\"@id\":\"https:\\\/\\\/blogdiario.info\\\/magazine\\\/#\\\/schema\\\/person\\\/b2422fe85574d945bad55513bb0c7354\"},\"headline\":\"\u201cLa historia se repite (con corbata negra y sonrisa de archivo)\u201d\",\"datePublished\":\"2025-05-06T21:34:30+00:00\",\"dateModified\":\"2025-05-06T21:34:33+00:00\",\"mainEntityOfPage\":{\"@id\":\"https:\\\/\\\/blogdiario.info\\\/magazine\\\/2025\\\/05\\\/06\\\/la-historia-se-repite-con-corbata-negra-y-sonrisa-de-archivo\\\/\"},\"wordCount\":260,\"publisher\":{\"@id\":\"https:\\\/\\\/blogdiario.info\\\/magazine\\\/#organization\"},\"image\":{\"@id\":\"https:\\\/\\\/blogdiario.info\\\/magazine\\\/2025\\\/05\\\/06\\\/la-historia-se-repite-con-corbata-negra-y-sonrisa-de-archivo\\\/#primaryimage\"},\"thumbnailUrl\":\"https:\\\/\\\/blogdiario.info\\\/magazine\\\/images\\\/2025\\\/05\\\/seconvot_20250506.jpg\",\"keywords\":[\"Alemania\"],\"articleSection\":[\".\",\".\",\"Actualidad\",\"Europa\",\"Politica\",\"Sociedad\"],\"inLanguage\":\"es-AR\"},{\"@type\":\"WebPage\",\"@id\":\"https:\\\/\\\/blogdiario.info\\\/magazine\\\/2025\\\/05\\\/06\\\/la-historia-se-repite-con-corbata-negra-y-sonrisa-de-archivo\\\/\",\"url\":\"https:\\\/\\\/blogdiario.info\\\/magazine\\\/2025\\\/05\\\/06\\\/la-historia-se-repite-con-corbata-negra-y-sonrisa-de-archivo\\\/\",\"name\":\"\u201cLa historia se repite (con corbata negra y sonrisa de archivo)\u201d - BlogDiario Magazine\",\"isPartOf\":{\"@id\":\"https:\\\/\\\/blogdiario.info\\\/magazine\\\/#website\"},\"primaryImageOfPage\":{\"@id\":\"https:\\\/\\\/blogdiario.info\\\/magazine\\\/2025\\\/05\\\/06\\\/la-historia-se-repite-con-corbata-negra-y-sonrisa-de-archivo\\\/#primaryimage\"},\"image\":{\"@id\":\"https:\\\/\\\/blogdiario.info\\\/magazine\\\/2025\\\/05\\\/06\\\/la-historia-se-repite-con-corbata-negra-y-sonrisa-de-archivo\\\/#primaryimage\"},\"thumbnailUrl\":\"https:\\\/\\\/blogdiario.info\\\/magazine\\\/images\\\/2025\\\/05\\\/seconvot_20250506.jpg\",\"datePublished\":\"2025-05-06T21:34:30+00:00\",\"dateModified\":\"2025-05-06T21:34:33+00:00\",\"breadcrumb\":{\"@id\":\"https:\\\/\\\/blogdiario.info\\\/magazine\\\/2025\\\/05\\\/06\\\/la-historia-se-repite-con-corbata-negra-y-sonrisa-de-archivo\\\/#breadcrumb\"},\"inLanguage\":\"es-AR\",\"potentialAction\":[{\"@type\":\"ReadAction\",\"target\":[\"https:\\\/\\\/blogdiario.info\\\/magazine\\\/2025\\\/05\\\/06\\\/la-historia-se-repite-con-corbata-negra-y-sonrisa-de-archivo\\\/\"]}]},{\"@type\":\"ImageObject\",\"inLanguage\":\"es-AR\",\"@id\":\"https:\\\/\\\/blogdiario.info\\\/magazine\\\/2025\\\/05\\\/06\\\/la-historia-se-repite-con-corbata-negra-y-sonrisa-de-archivo\\\/#primaryimage\",\"url\":\"https:\\\/\\\/blogdiario.info\\\/magazine\\\/images\\\/2025\\\/05\\\/seconvot_20250506.jpg\",\"contentUrl\":\"https:\\\/\\\/blogdiario.info\\\/magazine\\\/images\\\/2025\\\/05\\\/seconvot_20250506.jpg\",\"width\":600,\"height\":400},{\"@type\":\"BreadcrumbList\",\"@id\":\"https:\\\/\\\/blogdiario.info\\\/magazine\\\/2025\\\/05\\\/06\\\/la-historia-se-repite-con-corbata-negra-y-sonrisa-de-archivo\\\/#breadcrumb\",\"itemListElement\":[{\"@type\":\"ListItem\",\"position\":1,\"name\":\"Home\",\"item\":\"https:\\\/\\\/blogdiario.info\\\/magazine\\\/\"},{\"@type\":\"ListItem\",\"position\":2,\"name\":\"\u201cLa historia se repite (con corbata negra y sonrisa de archivo)\u201d\"}]},{\"@type\":\"WebSite\",\"@id\":\"https:\\\/\\\/blogdiario.info\\\/magazine\\\/#website\",\"url\":\"https:\\\/\\\/blogdiario.info\\\/magazine\\\/\",\"name\":\"BlogDiario Magazine\",\"description\":\"Suplemento multiling\u00fce de ElCanillita.Info\",\"publisher\":{\"@id\":\"https:\\\/\\\/blogdiario.info\\\/magazine\\\/#organization\"},\"potentialAction\":[{\"@type\":\"SearchAction\",\"target\":{\"@type\":\"EntryPoint\",\"urlTemplate\":\"https:\\\/\\\/blogdiario.info\\\/magazine\\\/?s={search_term_string}\"},\"query-input\":{\"@type\":\"PropertyValueSpecification\",\"valueRequired\":true,\"valueName\":\"search_term_string\"}}],\"inLanguage\":\"es-AR\"},{\"@type\":\"Organization\",\"@id\":\"https:\\\/\\\/blogdiario.info\\\/magazine\\\/#organization\",\"name\":\"Guzzo Photos & Graphic Publications\",\"url\":\"https:\\\/\\\/blogdiario.info\\\/magazine\\\/\",\"logo\":{\"@type\":\"ImageObject\",\"inLanguage\":\"es-AR\",\"@id\":\"https:\\\/\\\/blogdiario.info\\\/magazine\\\/#\\\/schema\\\/logo\\\/image\\\/\",\"url\":\"https:\\\/\\\/blogdiario.info\\\/magazine\\\/images\\\/2020\\\/01\\\/cropped-blogdia_magazine.jpg\",\"contentUrl\":\"https:\\\/\\\/blogdiario.info\\\/magazine\\\/images\\\/2020\\\/01\\\/cropped-blogdia_magazine.jpg\",\"width\":589,\"height\":55,\"caption\":\"Guzzo Photos & Graphic Publications\"},\"image\":{\"@id\":\"https:\\\/\\\/blogdiario.info\\\/magazine\\\/#\\\/schema\\\/logo\\\/image\\\/\"}},{\"@type\":\"Person\",\"@id\":\"https:\\\/\\\/blogdiario.info\\\/magazine\\\/#\\\/schema\\\/person\\\/b2422fe85574d945bad55513bb0c7354\",\"name\":\"World Press Service | Servicio de Prensa Mundial\"}]}<\/script>\n<!-- \/ Yoast SEO plugin. -->","yoast_head_json":{"title":"\u201cLa historia se repite (con corbata negra y sonrisa de archivo)\u201d - BlogDiario Magazine","robots":{"index":"index","follow":"follow","max-snippet":"max-snippet:-1","max-image-preview":"max-image-preview:large","max-video-preview":"max-video-preview:-1"},"canonical":"https:\/\/blogdiario.info\/magazine\/2025\/05\/06\/la-historia-se-repite-con-corbata-negra-y-sonrisa-de-archivo\/","og_locale":"es_ES","og_type":"article","og_title":"\u201cLa historia se repite (con corbata negra y sonrisa de archivo)\u201d - BlogDiario Magazine","og_description":"En Alemania, como en las buenas comedias pol\u00edticas, los finales no siempre son definitivos..","og_url":"https:\/\/blogdiario.info\/magazine\/2025\/05\/06\/la-historia-se-repite-con-corbata-negra-y-sonrisa-de-archivo\/","og_site_name":"BlogDiario Magazine","article_published_time":"2025-05-06T21:34:30+00:00","article_modified_time":"2025-05-06T21:34:33+00:00","og_image":[{"width":600,"height":400,"url":"https:\/\/blogdiario.info\/magazine\/images\/2025\/05\/seconvot_20250506.jpg","type":"image\/jpeg"}],"author":"World Press Service | Servicio de Prensa Mundial","twitter_card":"summary_large_image","twitter_misc":{"Escrito por":"World Press Service | Servicio de Prensa Mundial","Tiempo de lectura":"2 minutos"},"schema":{"@context":"https:\/\/schema.org","@graph":[{"@type":"Article","@id":"https:\/\/blogdiario.info\/magazine\/2025\/05\/06\/la-historia-se-repite-con-corbata-negra-y-sonrisa-de-archivo\/#article","isPartOf":{"@id":"https:\/\/blogdiario.info\/magazine\/2025\/05\/06\/la-historia-se-repite-con-corbata-negra-y-sonrisa-de-archivo\/"},"author":{"name":"World Press Service | Servicio de Prensa Mundial","@id":"https:\/\/blogdiario.info\/magazine\/#\/schema\/person\/b2422fe85574d945bad55513bb0c7354"},"headline":"\u201cLa historia se repite (con corbata negra y sonrisa de archivo)\u201d","datePublished":"2025-05-06T21:34:30+00:00","dateModified":"2025-05-06T21:34:33+00:00","mainEntityOfPage":{"@id":"https:\/\/blogdiario.info\/magazine\/2025\/05\/06\/la-historia-se-repite-con-corbata-negra-y-sonrisa-de-archivo\/"},"wordCount":260,"publisher":{"@id":"https:\/\/blogdiario.info\/magazine\/#organization"},"image":{"@id":"https:\/\/blogdiario.info\/magazine\/2025\/05\/06\/la-historia-se-repite-con-corbata-negra-y-sonrisa-de-archivo\/#primaryimage"},"thumbnailUrl":"https:\/\/blogdiario.info\/magazine\/images\/2025\/05\/seconvot_20250506.jpg","keywords":["Alemania"],"articleSection":[".",".","Actualidad","Europa","Politica","Sociedad"],"inLanguage":"es-AR"},{"@type":"WebPage","@id":"https:\/\/blogdiario.info\/magazine\/2025\/05\/06\/la-historia-se-repite-con-corbata-negra-y-sonrisa-de-archivo\/","url":"https:\/\/blogdiario.info\/magazine\/2025\/05\/06\/la-historia-se-repite-con-corbata-negra-y-sonrisa-de-archivo\/","name":"\u201cLa historia se repite (con corbata negra y sonrisa de archivo)\u201d - BlogDiario Magazine","isPartOf":{"@id":"https:\/\/blogdiario.info\/magazine\/#website"},"primaryImageOfPage":{"@id":"https:\/\/blogdiario.info\/magazine\/2025\/05\/06\/la-historia-se-repite-con-corbata-negra-y-sonrisa-de-archivo\/#primaryimage"},"image":{"@id":"https:\/\/blogdiario.info\/magazine\/2025\/05\/06\/la-historia-se-repite-con-corbata-negra-y-sonrisa-de-archivo\/#primaryimage"},"thumbnailUrl":"https:\/\/blogdiario.info\/magazine\/images\/2025\/05\/seconvot_20250506.jpg","datePublished":"2025-05-06T21:34:30+00:00","dateModified":"2025-05-06T21:34:33+00:00","breadcrumb":{"@id":"https:\/\/blogdiario.info\/magazine\/2025\/05\/06\/la-historia-se-repite-con-corbata-negra-y-sonrisa-de-archivo\/#breadcrumb"},"inLanguage":"es-AR","potentialAction":[{"@type":"ReadAction","target":["https:\/\/blogdiario.info\/magazine\/2025\/05\/06\/la-historia-se-repite-con-corbata-negra-y-sonrisa-de-archivo\/"]}]},{"@type":"ImageObject","inLanguage":"es-AR","@id":"https:\/\/blogdiario.info\/magazine\/2025\/05\/06\/la-historia-se-repite-con-corbata-negra-y-sonrisa-de-archivo\/#primaryimage","url":"https:\/\/blogdiario.info\/magazine\/images\/2025\/05\/seconvot_20250506.jpg","contentUrl":"https:\/\/blogdiario.info\/magazine\/images\/2025\/05\/seconvot_20250506.jpg","width":600,"height":400},{"@type":"BreadcrumbList","@id":"https:\/\/blogdiario.info\/magazine\/2025\/05\/06\/la-historia-se-repite-con-corbata-negra-y-sonrisa-de-archivo\/#breadcrumb","itemListElement":[{"@type":"ListItem","position":1,"name":"Home","item":"https:\/\/blogdiario.info\/magazine\/"},{"@type":"ListItem","position":2,"name":"\u201cLa historia se repite (con corbata negra y sonrisa de archivo)\u201d"}]},{"@type":"WebSite","@id":"https:\/\/blogdiario.info\/magazine\/#website","url":"https:\/\/blogdiario.info\/magazine\/","name":"BlogDiario Magazine","description":"Suplemento multiling\u00fce de ElCanillita.Info","publisher":{"@id":"https:\/\/blogdiario.info\/magazine\/#organization"},"potentialAction":[{"@type":"SearchAction","target":{"@type":"EntryPoint","urlTemplate":"https:\/\/blogdiario.info\/magazine\/?s={search_term_string}"},"query-input":{"@type":"PropertyValueSpecification","valueRequired":true,"valueName":"search_term_string"}}],"inLanguage":"es-AR"},{"@type":"Organization","@id":"https:\/\/blogdiario.info\/magazine\/#organization","name":"Guzzo Photos & Graphic Publications","url":"https:\/\/blogdiario.info\/magazine\/","logo":{"@type":"ImageObject","inLanguage":"es-AR","@id":"https:\/\/blogdiario.info\/magazine\/#\/schema\/logo\/image\/","url":"https:\/\/blogdiario.info\/magazine\/images\/2020\/01\/cropped-blogdia_magazine.jpg","contentUrl":"https:\/\/blogdiario.info\/magazine\/images\/2020\/01\/cropped-blogdia_magazine.jpg","width":589,"height":55,"caption":"Guzzo Photos & Graphic Publications"},"image":{"@id":"https:\/\/blogdiario.info\/magazine\/#\/schema\/logo\/image\/"}},{"@type":"Person","@id":"https:\/\/blogdiario.info\/magazine\/#\/schema\/person\/b2422fe85574d945bad55513bb0c7354","name":"World Press Service | Servicio de Prensa Mundial"}]}},"views":367,"_links":{"self":[{"href":"https:\/\/blogdiario.info\/magazine\/wp-json\/wp\/v2\/posts\/1610","targetHints":{"allow":["GET"]}}],"collection":[{"href":"https:\/\/blogdiario.info\/magazine\/wp-json\/wp\/v2\/posts"}],"about":[{"href":"https:\/\/blogdiario.info\/magazine\/wp-json\/wp\/v2\/types\/post"}],"author":[{"embeddable":true,"href":"https:\/\/blogdiario.info\/magazine\/wp-json\/wp\/v2\/users\/1"}],"replies":[{"embeddable":true,"href":"https:\/\/blogdiario.info\/magazine\/wp-json\/wp\/v2\/comments?post=1610"}],"version-history":[{"count":0,"href":"https:\/\/blogdiario.info\/magazine\/wp-json\/wp\/v2\/posts\/1610\/revisions"}],"wp:featuredmedia":[{"embeddable":true,"href":"https:\/\/blogdiario.info\/magazine\/wp-json\/wp\/v2\/media\/1611"}],"wp:attachment":[{"href":"https:\/\/blogdiario.info\/magazine\/wp-json\/wp\/v2\/media?parent=1610"}],"wp:term":[{"taxonomy":"category","embeddable":true,"href":"https:\/\/blogdiario.info\/magazine\/wp-json\/wp\/v2\/categories?post=1610"},{"taxonomy":"post_tag","embeddable":true,"href":"https:\/\/blogdiario.info\/magazine\/wp-json\/wp\/v2\/tags?post=1610"}],"curies":[{"name":"wp","href":"https:\/\/api.w.org\/{rel}","templated":true}]}}