{"id":1597,"date":"2025-09-28T18:18:24","date_gmt":"2025-09-28T17:18:24","guid":{"rendered":"https:\/\/blogdiario.info\/magazine\/?p=1597"},"modified":"2025-09-29T17:32:31","modified_gmt":"2025-09-29T16:32:31","slug":"reglamentacion-del-refugio-en-argentina","status":"publish","type":"post","link":"https:\/\/blogdiario.info\/magazine\/2025\/09\/28\/reglamentacion-del-refugio-en-argentina\/","title":{"rendered":"\ud83c\uddee\ud83c\uddf9 Reglamentaci\u00f3n del refugio en Argentina"},"content":{"rendered":"\n<figure class=\"wp-block-image size-full\"><img loading=\"lazy\" decoding=\"async\" width=\"600\" height=\"400\" src=\"https:\/\/blogdiario.info\/magazine\/images\/2025\/09\/techopgcov_20250928.jpg\" alt=\"\" class=\"wp-image-2445\" srcset=\"https:\/\/blogdiario.info\/magazine\/images\/2025\/09\/techopgcov_20250928.jpg 600w, https:\/\/blogdiario.info\/magazine\/images\/2025\/09\/techopgcov_20250928-300x200.jpg 300w\" sizes=\"auto, (max-width: 600px) 100vw, 600px\" \/><\/figure>\n\n\n\n<p>Il Governo ha annunciato a gran voce la regolamentazione della <strong>Legge sul Rifugio n. 26.165<\/strong>, presentata come un salto storico verso un sistema \u201cmoderno, garantista e trasparente\u201d. Sulla carta suona impeccabile: rigetto immediato delle domande infondate, procedure pi\u00f9 rapide, programmi di patrocinio comunitario, rispetto del principio di non-refoulement.<\/p>\n\n\n\n<p>Fin qui, Champagne nei calici ufficiali. \ud83c\udf7e<br>Ma per la gente comune sorge una domanda inevitabile:<\/p>\n\n\n\n<p>\ud83d\udc49 A cosa serve un abito di seta se non c\u2019\u00e8 il corpo per indossarlo?<\/p>\n\n\n<hr style=\"border: none; height: 1px; background-color: #ccc; margin: 2em 0;\" \/>\n\n\n<h3 class=\"wp-block-heading\"><strong>La frontiera che non \u00e8 mai stata una frontiera<\/strong><\/h3>\n\n\n\n<p>L\u2019Argentina da oltre due secoli non riesce a controllare efficacemente i suoi 7.500 km di confini terrestri, soprattutto con Bolivia e Paraguay. Mancano gendarmi e radar; abbondano i passaggi clandestini.<\/p>\n\n\n<hr style=\"border: none; height: 1px; background-color: #ccc; margin: 2em 0;\" \/>\n\n\n<h3 class=\"wp-block-heading\"><strong>Il costo della modernit\u00e0\u2026 con debito estero<\/strong><\/h3>\n\n\n\n<p>Attuare la nuova normativa non \u00e8 gratis: formazione di funzionari, uffici specializzati, traduttori, avvocati. Tutto costa dollari. E lo stesso Stato che chiede prestiti per pagare stipendi e pensioni ora promette di sostenere un sistema d\u2019asilo sofisticato.<\/p>\n\n\n<hr style=\"border: none; height: 1px; background-color: #ccc; margin: 2em 0;\" \/>\n\n\n<h3 class=\"wp-block-heading\"><strong>Operazione di facciata diplomatica<\/strong><\/h3>\n\n\n\n<p>Il decreto sembra pi\u00f9 un gesto verso l\u2019esterno che una soluzione interna: una carta da visita per mostrarsi civilizzati all\u2019ONU e cercare credito politico ed economico.<\/p>\n\n\n<hr style=\"border: none; height: 1px; background-color: #ccc; margin: 2em 0;\" \/>\n\n\n<h3 class=\"wp-block-heading\"><strong>Tra la norma e la realt\u00e0<\/strong><\/h3>\n\n\n\n<p>I rischi sono chiari: respingimenti lampo che lasciano persone senza protezione, applicazione diseguale, stigmatizzazione e, soprattutto, mancanza di capacit\u00e0 statale.<\/p>\n\n\n<hr style=\"border: none; height: 1px; background-color: #ccc; margin: 2em 0;\" \/>\n\n\n<h3 class=\"wp-block-heading\"><strong>Conclusione con brio<\/strong><\/h3>\n\n\n\n<p>Regolamentare l\u2019asilo \u00e8 come mettere tende di velluto in una casa senza tetto. Il gesto diplomatico pu\u00f2 impressionare a Ginevra, ma alle frontiere la realt\u00e0 resta la stessa. La domanda della strada \u00e8 semplice:<\/p>\n\n\n\n<p>\ud83d\udc49 Se non abbiamo controllato la frontiera in 200 anni, che possibilit\u00e0 abbiamo di controllare l\u2019asilo con un decreto?<br><br>\u270d\ufe0f <small>\u00a92025 La voce della strada &#8211; All Rights Reserved<\/small><br><br><small>\u00a92025 La Voce della Strada \u2013 All Rights Reserved &#8211; Copyright \u00a9 2025 BlogDiario.info \/ SalaStampa.eu, world press service &#8211; Guzzo Photos &amp; Graphic Publications \u2013 Registro Editori e Stampatori n. 1441 Turin, Italy<\/small><\/p>\n","protected":false},"excerpt":{"rendered":"<p> Velvet curtains\u2026 on a roofless house.<br \/>\n\ud83c\udf0d This note is available in 4 languages: Espa\u00f1ol, English, Italiano, Fran\u00e7ais<\/p>\n","protected":false},"author":1,"featured_media":2445,"comment_status":"closed","ping_status":"closed","sticky":false,"template":"","format":"standard","meta":{"footnotes":"","_links_to":"","_links_to_target":""},"categories":[97,109,186,61,18,169],"tags":[23],"class_list":["post-1597","post","type-post","status-publish","format-standard","has-post-thumbnail","hentry","category-elcanillita","category-dc24","category-america-meridionale","category-attualita","category-politica-ita","category-societa-valori","tag-argentina","entry","rows"],"yoast_head":"<!-- This site is optimized with the Yoast SEO plugin v27.4 - https:\/\/yoast.com\/product\/yoast-seo-wordpress\/ -->\n<title>\ud83c\uddee\ud83c\uddf9 Reglamentaci\u00f3n del refugio en Argentina - BlogDiario Magazine<\/title>\n<meta name=\"robots\" content=\"index, follow, max-snippet:-1, max-image-preview:large, max-video-preview:-1\" \/>\n<link rel=\"canonical\" href=\"https:\/\/blogdiario.info\/magazine\/2025\/09\/28\/reglamentacion-del-refugio-en-argentina\/\" \/>\n<meta property=\"og:locale\" content=\"es_ES\" \/>\n<meta property=\"og:type\" content=\"article\" \/>\n<meta property=\"og:title\" content=\"\ud83c\uddee\ud83c\uddf9 Reglamentaci\u00f3n del refugio en Argentina - BlogDiario Magazine\" \/>\n<meta property=\"og:description\" content=\"Velvet curtains\u2026 on a roofless house. \ud83c\udf0d This note is available in 4 languages: Espa\u00f1ol, English, Italiano, Fran\u00e7ais\" \/>\n<meta property=\"og:url\" content=\"https:\/\/blogdiario.info\/magazine\/2025\/09\/28\/reglamentacion-del-refugio-en-argentina\/\" \/>\n<meta property=\"og:site_name\" content=\"BlogDiario Magazine\" \/>\n<meta property=\"article:published_time\" content=\"2025-09-28T17:18:24+00:00\" \/>\n<meta property=\"article:modified_time\" content=\"2025-09-29T16:32:31+00:00\" \/>\n<meta property=\"og:image\" content=\"https:\/\/blogdiario.info\/magazine\/images\/2025\/09\/techopgcov_20250928.jpg\" \/>\n\t<meta property=\"og:image:width\" content=\"600\" \/>\n\t<meta property=\"og:image:height\" content=\"400\" \/>\n\t<meta property=\"og:image:type\" content=\"image\/jpeg\" \/>\n<meta name=\"author\" content=\"World Press Service | Servicio de Prensa Mundial\" \/>\n<meta name=\"twitter:card\" content=\"summary_large_image\" \/>\n<meta name=\"twitter:label1\" content=\"Escrito por\" \/>\n\t<meta name=\"twitter:data1\" content=\"World Press Service | Servicio de Prensa Mundial\" \/>\n\t<meta name=\"twitter:label2\" content=\"Tiempo de lectura\" \/>\n\t<meta name=\"twitter:data2\" content=\"2 minutos\" \/>\n<script type=\"application\/ld+json\" class=\"yoast-schema-graph\">{\"@context\":\"https:\\\/\\\/schema.org\",\"@graph\":[{\"@type\":\"Article\",\"@id\":\"https:\\\/\\\/blogdiario.info\\\/magazine\\\/2025\\\/09\\\/28\\\/reglamentacion-del-refugio-en-argentina\\\/#article\",\"isPartOf\":{\"@id\":\"https:\\\/\\\/blogdiario.info\\\/magazine\\\/2025\\\/09\\\/28\\\/reglamentacion-del-refugio-en-argentina\\\/\"},\"author\":{\"name\":\"World Press Service | Servicio de Prensa Mundial\",\"@id\":\"https:\\\/\\\/blogdiario.info\\\/magazine\\\/#\\\/schema\\\/person\\\/b2422fe85574d945bad55513bb0c7354\"},\"headline\":\"\ud83c\uddee\ud83c\uddf9 Reglamentaci\u00f3n del refugio en Argentina\",\"datePublished\":\"2025-09-28T17:18:24+00:00\",\"dateModified\":\"2025-09-29T16:32:31+00:00\",\"mainEntityOfPage\":{\"@id\":\"https:\\\/\\\/blogdiario.info\\\/magazine\\\/2025\\\/09\\\/28\\\/reglamentacion-del-refugio-en-argentina\\\/\"},\"wordCount\":313,\"publisher\":{\"@id\":\"https:\\\/\\\/blogdiario.info\\\/magazine\\\/#organization\"},\"image\":{\"@id\":\"https:\\\/\\\/blogdiario.info\\\/magazine\\\/2025\\\/09\\\/28\\\/reglamentacion-del-refugio-en-argentina\\\/#primaryimage\"},\"thumbnailUrl\":\"https:\\\/\\\/blogdiario.info\\\/magazine\\\/images\\\/2025\\\/09\\\/techopgcov_20250928.jpg\",\"keywords\":[\"Argentina\"],\"articleSection\":[\".\",\".\",\"America Meridionale\",\"Attualit\u00e0\",\"Politica\",\"Societ\u00e0 &amp; Valori\"],\"inLanguage\":\"es-AR\"},{\"@type\":\"WebPage\",\"@id\":\"https:\\\/\\\/blogdiario.info\\\/magazine\\\/2025\\\/09\\\/28\\\/reglamentacion-del-refugio-en-argentina\\\/\",\"url\":\"https:\\\/\\\/blogdiario.info\\\/magazine\\\/2025\\\/09\\\/28\\\/reglamentacion-del-refugio-en-argentina\\\/\",\"name\":\"\ud83c\uddee\ud83c\uddf9 Reglamentaci\u00f3n del refugio en Argentina - BlogDiario Magazine\",\"isPartOf\":{\"@id\":\"https:\\\/\\\/blogdiario.info\\\/magazine\\\/#website\"},\"primaryImageOfPage\":{\"@id\":\"https:\\\/\\\/blogdiario.info\\\/magazine\\\/2025\\\/09\\\/28\\\/reglamentacion-del-refugio-en-argentina\\\/#primaryimage\"},\"image\":{\"@id\":\"https:\\\/\\\/blogdiario.info\\\/magazine\\\/2025\\\/09\\\/28\\\/reglamentacion-del-refugio-en-argentina\\\/#primaryimage\"},\"thumbnailUrl\":\"https:\\\/\\\/blogdiario.info\\\/magazine\\\/images\\\/2025\\\/09\\\/techopgcov_20250928.jpg\",\"datePublished\":\"2025-09-28T17:18:24+00:00\",\"dateModified\":\"2025-09-29T16:32:31+00:00\",\"breadcrumb\":{\"@id\":\"https:\\\/\\\/blogdiario.info\\\/magazine\\\/2025\\\/09\\\/28\\\/reglamentacion-del-refugio-en-argentina\\\/#breadcrumb\"},\"inLanguage\":\"es-AR\",\"potentialAction\":[{\"@type\":\"ReadAction\",\"target\":[\"https:\\\/\\\/blogdiario.info\\\/magazine\\\/2025\\\/09\\\/28\\\/reglamentacion-del-refugio-en-argentina\\\/\"]}]},{\"@type\":\"ImageObject\",\"inLanguage\":\"es-AR\",\"@id\":\"https:\\\/\\\/blogdiario.info\\\/magazine\\\/2025\\\/09\\\/28\\\/reglamentacion-del-refugio-en-argentina\\\/#primaryimage\",\"url\":\"https:\\\/\\\/blogdiario.info\\\/magazine\\\/images\\\/2025\\\/09\\\/techopgcov_20250928.jpg\",\"contentUrl\":\"https:\\\/\\\/blogdiario.info\\\/magazine\\\/images\\\/2025\\\/09\\\/techopgcov_20250928.jpg\",\"width\":600,\"height\":400},{\"@type\":\"BreadcrumbList\",\"@id\":\"https:\\\/\\\/blogdiario.info\\\/magazine\\\/2025\\\/09\\\/28\\\/reglamentacion-del-refugio-en-argentina\\\/#breadcrumb\",\"itemListElement\":[{\"@type\":\"ListItem\",\"position\":1,\"name\":\"Home\",\"item\":\"https:\\\/\\\/blogdiario.info\\\/magazine\\\/\"},{\"@type\":\"ListItem\",\"position\":2,\"name\":\"\ud83c\uddee\ud83c\uddf9 Reglamentaci\u00f3n del refugio en Argentina\"}]},{\"@type\":\"WebSite\",\"@id\":\"https:\\\/\\\/blogdiario.info\\\/magazine\\\/#website\",\"url\":\"https:\\\/\\\/blogdiario.info\\\/magazine\\\/\",\"name\":\"BlogDiario Magazine\",\"description\":\"Suplemento multiling\u00fce de ElCanillita.Info\",\"publisher\":{\"@id\":\"https:\\\/\\\/blogdiario.info\\\/magazine\\\/#organization\"},\"potentialAction\":[{\"@type\":\"SearchAction\",\"target\":{\"@type\":\"EntryPoint\",\"urlTemplate\":\"https:\\\/\\\/blogdiario.info\\\/magazine\\\/?s={search_term_string}\"},\"query-input\":{\"@type\":\"PropertyValueSpecification\",\"valueRequired\":true,\"valueName\":\"search_term_string\"}}],\"inLanguage\":\"es-AR\"},{\"@type\":\"Organization\",\"@id\":\"https:\\\/\\\/blogdiario.info\\\/magazine\\\/#organization\",\"name\":\"Guzzo Photos & Graphic Publications\",\"url\":\"https:\\\/\\\/blogdiario.info\\\/magazine\\\/\",\"logo\":{\"@type\":\"ImageObject\",\"inLanguage\":\"es-AR\",\"@id\":\"https:\\\/\\\/blogdiario.info\\\/magazine\\\/#\\\/schema\\\/logo\\\/image\\\/\",\"url\":\"https:\\\/\\\/blogdiario.info\\\/magazine\\\/images\\\/2020\\\/01\\\/cropped-blogdia_magazine.jpg\",\"contentUrl\":\"https:\\\/\\\/blogdiario.info\\\/magazine\\\/images\\\/2020\\\/01\\\/cropped-blogdia_magazine.jpg\",\"width\":589,\"height\":55,\"caption\":\"Guzzo Photos & Graphic Publications\"},\"image\":{\"@id\":\"https:\\\/\\\/blogdiario.info\\\/magazine\\\/#\\\/schema\\\/logo\\\/image\\\/\"}},{\"@type\":\"Person\",\"@id\":\"https:\\\/\\\/blogdiario.info\\\/magazine\\\/#\\\/schema\\\/person\\\/b2422fe85574d945bad55513bb0c7354\",\"name\":\"World Press Service | Servicio de Prensa Mundial\"}]}<\/script>\n<!-- \/ Yoast SEO plugin. -->","yoast_head_json":{"title":"\ud83c\uddee\ud83c\uddf9 Reglamentaci\u00f3n del refugio en Argentina - BlogDiario Magazine","robots":{"index":"index","follow":"follow","max-snippet":"max-snippet:-1","max-image-preview":"max-image-preview:large","max-video-preview":"max-video-preview:-1"},"canonical":"https:\/\/blogdiario.info\/magazine\/2025\/09\/28\/reglamentacion-del-refugio-en-argentina\/","og_locale":"es_ES","og_type":"article","og_title":"\ud83c\uddee\ud83c\uddf9 Reglamentaci\u00f3n del refugio en Argentina - BlogDiario Magazine","og_description":"Velvet curtains\u2026 on a roofless house. \ud83c\udf0d This note is available in 4 languages: Espa\u00f1ol, English, Italiano, Fran\u00e7ais","og_url":"https:\/\/blogdiario.info\/magazine\/2025\/09\/28\/reglamentacion-del-refugio-en-argentina\/","og_site_name":"BlogDiario Magazine","article_published_time":"2025-09-28T17:18:24+00:00","article_modified_time":"2025-09-29T16:32:31+00:00","og_image":[{"width":600,"height":400,"url":"https:\/\/blogdiario.info\/magazine\/images\/2025\/09\/techopgcov_20250928.jpg","type":"image\/jpeg"}],"author":"World Press Service | Servicio de Prensa Mundial","twitter_card":"summary_large_image","twitter_misc":{"Escrito por":"World Press Service | Servicio de Prensa Mundial","Tiempo de lectura":"2 minutos"},"schema":{"@context":"https:\/\/schema.org","@graph":[{"@type":"Article","@id":"https:\/\/blogdiario.info\/magazine\/2025\/09\/28\/reglamentacion-del-refugio-en-argentina\/#article","isPartOf":{"@id":"https:\/\/blogdiario.info\/magazine\/2025\/09\/28\/reglamentacion-del-refugio-en-argentina\/"},"author":{"name":"World Press Service | Servicio de Prensa Mundial","@id":"https:\/\/blogdiario.info\/magazine\/#\/schema\/person\/b2422fe85574d945bad55513bb0c7354"},"headline":"\ud83c\uddee\ud83c\uddf9 Reglamentaci\u00f3n del refugio en Argentina","datePublished":"2025-09-28T17:18:24+00:00","dateModified":"2025-09-29T16:32:31+00:00","mainEntityOfPage":{"@id":"https:\/\/blogdiario.info\/magazine\/2025\/09\/28\/reglamentacion-del-refugio-en-argentina\/"},"wordCount":313,"publisher":{"@id":"https:\/\/blogdiario.info\/magazine\/#organization"},"image":{"@id":"https:\/\/blogdiario.info\/magazine\/2025\/09\/28\/reglamentacion-del-refugio-en-argentina\/#primaryimage"},"thumbnailUrl":"https:\/\/blogdiario.info\/magazine\/images\/2025\/09\/techopgcov_20250928.jpg","keywords":["Argentina"],"articleSection":[".",".","America Meridionale","Attualit\u00e0","Politica","Societ\u00e0 &amp; Valori"],"inLanguage":"es-AR"},{"@type":"WebPage","@id":"https:\/\/blogdiario.info\/magazine\/2025\/09\/28\/reglamentacion-del-refugio-en-argentina\/","url":"https:\/\/blogdiario.info\/magazine\/2025\/09\/28\/reglamentacion-del-refugio-en-argentina\/","name":"\ud83c\uddee\ud83c\uddf9 Reglamentaci\u00f3n del refugio en Argentina - BlogDiario Magazine","isPartOf":{"@id":"https:\/\/blogdiario.info\/magazine\/#website"},"primaryImageOfPage":{"@id":"https:\/\/blogdiario.info\/magazine\/2025\/09\/28\/reglamentacion-del-refugio-en-argentina\/#primaryimage"},"image":{"@id":"https:\/\/blogdiario.info\/magazine\/2025\/09\/28\/reglamentacion-del-refugio-en-argentina\/#primaryimage"},"thumbnailUrl":"https:\/\/blogdiario.info\/magazine\/images\/2025\/09\/techopgcov_20250928.jpg","datePublished":"2025-09-28T17:18:24+00:00","dateModified":"2025-09-29T16:32:31+00:00","breadcrumb":{"@id":"https:\/\/blogdiario.info\/magazine\/2025\/09\/28\/reglamentacion-del-refugio-en-argentina\/#breadcrumb"},"inLanguage":"es-AR","potentialAction":[{"@type":"ReadAction","target":["https:\/\/blogdiario.info\/magazine\/2025\/09\/28\/reglamentacion-del-refugio-en-argentina\/"]}]},{"@type":"ImageObject","inLanguage":"es-AR","@id":"https:\/\/blogdiario.info\/magazine\/2025\/09\/28\/reglamentacion-del-refugio-en-argentina\/#primaryimage","url":"https:\/\/blogdiario.info\/magazine\/images\/2025\/09\/techopgcov_20250928.jpg","contentUrl":"https:\/\/blogdiario.info\/magazine\/images\/2025\/09\/techopgcov_20250928.jpg","width":600,"height":400},{"@type":"BreadcrumbList","@id":"https:\/\/blogdiario.info\/magazine\/2025\/09\/28\/reglamentacion-del-refugio-en-argentina\/#breadcrumb","itemListElement":[{"@type":"ListItem","position":1,"name":"Home","item":"https:\/\/blogdiario.info\/magazine\/"},{"@type":"ListItem","position":2,"name":"\ud83c\uddee\ud83c\uddf9 Reglamentaci\u00f3n del refugio en Argentina"}]},{"@type":"WebSite","@id":"https:\/\/blogdiario.info\/magazine\/#website","url":"https:\/\/blogdiario.info\/magazine\/","name":"BlogDiario Magazine","description":"Suplemento multiling\u00fce de ElCanillita.Info","publisher":{"@id":"https:\/\/blogdiario.info\/magazine\/#organization"},"potentialAction":[{"@type":"SearchAction","target":{"@type":"EntryPoint","urlTemplate":"https:\/\/blogdiario.info\/magazine\/?s={search_term_string}"},"query-input":{"@type":"PropertyValueSpecification","valueRequired":true,"valueName":"search_term_string"}}],"inLanguage":"es-AR"},{"@type":"Organization","@id":"https:\/\/blogdiario.info\/magazine\/#organization","name":"Guzzo Photos & Graphic Publications","url":"https:\/\/blogdiario.info\/magazine\/","logo":{"@type":"ImageObject","inLanguage":"es-AR","@id":"https:\/\/blogdiario.info\/magazine\/#\/schema\/logo\/image\/","url":"https:\/\/blogdiario.info\/magazine\/images\/2020\/01\/cropped-blogdia_magazine.jpg","contentUrl":"https:\/\/blogdiario.info\/magazine\/images\/2020\/01\/cropped-blogdia_magazine.jpg","width":589,"height":55,"caption":"Guzzo Photos & Graphic Publications"},"image":{"@id":"https:\/\/blogdiario.info\/magazine\/#\/schema\/logo\/image\/"}},{"@type":"Person","@id":"https:\/\/blogdiario.info\/magazine\/#\/schema\/person\/b2422fe85574d945bad55513bb0c7354","name":"World Press Service | Servicio de Prensa Mundial"}]}},"views":274,"_links":{"self":[{"href":"https:\/\/blogdiario.info\/magazine\/wp-json\/wp\/v2\/posts\/1597","targetHints":{"allow":["GET"]}}],"collection":[{"href":"https:\/\/blogdiario.info\/magazine\/wp-json\/wp\/v2\/posts"}],"about":[{"href":"https:\/\/blogdiario.info\/magazine\/wp-json\/wp\/v2\/types\/post"}],"author":[{"embeddable":true,"href":"https:\/\/blogdiario.info\/magazine\/wp-json\/wp\/v2\/users\/1"}],"replies":[{"embeddable":true,"href":"https:\/\/blogdiario.info\/magazine\/wp-json\/wp\/v2\/comments?post=1597"}],"version-history":[{"count":0,"href":"https:\/\/blogdiario.info\/magazine\/wp-json\/wp\/v2\/posts\/1597\/revisions"}],"wp:featuredmedia":[{"embeddable":true,"href":"https:\/\/blogdiario.info\/magazine\/wp-json\/wp\/v2\/media\/2445"}],"wp:attachment":[{"href":"https:\/\/blogdiario.info\/magazine\/wp-json\/wp\/v2\/media?parent=1597"}],"wp:term":[{"taxonomy":"category","embeddable":true,"href":"https:\/\/blogdiario.info\/magazine\/wp-json\/wp\/v2\/categories?post=1597"},{"taxonomy":"post_tag","embeddable":true,"href":"https:\/\/blogdiario.info\/magazine\/wp-json\/wp\/v2\/tags?post=1597"}],"curies":[{"name":"wp","href":"https:\/\/api.w.org\/{rel}","templated":true}]}}