{"id":1576,"date":"2025-05-04T09:43:35","date_gmt":"2025-05-04T08:43:35","guid":{"rendered":"https:\/\/blogdiario.info\/magazine\/?p=1576"},"modified":"2025-05-09T09:07:35","modified_gmt":"2025-05-09T08:07:35","slug":"conclave-2025-el-vaticano-activa-el-modo-avion-para-elegir-papa-sin-que-lo-escuche-china","status":"publish","type":"post","link":"https:\/\/blogdiario.info\/magazine\/2025\/05\/04\/conclave-2025-el-vaticano-activa-el-modo-avion-para-elegir-papa-sin-que-lo-escuche-china\/","title":{"rendered":"C\u00f3nclave 2025: El Vaticano activa el \u201cmodo avi\u00f3n\u201d para elegir Papa sin que lo escuche China"},"content":{"rendered":"<div class=\"wp-block-image\">\n<figure class=\"alignleft size-full\"><img loading=\"lazy\" decoding=\"async\" width=\"367\" height=\"550\" src=\"https:\/\/blogdiario.info\/magazine\/images\/2025\/05\/conpage_20250504.jpeg\" alt=\"\" class=\"wp-image-1585\" srcset=\"https:\/\/blogdiario.info\/magazine\/images\/2025\/05\/conpage_20250504.jpeg 367w, https:\/\/blogdiario.info\/magazine\/images\/2025\/05\/conpage_20250504-200x300.jpeg 200w\" sizes=\"auto, (max-width: 367px) 100vw, 367px\" \/><\/figure><\/div>\n\n\n<p><strong>BlogDiario.info<\/strong><br><small>Ciudad del Vaticano, 04\/05\/2025<\/small><br>Mientras el mundo se entretiene eligiendo l\u00edderes con likes y encuestas, en el Vaticano prefieren los m\u00e9todos cl\u00e1sicos: encierro, secreto y mucho incienso. Esta semana comenz\u00f3 el tan esperado C\u00f3nclave, esa ceremonia milenaria donde un grupo de hombres mayores \u2014todos vestidos de rojo, todos varones, todos c\u00e9libes (al menos en teor\u00eda)\u2014 se encierran bajo techo de plomo a decidir qui\u00e9n va a manejar la Sucursal Roma del Reino de los Cielos.<\/p>\n\n\n\n<p>Pero en tiempos de inteligencia artificial, c\u00e1maras esp\u00eda en las l\u00e1mparas y hackers con nombre de panda, el Vaticano no se toma el secreto a la ligera. Por eso, el Estado m\u00e1s peque\u00f1o del mundo activ\u00f3 su protocolo anti-chusmas globales: un blindaje digital que har\u00eda palidecer a cualquier b\u00fanker de la CIA.<\/p>\n\n\n\n<p>Nada de celulares, ni tablets, ni auriculares Bluetooth que puedan servir de micr\u00f3fono. A los cardenales se les retir\u00f3 hasta el rosario si ten\u00eda GPS. Las ventanas selladas, las l\u00edneas de comunicaci\u00f3n cortadas, y por si alg\u00fan p\u00edcaro intentaba transmitir en Morse con la cucharita del espresso, tambi\u00e9n se prohibi\u00f3 el caf\u00e9 fuerte.<\/p>\n\n\n\n<p>Porque claro, una cosa es proteger la inspiraci\u00f3n del Esp\u00edritu Santo, y otra muy distinta es que la inteligencia china escuche por Zoom el momento en que el cardenal de Ghana le dice al de Canad\u00e1: \u201cChe, y si votamos al italiano, total ya sabemos c\u00f3mo es\u2026\u201d<\/p>\n\n\n\n<p>Fuentes vaticanas (y esta vez no son \u00e1ngeles) confirmaron que se usaron inhibidores de se\u00f1al de \u00faltima generaci\u00f3n para evitar cualquier filtraci\u00f3n. Seg\u00fan un experto en seguridad papal, \u201cel C\u00f3nclave hoy tiene m\u00e1s capas que una cebolla paranoica\u201d. Tambi\u00e9n se reforz\u00f3 la vigilancia con guardias suizos que, aunque vestidos de clown renacentista, llevan auriculares discretos y no dudan en pedirle al Esp\u00edritu Santo una identificaci\u00f3n si se aparece sin pase.<\/p>\n\n\n\n<p>Y si bien algunos conspiranoicos dicen que todo esto es una exageraci\u00f3n, en el Vaticano saben que la elecci\u00f3n de un Papa es una bomba global: lo que se decide entre muros centenarios puede influir en un continente entero. Y nadie quiere que la pr\u00f3xima fumata blanca llegue con subt\u00edtulos en mandar\u00edn.<\/p>\n\n\n\n<p>As\u00ed que s\u00ed, se\u00f1ores: el C\u00f3nclave est\u00e1 blindado, los cardenales encerrados, y el Esp\u00edritu Santo\u2026 offline, pero disponible.<\/p>\n\n\n\n<p>Y como dijo un monse\u00f1or con cara de p\u00f3ker y fe a prueba de filtraciones:<br>\u201cDonde hay dos o m\u00e1s reunidos en mi nombre\u2026 que no haya micr\u00f3fonos.\u201d<br><br><small><strong>\u00a92025 \u201cPapel y Tinta\u201d &#8211; Todos los derechos reservados<\/strong><\/small><br><small> Copyright \u00a9 2025 ElCanillita.info \/ BlogDiario.info \/ SalaStampa.eu, servicio mundial de prensa Guzzo Photos &amp; Graphic Publications \u2013 Registro Editori e Stampatori n. 1441 Torino, Italia<\/small><\/p>\n","protected":false},"excerpt":{"rendered":"<p>Con el inicio del C\u00f3nclave para elegir al nuevo Papa, el Vaticano despleg\u00f3 un operativo de silencio y seguridad que mezcla liturgia con contrainteligencia. Nada de celulares, redes ni se\u00f1ales: s\u00f3lo Esp\u00edritu Santo, sotanas y la esperanza de que ning\u00fan algoritmo interrumpa la sucesi\u00f3n apost\u00f3lica.<\/p>\n","protected":false},"author":1,"featured_media":1584,"comment_status":"closed","ping_status":"closed","sticky":false,"template":"","format":"standard","meta":{"footnotes":"","_links_to":"","_links_to_target":""},"categories":[97,109,62,37,124,136,46,134,43],"tags":[125],"class_list":["post-1576","post","type-post","status-publish","format-standard","has-post-thumbnail","hentry","category-elcanillita","category-dc24","category-actualidad","category-cultura-esp","category-diplomacia","category-dolores-de-la-press","category-europa","category-politicas-globales","category-sociedad","tag-ciudad-del-vaticano","entry","rows"],"yoast_head":"<!-- This site is optimized with the Yoast SEO plugin v27.4 - https:\/\/yoast.com\/product\/yoast-seo-wordpress\/ -->\n<title>C\u00f3nclave 2025: El Vaticano activa el \u201cmodo avi\u00f3n\u201d para elegir Papa sin que lo escuche China - BlogDiario Magazine<\/title>\n<meta name=\"robots\" content=\"index, follow, max-snippet:-1, max-image-preview:large, max-video-preview:-1\" \/>\n<link rel=\"canonical\" href=\"https:\/\/blogdiario.info\/magazine\/2025\/05\/04\/conclave-2025-el-vaticano-activa-el-modo-avion-para-elegir-papa-sin-que-lo-escuche-china\/\" \/>\n<meta property=\"og:locale\" content=\"es_ES\" \/>\n<meta property=\"og:type\" content=\"article\" \/>\n<meta property=\"og:title\" content=\"C\u00f3nclave 2025: El Vaticano activa el \u201cmodo avi\u00f3n\u201d para elegir Papa sin que lo escuche China - BlogDiario Magazine\" \/>\n<meta property=\"og:description\" content=\"Con el inicio del C\u00f3nclave para elegir al nuevo Papa, el Vaticano despleg\u00f3 un operativo de silencio y seguridad que mezcla liturgia con contrainteligencia. Nada de celulares, redes ni se\u00f1ales: s\u00f3lo Esp\u00edritu Santo, sotanas y la esperanza de que ning\u00fan algoritmo interrumpa la sucesi\u00f3n apost\u00f3lica.\" \/>\n<meta property=\"og:url\" content=\"https:\/\/blogdiario.info\/magazine\/2025\/05\/04\/conclave-2025-el-vaticano-activa-el-modo-avion-para-elegir-papa-sin-que-lo-escuche-china\/\" \/>\n<meta property=\"og:site_name\" content=\"BlogDiario Magazine\" \/>\n<meta property=\"article:published_time\" content=\"2025-05-04T08:43:35+00:00\" \/>\n<meta property=\"article:modified_time\" content=\"2025-05-09T08:07:35+00:00\" \/>\n<meta property=\"og:image\" content=\"https:\/\/blogdiario.info\/magazine\/images\/2025\/05\/Tap_comc_20250504-1.jpeg\" \/>\n\t<meta property=\"og:image:width\" content=\"600\" \/>\n\t<meta property=\"og:image:height\" content=\"400\" \/>\n\t<meta property=\"og:image:type\" content=\"image\/jpeg\" \/>\n<meta name=\"author\" content=\"World Press Service | Servicio de Prensa Mundial\" \/>\n<meta name=\"twitter:card\" content=\"summary_large_image\" \/>\n<meta name=\"twitter:label1\" content=\"Escrito por\" \/>\n\t<meta name=\"twitter:data1\" content=\"World Press Service | Servicio de Prensa Mundial\" \/>\n\t<meta name=\"twitter:label2\" content=\"Tiempo de lectura\" \/>\n\t<meta name=\"twitter:data2\" content=\"3 minutos\" \/>\n<script type=\"application\/ld+json\" class=\"yoast-schema-graph\">{\"@context\":\"https:\\\/\\\/schema.org\",\"@graph\":[{\"@type\":\"Article\",\"@id\":\"https:\\\/\\\/blogdiario.info\\\/magazine\\\/2025\\\/05\\\/04\\\/conclave-2025-el-vaticano-activa-el-modo-avion-para-elegir-papa-sin-que-lo-escuche-china\\\/#article\",\"isPartOf\":{\"@id\":\"https:\\\/\\\/blogdiario.info\\\/magazine\\\/2025\\\/05\\\/04\\\/conclave-2025-el-vaticano-activa-el-modo-avion-para-elegir-papa-sin-que-lo-escuche-china\\\/\"},\"author\":{\"name\":\"World Press Service | Servicio de Prensa Mundial\",\"@id\":\"https:\\\/\\\/blogdiario.info\\\/magazine\\\/#\\\/schema\\\/person\\\/b2422fe85574d945bad55513bb0c7354\"},\"headline\":\"C\u00f3nclave 2025: El Vaticano activa el \u201cmodo avi\u00f3n\u201d para elegir Papa sin que lo escuche China\",\"datePublished\":\"2025-05-04T08:43:35+00:00\",\"dateModified\":\"2025-05-09T08:07:35+00:00\",\"mainEntityOfPage\":{\"@id\":\"https:\\\/\\\/blogdiario.info\\\/magazine\\\/2025\\\/05\\\/04\\\/conclave-2025-el-vaticano-activa-el-modo-avion-para-elegir-papa-sin-que-lo-escuche-china\\\/\"},\"wordCount\":489,\"publisher\":{\"@id\":\"https:\\\/\\\/blogdiario.info\\\/magazine\\\/#organization\"},\"image\":{\"@id\":\"https:\\\/\\\/blogdiario.info\\\/magazine\\\/2025\\\/05\\\/04\\\/conclave-2025-el-vaticano-activa-el-modo-avion-para-elegir-papa-sin-que-lo-escuche-china\\\/#primaryimage\"},\"thumbnailUrl\":\"https:\\\/\\\/blogdiario.info\\\/magazine\\\/images\\\/2025\\\/05\\\/Tap_comc_20250504-1.jpeg\",\"keywords\":[\"Ciudad del Vaticano\"],\"articleSection\":[\".\",\".\",\"Actualidad\",\"Cultura\",\"Diplomacia\",\"Dolores de La Press\",\"Europa\",\"Pol\u00edticas globales\",\"Sociedad\"],\"inLanguage\":\"es-AR\"},{\"@type\":\"WebPage\",\"@id\":\"https:\\\/\\\/blogdiario.info\\\/magazine\\\/2025\\\/05\\\/04\\\/conclave-2025-el-vaticano-activa-el-modo-avion-para-elegir-papa-sin-que-lo-escuche-china\\\/\",\"url\":\"https:\\\/\\\/blogdiario.info\\\/magazine\\\/2025\\\/05\\\/04\\\/conclave-2025-el-vaticano-activa-el-modo-avion-para-elegir-papa-sin-que-lo-escuche-china\\\/\",\"name\":\"C\u00f3nclave 2025: El Vaticano activa el \u201cmodo avi\u00f3n\u201d para elegir Papa sin que lo escuche China - BlogDiario Magazine\",\"isPartOf\":{\"@id\":\"https:\\\/\\\/blogdiario.info\\\/magazine\\\/#website\"},\"primaryImageOfPage\":{\"@id\":\"https:\\\/\\\/blogdiario.info\\\/magazine\\\/2025\\\/05\\\/04\\\/conclave-2025-el-vaticano-activa-el-modo-avion-para-elegir-papa-sin-que-lo-escuche-china\\\/#primaryimage\"},\"image\":{\"@id\":\"https:\\\/\\\/blogdiario.info\\\/magazine\\\/2025\\\/05\\\/04\\\/conclave-2025-el-vaticano-activa-el-modo-avion-para-elegir-papa-sin-que-lo-escuche-china\\\/#primaryimage\"},\"thumbnailUrl\":\"https:\\\/\\\/blogdiario.info\\\/magazine\\\/images\\\/2025\\\/05\\\/Tap_comc_20250504-1.jpeg\",\"datePublished\":\"2025-05-04T08:43:35+00:00\",\"dateModified\":\"2025-05-09T08:07:35+00:00\",\"breadcrumb\":{\"@id\":\"https:\\\/\\\/blogdiario.info\\\/magazine\\\/2025\\\/05\\\/04\\\/conclave-2025-el-vaticano-activa-el-modo-avion-para-elegir-papa-sin-que-lo-escuche-china\\\/#breadcrumb\"},\"inLanguage\":\"es-AR\",\"potentialAction\":[{\"@type\":\"ReadAction\",\"target\":[\"https:\\\/\\\/blogdiario.info\\\/magazine\\\/2025\\\/05\\\/04\\\/conclave-2025-el-vaticano-activa-el-modo-avion-para-elegir-papa-sin-que-lo-escuche-china\\\/\"]}]},{\"@type\":\"ImageObject\",\"inLanguage\":\"es-AR\",\"@id\":\"https:\\\/\\\/blogdiario.info\\\/magazine\\\/2025\\\/05\\\/04\\\/conclave-2025-el-vaticano-activa-el-modo-avion-para-elegir-papa-sin-que-lo-escuche-china\\\/#primaryimage\",\"url\":\"https:\\\/\\\/blogdiario.info\\\/magazine\\\/images\\\/2025\\\/05\\\/Tap_comc_20250504-1.jpeg\",\"contentUrl\":\"https:\\\/\\\/blogdiario.info\\\/magazine\\\/images\\\/2025\\\/05\\\/Tap_comc_20250504-1.jpeg\",\"width\":600,\"height\":400},{\"@type\":\"BreadcrumbList\",\"@id\":\"https:\\\/\\\/blogdiario.info\\\/magazine\\\/2025\\\/05\\\/04\\\/conclave-2025-el-vaticano-activa-el-modo-avion-para-elegir-papa-sin-que-lo-escuche-china\\\/#breadcrumb\",\"itemListElement\":[{\"@type\":\"ListItem\",\"position\":1,\"name\":\"Home\",\"item\":\"https:\\\/\\\/blogdiario.info\\\/magazine\\\/\"},{\"@type\":\"ListItem\",\"position\":2,\"name\":\"C\u00f3nclave 2025: El Vaticano activa el \u201cmodo avi\u00f3n\u201d para elegir Papa sin que lo escuche China\"}]},{\"@type\":\"WebSite\",\"@id\":\"https:\\\/\\\/blogdiario.info\\\/magazine\\\/#website\",\"url\":\"https:\\\/\\\/blogdiario.info\\\/magazine\\\/\",\"name\":\"BlogDiario Magazine\",\"description\":\"Suplemento multiling\u00fce de ElCanillita.Info\",\"publisher\":{\"@id\":\"https:\\\/\\\/blogdiario.info\\\/magazine\\\/#organization\"},\"potentialAction\":[{\"@type\":\"SearchAction\",\"target\":{\"@type\":\"EntryPoint\",\"urlTemplate\":\"https:\\\/\\\/blogdiario.info\\\/magazine\\\/?s={search_term_string}\"},\"query-input\":{\"@type\":\"PropertyValueSpecification\",\"valueRequired\":true,\"valueName\":\"search_term_string\"}}],\"inLanguage\":\"es-AR\"},{\"@type\":\"Organization\",\"@id\":\"https:\\\/\\\/blogdiario.info\\\/magazine\\\/#organization\",\"name\":\"Guzzo Photos & Graphic Publications\",\"url\":\"https:\\\/\\\/blogdiario.info\\\/magazine\\\/\",\"logo\":{\"@type\":\"ImageObject\",\"inLanguage\":\"es-AR\",\"@id\":\"https:\\\/\\\/blogdiario.info\\\/magazine\\\/#\\\/schema\\\/logo\\\/image\\\/\",\"url\":\"https:\\\/\\\/blogdiario.info\\\/magazine\\\/images\\\/2020\\\/01\\\/cropped-blogdia_magazine.jpg\",\"contentUrl\":\"https:\\\/\\\/blogdiario.info\\\/magazine\\\/images\\\/2020\\\/01\\\/cropped-blogdia_magazine.jpg\",\"width\":589,\"height\":55,\"caption\":\"Guzzo Photos & Graphic Publications\"},\"image\":{\"@id\":\"https:\\\/\\\/blogdiario.info\\\/magazine\\\/#\\\/schema\\\/logo\\\/image\\\/\"}},{\"@type\":\"Person\",\"@id\":\"https:\\\/\\\/blogdiario.info\\\/magazine\\\/#\\\/schema\\\/person\\\/b2422fe85574d945bad55513bb0c7354\",\"name\":\"World Press Service | Servicio de Prensa Mundial\"}]}<\/script>\n<!-- \/ Yoast SEO plugin. -->","yoast_head_json":{"title":"C\u00f3nclave 2025: El Vaticano activa el \u201cmodo avi\u00f3n\u201d para elegir Papa sin que lo escuche China - BlogDiario Magazine","robots":{"index":"index","follow":"follow","max-snippet":"max-snippet:-1","max-image-preview":"max-image-preview:large","max-video-preview":"max-video-preview:-1"},"canonical":"https:\/\/blogdiario.info\/magazine\/2025\/05\/04\/conclave-2025-el-vaticano-activa-el-modo-avion-para-elegir-papa-sin-que-lo-escuche-china\/","og_locale":"es_ES","og_type":"article","og_title":"C\u00f3nclave 2025: El Vaticano activa el \u201cmodo avi\u00f3n\u201d para elegir Papa sin que lo escuche China - BlogDiario Magazine","og_description":"Con el inicio del C\u00f3nclave para elegir al nuevo Papa, el Vaticano despleg\u00f3 un operativo de silencio y seguridad que mezcla liturgia con contrainteligencia. Nada de celulares, redes ni se\u00f1ales: s\u00f3lo Esp\u00edritu Santo, sotanas y la esperanza de que ning\u00fan algoritmo interrumpa la sucesi\u00f3n apost\u00f3lica.","og_url":"https:\/\/blogdiario.info\/magazine\/2025\/05\/04\/conclave-2025-el-vaticano-activa-el-modo-avion-para-elegir-papa-sin-que-lo-escuche-china\/","og_site_name":"BlogDiario Magazine","article_published_time":"2025-05-04T08:43:35+00:00","article_modified_time":"2025-05-09T08:07:35+00:00","og_image":[{"width":600,"height":400,"url":"https:\/\/blogdiario.info\/magazine\/images\/2025\/05\/Tap_comc_20250504-1.jpeg","type":"image\/jpeg"}],"author":"World Press Service | Servicio de Prensa Mundial","twitter_card":"summary_large_image","twitter_misc":{"Escrito por":"World Press Service | Servicio de Prensa Mundial","Tiempo de lectura":"3 minutos"},"schema":{"@context":"https:\/\/schema.org","@graph":[{"@type":"Article","@id":"https:\/\/blogdiario.info\/magazine\/2025\/05\/04\/conclave-2025-el-vaticano-activa-el-modo-avion-para-elegir-papa-sin-que-lo-escuche-china\/#article","isPartOf":{"@id":"https:\/\/blogdiario.info\/magazine\/2025\/05\/04\/conclave-2025-el-vaticano-activa-el-modo-avion-para-elegir-papa-sin-que-lo-escuche-china\/"},"author":{"name":"World Press Service | Servicio de Prensa Mundial","@id":"https:\/\/blogdiario.info\/magazine\/#\/schema\/person\/b2422fe85574d945bad55513bb0c7354"},"headline":"C\u00f3nclave 2025: El Vaticano activa el \u201cmodo avi\u00f3n\u201d para elegir Papa sin que lo escuche China","datePublished":"2025-05-04T08:43:35+00:00","dateModified":"2025-05-09T08:07:35+00:00","mainEntityOfPage":{"@id":"https:\/\/blogdiario.info\/magazine\/2025\/05\/04\/conclave-2025-el-vaticano-activa-el-modo-avion-para-elegir-papa-sin-que-lo-escuche-china\/"},"wordCount":489,"publisher":{"@id":"https:\/\/blogdiario.info\/magazine\/#organization"},"image":{"@id":"https:\/\/blogdiario.info\/magazine\/2025\/05\/04\/conclave-2025-el-vaticano-activa-el-modo-avion-para-elegir-papa-sin-que-lo-escuche-china\/#primaryimage"},"thumbnailUrl":"https:\/\/blogdiario.info\/magazine\/images\/2025\/05\/Tap_comc_20250504-1.jpeg","keywords":["Ciudad del Vaticano"],"articleSection":[".",".","Actualidad","Cultura","Diplomacia","Dolores de La Press","Europa","Pol\u00edticas globales","Sociedad"],"inLanguage":"es-AR"},{"@type":"WebPage","@id":"https:\/\/blogdiario.info\/magazine\/2025\/05\/04\/conclave-2025-el-vaticano-activa-el-modo-avion-para-elegir-papa-sin-que-lo-escuche-china\/","url":"https:\/\/blogdiario.info\/magazine\/2025\/05\/04\/conclave-2025-el-vaticano-activa-el-modo-avion-para-elegir-papa-sin-que-lo-escuche-china\/","name":"C\u00f3nclave 2025: El Vaticano activa el \u201cmodo avi\u00f3n\u201d para elegir Papa sin que lo escuche China - BlogDiario Magazine","isPartOf":{"@id":"https:\/\/blogdiario.info\/magazine\/#website"},"primaryImageOfPage":{"@id":"https:\/\/blogdiario.info\/magazine\/2025\/05\/04\/conclave-2025-el-vaticano-activa-el-modo-avion-para-elegir-papa-sin-que-lo-escuche-china\/#primaryimage"},"image":{"@id":"https:\/\/blogdiario.info\/magazine\/2025\/05\/04\/conclave-2025-el-vaticano-activa-el-modo-avion-para-elegir-papa-sin-que-lo-escuche-china\/#primaryimage"},"thumbnailUrl":"https:\/\/blogdiario.info\/magazine\/images\/2025\/05\/Tap_comc_20250504-1.jpeg","datePublished":"2025-05-04T08:43:35+00:00","dateModified":"2025-05-09T08:07:35+00:00","breadcrumb":{"@id":"https:\/\/blogdiario.info\/magazine\/2025\/05\/04\/conclave-2025-el-vaticano-activa-el-modo-avion-para-elegir-papa-sin-que-lo-escuche-china\/#breadcrumb"},"inLanguage":"es-AR","potentialAction":[{"@type":"ReadAction","target":["https:\/\/blogdiario.info\/magazine\/2025\/05\/04\/conclave-2025-el-vaticano-activa-el-modo-avion-para-elegir-papa-sin-que-lo-escuche-china\/"]}]},{"@type":"ImageObject","inLanguage":"es-AR","@id":"https:\/\/blogdiario.info\/magazine\/2025\/05\/04\/conclave-2025-el-vaticano-activa-el-modo-avion-para-elegir-papa-sin-que-lo-escuche-china\/#primaryimage","url":"https:\/\/blogdiario.info\/magazine\/images\/2025\/05\/Tap_comc_20250504-1.jpeg","contentUrl":"https:\/\/blogdiario.info\/magazine\/images\/2025\/05\/Tap_comc_20250504-1.jpeg","width":600,"height":400},{"@type":"BreadcrumbList","@id":"https:\/\/blogdiario.info\/magazine\/2025\/05\/04\/conclave-2025-el-vaticano-activa-el-modo-avion-para-elegir-papa-sin-que-lo-escuche-china\/#breadcrumb","itemListElement":[{"@type":"ListItem","position":1,"name":"Home","item":"https:\/\/blogdiario.info\/magazine\/"},{"@type":"ListItem","position":2,"name":"C\u00f3nclave 2025: El Vaticano activa el \u201cmodo avi\u00f3n\u201d para elegir Papa sin que lo escuche China"}]},{"@type":"WebSite","@id":"https:\/\/blogdiario.info\/magazine\/#website","url":"https:\/\/blogdiario.info\/magazine\/","name":"BlogDiario Magazine","description":"Suplemento multiling\u00fce de ElCanillita.Info","publisher":{"@id":"https:\/\/blogdiario.info\/magazine\/#organization"},"potentialAction":[{"@type":"SearchAction","target":{"@type":"EntryPoint","urlTemplate":"https:\/\/blogdiario.info\/magazine\/?s={search_term_string}"},"query-input":{"@type":"PropertyValueSpecification","valueRequired":true,"valueName":"search_term_string"}}],"inLanguage":"es-AR"},{"@type":"Organization","@id":"https:\/\/blogdiario.info\/magazine\/#organization","name":"Guzzo Photos & Graphic Publications","url":"https:\/\/blogdiario.info\/magazine\/","logo":{"@type":"ImageObject","inLanguage":"es-AR","@id":"https:\/\/blogdiario.info\/magazine\/#\/schema\/logo\/image\/","url":"https:\/\/blogdiario.info\/magazine\/images\/2020\/01\/cropped-blogdia_magazine.jpg","contentUrl":"https:\/\/blogdiario.info\/magazine\/images\/2020\/01\/cropped-blogdia_magazine.jpg","width":589,"height":55,"caption":"Guzzo Photos & Graphic Publications"},"image":{"@id":"https:\/\/blogdiario.info\/magazine\/#\/schema\/logo\/image\/"}},{"@type":"Person","@id":"https:\/\/blogdiario.info\/magazine\/#\/schema\/person\/b2422fe85574d945bad55513bb0c7354","name":"World Press Service | Servicio de Prensa Mundial"}]}},"views":398,"_links":{"self":[{"href":"https:\/\/blogdiario.info\/magazine\/wp-json\/wp\/v2\/posts\/1576","targetHints":{"allow":["GET"]}}],"collection":[{"href":"https:\/\/blogdiario.info\/magazine\/wp-json\/wp\/v2\/posts"}],"about":[{"href":"https:\/\/blogdiario.info\/magazine\/wp-json\/wp\/v2\/types\/post"}],"author":[{"embeddable":true,"href":"https:\/\/blogdiario.info\/magazine\/wp-json\/wp\/v2\/users\/1"}],"replies":[{"embeddable":true,"href":"https:\/\/blogdiario.info\/magazine\/wp-json\/wp\/v2\/comments?post=1576"}],"version-history":[{"count":0,"href":"https:\/\/blogdiario.info\/magazine\/wp-json\/wp\/v2\/posts\/1576\/revisions"}],"wp:featuredmedia":[{"embeddable":true,"href":"https:\/\/blogdiario.info\/magazine\/wp-json\/wp\/v2\/media\/1584"}],"wp:attachment":[{"href":"https:\/\/blogdiario.info\/magazine\/wp-json\/wp\/v2\/media?parent=1576"}],"wp:term":[{"taxonomy":"category","embeddable":true,"href":"https:\/\/blogdiario.info\/magazine\/wp-json\/wp\/v2\/categories?post=1576"},{"taxonomy":"post_tag","embeddable":true,"href":"https:\/\/blogdiario.info\/magazine\/wp-json\/wp\/v2\/tags?post=1576"}],"curies":[{"name":"wp","href":"https:\/\/api.w.org\/{rel}","templated":true}]}}