{"id":1570,"date":"2025-05-01T20:42:04","date_gmt":"2025-05-01T19:42:04","guid":{"rendered":"https:\/\/blogdiario.info\/magazine\/?p=1570"},"modified":"2025-05-02T04:33:47","modified_gmt":"2025-05-02T03:33:47","slug":"cronica-de-una-inauguracion-entre-libros-y-abucheos","status":"publish","type":"post","link":"https:\/\/blogdiario.info\/magazine\/2025\/05\/01\/cronica-de-una-inauguracion-entre-libros-y-abucheos\/","title":{"rendered":"Cr\u00f3nica ir\u00f3nica de una inauguraci\u00f3n entre libros y abucheos"},"content":{"rendered":"\n<figure class=\"wp-block-image size-full\"><img loading=\"lazy\" decoding=\"async\" width=\"600\" height=\"600\" src=\"https:\/\/blogdiario.info\/magazine\/images\/2025\/05\/marca_20250105.jpg\" alt=\"\" class=\"wp-image-1571\" srcset=\"https:\/\/blogdiario.info\/magazine\/images\/2025\/05\/marca_20250105.jpg 600w, https:\/\/blogdiario.info\/magazine\/images\/2025\/05\/marca_20250105-300x300.jpg 300w, https:\/\/blogdiario.info\/magazine\/images\/2025\/05\/marca_20250105-150x150.jpg 150w\" sizes=\"auto, (max-width: 600px) 100vw, 600px\" \/><figcaption class=\"wp-element-caption\"><strong>Via dei Leoni, Palazzo Vecchio, Roma &#8211; &#8220;marcas de picapedreros&#8221;<\/strong><\/figcaption><\/figure>\n\n\n\n<p><small><strong>BlogDiario.info, 01\/05\/2025<\/strong><\/small><br>La Feria del Libro de Buenos Aires abri\u00f3 sus puertas una vez m\u00e1s, con el mismo fervor cultural de siempre\u2026 y con una banda sonora inesperada: abucheos. Esta vez, el protagonista no fue un autor consagrado ni un poeta emocionado, sino el Secretario de Cultura de la Naci\u00f3n, Leonardo Cifelli, que al subir al escenario comprob\u00f3 que, efectivamente, el mundo del libro sigue vivo\u2026 y con muy buen o\u00eddo.<\/p>\n\n\n\n<p>Cifelli intent\u00f3 pronunciar un discurso conciliador, de esos que buscan cerrar heridas sin haber puesto a\u00fan las curitas. Habl\u00f3 de dejar atr\u00e1s la confrontaci\u00f3n, de evitar gastos innecesarios, y de una cultura que \u2014seg\u00fan \u00e9l\u2014 debe permanecer lejos de la pol\u00edtica. Parad\u00f3jicamente, en ese momento la pol\u00edtica entr\u00f3 por la puerta de servicio: el p\u00fablico reaccion\u00f3 con silbidos, gritos de \u201c\u00a1mentiroso!\u201d y una energ\u00eda que, por un instante, transform\u00f3 la sala en un acto de barrio, m\u00e1s que en un foro literario.<\/p>\n\n\n\n<p>Los libros, testigos mudos del esc\u00e1ndalo, se mantuvieron en sus estantes, probablemente m\u00e1s acostumbrados a ser le\u00eddos que a presenciar este tipo de cap\u00edtulos dignos de realismo m\u00e1gico de una tragicomedia nacional. Mientras tanto, algunos escritores levantaron carteles en homenaje a Osvaldo Bayer, esa conciencia inc\u00f3moda que la historia se empe\u00f1a en silenciar y que, curiosamente, volv\u00eda a hablar desde un papel sostenido en alto, como una cita que interrumpe el texto oficial.<\/p>\n\n\n\n<p>El resto fue protocolo: corte de cinta, aplausos corteses, sonrisas de ocasi\u00f3n. Pero la frase del d\u00eda ya estaba escrita, sin met\u00e1fora ni eufemismo: la cultura no es un gasto, y la memoria tampoco.<br><br><small><strong>\u00a92025 \u201cDon Papel\u00f3n\u201d ..con humor e iron\u00eda pol\u00edtica &#8211; Todos los derechos reservados<\/strong><\/small><br><small>Copyright \u00a9 2025 ElCanillita.info \/ SalaStampa.eu, servicio mundial de prensa<\/small><br><small>Guzzo Photos &amp; Graphic Publications &#8211; Registro Editori e Stampatori n. 1441 Torino, Italia<\/small><\/p>\n\n\n\n<p><\/p>\n","protected":false},"excerpt":{"rendered":"<p>El secretario de Cultura de Argentina,, Leonardo Cifelli, fue abucheado durante la inauguraci\u00f3n de la 49\u00aa Feria Internacional del Libro de Buenos Aires, celebrada el 24 de abril de 2025 en La Rural.<\/p>\n","protected":false},"author":1,"featured_media":1572,"comment_status":"closed","ping_status":"closed","sticky":false,"template":"","format":"standard","meta":{"footnotes":"","_links_to":"","_links_to_target":""},"categories":[97,109,62,51,37,136,137,41],"tags":[23],"class_list":["post-1570","post","type-post","status-publish","format-standard","has-post-thumbnail","hentry","category-elcanillita","category-dc24","category-actualidad","category-america-del-sud","category-cultura-esp","category-dolores-de-la-press","category-educacion","category-politica-esp","tag-argentina","entry","rows"],"yoast_head":"<!-- This site is optimized with the Yoast SEO plugin v27.4 - https:\/\/yoast.com\/product\/yoast-seo-wordpress\/ -->\n<title>Cr\u00f3nica ir\u00f3nica de una inauguraci\u00f3n entre libros y abucheos - BlogDiario Magazine<\/title>\n<meta name=\"robots\" content=\"index, follow, max-snippet:-1, max-image-preview:large, max-video-preview:-1\" \/>\n<link rel=\"canonical\" href=\"https:\/\/blogdiario.info\/magazine\/2025\/05\/01\/cronica-de-una-inauguracion-entre-libros-y-abucheos\/\" \/>\n<meta property=\"og:locale\" content=\"es_ES\" \/>\n<meta property=\"og:type\" content=\"article\" \/>\n<meta property=\"og:title\" content=\"Cr\u00f3nica ir\u00f3nica de una inauguraci\u00f3n entre libros y abucheos - BlogDiario Magazine\" \/>\n<meta property=\"og:description\" content=\"El secretario de Cultura de Argentina,, Leonardo Cifelli, fue abucheado durante la inauguraci\u00f3n de la 49\u00aa Feria Internacional del Libro de Buenos Aires, celebrada el 24 de abril de 2025 en La Rural.\" \/>\n<meta property=\"og:url\" content=\"https:\/\/blogdiario.info\/magazine\/2025\/05\/01\/cronica-de-una-inauguracion-entre-libros-y-abucheos\/\" \/>\n<meta property=\"og:site_name\" content=\"BlogDiario Magazine\" \/>\n<meta property=\"article:published_time\" content=\"2025-05-01T19:42:04+00:00\" \/>\n<meta property=\"article:modified_time\" content=\"2025-05-02T03:33:47+00:00\" \/>\n<meta property=\"og:image\" content=\"https:\/\/blogdiario.info\/magazine\/images\/2025\/05\/marccover_20250501.jpg\" \/>\n\t<meta property=\"og:image:width\" content=\"960\" \/>\n\t<meta property=\"og:image:height\" content=\"640\" \/>\n\t<meta property=\"og:image:type\" content=\"image\/jpeg\" \/>\n<meta name=\"author\" content=\"World Press Service | Servicio de Prensa Mundial\" \/>\n<meta name=\"twitter:card\" content=\"summary_large_image\" \/>\n<meta name=\"twitter:label1\" content=\"Escrito por\" \/>\n\t<meta name=\"twitter:data1\" content=\"World Press Service | Servicio de Prensa Mundial\" \/>\n\t<meta name=\"twitter:label2\" content=\"Tiempo de lectura\" \/>\n\t<meta name=\"twitter:data2\" content=\"2 minutos\" \/>\n<script type=\"application\/ld+json\" class=\"yoast-schema-graph\">{\"@context\":\"https:\\\/\\\/schema.org\",\"@graph\":[{\"@type\":\"Article\",\"@id\":\"https:\\\/\\\/blogdiario.info\\\/magazine\\\/2025\\\/05\\\/01\\\/cronica-de-una-inauguracion-entre-libros-y-abucheos\\\/#article\",\"isPartOf\":{\"@id\":\"https:\\\/\\\/blogdiario.info\\\/magazine\\\/2025\\\/05\\\/01\\\/cronica-de-una-inauguracion-entre-libros-y-abucheos\\\/\"},\"author\":{\"name\":\"World Press Service | Servicio de Prensa Mundial\",\"@id\":\"https:\\\/\\\/blogdiario.info\\\/magazine\\\/#\\\/schema\\\/person\\\/b2422fe85574d945bad55513bb0c7354\"},\"headline\":\"Cr\u00f3nica ir\u00f3nica de una inauguraci\u00f3n entre libros y abucheos\",\"datePublished\":\"2025-05-01T19:42:04+00:00\",\"dateModified\":\"2025-05-02T03:33:47+00:00\",\"mainEntityOfPage\":{\"@id\":\"https:\\\/\\\/blogdiario.info\\\/magazine\\\/2025\\\/05\\\/01\\\/cronica-de-una-inauguracion-entre-libros-y-abucheos\\\/\"},\"wordCount\":343,\"publisher\":{\"@id\":\"https:\\\/\\\/blogdiario.info\\\/magazine\\\/#organization\"},\"image\":{\"@id\":\"https:\\\/\\\/blogdiario.info\\\/magazine\\\/2025\\\/05\\\/01\\\/cronica-de-una-inauguracion-entre-libros-y-abucheos\\\/#primaryimage\"},\"thumbnailUrl\":\"https:\\\/\\\/blogdiario.info\\\/magazine\\\/images\\\/2025\\\/05\\\/marccover_20250501.jpg\",\"keywords\":[\"Argentina\"],\"articleSection\":[\".\",\".\",\"Actualidad\",\"America del Sud\",\"Cultura\",\"Dolores de La Press\",\"Educaci\u00f3n\",\"Politica\"],\"inLanguage\":\"es-AR\"},{\"@type\":\"WebPage\",\"@id\":\"https:\\\/\\\/blogdiario.info\\\/magazine\\\/2025\\\/05\\\/01\\\/cronica-de-una-inauguracion-entre-libros-y-abucheos\\\/\",\"url\":\"https:\\\/\\\/blogdiario.info\\\/magazine\\\/2025\\\/05\\\/01\\\/cronica-de-una-inauguracion-entre-libros-y-abucheos\\\/\",\"name\":\"Cr\u00f3nica ir\u00f3nica de una inauguraci\u00f3n entre libros y abucheos - BlogDiario Magazine\",\"isPartOf\":{\"@id\":\"https:\\\/\\\/blogdiario.info\\\/magazine\\\/#website\"},\"primaryImageOfPage\":{\"@id\":\"https:\\\/\\\/blogdiario.info\\\/magazine\\\/2025\\\/05\\\/01\\\/cronica-de-una-inauguracion-entre-libros-y-abucheos\\\/#primaryimage\"},\"image\":{\"@id\":\"https:\\\/\\\/blogdiario.info\\\/magazine\\\/2025\\\/05\\\/01\\\/cronica-de-una-inauguracion-entre-libros-y-abucheos\\\/#primaryimage\"},\"thumbnailUrl\":\"https:\\\/\\\/blogdiario.info\\\/magazine\\\/images\\\/2025\\\/05\\\/marccover_20250501.jpg\",\"datePublished\":\"2025-05-01T19:42:04+00:00\",\"dateModified\":\"2025-05-02T03:33:47+00:00\",\"breadcrumb\":{\"@id\":\"https:\\\/\\\/blogdiario.info\\\/magazine\\\/2025\\\/05\\\/01\\\/cronica-de-una-inauguracion-entre-libros-y-abucheos\\\/#breadcrumb\"},\"inLanguage\":\"es-AR\",\"potentialAction\":[{\"@type\":\"ReadAction\",\"target\":[\"https:\\\/\\\/blogdiario.info\\\/magazine\\\/2025\\\/05\\\/01\\\/cronica-de-una-inauguracion-entre-libros-y-abucheos\\\/\"]}]},{\"@type\":\"ImageObject\",\"inLanguage\":\"es-AR\",\"@id\":\"https:\\\/\\\/blogdiario.info\\\/magazine\\\/2025\\\/05\\\/01\\\/cronica-de-una-inauguracion-entre-libros-y-abucheos\\\/#primaryimage\",\"url\":\"https:\\\/\\\/blogdiario.info\\\/magazine\\\/images\\\/2025\\\/05\\\/marccover_20250501.jpg\",\"contentUrl\":\"https:\\\/\\\/blogdiario.info\\\/magazine\\\/images\\\/2025\\\/05\\\/marccover_20250501.jpg\",\"width\":960,\"height\":640,\"caption\":\"\\\"marcas de picapedreros\\\"\"},{\"@type\":\"BreadcrumbList\",\"@id\":\"https:\\\/\\\/blogdiario.info\\\/magazine\\\/2025\\\/05\\\/01\\\/cronica-de-una-inauguracion-entre-libros-y-abucheos\\\/#breadcrumb\",\"itemListElement\":[{\"@type\":\"ListItem\",\"position\":1,\"name\":\"Home\",\"item\":\"https:\\\/\\\/blogdiario.info\\\/magazine\\\/\"},{\"@type\":\"ListItem\",\"position\":2,\"name\":\"Cr\u00f3nica ir\u00f3nica de una inauguraci\u00f3n entre libros y abucheos\"}]},{\"@type\":\"WebSite\",\"@id\":\"https:\\\/\\\/blogdiario.info\\\/magazine\\\/#website\",\"url\":\"https:\\\/\\\/blogdiario.info\\\/magazine\\\/\",\"name\":\"BlogDiario Magazine\",\"description\":\"Suplemento multiling\u00fce de ElCanillita.Info\",\"publisher\":{\"@id\":\"https:\\\/\\\/blogdiario.info\\\/magazine\\\/#organization\"},\"potentialAction\":[{\"@type\":\"SearchAction\",\"target\":{\"@type\":\"EntryPoint\",\"urlTemplate\":\"https:\\\/\\\/blogdiario.info\\\/magazine\\\/?s={search_term_string}\"},\"query-input\":{\"@type\":\"PropertyValueSpecification\",\"valueRequired\":true,\"valueName\":\"search_term_string\"}}],\"inLanguage\":\"es-AR\"},{\"@type\":\"Organization\",\"@id\":\"https:\\\/\\\/blogdiario.info\\\/magazine\\\/#organization\",\"name\":\"Guzzo Photos & Graphic Publications\",\"url\":\"https:\\\/\\\/blogdiario.info\\\/magazine\\\/\",\"logo\":{\"@type\":\"ImageObject\",\"inLanguage\":\"es-AR\",\"@id\":\"https:\\\/\\\/blogdiario.info\\\/magazine\\\/#\\\/schema\\\/logo\\\/image\\\/\",\"url\":\"https:\\\/\\\/blogdiario.info\\\/magazine\\\/images\\\/2020\\\/01\\\/cropped-blogdia_magazine.jpg\",\"contentUrl\":\"https:\\\/\\\/blogdiario.info\\\/magazine\\\/images\\\/2020\\\/01\\\/cropped-blogdia_magazine.jpg\",\"width\":589,\"height\":55,\"caption\":\"Guzzo Photos & Graphic Publications\"},\"image\":{\"@id\":\"https:\\\/\\\/blogdiario.info\\\/magazine\\\/#\\\/schema\\\/logo\\\/image\\\/\"}},{\"@type\":\"Person\",\"@id\":\"https:\\\/\\\/blogdiario.info\\\/magazine\\\/#\\\/schema\\\/person\\\/b2422fe85574d945bad55513bb0c7354\",\"name\":\"World Press Service | Servicio de Prensa Mundial\"}]}<\/script>\n<!-- \/ Yoast SEO plugin. -->","yoast_head_json":{"title":"Cr\u00f3nica ir\u00f3nica de una inauguraci\u00f3n entre libros y abucheos - BlogDiario Magazine","robots":{"index":"index","follow":"follow","max-snippet":"max-snippet:-1","max-image-preview":"max-image-preview:large","max-video-preview":"max-video-preview:-1"},"canonical":"https:\/\/blogdiario.info\/magazine\/2025\/05\/01\/cronica-de-una-inauguracion-entre-libros-y-abucheos\/","og_locale":"es_ES","og_type":"article","og_title":"Cr\u00f3nica ir\u00f3nica de una inauguraci\u00f3n entre libros y abucheos - BlogDiario Magazine","og_description":"El secretario de Cultura de Argentina,, Leonardo Cifelli, fue abucheado durante la inauguraci\u00f3n de la 49\u00aa Feria Internacional del Libro de Buenos Aires, celebrada el 24 de abril de 2025 en La Rural.","og_url":"https:\/\/blogdiario.info\/magazine\/2025\/05\/01\/cronica-de-una-inauguracion-entre-libros-y-abucheos\/","og_site_name":"BlogDiario Magazine","article_published_time":"2025-05-01T19:42:04+00:00","article_modified_time":"2025-05-02T03:33:47+00:00","og_image":[{"width":960,"height":640,"url":"https:\/\/blogdiario.info\/magazine\/images\/2025\/05\/marccover_20250501.jpg","type":"image\/jpeg"}],"author":"World Press Service | Servicio de Prensa Mundial","twitter_card":"summary_large_image","twitter_misc":{"Escrito por":"World Press Service | Servicio de Prensa Mundial","Tiempo de lectura":"2 minutos"},"schema":{"@context":"https:\/\/schema.org","@graph":[{"@type":"Article","@id":"https:\/\/blogdiario.info\/magazine\/2025\/05\/01\/cronica-de-una-inauguracion-entre-libros-y-abucheos\/#article","isPartOf":{"@id":"https:\/\/blogdiario.info\/magazine\/2025\/05\/01\/cronica-de-una-inauguracion-entre-libros-y-abucheos\/"},"author":{"name":"World Press Service | Servicio de Prensa Mundial","@id":"https:\/\/blogdiario.info\/magazine\/#\/schema\/person\/b2422fe85574d945bad55513bb0c7354"},"headline":"Cr\u00f3nica ir\u00f3nica de una inauguraci\u00f3n entre libros y abucheos","datePublished":"2025-05-01T19:42:04+00:00","dateModified":"2025-05-02T03:33:47+00:00","mainEntityOfPage":{"@id":"https:\/\/blogdiario.info\/magazine\/2025\/05\/01\/cronica-de-una-inauguracion-entre-libros-y-abucheos\/"},"wordCount":343,"publisher":{"@id":"https:\/\/blogdiario.info\/magazine\/#organization"},"image":{"@id":"https:\/\/blogdiario.info\/magazine\/2025\/05\/01\/cronica-de-una-inauguracion-entre-libros-y-abucheos\/#primaryimage"},"thumbnailUrl":"https:\/\/blogdiario.info\/magazine\/images\/2025\/05\/marccover_20250501.jpg","keywords":["Argentina"],"articleSection":[".",".","Actualidad","America del Sud","Cultura","Dolores de La Press","Educaci\u00f3n","Politica"],"inLanguage":"es-AR"},{"@type":"WebPage","@id":"https:\/\/blogdiario.info\/magazine\/2025\/05\/01\/cronica-de-una-inauguracion-entre-libros-y-abucheos\/","url":"https:\/\/blogdiario.info\/magazine\/2025\/05\/01\/cronica-de-una-inauguracion-entre-libros-y-abucheos\/","name":"Cr\u00f3nica ir\u00f3nica de una inauguraci\u00f3n entre libros y abucheos - BlogDiario Magazine","isPartOf":{"@id":"https:\/\/blogdiario.info\/magazine\/#website"},"primaryImageOfPage":{"@id":"https:\/\/blogdiario.info\/magazine\/2025\/05\/01\/cronica-de-una-inauguracion-entre-libros-y-abucheos\/#primaryimage"},"image":{"@id":"https:\/\/blogdiario.info\/magazine\/2025\/05\/01\/cronica-de-una-inauguracion-entre-libros-y-abucheos\/#primaryimage"},"thumbnailUrl":"https:\/\/blogdiario.info\/magazine\/images\/2025\/05\/marccover_20250501.jpg","datePublished":"2025-05-01T19:42:04+00:00","dateModified":"2025-05-02T03:33:47+00:00","breadcrumb":{"@id":"https:\/\/blogdiario.info\/magazine\/2025\/05\/01\/cronica-de-una-inauguracion-entre-libros-y-abucheos\/#breadcrumb"},"inLanguage":"es-AR","potentialAction":[{"@type":"ReadAction","target":["https:\/\/blogdiario.info\/magazine\/2025\/05\/01\/cronica-de-una-inauguracion-entre-libros-y-abucheos\/"]}]},{"@type":"ImageObject","inLanguage":"es-AR","@id":"https:\/\/blogdiario.info\/magazine\/2025\/05\/01\/cronica-de-una-inauguracion-entre-libros-y-abucheos\/#primaryimage","url":"https:\/\/blogdiario.info\/magazine\/images\/2025\/05\/marccover_20250501.jpg","contentUrl":"https:\/\/blogdiario.info\/magazine\/images\/2025\/05\/marccover_20250501.jpg","width":960,"height":640,"caption":"\"marcas de picapedreros\""},{"@type":"BreadcrumbList","@id":"https:\/\/blogdiario.info\/magazine\/2025\/05\/01\/cronica-de-una-inauguracion-entre-libros-y-abucheos\/#breadcrumb","itemListElement":[{"@type":"ListItem","position":1,"name":"Home","item":"https:\/\/blogdiario.info\/magazine\/"},{"@type":"ListItem","position":2,"name":"Cr\u00f3nica ir\u00f3nica de una inauguraci\u00f3n entre libros y abucheos"}]},{"@type":"WebSite","@id":"https:\/\/blogdiario.info\/magazine\/#website","url":"https:\/\/blogdiario.info\/magazine\/","name":"BlogDiario Magazine","description":"Suplemento multiling\u00fce de ElCanillita.Info","publisher":{"@id":"https:\/\/blogdiario.info\/magazine\/#organization"},"potentialAction":[{"@type":"SearchAction","target":{"@type":"EntryPoint","urlTemplate":"https:\/\/blogdiario.info\/magazine\/?s={search_term_string}"},"query-input":{"@type":"PropertyValueSpecification","valueRequired":true,"valueName":"search_term_string"}}],"inLanguage":"es-AR"},{"@type":"Organization","@id":"https:\/\/blogdiario.info\/magazine\/#organization","name":"Guzzo Photos & Graphic Publications","url":"https:\/\/blogdiario.info\/magazine\/","logo":{"@type":"ImageObject","inLanguage":"es-AR","@id":"https:\/\/blogdiario.info\/magazine\/#\/schema\/logo\/image\/","url":"https:\/\/blogdiario.info\/magazine\/images\/2020\/01\/cropped-blogdia_magazine.jpg","contentUrl":"https:\/\/blogdiario.info\/magazine\/images\/2020\/01\/cropped-blogdia_magazine.jpg","width":589,"height":55,"caption":"Guzzo Photos & Graphic Publications"},"image":{"@id":"https:\/\/blogdiario.info\/magazine\/#\/schema\/logo\/image\/"}},{"@type":"Person","@id":"https:\/\/blogdiario.info\/magazine\/#\/schema\/person\/b2422fe85574d945bad55513bb0c7354","name":"World Press Service | Servicio de Prensa Mundial"}]}},"views":381,"_links":{"self":[{"href":"https:\/\/blogdiario.info\/magazine\/wp-json\/wp\/v2\/posts\/1570","targetHints":{"allow":["GET"]}}],"collection":[{"href":"https:\/\/blogdiario.info\/magazine\/wp-json\/wp\/v2\/posts"}],"about":[{"href":"https:\/\/blogdiario.info\/magazine\/wp-json\/wp\/v2\/types\/post"}],"author":[{"embeddable":true,"href":"https:\/\/blogdiario.info\/magazine\/wp-json\/wp\/v2\/users\/1"}],"replies":[{"embeddable":true,"href":"https:\/\/blogdiario.info\/magazine\/wp-json\/wp\/v2\/comments?post=1570"}],"version-history":[{"count":0,"href":"https:\/\/blogdiario.info\/magazine\/wp-json\/wp\/v2\/posts\/1570\/revisions"}],"wp:featuredmedia":[{"embeddable":true,"href":"https:\/\/blogdiario.info\/magazine\/wp-json\/wp\/v2\/media\/1572"}],"wp:attachment":[{"href":"https:\/\/blogdiario.info\/magazine\/wp-json\/wp\/v2\/media?parent=1570"}],"wp:term":[{"taxonomy":"category","embeddable":true,"href":"https:\/\/blogdiario.info\/magazine\/wp-json\/wp\/v2\/categories?post=1570"},{"taxonomy":"post_tag","embeddable":true,"href":"https:\/\/blogdiario.info\/magazine\/wp-json\/wp\/v2\/tags?post=1570"}],"curies":[{"name":"wp","href":"https:\/\/api.w.org\/{rel}","templated":true}]}}