{"id":1531,"date":"2025-03-13T23:25:32","date_gmt":"2025-03-13T22:25:32","guid":{"rendered":"https:\/\/blogdiario.info\/magazine\/?p=1531"},"modified":"2025-03-14T08:51:52","modified_gmt":"2025-03-14T07:51:52","slug":"gobierno-del-libertario-milei-contra-la-exarcelacion-de-los-manifestantes","status":"publish","type":"post","link":"https:\/\/blogdiario.info\/magazine\/2025\/03\/13\/gobierno-del-libertario-milei-contra-la-exarcelacion-de-los-manifestantes\/","title":{"rendered":"Gobierno del libertario Milei contra la exarcelaci\u00f3n de los manifestantes"},"content":{"rendered":"\n<p><strong>Buenos Aires, 13\/03\/2025<\/strong><br>El gobierno argentino critic\u00f3 la decisi\u00f3n de la Justicia de liberar a los manifestantes detenidos durante los hechos de violencia que estallaron en el marco de una protesta organizada por jubilados, a la que se sumaron sindicatos y aficionados al f\u00fatbol.<\/p>\n\n\n\n<figure class=\"wp-block-image size-full\"><img loading=\"lazy\" decoding=\"async\" width=\"1024\" height=\"683\" src=\"https:\/\/blogdiario.info\/magazine\/images\/2025\/03\/melenII_20250313.jpg\" alt=\"\" class=\"wp-image-1535\" srcset=\"https:\/\/blogdiario.info\/magazine\/images\/2025\/03\/melenII_20250313.jpg 1024w, https:\/\/blogdiario.info\/magazine\/images\/2025\/03\/melenII_20250313-300x200.jpg 300w, https:\/\/blogdiario.info\/magazine\/images\/2025\/03\/melenII_20250313-768x512.jpg 768w\" sizes=\"auto, (max-width: 1024px) 100vw, 1024px\" \/><\/figure>\n\n\n\n<p>&#8220;La jueza Karina Giselle Andrade orden\u00f3 la liberaci\u00f3n de los 114 presos que, junto a muchos otros, destruyeron ayer la ciudad de Buenos Aires y atacaron a las fuerzas de seguridad&#8221;, dijo en X el portavoz presidencial, Manuel Adorni.<\/p>\n\n\n\n<p><strong>La justicia de puertas giratorias es directamente responsable de la inseguridad en Argentina.<\/strong><br>&#8220;Quienes luchan por la impunidad en cada sentencia son c\u00f3mplices&#8221;, a\u00f1adi\u00f3.<br>Seg\u00fan la tesis del magistrado, las detenciones realizadas por la polic\u00eda en flagrancia est\u00e1n &#8220;impedidas&#8221; en este caso porque &#8220;est\u00e1n en juego el derecho constitucional fundamental a manifestarse democr\u00e1ticamente y el derecho a la libertad de expresi\u00f3n&#8221;. Durante la violencia, 50 personas resultaron heridas, entre manifestantes, fuerzas policiales y periodistas.<br>Una anciana de 80 a\u00f1os fue golpeada brutalmente en la cabeza, un joven fot\u00f3grafo recibio un diaparo de fusil lagrimogenos en el rostro y un policia fue alcanzado por un impacto de bala.<br><br><small>Copyright \u00a9 2025 ElCanillita.info \/ SalaStampa.Eu, servicio mundial de prensa<\/small><br><small>Guzzo Photos &amp; Graphic Publications &#8211; Registro Editori e Stampatori n. 1441 Torino, Italia<\/small><\/p>\n","protected":false},"excerpt":{"rendered":"<p>&#8216;La justicia de puertas giratorias es la causa de la inseguridad&#8217;&#8230;dijo en X el portavoz presidencial, Manuel Adorni.<\/p>\n","protected":false},"author":1,"featured_media":1532,"comment_status":"closed","ping_status":"closed","sticky":false,"template":"","format":"standard","meta":{"footnotes":"","_links_to":"","_links_to_target":""},"categories":[97,109,62,51,38,41],"tags":[23],"class_list":["post-1531","post","type-post","status-publish","format-standard","has-post-thumbnail","hentry","category-elcanillita","category-dc24","category-actualidad","category-america-del-sud","category-economia-esp","category-politica-esp","tag-argentina","entry","rows"],"yoast_head":"<!-- This site is optimized with the Yoast SEO plugin v27.4 - https:\/\/yoast.com\/product\/yoast-seo-wordpress\/ -->\n<title>Gobierno del libertario Milei contra la exarcelaci\u00f3n de los manifestantes - BlogDiario Magazine<\/title>\n<meta name=\"robots\" content=\"index, follow, max-snippet:-1, max-image-preview:large, max-video-preview:-1\" \/>\n<link rel=\"canonical\" href=\"https:\/\/blogdiario.info\/magazine\/2025\/03\/13\/gobierno-del-libertario-milei-contra-la-exarcelacion-de-los-manifestantes\/\" \/>\n<meta property=\"og:locale\" content=\"es_ES\" \/>\n<meta property=\"og:type\" content=\"article\" \/>\n<meta property=\"og:title\" content=\"Gobierno del libertario Milei contra la exarcelaci\u00f3n de los manifestantes - BlogDiario Magazine\" \/>\n<meta property=\"og:description\" content=\"&#039;La justicia de puertas giratorias es la causa de la inseguridad&#039;...dijo en X el portavoz presidencial, Manuel Adorni.\" \/>\n<meta property=\"og:url\" content=\"https:\/\/blogdiario.info\/magazine\/2025\/03\/13\/gobierno-del-libertario-milei-contra-la-exarcelacion-de-los-manifestantes\/\" \/>\n<meta property=\"og:site_name\" content=\"BlogDiario Magazine\" \/>\n<meta property=\"article:published_time\" content=\"2025-03-13T22:25:32+00:00\" \/>\n<meta property=\"article:modified_time\" content=\"2025-03-14T07:51:52+00:00\" \/>\n<meta property=\"og:image\" content=\"https:\/\/blogdiario.info\/magazine\/images\/2025\/03\/melen_20250313.jpg\" \/>\n\t<meta property=\"og:image:width\" content=\"600\" \/>\n\t<meta property=\"og:image:height\" content=\"400\" \/>\n\t<meta property=\"og:image:type\" content=\"image\/jpeg\" \/>\n<meta name=\"author\" content=\"World Press Service | Servicio de Prensa Mundial\" \/>\n<meta name=\"twitter:card\" content=\"summary_large_image\" \/>\n<meta name=\"twitter:label1\" content=\"Escrito por\" \/>\n\t<meta name=\"twitter:data1\" content=\"World Press Service | Servicio de Prensa Mundial\" \/>\n\t<meta name=\"twitter:label2\" content=\"Tiempo de lectura\" \/>\n\t<meta name=\"twitter:data2\" content=\"2 minutos\" \/>\n<script type=\"application\/ld+json\" class=\"yoast-schema-graph\">{\"@context\":\"https:\\\/\\\/schema.org\",\"@graph\":[{\"@type\":\"Article\",\"@id\":\"https:\\\/\\\/blogdiario.info\\\/magazine\\\/2025\\\/03\\\/13\\\/gobierno-del-libertario-milei-contra-la-exarcelacion-de-los-manifestantes\\\/#article\",\"isPartOf\":{\"@id\":\"https:\\\/\\\/blogdiario.info\\\/magazine\\\/2025\\\/03\\\/13\\\/gobierno-del-libertario-milei-contra-la-exarcelacion-de-los-manifestantes\\\/\"},\"author\":{\"name\":\"World Press Service | Servicio de Prensa Mundial\",\"@id\":\"https:\\\/\\\/blogdiario.info\\\/magazine\\\/#\\\/schema\\\/person\\\/b2422fe85574d945bad55513bb0c7354\"},\"headline\":\"Gobierno del libertario Milei contra la exarcelaci\u00f3n de los manifestantes\",\"datePublished\":\"2025-03-13T22:25:32+00:00\",\"dateModified\":\"2025-03-14T07:51:52+00:00\",\"mainEntityOfPage\":{\"@id\":\"https:\\\/\\\/blogdiario.info\\\/magazine\\\/2025\\\/03\\\/13\\\/gobierno-del-libertario-milei-contra-la-exarcelacion-de-los-manifestantes\\\/\"},\"wordCount\":232,\"publisher\":{\"@id\":\"https:\\\/\\\/blogdiario.info\\\/magazine\\\/#organization\"},\"image\":{\"@id\":\"https:\\\/\\\/blogdiario.info\\\/magazine\\\/2025\\\/03\\\/13\\\/gobierno-del-libertario-milei-contra-la-exarcelacion-de-los-manifestantes\\\/#primaryimage\"},\"thumbnailUrl\":\"https:\\\/\\\/blogdiario.info\\\/magazine\\\/images\\\/2025\\\/03\\\/melen_20250313.jpg\",\"keywords\":[\"Argentina\"],\"articleSection\":[\".\",\".\",\"Actualidad\",\"America del Sud\",\"Economia\",\"Politica\"],\"inLanguage\":\"es-AR\"},{\"@type\":\"WebPage\",\"@id\":\"https:\\\/\\\/blogdiario.info\\\/magazine\\\/2025\\\/03\\\/13\\\/gobierno-del-libertario-milei-contra-la-exarcelacion-de-los-manifestantes\\\/\",\"url\":\"https:\\\/\\\/blogdiario.info\\\/magazine\\\/2025\\\/03\\\/13\\\/gobierno-del-libertario-milei-contra-la-exarcelacion-de-los-manifestantes\\\/\",\"name\":\"Gobierno del libertario Milei contra la exarcelaci\u00f3n de los manifestantes - BlogDiario Magazine\",\"isPartOf\":{\"@id\":\"https:\\\/\\\/blogdiario.info\\\/magazine\\\/#website\"},\"primaryImageOfPage\":{\"@id\":\"https:\\\/\\\/blogdiario.info\\\/magazine\\\/2025\\\/03\\\/13\\\/gobierno-del-libertario-milei-contra-la-exarcelacion-de-los-manifestantes\\\/#primaryimage\"},\"image\":{\"@id\":\"https:\\\/\\\/blogdiario.info\\\/magazine\\\/2025\\\/03\\\/13\\\/gobierno-del-libertario-milei-contra-la-exarcelacion-de-los-manifestantes\\\/#primaryimage\"},\"thumbnailUrl\":\"https:\\\/\\\/blogdiario.info\\\/magazine\\\/images\\\/2025\\\/03\\\/melen_20250313.jpg\",\"datePublished\":\"2025-03-13T22:25:32+00:00\",\"dateModified\":\"2025-03-14T07:51:52+00:00\",\"breadcrumb\":{\"@id\":\"https:\\\/\\\/blogdiario.info\\\/magazine\\\/2025\\\/03\\\/13\\\/gobierno-del-libertario-milei-contra-la-exarcelacion-de-los-manifestantes\\\/#breadcrumb\"},\"inLanguage\":\"es-AR\",\"potentialAction\":[{\"@type\":\"ReadAction\",\"target\":[\"https:\\\/\\\/blogdiario.info\\\/magazine\\\/2025\\\/03\\\/13\\\/gobierno-del-libertario-milei-contra-la-exarcelacion-de-los-manifestantes\\\/\"]}]},{\"@type\":\"ImageObject\",\"inLanguage\":\"es-AR\",\"@id\":\"https:\\\/\\\/blogdiario.info\\\/magazine\\\/2025\\\/03\\\/13\\\/gobierno-del-libertario-milei-contra-la-exarcelacion-de-los-manifestantes\\\/#primaryimage\",\"url\":\"https:\\\/\\\/blogdiario.info\\\/magazine\\\/images\\\/2025\\\/03\\\/melen_20250313.jpg\",\"contentUrl\":\"https:\\\/\\\/blogdiario.info\\\/magazine\\\/images\\\/2025\\\/03\\\/melen_20250313.jpg\",\"width\":600,\"height\":400},{\"@type\":\"BreadcrumbList\",\"@id\":\"https:\\\/\\\/blogdiario.info\\\/magazine\\\/2025\\\/03\\\/13\\\/gobierno-del-libertario-milei-contra-la-exarcelacion-de-los-manifestantes\\\/#breadcrumb\",\"itemListElement\":[{\"@type\":\"ListItem\",\"position\":1,\"name\":\"Home\",\"item\":\"https:\\\/\\\/blogdiario.info\\\/magazine\\\/\"},{\"@type\":\"ListItem\",\"position\":2,\"name\":\"Gobierno del libertario Milei contra la exarcelaci\u00f3n de los manifestantes\"}]},{\"@type\":\"WebSite\",\"@id\":\"https:\\\/\\\/blogdiario.info\\\/magazine\\\/#website\",\"url\":\"https:\\\/\\\/blogdiario.info\\\/magazine\\\/\",\"name\":\"BlogDiario Magazine\",\"description\":\"Suplemento multiling\u00fce de ElCanillita.Info\",\"publisher\":{\"@id\":\"https:\\\/\\\/blogdiario.info\\\/magazine\\\/#organization\"},\"potentialAction\":[{\"@type\":\"SearchAction\",\"target\":{\"@type\":\"EntryPoint\",\"urlTemplate\":\"https:\\\/\\\/blogdiario.info\\\/magazine\\\/?s={search_term_string}\"},\"query-input\":{\"@type\":\"PropertyValueSpecification\",\"valueRequired\":true,\"valueName\":\"search_term_string\"}}],\"inLanguage\":\"es-AR\"},{\"@type\":\"Organization\",\"@id\":\"https:\\\/\\\/blogdiario.info\\\/magazine\\\/#organization\",\"name\":\"Guzzo Photos & Graphic Publications\",\"url\":\"https:\\\/\\\/blogdiario.info\\\/magazine\\\/\",\"logo\":{\"@type\":\"ImageObject\",\"inLanguage\":\"es-AR\",\"@id\":\"https:\\\/\\\/blogdiario.info\\\/magazine\\\/#\\\/schema\\\/logo\\\/image\\\/\",\"url\":\"https:\\\/\\\/blogdiario.info\\\/magazine\\\/images\\\/2020\\\/01\\\/cropped-blogdia_magazine.jpg\",\"contentUrl\":\"https:\\\/\\\/blogdiario.info\\\/magazine\\\/images\\\/2020\\\/01\\\/cropped-blogdia_magazine.jpg\",\"width\":589,\"height\":55,\"caption\":\"Guzzo Photos & Graphic Publications\"},\"image\":{\"@id\":\"https:\\\/\\\/blogdiario.info\\\/magazine\\\/#\\\/schema\\\/logo\\\/image\\\/\"}},{\"@type\":\"Person\",\"@id\":\"https:\\\/\\\/blogdiario.info\\\/magazine\\\/#\\\/schema\\\/person\\\/b2422fe85574d945bad55513bb0c7354\",\"name\":\"World Press Service | Servicio de Prensa Mundial\"}]}<\/script>\n<!-- \/ Yoast SEO plugin. -->","yoast_head_json":{"title":"Gobierno del libertario Milei contra la exarcelaci\u00f3n de los manifestantes - BlogDiario Magazine","robots":{"index":"index","follow":"follow","max-snippet":"max-snippet:-1","max-image-preview":"max-image-preview:large","max-video-preview":"max-video-preview:-1"},"canonical":"https:\/\/blogdiario.info\/magazine\/2025\/03\/13\/gobierno-del-libertario-milei-contra-la-exarcelacion-de-los-manifestantes\/","og_locale":"es_ES","og_type":"article","og_title":"Gobierno del libertario Milei contra la exarcelaci\u00f3n de los manifestantes - BlogDiario Magazine","og_description":"'La justicia de puertas giratorias es la causa de la inseguridad'...dijo en X el portavoz presidencial, Manuel Adorni.","og_url":"https:\/\/blogdiario.info\/magazine\/2025\/03\/13\/gobierno-del-libertario-milei-contra-la-exarcelacion-de-los-manifestantes\/","og_site_name":"BlogDiario Magazine","article_published_time":"2025-03-13T22:25:32+00:00","article_modified_time":"2025-03-14T07:51:52+00:00","og_image":[{"width":600,"height":400,"url":"https:\/\/blogdiario.info\/magazine\/images\/2025\/03\/melen_20250313.jpg","type":"image\/jpeg"}],"author":"World Press Service | Servicio de Prensa Mundial","twitter_card":"summary_large_image","twitter_misc":{"Escrito por":"World Press Service | Servicio de Prensa Mundial","Tiempo de lectura":"2 minutos"},"schema":{"@context":"https:\/\/schema.org","@graph":[{"@type":"Article","@id":"https:\/\/blogdiario.info\/magazine\/2025\/03\/13\/gobierno-del-libertario-milei-contra-la-exarcelacion-de-los-manifestantes\/#article","isPartOf":{"@id":"https:\/\/blogdiario.info\/magazine\/2025\/03\/13\/gobierno-del-libertario-milei-contra-la-exarcelacion-de-los-manifestantes\/"},"author":{"name":"World Press Service | Servicio de Prensa Mundial","@id":"https:\/\/blogdiario.info\/magazine\/#\/schema\/person\/b2422fe85574d945bad55513bb0c7354"},"headline":"Gobierno del libertario Milei contra la exarcelaci\u00f3n de los manifestantes","datePublished":"2025-03-13T22:25:32+00:00","dateModified":"2025-03-14T07:51:52+00:00","mainEntityOfPage":{"@id":"https:\/\/blogdiario.info\/magazine\/2025\/03\/13\/gobierno-del-libertario-milei-contra-la-exarcelacion-de-los-manifestantes\/"},"wordCount":232,"publisher":{"@id":"https:\/\/blogdiario.info\/magazine\/#organization"},"image":{"@id":"https:\/\/blogdiario.info\/magazine\/2025\/03\/13\/gobierno-del-libertario-milei-contra-la-exarcelacion-de-los-manifestantes\/#primaryimage"},"thumbnailUrl":"https:\/\/blogdiario.info\/magazine\/images\/2025\/03\/melen_20250313.jpg","keywords":["Argentina"],"articleSection":[".",".","Actualidad","America del Sud","Economia","Politica"],"inLanguage":"es-AR"},{"@type":"WebPage","@id":"https:\/\/blogdiario.info\/magazine\/2025\/03\/13\/gobierno-del-libertario-milei-contra-la-exarcelacion-de-los-manifestantes\/","url":"https:\/\/blogdiario.info\/magazine\/2025\/03\/13\/gobierno-del-libertario-milei-contra-la-exarcelacion-de-los-manifestantes\/","name":"Gobierno del libertario Milei contra la exarcelaci\u00f3n de los manifestantes - BlogDiario Magazine","isPartOf":{"@id":"https:\/\/blogdiario.info\/magazine\/#website"},"primaryImageOfPage":{"@id":"https:\/\/blogdiario.info\/magazine\/2025\/03\/13\/gobierno-del-libertario-milei-contra-la-exarcelacion-de-los-manifestantes\/#primaryimage"},"image":{"@id":"https:\/\/blogdiario.info\/magazine\/2025\/03\/13\/gobierno-del-libertario-milei-contra-la-exarcelacion-de-los-manifestantes\/#primaryimage"},"thumbnailUrl":"https:\/\/blogdiario.info\/magazine\/images\/2025\/03\/melen_20250313.jpg","datePublished":"2025-03-13T22:25:32+00:00","dateModified":"2025-03-14T07:51:52+00:00","breadcrumb":{"@id":"https:\/\/blogdiario.info\/magazine\/2025\/03\/13\/gobierno-del-libertario-milei-contra-la-exarcelacion-de-los-manifestantes\/#breadcrumb"},"inLanguage":"es-AR","potentialAction":[{"@type":"ReadAction","target":["https:\/\/blogdiario.info\/magazine\/2025\/03\/13\/gobierno-del-libertario-milei-contra-la-exarcelacion-de-los-manifestantes\/"]}]},{"@type":"ImageObject","inLanguage":"es-AR","@id":"https:\/\/blogdiario.info\/magazine\/2025\/03\/13\/gobierno-del-libertario-milei-contra-la-exarcelacion-de-los-manifestantes\/#primaryimage","url":"https:\/\/blogdiario.info\/magazine\/images\/2025\/03\/melen_20250313.jpg","contentUrl":"https:\/\/blogdiario.info\/magazine\/images\/2025\/03\/melen_20250313.jpg","width":600,"height":400},{"@type":"BreadcrumbList","@id":"https:\/\/blogdiario.info\/magazine\/2025\/03\/13\/gobierno-del-libertario-milei-contra-la-exarcelacion-de-los-manifestantes\/#breadcrumb","itemListElement":[{"@type":"ListItem","position":1,"name":"Home","item":"https:\/\/blogdiario.info\/magazine\/"},{"@type":"ListItem","position":2,"name":"Gobierno del libertario Milei contra la exarcelaci\u00f3n de los manifestantes"}]},{"@type":"WebSite","@id":"https:\/\/blogdiario.info\/magazine\/#website","url":"https:\/\/blogdiario.info\/magazine\/","name":"BlogDiario Magazine","description":"Suplemento multiling\u00fce de ElCanillita.Info","publisher":{"@id":"https:\/\/blogdiario.info\/magazine\/#organization"},"potentialAction":[{"@type":"SearchAction","target":{"@type":"EntryPoint","urlTemplate":"https:\/\/blogdiario.info\/magazine\/?s={search_term_string}"},"query-input":{"@type":"PropertyValueSpecification","valueRequired":true,"valueName":"search_term_string"}}],"inLanguage":"es-AR"},{"@type":"Organization","@id":"https:\/\/blogdiario.info\/magazine\/#organization","name":"Guzzo Photos & Graphic Publications","url":"https:\/\/blogdiario.info\/magazine\/","logo":{"@type":"ImageObject","inLanguage":"es-AR","@id":"https:\/\/blogdiario.info\/magazine\/#\/schema\/logo\/image\/","url":"https:\/\/blogdiario.info\/magazine\/images\/2020\/01\/cropped-blogdia_magazine.jpg","contentUrl":"https:\/\/blogdiario.info\/magazine\/images\/2020\/01\/cropped-blogdia_magazine.jpg","width":589,"height":55,"caption":"Guzzo Photos & Graphic Publications"},"image":{"@id":"https:\/\/blogdiario.info\/magazine\/#\/schema\/logo\/image\/"}},{"@type":"Person","@id":"https:\/\/blogdiario.info\/magazine\/#\/schema\/person\/b2422fe85574d945bad55513bb0c7354","name":"World Press Service | Servicio de Prensa Mundial"}]}},"views":509,"_links":{"self":[{"href":"https:\/\/blogdiario.info\/magazine\/wp-json\/wp\/v2\/posts\/1531","targetHints":{"allow":["GET"]}}],"collection":[{"href":"https:\/\/blogdiario.info\/magazine\/wp-json\/wp\/v2\/posts"}],"about":[{"href":"https:\/\/blogdiario.info\/magazine\/wp-json\/wp\/v2\/types\/post"}],"author":[{"embeddable":true,"href":"https:\/\/blogdiario.info\/magazine\/wp-json\/wp\/v2\/users\/1"}],"replies":[{"embeddable":true,"href":"https:\/\/blogdiario.info\/magazine\/wp-json\/wp\/v2\/comments?post=1531"}],"version-history":[{"count":0,"href":"https:\/\/blogdiario.info\/magazine\/wp-json\/wp\/v2\/posts\/1531\/revisions"}],"wp:featuredmedia":[{"embeddable":true,"href":"https:\/\/blogdiario.info\/magazine\/wp-json\/wp\/v2\/media\/1532"}],"wp:attachment":[{"href":"https:\/\/blogdiario.info\/magazine\/wp-json\/wp\/v2\/media?parent=1531"}],"wp:term":[{"taxonomy":"category","embeddable":true,"href":"https:\/\/blogdiario.info\/magazine\/wp-json\/wp\/v2\/categories?post=1531"},{"taxonomy":"post_tag","embeddable":true,"href":"https:\/\/blogdiario.info\/magazine\/wp-json\/wp\/v2\/tags?post=1531"}],"curies":[{"name":"wp","href":"https:\/\/api.w.org\/{rel}","templated":true}]}}