{"id":1521,"date":"2025-03-05T23:15:11","date_gmt":"2025-03-05T22:15:11","guid":{"rendered":"https:\/\/blogdiario.info\/magazine\/?p=1521"},"modified":"2025-03-05T23:23:55","modified_gmt":"2025-03-05T22:23:55","slug":"friedrich-merz-el-candidato-a-canciller-de-alemania-planea-aumentar-el-presupuesto-de-defensa","status":"publish","type":"post","link":"https:\/\/blogdiario.info\/magazine\/2025\/03\/05\/friedrich-merz-el-candidato-a-canciller-de-alemania-planea-aumentar-el-presupuesto-de-defensa\/","title":{"rendered":"Friedrich Merz, el candidato a Canciller de Alemania, planea aumentar el presupuesto de defensa"},"content":{"rendered":"\n<figure class=\"wp-block-image size-full\"><img loading=\"lazy\" decoding=\"async\" width=\"600\" height=\"400\" src=\"https:\/\/blogdiario.info\/magazine\/images\/2025\/03\/ALE_1_20250305.jpg\" alt=\"\" class=\"wp-image-1522\" srcset=\"https:\/\/blogdiario.info\/magazine\/images\/2025\/03\/ALE_1_20250305.jpg 600w, https:\/\/blogdiario.info\/magazine\/images\/2025\/03\/ALE_1_20250305-300x200.jpg 300w\" sizes=\"auto, (max-width: 600px) 100vw, 600px\" \/><\/figure>\n\n\n\n<p><strong><small>Berlin, 05\/03\/2025<\/small> <\/strong><br>Friedrich Merz, el probable pr\u00f3ximo canciller de Alemania, ha anunciado planes para aumentar significativamente el gasto de defensa y relajar su &#8220;freno de la deuda&#8221; en medio al temor del alejamiento de la administraci\u00f3n Trump de Europa.<\/p>\n\n\n\n<p>El partido conservador de Merz, la Uni\u00f3n Dem\u00f3crata Cristiana (CDU) y los socialdem\u00f3cratas (SPD), acordaron reformar las estrictas normas de la deuda, junto con el partido hermano de la CDU, la Uni\u00f3n Social Cristiana (CSU), durante las conversaciones exploratorias en las que tratan de formar el pr\u00f3ximo gobierno de coalici\u00f3n.<\/p>\n\n\n\n<p>El problema \u201cya no puede tolerar ning\u00fan retraso\u201d, dijo Merz, citando las \u201c\u00faltimas decisiones del gobierno estadounidense\u201d de suspender la ayuda militar a Ucrania.<br><br> \u201cEuropa debe crecer ahora y Europa debe ser capaz de defenderse, y queremos avanzar r\u00e1pidamente en este camino, paso a paso\u201d, dijo junto a los l\u00edderes de la CSU y el SPD.<\/p>\n\n\n\n<p>Markus S\u00f6der, de la CSU, dijo que Alemania estaba \u201cenviando una se\u00f1al a amigos y enemigos\u201d de que el pa\u00eds \u201cno se retirar\u00e1\u201d.<\/p>\n\n\n\n<p>Propusieron modificar la constituci\u00f3n alemana y eximir todo el gasto de defensa por encima del uno por ciento del PIB de los l\u00edmites de endeudamiento, que durante los \u00faltimos 16 a\u00f1os han limitado el d\u00e9ficit estructural del pa\u00eds al 0,35 por ciento.<\/p>\n\n\n\n<p>La cl\u00e1usula hab\u00eda atado notoriamente las manos del gobierno de coalici\u00f3n anterior, liderado por Olaf Scholz del SPD, ya que los partidos no lograron ponerse de acuerdo sobre el apoyo militar a Ucrania y las medidas para revivir la maltrecha econom\u00eda alemana. Esto finalmente condujo a las elecciones a fines del mes pasado.<\/p>\n\n\n\n<p>Los partidos ahora buscan aprobar la medida en el parlamento existente, que t\u00e9cnicamente todav\u00eda est\u00e1 en sesi\u00f3n hasta que el nuevo parlamento se re\u00fana a fines de marzo, para asegurarse de que tienen la mayor\u00eda necesaria de dos tercios para hacerlo.<\/p>\n\n\n\n<p>La CDU y el SPD tambi\u00e9n han propuesto la creaci\u00f3n de un fondo de infraestructuras de 500.000 millones de euros, destinado a reactivar la econom\u00eda alemana, que se ve amenazada por un tercer a\u00f1o consecutivo de recesi\u00f3n.<\/p>\n\n\n\n<p>Sin embargo, la medida no est\u00e1 exenta de controversia, ya que eludir\u00e1 a los partidos m\u00e1s peque\u00f1os que lograron avances significativos en las elecciones de febrero, incluido el partido de extrema derecha Alternativa para Alemania (AfD) y el partido de extrema izquierda Die Linke (La Izquierda).<\/p>\n\n\n\n<p>Merz espera contar con el apoyo de los Verdes y el Partido Democr\u00e1tico Libre (FDP) en el parlamento. No obstante, el FDP se muestra en general esc\u00e9ptico ante la posibilidad de asumir deuda adicional, mientras que los Verdes han expresado su preocupaci\u00f3n por utilizar el antiguo parlamento para aprobar la moci\u00f3n.<\/p>\n\n\n\n<p>Lars Klingbeil, copresidente del SPD, dijo que los negociadores hab\u00edan &#8220;acordado firmemente&#8221; reformar el freno de la deuda m\u00e1s a fondo despu\u00e9s de la inauguraci\u00f3n del nuevo parlamento, lo que podr\u00eda persuadir a los Verdes a sumarse.<br><br><small>Copyright \u00a9 2025 ElCanillita.info \/ SalaStampa.Eu, servicio mundial de prensa<\/small><br><small>Guzzo Photos &amp; Graphic Publications &#8211; Registro Editori e Stampatori n. 1441 Torino, Italia<\/small><\/p>\n\n\n\n<p><br><\/p>\n\n\n\n<p><\/p>\n","protected":false},"excerpt":{"rendered":"<p>Los planes anunciados por el probable pr\u00f3ximo canciller de Alemania, llegan ante el temor del alejamiento de la administraci\u00f3n Trump de Europa<\/p>\n","protected":false},"author":1,"featured_media":1527,"comment_status":"closed","ping_status":"closed","sticky":false,"template":"","format":"standard","meta":{"footnotes":"","_links_to":"","_links_to_target":""},"categories":[97,109,62,46,119,134],"tags":[149,79,74],"class_list":["post-1521","post","type-post","status-publish","format-standard","has-post-thumbnail","hentry","category-elcanillita","category-dc24","category-actualidad","category-europa","category-guerra","category-politicas-globales","tag-alemania","tag-ucraina","tag-usa","entry","rows"],"yoast_head":"<!-- This site is optimized with the Yoast SEO plugin v27.4 - https:\/\/yoast.com\/product\/yoast-seo-wordpress\/ -->\n<title>Friedrich Merz, el candidato a Canciller de Alemania, planea aumentar el presupuesto de defensa - BlogDiario Magazine<\/title>\n<meta name=\"robots\" content=\"index, follow, max-snippet:-1, max-image-preview:large, max-video-preview:-1\" \/>\n<link rel=\"canonical\" href=\"https:\/\/blogdiario.info\/magazine\/2025\/03\/05\/friedrich-merz-el-candidato-a-canciller-de-alemania-planea-aumentar-el-presupuesto-de-defensa\/\" \/>\n<meta property=\"og:locale\" content=\"es_ES\" \/>\n<meta property=\"og:type\" content=\"article\" \/>\n<meta property=\"og:title\" content=\"Friedrich Merz, el candidato a Canciller de Alemania, planea aumentar el presupuesto de defensa - BlogDiario Magazine\" \/>\n<meta property=\"og:description\" content=\"Los planes anunciados por el probable pr\u00f3ximo canciller de Alemania, llegan ante el temor del alejamiento de la administraci\u00f3n Trump de Europa\" \/>\n<meta property=\"og:url\" content=\"https:\/\/blogdiario.info\/magazine\/2025\/03\/05\/friedrich-merz-el-candidato-a-canciller-de-alemania-planea-aumentar-el-presupuesto-de-defensa\/\" \/>\n<meta property=\"og:site_name\" content=\"BlogDiario Magazine\" \/>\n<meta property=\"article:published_time\" content=\"2025-03-05T22:15:11+00:00\" \/>\n<meta property=\"article:modified_time\" content=\"2025-03-05T22:23:55+00:00\" \/>\n<meta property=\"og:image\" content=\"https:\/\/blogdiario.info\/magazine\/images\/2025\/03\/ALE_covr_20250305.jpg\" \/>\n\t<meta property=\"og:image:width\" content=\"400\" \/>\n\t<meta property=\"og:image:height\" content=\"400\" \/>\n\t<meta property=\"og:image:type\" content=\"image\/jpeg\" \/>\n<meta name=\"author\" content=\"World Press Service | Servicio de Prensa Mundial\" \/>\n<meta name=\"twitter:card\" content=\"summary_large_image\" \/>\n<meta name=\"twitter:label1\" content=\"Escrito por\" \/>\n\t<meta name=\"twitter:data1\" content=\"World Press Service | Servicio de Prensa Mundial\" \/>\n\t<meta name=\"twitter:label2\" content=\"Tiempo de lectura\" \/>\n\t<meta name=\"twitter:data2\" content=\"3 minutos\" \/>\n<script type=\"application\/ld+json\" class=\"yoast-schema-graph\">{\"@context\":\"https:\\\/\\\/schema.org\",\"@graph\":[{\"@type\":\"Article\",\"@id\":\"https:\\\/\\\/blogdiario.info\\\/magazine\\\/2025\\\/03\\\/05\\\/friedrich-merz-el-candidato-a-canciller-de-alemania-planea-aumentar-el-presupuesto-de-defensa\\\/#article\",\"isPartOf\":{\"@id\":\"https:\\\/\\\/blogdiario.info\\\/magazine\\\/2025\\\/03\\\/05\\\/friedrich-merz-el-candidato-a-canciller-de-alemania-planea-aumentar-el-presupuesto-de-defensa\\\/\"},\"author\":{\"name\":\"World Press Service | Servicio de Prensa Mundial\",\"@id\":\"https:\\\/\\\/blogdiario.info\\\/magazine\\\/#\\\/schema\\\/person\\\/b2422fe85574d945bad55513bb0c7354\"},\"headline\":\"Friedrich Merz, el candidato a Canciller de Alemania, planea aumentar el presupuesto de defensa\",\"datePublished\":\"2025-03-05T22:15:11+00:00\",\"dateModified\":\"2025-03-05T22:23:55+00:00\",\"mainEntityOfPage\":{\"@id\":\"https:\\\/\\\/blogdiario.info\\\/magazine\\\/2025\\\/03\\\/05\\\/friedrich-merz-el-candidato-a-canciller-de-alemania-planea-aumentar-el-presupuesto-de-defensa\\\/\"},\"wordCount\":551,\"publisher\":{\"@id\":\"https:\\\/\\\/blogdiario.info\\\/magazine\\\/#organization\"},\"image\":{\"@id\":\"https:\\\/\\\/blogdiario.info\\\/magazine\\\/2025\\\/03\\\/05\\\/friedrich-merz-el-candidato-a-canciller-de-alemania-planea-aumentar-el-presupuesto-de-defensa\\\/#primaryimage\"},\"thumbnailUrl\":\"https:\\\/\\\/blogdiario.info\\\/magazine\\\/images\\\/2025\\\/03\\\/ALE_covr_20250305.jpg\",\"keywords\":[\"Alemania\",\"Ucraina\",\"USA\"],\"articleSection\":[\".\",\".\",\"Actualidad\",\"Europa\",\"Guerra\",\"Pol\u00edticas globales\"],\"inLanguage\":\"es-AR\"},{\"@type\":\"WebPage\",\"@id\":\"https:\\\/\\\/blogdiario.info\\\/magazine\\\/2025\\\/03\\\/05\\\/friedrich-merz-el-candidato-a-canciller-de-alemania-planea-aumentar-el-presupuesto-de-defensa\\\/\",\"url\":\"https:\\\/\\\/blogdiario.info\\\/magazine\\\/2025\\\/03\\\/05\\\/friedrich-merz-el-candidato-a-canciller-de-alemania-planea-aumentar-el-presupuesto-de-defensa\\\/\",\"name\":\"Friedrich Merz, el candidato a Canciller de Alemania, planea aumentar el presupuesto de defensa - BlogDiario Magazine\",\"isPartOf\":{\"@id\":\"https:\\\/\\\/blogdiario.info\\\/magazine\\\/#website\"},\"primaryImageOfPage\":{\"@id\":\"https:\\\/\\\/blogdiario.info\\\/magazine\\\/2025\\\/03\\\/05\\\/friedrich-merz-el-candidato-a-canciller-de-alemania-planea-aumentar-el-presupuesto-de-defensa\\\/#primaryimage\"},\"image\":{\"@id\":\"https:\\\/\\\/blogdiario.info\\\/magazine\\\/2025\\\/03\\\/05\\\/friedrich-merz-el-candidato-a-canciller-de-alemania-planea-aumentar-el-presupuesto-de-defensa\\\/#primaryimage\"},\"thumbnailUrl\":\"https:\\\/\\\/blogdiario.info\\\/magazine\\\/images\\\/2025\\\/03\\\/ALE_covr_20250305.jpg\",\"datePublished\":\"2025-03-05T22:15:11+00:00\",\"dateModified\":\"2025-03-05T22:23:55+00:00\",\"breadcrumb\":{\"@id\":\"https:\\\/\\\/blogdiario.info\\\/magazine\\\/2025\\\/03\\\/05\\\/friedrich-merz-el-candidato-a-canciller-de-alemania-planea-aumentar-el-presupuesto-de-defensa\\\/#breadcrumb\"},\"inLanguage\":\"es-AR\",\"potentialAction\":[{\"@type\":\"ReadAction\",\"target\":[\"https:\\\/\\\/blogdiario.info\\\/magazine\\\/2025\\\/03\\\/05\\\/friedrich-merz-el-candidato-a-canciller-de-alemania-planea-aumentar-el-presupuesto-de-defensa\\\/\"]}]},{\"@type\":\"ImageObject\",\"inLanguage\":\"es-AR\",\"@id\":\"https:\\\/\\\/blogdiario.info\\\/magazine\\\/2025\\\/03\\\/05\\\/friedrich-merz-el-candidato-a-canciller-de-alemania-planea-aumentar-el-presupuesto-de-defensa\\\/#primaryimage\",\"url\":\"https:\\\/\\\/blogdiario.info\\\/magazine\\\/images\\\/2025\\\/03\\\/ALE_covr_20250305.jpg\",\"contentUrl\":\"https:\\\/\\\/blogdiario.info\\\/magazine\\\/images\\\/2025\\\/03\\\/ALE_covr_20250305.jpg\",\"width\":400,\"height\":400,\"caption\":\"Bundestagswahl 2025 \u2013 Wahlabend der CDU\"},{\"@type\":\"BreadcrumbList\",\"@id\":\"https:\\\/\\\/blogdiario.info\\\/magazine\\\/2025\\\/03\\\/05\\\/friedrich-merz-el-candidato-a-canciller-de-alemania-planea-aumentar-el-presupuesto-de-defensa\\\/#breadcrumb\",\"itemListElement\":[{\"@type\":\"ListItem\",\"position\":1,\"name\":\"Home\",\"item\":\"https:\\\/\\\/blogdiario.info\\\/magazine\\\/\"},{\"@type\":\"ListItem\",\"position\":2,\"name\":\"Friedrich Merz, el candidato a Canciller de Alemania, planea aumentar el presupuesto de defensa\"}]},{\"@type\":\"WebSite\",\"@id\":\"https:\\\/\\\/blogdiario.info\\\/magazine\\\/#website\",\"url\":\"https:\\\/\\\/blogdiario.info\\\/magazine\\\/\",\"name\":\"BlogDiario Magazine\",\"description\":\"Suplemento multiling\u00fce de ElCanillita.Info\",\"publisher\":{\"@id\":\"https:\\\/\\\/blogdiario.info\\\/magazine\\\/#organization\"},\"potentialAction\":[{\"@type\":\"SearchAction\",\"target\":{\"@type\":\"EntryPoint\",\"urlTemplate\":\"https:\\\/\\\/blogdiario.info\\\/magazine\\\/?s={search_term_string}\"},\"query-input\":{\"@type\":\"PropertyValueSpecification\",\"valueRequired\":true,\"valueName\":\"search_term_string\"}}],\"inLanguage\":\"es-AR\"},{\"@type\":\"Organization\",\"@id\":\"https:\\\/\\\/blogdiario.info\\\/magazine\\\/#organization\",\"name\":\"Guzzo Photos & Graphic Publications\",\"url\":\"https:\\\/\\\/blogdiario.info\\\/magazine\\\/\",\"logo\":{\"@type\":\"ImageObject\",\"inLanguage\":\"es-AR\",\"@id\":\"https:\\\/\\\/blogdiario.info\\\/magazine\\\/#\\\/schema\\\/logo\\\/image\\\/\",\"url\":\"https:\\\/\\\/blogdiario.info\\\/magazine\\\/images\\\/2020\\\/01\\\/cropped-blogdia_magazine.jpg\",\"contentUrl\":\"https:\\\/\\\/blogdiario.info\\\/magazine\\\/images\\\/2020\\\/01\\\/cropped-blogdia_magazine.jpg\",\"width\":589,\"height\":55,\"caption\":\"Guzzo Photos & Graphic Publications\"},\"image\":{\"@id\":\"https:\\\/\\\/blogdiario.info\\\/magazine\\\/#\\\/schema\\\/logo\\\/image\\\/\"}},{\"@type\":\"Person\",\"@id\":\"https:\\\/\\\/blogdiario.info\\\/magazine\\\/#\\\/schema\\\/person\\\/b2422fe85574d945bad55513bb0c7354\",\"name\":\"World Press Service | Servicio de Prensa Mundial\"}]}<\/script>\n<!-- \/ Yoast SEO plugin. -->","yoast_head_json":{"title":"Friedrich Merz, el candidato a Canciller de Alemania, planea aumentar el presupuesto de defensa - BlogDiario Magazine","robots":{"index":"index","follow":"follow","max-snippet":"max-snippet:-1","max-image-preview":"max-image-preview:large","max-video-preview":"max-video-preview:-1"},"canonical":"https:\/\/blogdiario.info\/magazine\/2025\/03\/05\/friedrich-merz-el-candidato-a-canciller-de-alemania-planea-aumentar-el-presupuesto-de-defensa\/","og_locale":"es_ES","og_type":"article","og_title":"Friedrich Merz, el candidato a Canciller de Alemania, planea aumentar el presupuesto de defensa - BlogDiario Magazine","og_description":"Los planes anunciados por el probable pr\u00f3ximo canciller de Alemania, llegan ante el temor del alejamiento de la administraci\u00f3n Trump de Europa","og_url":"https:\/\/blogdiario.info\/magazine\/2025\/03\/05\/friedrich-merz-el-candidato-a-canciller-de-alemania-planea-aumentar-el-presupuesto-de-defensa\/","og_site_name":"BlogDiario Magazine","article_published_time":"2025-03-05T22:15:11+00:00","article_modified_time":"2025-03-05T22:23:55+00:00","og_image":[{"width":400,"height":400,"url":"https:\/\/blogdiario.info\/magazine\/images\/2025\/03\/ALE_covr_20250305.jpg","type":"image\/jpeg"}],"author":"World Press Service | Servicio de Prensa Mundial","twitter_card":"summary_large_image","twitter_misc":{"Escrito por":"World Press Service | Servicio de Prensa Mundial","Tiempo de lectura":"3 minutos"},"schema":{"@context":"https:\/\/schema.org","@graph":[{"@type":"Article","@id":"https:\/\/blogdiario.info\/magazine\/2025\/03\/05\/friedrich-merz-el-candidato-a-canciller-de-alemania-planea-aumentar-el-presupuesto-de-defensa\/#article","isPartOf":{"@id":"https:\/\/blogdiario.info\/magazine\/2025\/03\/05\/friedrich-merz-el-candidato-a-canciller-de-alemania-planea-aumentar-el-presupuesto-de-defensa\/"},"author":{"name":"World Press Service | Servicio de Prensa Mundial","@id":"https:\/\/blogdiario.info\/magazine\/#\/schema\/person\/b2422fe85574d945bad55513bb0c7354"},"headline":"Friedrich Merz, el candidato a Canciller de Alemania, planea aumentar el presupuesto de defensa","datePublished":"2025-03-05T22:15:11+00:00","dateModified":"2025-03-05T22:23:55+00:00","mainEntityOfPage":{"@id":"https:\/\/blogdiario.info\/magazine\/2025\/03\/05\/friedrich-merz-el-candidato-a-canciller-de-alemania-planea-aumentar-el-presupuesto-de-defensa\/"},"wordCount":551,"publisher":{"@id":"https:\/\/blogdiario.info\/magazine\/#organization"},"image":{"@id":"https:\/\/blogdiario.info\/magazine\/2025\/03\/05\/friedrich-merz-el-candidato-a-canciller-de-alemania-planea-aumentar-el-presupuesto-de-defensa\/#primaryimage"},"thumbnailUrl":"https:\/\/blogdiario.info\/magazine\/images\/2025\/03\/ALE_covr_20250305.jpg","keywords":["Alemania","Ucraina","USA"],"articleSection":[".",".","Actualidad","Europa","Guerra","Pol\u00edticas globales"],"inLanguage":"es-AR"},{"@type":"WebPage","@id":"https:\/\/blogdiario.info\/magazine\/2025\/03\/05\/friedrich-merz-el-candidato-a-canciller-de-alemania-planea-aumentar-el-presupuesto-de-defensa\/","url":"https:\/\/blogdiario.info\/magazine\/2025\/03\/05\/friedrich-merz-el-candidato-a-canciller-de-alemania-planea-aumentar-el-presupuesto-de-defensa\/","name":"Friedrich Merz, el candidato a Canciller de Alemania, planea aumentar el presupuesto de defensa - BlogDiario Magazine","isPartOf":{"@id":"https:\/\/blogdiario.info\/magazine\/#website"},"primaryImageOfPage":{"@id":"https:\/\/blogdiario.info\/magazine\/2025\/03\/05\/friedrich-merz-el-candidato-a-canciller-de-alemania-planea-aumentar-el-presupuesto-de-defensa\/#primaryimage"},"image":{"@id":"https:\/\/blogdiario.info\/magazine\/2025\/03\/05\/friedrich-merz-el-candidato-a-canciller-de-alemania-planea-aumentar-el-presupuesto-de-defensa\/#primaryimage"},"thumbnailUrl":"https:\/\/blogdiario.info\/magazine\/images\/2025\/03\/ALE_covr_20250305.jpg","datePublished":"2025-03-05T22:15:11+00:00","dateModified":"2025-03-05T22:23:55+00:00","breadcrumb":{"@id":"https:\/\/blogdiario.info\/magazine\/2025\/03\/05\/friedrich-merz-el-candidato-a-canciller-de-alemania-planea-aumentar-el-presupuesto-de-defensa\/#breadcrumb"},"inLanguage":"es-AR","potentialAction":[{"@type":"ReadAction","target":["https:\/\/blogdiario.info\/magazine\/2025\/03\/05\/friedrich-merz-el-candidato-a-canciller-de-alemania-planea-aumentar-el-presupuesto-de-defensa\/"]}]},{"@type":"ImageObject","inLanguage":"es-AR","@id":"https:\/\/blogdiario.info\/magazine\/2025\/03\/05\/friedrich-merz-el-candidato-a-canciller-de-alemania-planea-aumentar-el-presupuesto-de-defensa\/#primaryimage","url":"https:\/\/blogdiario.info\/magazine\/images\/2025\/03\/ALE_covr_20250305.jpg","contentUrl":"https:\/\/blogdiario.info\/magazine\/images\/2025\/03\/ALE_covr_20250305.jpg","width":400,"height":400,"caption":"Bundestagswahl 2025 \u2013 Wahlabend der CDU"},{"@type":"BreadcrumbList","@id":"https:\/\/blogdiario.info\/magazine\/2025\/03\/05\/friedrich-merz-el-candidato-a-canciller-de-alemania-planea-aumentar-el-presupuesto-de-defensa\/#breadcrumb","itemListElement":[{"@type":"ListItem","position":1,"name":"Home","item":"https:\/\/blogdiario.info\/magazine\/"},{"@type":"ListItem","position":2,"name":"Friedrich Merz, el candidato a Canciller de Alemania, planea aumentar el presupuesto de defensa"}]},{"@type":"WebSite","@id":"https:\/\/blogdiario.info\/magazine\/#website","url":"https:\/\/blogdiario.info\/magazine\/","name":"BlogDiario Magazine","description":"Suplemento multiling\u00fce de ElCanillita.Info","publisher":{"@id":"https:\/\/blogdiario.info\/magazine\/#organization"},"potentialAction":[{"@type":"SearchAction","target":{"@type":"EntryPoint","urlTemplate":"https:\/\/blogdiario.info\/magazine\/?s={search_term_string}"},"query-input":{"@type":"PropertyValueSpecification","valueRequired":true,"valueName":"search_term_string"}}],"inLanguage":"es-AR"},{"@type":"Organization","@id":"https:\/\/blogdiario.info\/magazine\/#organization","name":"Guzzo Photos & Graphic Publications","url":"https:\/\/blogdiario.info\/magazine\/","logo":{"@type":"ImageObject","inLanguage":"es-AR","@id":"https:\/\/blogdiario.info\/magazine\/#\/schema\/logo\/image\/","url":"https:\/\/blogdiario.info\/magazine\/images\/2020\/01\/cropped-blogdia_magazine.jpg","contentUrl":"https:\/\/blogdiario.info\/magazine\/images\/2020\/01\/cropped-blogdia_magazine.jpg","width":589,"height":55,"caption":"Guzzo Photos & Graphic Publications"},"image":{"@id":"https:\/\/blogdiario.info\/magazine\/#\/schema\/logo\/image\/"}},{"@type":"Person","@id":"https:\/\/blogdiario.info\/magazine\/#\/schema\/person\/b2422fe85574d945bad55513bb0c7354","name":"World Press Service | Servicio de Prensa Mundial"}]}},"views":514,"_links":{"self":[{"href":"https:\/\/blogdiario.info\/magazine\/wp-json\/wp\/v2\/posts\/1521","targetHints":{"allow":["GET"]}}],"collection":[{"href":"https:\/\/blogdiario.info\/magazine\/wp-json\/wp\/v2\/posts"}],"about":[{"href":"https:\/\/blogdiario.info\/magazine\/wp-json\/wp\/v2\/types\/post"}],"author":[{"embeddable":true,"href":"https:\/\/blogdiario.info\/magazine\/wp-json\/wp\/v2\/users\/1"}],"replies":[{"embeddable":true,"href":"https:\/\/blogdiario.info\/magazine\/wp-json\/wp\/v2\/comments?post=1521"}],"version-history":[{"count":0,"href":"https:\/\/blogdiario.info\/magazine\/wp-json\/wp\/v2\/posts\/1521\/revisions"}],"wp:featuredmedia":[{"embeddable":true,"href":"https:\/\/blogdiario.info\/magazine\/wp-json\/wp\/v2\/media\/1527"}],"wp:attachment":[{"href":"https:\/\/blogdiario.info\/magazine\/wp-json\/wp\/v2\/media?parent=1521"}],"wp:term":[{"taxonomy":"category","embeddable":true,"href":"https:\/\/blogdiario.info\/magazine\/wp-json\/wp\/v2\/categories?post=1521"},{"taxonomy":"post_tag","embeddable":true,"href":"https:\/\/blogdiario.info\/magazine\/wp-json\/wp\/v2\/tags?post=1521"}],"curies":[{"name":"wp","href":"https:\/\/api.w.org\/{rel}","templated":true}]}}