{"id":1498,"date":"2025-02-24T12:10:13","date_gmt":"2025-02-24T11:10:13","guid":{"rendered":"https:\/\/blogdiario.info\/magazine\/?p=1498"},"modified":"2025-02-24T12:12:37","modified_gmt":"2025-02-24T11:12:37","slug":"llegan-a-kiev-los-lideres-de-canada-paises-balticos-paises-nordicos-y-espana","status":"publish","type":"post","link":"https:\/\/blogdiario.info\/magazine\/2025\/02\/24\/llegan-a-kiev-los-lideres-de-canada-paises-balticos-paises-nordicos-y-espana\/","title":{"rendered":"Llegan a Kiev los l\u00edderes de Canad\u00e1, pa\u00edses b\u00e1lticos, pa\u00edses n\u00f3rdicos y Espa\u00f1a"},"content":{"rendered":"\n<figure class=\"wp-block-image size-full\"><img loading=\"lazy\" decoding=\"async\" width=\"600\" height=\"337\" src=\"https:\/\/blogdiario.info\/magazine\/images\/2025\/02\/ucrainaBalt_20250224.jpg\" alt=\"\" class=\"wp-image-1499\" srcset=\"https:\/\/blogdiario.info\/magazine\/images\/2025\/02\/ucrainaBalt_20250224.jpg 600w, https:\/\/blogdiario.info\/magazine\/images\/2025\/02\/ucrainaBalt_20250224-300x169.jpg 300w\" sizes=\"auto, (max-width: 600px) 100vw, 600px\" \/><\/figure>\n\n\n\n<p>Iryna Balachuk e Ivanna Kostina del Ukrainska Pravda, reportan que los l\u00edderes de Canad\u00e1, los Estados b\u00e1lticos, los pa\u00edses n\u00f3rdicos y Espa\u00f1a llegaron a Kiev la ma\u00f1ana del 24 de febrero para conmemorar el tercer aniversario de la invasi\u00f3n rusa a gran escala de Ucrania.<\/p>\n\n\n\n<p>Fuente: Pravda europea, citando tuits del Primer Ministro estonio Kristen Michal, pre\u0219idente lituano <a href=\"https:\/\/x.com\/GitanasNauseda\/status\/1893899666036510911?ref_src=twsrc%5Etfw%7Ctwcamp%5Etweetembed%7Ctwterm%5E1893899666036510911%7Ctwgr%5Ee75909dfe3535b46009fd1881f7531b04e0a0cb1%7Ctwcon%5Es1_&amp;ref_url=https%3A%2F%2Fwww.pravda.com.ua%2Fnews%2F2025%2F02%2F24%2F7499769%2F\">Gitanas Naus\u0117da<\/a>\u00a0y el presidente let\u00f3n Edgars Rink\u0113vi\u010ds<\/p>\n\n\n\n<figure class=\"wp-block-image size-full\"><img loading=\"lazy\" decoding=\"async\" width=\"500\" height=\"605\" src=\"https:\/\/blogdiario.info\/magazine\/images\/2025\/02\/F1.jpg\" alt=\"\" class=\"wp-image-1500\" srcset=\"https:\/\/blogdiario.info\/magazine\/images\/2025\/02\/F1.jpg 500w, https:\/\/blogdiario.info\/magazine\/images\/2025\/02\/F1-248x300.jpg 248w\" sizes=\"auto, (max-width: 500px) 100vw, 500px\" \/><\/figure>\n\n\n\n<p>Cita de Michal: &#8220;En los \u00faltimos tres a\u00f1os, Ucrania ha mostrado al mundo el verdadero significado de la resiliencia. S\u00f3lo corresponde a Ucrania decidir los t\u00e9rminos de la paz. Creemos en la victoria de Ucrania, pero requiere acci\u00f3n. Debemos acelerar nuestro apoyo ahora.&#8221;<\/p>\n\n\n\n<p>Detalles: Michal se\u00f1al\u00f3 que hab\u00eda llegado a Kiev con los l\u00edderes de los Ocho N\u00f3rdicos-B\u00e1lticos, Canad\u00e1, Espa\u00f1a y la UE.<\/p>\n\n\n\n<figure class=\"wp-block-image size-full\"><img loading=\"lazy\" decoding=\"async\" width=\"500\" height=\"484\" src=\"https:\/\/blogdiario.info\/magazine\/images\/2025\/02\/f2.jpg\" alt=\"\" class=\"wp-image-1501\" srcset=\"https:\/\/blogdiario.info\/magazine\/images\/2025\/02\/f2.jpg 500w, https:\/\/blogdiario.info\/magazine\/images\/2025\/02\/f2-300x290.jpg 300w\" sizes=\"auto, (max-width: 500px) 100vw, 500px\" \/><\/figure>\n\n\n\n<p>El presidente lituano, Gitanas Naus\u0117da, tambi\u00e9n inform\u00f3 sobre su visita.<\/p>\n\n\n\n<p>Cita de Naus\u0117da: &#8220;Me alegro y me enorgullece que Lituania haya apoyado a Ucrania en todos los sentidos posibles a lo largo de estos a\u00f1os. Seguiremos haci\u00e9ndolo.&#8221;<br><\/p>\n\n\n\n<figure class=\"wp-block-image size-full\"><img loading=\"lazy\" decoding=\"async\" width=\"500\" height=\"546\" src=\"https:\/\/blogdiario.info\/magazine\/images\/2025\/02\/f3.jpg\" alt=\"\" class=\"wp-image-1502\" srcset=\"https:\/\/blogdiario.info\/magazine\/images\/2025\/02\/f3.jpg 500w, https:\/\/blogdiario.info\/magazine\/images\/2025\/02\/f3-275x300.jpg 275w\" sizes=\"auto, (max-width: 500px) 100vw, 500px\" \/><\/figure>\n\n\n\n<p>Detalles: El presidente let\u00f3n, Edgars Rink\u0113vi\u010ds, que se encontraba en Kiev con los ministros de Asuntos Exteriores de otros estados b\u00e1lticos cuando Rusia lanz\u00f3 su invasi\u00f3n a gran escala hace tres a\u00f1os, tambi\u00e9n anunci\u00f3 su llegada a la capital ucraniana.<\/p>\n\n\n\n<p>&#8220;Vuelvo como Presidente de Letonia para expresar apoyo y admiraci\u00f3n al valiente pueblo ucraniano. Discutiremos temas de actualidad y el camino a seguir&#8221;, tuite\u00f3.<\/p>\n\n\n\n<p>Antecedentes: Antes lo era reportado que la presidenta de la Comisi\u00f3n Europea, Ursula von der Leyen, y el presidente del Consejo Europeo, Ant\u00f3nio Costa, hab\u00edan llegado a Kiev con motivo del tercer aniversario de la invasi\u00f3n rusa a gran escala de Ucrania.<br><br><small>Copyright \u00a9 2025 ElCanillita.info \/ SalaStampa.Eu, servicio mundial de prensa<\/small><br><small>Guzzo Photos &amp; Graphic Publications &#8211; Registro Editori e Stampatori n. 1441 Torino, Italia<\/small><\/p>\n","protected":false},"excerpt":{"rendered":"<p>Los l\u00edderes de Canad\u00e1, los Estados b\u00e1lticos, los pa\u00edses n\u00f3rdicos y Espa\u00f1a llegaron a Kiev la ma\u00f1ana del 24 de febrero para conmemorar el tercer aniversario de la invasi\u00f3n rusa a gran escala de Ucrania.<\/p>\n","protected":false},"author":1,"featured_media":1499,"comment_status":"closed","ping_status":"closed","sticky":false,"template":"","format":"standard","meta":{"footnotes":"","_links_to":"","_links_to_target":""},"categories":[97,109,62,47,119,41],"tags":[],"class_list":["post-1498","post","type-post","status-publish","format-standard","has-post-thumbnail","hentry","category-elcanillita","category-dc24","category-actualidad","category-eurasia","category-guerra","category-politica-esp","entry","rows"],"yoast_head":"<!-- This site is optimized with the Yoast SEO plugin v27.4 - https:\/\/yoast.com\/product\/yoast-seo-wordpress\/ -->\n<title>Llegan a Kiev los l\u00edderes de Canad\u00e1, pa\u00edses b\u00e1lticos, pa\u00edses n\u00f3rdicos y Espa\u00f1a - BlogDiario Magazine<\/title>\n<meta name=\"robots\" content=\"index, follow, max-snippet:-1, max-image-preview:large, max-video-preview:-1\" \/>\n<link rel=\"canonical\" href=\"https:\/\/blogdiario.info\/magazine\/2025\/02\/24\/llegan-a-kiev-los-lideres-de-canada-paises-balticos-paises-nordicos-y-espana\/\" \/>\n<meta property=\"og:locale\" content=\"es_ES\" \/>\n<meta property=\"og:type\" content=\"article\" \/>\n<meta property=\"og:title\" content=\"Llegan a Kiev los l\u00edderes de Canad\u00e1, pa\u00edses b\u00e1lticos, pa\u00edses n\u00f3rdicos y Espa\u00f1a - BlogDiario Magazine\" \/>\n<meta property=\"og:description\" content=\"Los l\u00edderes de Canad\u00e1, los Estados b\u00e1lticos, los pa\u00edses n\u00f3rdicos y Espa\u00f1a llegaron a Kiev la ma\u00f1ana del 24 de febrero para conmemorar el tercer aniversario de la invasi\u00f3n rusa a gran escala de Ucrania.\" \/>\n<meta property=\"og:url\" content=\"https:\/\/blogdiario.info\/magazine\/2025\/02\/24\/llegan-a-kiev-los-lideres-de-canada-paises-balticos-paises-nordicos-y-espana\/\" \/>\n<meta property=\"og:site_name\" content=\"BlogDiario Magazine\" \/>\n<meta property=\"article:published_time\" content=\"2025-02-24T11:10:13+00:00\" \/>\n<meta property=\"article:modified_time\" content=\"2025-02-24T11:12:37+00:00\" \/>\n<meta property=\"og:image\" content=\"https:\/\/blogdiario.info\/magazine\/images\/2025\/02\/ucrainaBalt_20250224.jpg\" \/>\n\t<meta property=\"og:image:width\" content=\"600\" \/>\n\t<meta property=\"og:image:height\" content=\"337\" \/>\n\t<meta property=\"og:image:type\" content=\"image\/jpeg\" \/>\n<meta name=\"author\" content=\"World Press Service | Servicio de Prensa Mundial\" \/>\n<meta name=\"twitter:card\" content=\"summary_large_image\" \/>\n<meta name=\"twitter:label1\" content=\"Escrito por\" \/>\n\t<meta name=\"twitter:data1\" content=\"World Press Service | Servicio de Prensa Mundial\" \/>\n\t<meta name=\"twitter:label2\" content=\"Tiempo de lectura\" \/>\n\t<meta name=\"twitter:data2\" content=\"3 minutos\" \/>\n<script type=\"application\/ld+json\" class=\"yoast-schema-graph\">{\"@context\":\"https:\\\/\\\/schema.org\",\"@graph\":[{\"@type\":\"Article\",\"@id\":\"https:\\\/\\\/blogdiario.info\\\/magazine\\\/2025\\\/02\\\/24\\\/llegan-a-kiev-los-lideres-de-canada-paises-balticos-paises-nordicos-y-espana\\\/#article\",\"isPartOf\":{\"@id\":\"https:\\\/\\\/blogdiario.info\\\/magazine\\\/2025\\\/02\\\/24\\\/llegan-a-kiev-los-lideres-de-canada-paises-balticos-paises-nordicos-y-espana\\\/\"},\"author\":{\"name\":\"World Press Service | Servicio de Prensa Mundial\",\"@id\":\"https:\\\/\\\/blogdiario.info\\\/magazine\\\/#\\\/schema\\\/person\\\/b2422fe85574d945bad55513bb0c7354\"},\"headline\":\"Llegan a Kiev los l\u00edderes de Canad\u00e1, pa\u00edses b\u00e1lticos, pa\u00edses n\u00f3rdicos y Espa\u00f1a\",\"datePublished\":\"2025-02-24T11:10:13+00:00\",\"dateModified\":\"2025-02-24T11:12:37+00:00\",\"mainEntityOfPage\":{\"@id\":\"https:\\\/\\\/blogdiario.info\\\/magazine\\\/2025\\\/02\\\/24\\\/llegan-a-kiev-los-lideres-de-canada-paises-balticos-paises-nordicos-y-espana\\\/\"},\"wordCount\":351,\"publisher\":{\"@id\":\"https:\\\/\\\/blogdiario.info\\\/magazine\\\/#organization\"},\"image\":{\"@id\":\"https:\\\/\\\/blogdiario.info\\\/magazine\\\/2025\\\/02\\\/24\\\/llegan-a-kiev-los-lideres-de-canada-paises-balticos-paises-nordicos-y-espana\\\/#primaryimage\"},\"thumbnailUrl\":\"https:\\\/\\\/blogdiario.info\\\/magazine\\\/images\\\/2025\\\/02\\\/ucrainaBalt_20250224.jpg\",\"articleSection\":[\".\",\".\",\"Actualidad\",\"Eurasia\",\"Guerra\",\"Politica\"],\"inLanguage\":\"es-AR\"},{\"@type\":\"WebPage\",\"@id\":\"https:\\\/\\\/blogdiario.info\\\/magazine\\\/2025\\\/02\\\/24\\\/llegan-a-kiev-los-lideres-de-canada-paises-balticos-paises-nordicos-y-espana\\\/\",\"url\":\"https:\\\/\\\/blogdiario.info\\\/magazine\\\/2025\\\/02\\\/24\\\/llegan-a-kiev-los-lideres-de-canada-paises-balticos-paises-nordicos-y-espana\\\/\",\"name\":\"Llegan a Kiev los l\u00edderes de Canad\u00e1, pa\u00edses b\u00e1lticos, pa\u00edses n\u00f3rdicos y Espa\u00f1a - BlogDiario Magazine\",\"isPartOf\":{\"@id\":\"https:\\\/\\\/blogdiario.info\\\/magazine\\\/#website\"},\"primaryImageOfPage\":{\"@id\":\"https:\\\/\\\/blogdiario.info\\\/magazine\\\/2025\\\/02\\\/24\\\/llegan-a-kiev-los-lideres-de-canada-paises-balticos-paises-nordicos-y-espana\\\/#primaryimage\"},\"image\":{\"@id\":\"https:\\\/\\\/blogdiario.info\\\/magazine\\\/2025\\\/02\\\/24\\\/llegan-a-kiev-los-lideres-de-canada-paises-balticos-paises-nordicos-y-espana\\\/#primaryimage\"},\"thumbnailUrl\":\"https:\\\/\\\/blogdiario.info\\\/magazine\\\/images\\\/2025\\\/02\\\/ucrainaBalt_20250224.jpg\",\"datePublished\":\"2025-02-24T11:10:13+00:00\",\"dateModified\":\"2025-02-24T11:12:37+00:00\",\"breadcrumb\":{\"@id\":\"https:\\\/\\\/blogdiario.info\\\/magazine\\\/2025\\\/02\\\/24\\\/llegan-a-kiev-los-lideres-de-canada-paises-balticos-paises-nordicos-y-espana\\\/#breadcrumb\"},\"inLanguage\":\"es-AR\",\"potentialAction\":[{\"@type\":\"ReadAction\",\"target\":[\"https:\\\/\\\/blogdiario.info\\\/magazine\\\/2025\\\/02\\\/24\\\/llegan-a-kiev-los-lideres-de-canada-paises-balticos-paises-nordicos-y-espana\\\/\"]}]},{\"@type\":\"ImageObject\",\"inLanguage\":\"es-AR\",\"@id\":\"https:\\\/\\\/blogdiario.info\\\/magazine\\\/2025\\\/02\\\/24\\\/llegan-a-kiev-los-lideres-de-canada-paises-balticos-paises-nordicos-y-espana\\\/#primaryimage\",\"url\":\"https:\\\/\\\/blogdiario.info\\\/magazine\\\/images\\\/2025\\\/02\\\/ucrainaBalt_20250224.jpg\",\"contentUrl\":\"https:\\\/\\\/blogdiario.info\\\/magazine\\\/images\\\/2025\\\/02\\\/ucrainaBalt_20250224.jpg\",\"width\":600,\"height\":337},{\"@type\":\"BreadcrumbList\",\"@id\":\"https:\\\/\\\/blogdiario.info\\\/magazine\\\/2025\\\/02\\\/24\\\/llegan-a-kiev-los-lideres-de-canada-paises-balticos-paises-nordicos-y-espana\\\/#breadcrumb\",\"itemListElement\":[{\"@type\":\"ListItem\",\"position\":1,\"name\":\"Home\",\"item\":\"https:\\\/\\\/blogdiario.info\\\/magazine\\\/\"},{\"@type\":\"ListItem\",\"position\":2,\"name\":\"Llegan a Kiev los l\u00edderes de Canad\u00e1, pa\u00edses b\u00e1lticos, pa\u00edses n\u00f3rdicos y Espa\u00f1a\"}]},{\"@type\":\"WebSite\",\"@id\":\"https:\\\/\\\/blogdiario.info\\\/magazine\\\/#website\",\"url\":\"https:\\\/\\\/blogdiario.info\\\/magazine\\\/\",\"name\":\"BlogDiario Magazine\",\"description\":\"Suplemento multiling\u00fce de ElCanillita.Info\",\"publisher\":{\"@id\":\"https:\\\/\\\/blogdiario.info\\\/magazine\\\/#organization\"},\"potentialAction\":[{\"@type\":\"SearchAction\",\"target\":{\"@type\":\"EntryPoint\",\"urlTemplate\":\"https:\\\/\\\/blogdiario.info\\\/magazine\\\/?s={search_term_string}\"},\"query-input\":{\"@type\":\"PropertyValueSpecification\",\"valueRequired\":true,\"valueName\":\"search_term_string\"}}],\"inLanguage\":\"es-AR\"},{\"@type\":\"Organization\",\"@id\":\"https:\\\/\\\/blogdiario.info\\\/magazine\\\/#organization\",\"name\":\"Guzzo Photos & Graphic Publications\",\"url\":\"https:\\\/\\\/blogdiario.info\\\/magazine\\\/\",\"logo\":{\"@type\":\"ImageObject\",\"inLanguage\":\"es-AR\",\"@id\":\"https:\\\/\\\/blogdiario.info\\\/magazine\\\/#\\\/schema\\\/logo\\\/image\\\/\",\"url\":\"https:\\\/\\\/blogdiario.info\\\/magazine\\\/images\\\/2020\\\/01\\\/cropped-blogdia_magazine.jpg\",\"contentUrl\":\"https:\\\/\\\/blogdiario.info\\\/magazine\\\/images\\\/2020\\\/01\\\/cropped-blogdia_magazine.jpg\",\"width\":589,\"height\":55,\"caption\":\"Guzzo Photos & Graphic Publications\"},\"image\":{\"@id\":\"https:\\\/\\\/blogdiario.info\\\/magazine\\\/#\\\/schema\\\/logo\\\/image\\\/\"}},{\"@type\":\"Person\",\"@id\":\"https:\\\/\\\/blogdiario.info\\\/magazine\\\/#\\\/schema\\\/person\\\/b2422fe85574d945bad55513bb0c7354\",\"name\":\"World Press Service | Servicio de Prensa Mundial\"}]}<\/script>\n<!-- \/ Yoast SEO plugin. -->","yoast_head_json":{"title":"Llegan a Kiev los l\u00edderes de Canad\u00e1, pa\u00edses b\u00e1lticos, pa\u00edses n\u00f3rdicos y Espa\u00f1a - BlogDiario Magazine","robots":{"index":"index","follow":"follow","max-snippet":"max-snippet:-1","max-image-preview":"max-image-preview:large","max-video-preview":"max-video-preview:-1"},"canonical":"https:\/\/blogdiario.info\/magazine\/2025\/02\/24\/llegan-a-kiev-los-lideres-de-canada-paises-balticos-paises-nordicos-y-espana\/","og_locale":"es_ES","og_type":"article","og_title":"Llegan a Kiev los l\u00edderes de Canad\u00e1, pa\u00edses b\u00e1lticos, pa\u00edses n\u00f3rdicos y Espa\u00f1a - BlogDiario Magazine","og_description":"Los l\u00edderes de Canad\u00e1, los Estados b\u00e1lticos, los pa\u00edses n\u00f3rdicos y Espa\u00f1a llegaron a Kiev la ma\u00f1ana del 24 de febrero para conmemorar el tercer aniversario de la invasi\u00f3n rusa a gran escala de Ucrania.","og_url":"https:\/\/blogdiario.info\/magazine\/2025\/02\/24\/llegan-a-kiev-los-lideres-de-canada-paises-balticos-paises-nordicos-y-espana\/","og_site_name":"BlogDiario Magazine","article_published_time":"2025-02-24T11:10:13+00:00","article_modified_time":"2025-02-24T11:12:37+00:00","og_image":[{"width":600,"height":337,"url":"https:\/\/blogdiario.info\/magazine\/images\/2025\/02\/ucrainaBalt_20250224.jpg","type":"image\/jpeg"}],"author":"World Press Service | Servicio de Prensa Mundial","twitter_card":"summary_large_image","twitter_misc":{"Escrito por":"World Press Service | Servicio de Prensa Mundial","Tiempo de lectura":"3 minutos"},"schema":{"@context":"https:\/\/schema.org","@graph":[{"@type":"Article","@id":"https:\/\/blogdiario.info\/magazine\/2025\/02\/24\/llegan-a-kiev-los-lideres-de-canada-paises-balticos-paises-nordicos-y-espana\/#article","isPartOf":{"@id":"https:\/\/blogdiario.info\/magazine\/2025\/02\/24\/llegan-a-kiev-los-lideres-de-canada-paises-balticos-paises-nordicos-y-espana\/"},"author":{"name":"World Press Service | Servicio de Prensa Mundial","@id":"https:\/\/blogdiario.info\/magazine\/#\/schema\/person\/b2422fe85574d945bad55513bb0c7354"},"headline":"Llegan a Kiev los l\u00edderes de Canad\u00e1, pa\u00edses b\u00e1lticos, pa\u00edses n\u00f3rdicos y Espa\u00f1a","datePublished":"2025-02-24T11:10:13+00:00","dateModified":"2025-02-24T11:12:37+00:00","mainEntityOfPage":{"@id":"https:\/\/blogdiario.info\/magazine\/2025\/02\/24\/llegan-a-kiev-los-lideres-de-canada-paises-balticos-paises-nordicos-y-espana\/"},"wordCount":351,"publisher":{"@id":"https:\/\/blogdiario.info\/magazine\/#organization"},"image":{"@id":"https:\/\/blogdiario.info\/magazine\/2025\/02\/24\/llegan-a-kiev-los-lideres-de-canada-paises-balticos-paises-nordicos-y-espana\/#primaryimage"},"thumbnailUrl":"https:\/\/blogdiario.info\/magazine\/images\/2025\/02\/ucrainaBalt_20250224.jpg","articleSection":[".",".","Actualidad","Eurasia","Guerra","Politica"],"inLanguage":"es-AR"},{"@type":"WebPage","@id":"https:\/\/blogdiario.info\/magazine\/2025\/02\/24\/llegan-a-kiev-los-lideres-de-canada-paises-balticos-paises-nordicos-y-espana\/","url":"https:\/\/blogdiario.info\/magazine\/2025\/02\/24\/llegan-a-kiev-los-lideres-de-canada-paises-balticos-paises-nordicos-y-espana\/","name":"Llegan a Kiev los l\u00edderes de Canad\u00e1, pa\u00edses b\u00e1lticos, pa\u00edses n\u00f3rdicos y Espa\u00f1a - BlogDiario Magazine","isPartOf":{"@id":"https:\/\/blogdiario.info\/magazine\/#website"},"primaryImageOfPage":{"@id":"https:\/\/blogdiario.info\/magazine\/2025\/02\/24\/llegan-a-kiev-los-lideres-de-canada-paises-balticos-paises-nordicos-y-espana\/#primaryimage"},"image":{"@id":"https:\/\/blogdiario.info\/magazine\/2025\/02\/24\/llegan-a-kiev-los-lideres-de-canada-paises-balticos-paises-nordicos-y-espana\/#primaryimage"},"thumbnailUrl":"https:\/\/blogdiario.info\/magazine\/images\/2025\/02\/ucrainaBalt_20250224.jpg","datePublished":"2025-02-24T11:10:13+00:00","dateModified":"2025-02-24T11:12:37+00:00","breadcrumb":{"@id":"https:\/\/blogdiario.info\/magazine\/2025\/02\/24\/llegan-a-kiev-los-lideres-de-canada-paises-balticos-paises-nordicos-y-espana\/#breadcrumb"},"inLanguage":"es-AR","potentialAction":[{"@type":"ReadAction","target":["https:\/\/blogdiario.info\/magazine\/2025\/02\/24\/llegan-a-kiev-los-lideres-de-canada-paises-balticos-paises-nordicos-y-espana\/"]}]},{"@type":"ImageObject","inLanguage":"es-AR","@id":"https:\/\/blogdiario.info\/magazine\/2025\/02\/24\/llegan-a-kiev-los-lideres-de-canada-paises-balticos-paises-nordicos-y-espana\/#primaryimage","url":"https:\/\/blogdiario.info\/magazine\/images\/2025\/02\/ucrainaBalt_20250224.jpg","contentUrl":"https:\/\/blogdiario.info\/magazine\/images\/2025\/02\/ucrainaBalt_20250224.jpg","width":600,"height":337},{"@type":"BreadcrumbList","@id":"https:\/\/blogdiario.info\/magazine\/2025\/02\/24\/llegan-a-kiev-los-lideres-de-canada-paises-balticos-paises-nordicos-y-espana\/#breadcrumb","itemListElement":[{"@type":"ListItem","position":1,"name":"Home","item":"https:\/\/blogdiario.info\/magazine\/"},{"@type":"ListItem","position":2,"name":"Llegan a Kiev los l\u00edderes de Canad\u00e1, pa\u00edses b\u00e1lticos, pa\u00edses n\u00f3rdicos y Espa\u00f1a"}]},{"@type":"WebSite","@id":"https:\/\/blogdiario.info\/magazine\/#website","url":"https:\/\/blogdiario.info\/magazine\/","name":"BlogDiario Magazine","description":"Suplemento multiling\u00fce de ElCanillita.Info","publisher":{"@id":"https:\/\/blogdiario.info\/magazine\/#organization"},"potentialAction":[{"@type":"SearchAction","target":{"@type":"EntryPoint","urlTemplate":"https:\/\/blogdiario.info\/magazine\/?s={search_term_string}"},"query-input":{"@type":"PropertyValueSpecification","valueRequired":true,"valueName":"search_term_string"}}],"inLanguage":"es-AR"},{"@type":"Organization","@id":"https:\/\/blogdiario.info\/magazine\/#organization","name":"Guzzo Photos & Graphic Publications","url":"https:\/\/blogdiario.info\/magazine\/","logo":{"@type":"ImageObject","inLanguage":"es-AR","@id":"https:\/\/blogdiario.info\/magazine\/#\/schema\/logo\/image\/","url":"https:\/\/blogdiario.info\/magazine\/images\/2020\/01\/cropped-blogdia_magazine.jpg","contentUrl":"https:\/\/blogdiario.info\/magazine\/images\/2020\/01\/cropped-blogdia_magazine.jpg","width":589,"height":55,"caption":"Guzzo Photos & Graphic Publications"},"image":{"@id":"https:\/\/blogdiario.info\/magazine\/#\/schema\/logo\/image\/"}},{"@type":"Person","@id":"https:\/\/blogdiario.info\/magazine\/#\/schema\/person\/b2422fe85574d945bad55513bb0c7354","name":"World Press Service | Servicio de Prensa Mundial"}]}},"views":525,"_links":{"self":[{"href":"https:\/\/blogdiario.info\/magazine\/wp-json\/wp\/v2\/posts\/1498","targetHints":{"allow":["GET"]}}],"collection":[{"href":"https:\/\/blogdiario.info\/magazine\/wp-json\/wp\/v2\/posts"}],"about":[{"href":"https:\/\/blogdiario.info\/magazine\/wp-json\/wp\/v2\/types\/post"}],"author":[{"embeddable":true,"href":"https:\/\/blogdiario.info\/magazine\/wp-json\/wp\/v2\/users\/1"}],"replies":[{"embeddable":true,"href":"https:\/\/blogdiario.info\/magazine\/wp-json\/wp\/v2\/comments?post=1498"}],"version-history":[{"count":0,"href":"https:\/\/blogdiario.info\/magazine\/wp-json\/wp\/v2\/posts\/1498\/revisions"}],"wp:featuredmedia":[{"embeddable":true,"href":"https:\/\/blogdiario.info\/magazine\/wp-json\/wp\/v2\/media\/1499"}],"wp:attachment":[{"href":"https:\/\/blogdiario.info\/magazine\/wp-json\/wp\/v2\/media?parent=1498"}],"wp:term":[{"taxonomy":"category","embeddable":true,"href":"https:\/\/blogdiario.info\/magazine\/wp-json\/wp\/v2\/categories?post=1498"},{"taxonomy":"post_tag","embeddable":true,"href":"https:\/\/blogdiario.info\/magazine\/wp-json\/wp\/v2\/tags?post=1498"}],"curies":[{"name":"wp","href":"https:\/\/api.w.org\/{rel}","templated":true}]}}