{"id":1485,"date":"2025-02-19T12:56:32","date_gmt":"2025-02-19T11:56:32","guid":{"rendered":"https:\/\/blogdiario.info\/magazine\/?p=1485"},"modified":"2025-02-19T12:56:34","modified_gmt":"2025-02-19T11:56:34","slug":"ministro-argentino-elogia-a-margaret-thatcher-como-inspiradora","status":"publish","type":"post","link":"https:\/\/blogdiario.info\/magazine\/2025\/02\/19\/ministro-argentino-elogia-a-margaret-thatcher-como-inspiradora\/","title":{"rendered":"Ministro argentino elogia a Margaret Thatcher como \u201cinspiradora\u201d"},"content":{"rendered":"\n<figure class=\"wp-block-image size-full\"><img loading=\"lazy\" decoding=\"async\" width=\"600\" height=\"375\" src=\"https:\/\/blogdiario.info\/magazine\/images\/2025\/02\/tach_20150219.jpg\" alt=\"\" class=\"wp-image-1486\" srcset=\"https:\/\/blogdiario.info\/magazine\/images\/2025\/02\/tach_20150219.jpg 600w, https:\/\/blogdiario.info\/magazine\/images\/2025\/02\/tach_20150219-300x188.jpg 300w\" sizes=\"auto, (max-width: 600px) 100vw, 600px\" \/><\/figure>\n\n\n\n<p><small><strong>BlogDiario.info, 19\/02\/2025<\/strong><\/small><br>Argentina ha calificado a Margaret Thatcher como \u201cinspiradora\u201d, ya que el gobierno libertario de Javier Milei volvi\u00f3 a elogiar a la primera ministra que llev\u00f3 a Gran Breta\u00f1a a la victoria en la Guerra de las Malvinas.<\/p>\n\n\n\n<p>Federico Sturzenegger, el ministro de desregulaci\u00f3n que redujo la burocracia, describi\u00f3 a Thatcher como una \u201cluchadora\u201d que provoc\u00f3 una \u201ctransformaci\u00f3n tremendamente positiva\u201d para el Reino Unido en la d\u00e9cada de 1980.<\/p>\n\n\n\n<p>Revel\u00f3 que la administraci\u00f3n de Milei, que fue elegida con el mandato de controlar el gasto p\u00fablico y reducir la burocracia, ve a la Dama de Hierro como un modelo a seguir por sus reformas.<\/p>\n\n\n\n<p>Sturzenegger, que se autodenominaba el \u201cfontanero de la libertad\u201d, dijo al podcast Politico Power Play: \u201cAprendimos del Reino Unido. Las reformas que el Reino Unido llev\u00f3 a cabo en los a\u00f1os 80 nos resultaron muy inspiradoras.<\/p>\n\n\n\n<p>\u201cMargaret Thatcher era una luchadora, era muy consciente de su papel.<\/p>\n\n\n\n<p>\u201cElla hizo una transformaci\u00f3n tremendamente positiva para el Reino Unido y creo que Milei tiene un poco ese estilo: alguien a quien le gusta debatir, a quien le gusta impulsar sus ideas con mucha fuerza, as\u00ed que ciertamente creo que hay un modelo para nosotros\u201d.<\/p>\n\n\n\n<p>El Ministerio de Desregulaci\u00f3n y Regulaci\u00f3n del Estado de Argentina fue creado el verano pasado para encabezar algunos de los ataques m\u00e1s agresivos de la historia argentina contra el despilfarro del sector p\u00fablico.<\/p>\n\n\n\n<p>El presidente argentino, el primer l\u00edder mundial en reunirse con Donald Trump despu\u00e9s de su victoria electoral, ha destacado el parecido del departamento con Doge, el organismo dirigido por Elon Musk destinado a maximizar la eficiencia del gobierno estadounidense.<\/p>\n\n\n\n<p>Se dice que Sturzenegger guarda una copia de la biograf\u00eda de Musk en su escritorio en la sede de su ministerio en Buenos Aires.<\/p>\n\n\n\n<p>El se\u00f1or Milei ya hab\u00eda provocado la ira en Argentina por sus elogios a la se\u00f1ora Thatcher, a la que describi\u00f3 como \u201cuna de las grandes l\u00edderes de la humanidad\u201d en 2023.<\/p>\n\n\n\n<p>El presidente tambi\u00e9n ha desviado las preguntas sobre la cuesti\u00f3n de qui\u00e9n deber\u00eda gobernar las Malvinas, diciendo que el patriotismo \u201cgolpe\u00e1ndose el pecho\u201d no convencer\u00eda a los habitantes de las islas y que ser\u00eda mejor hacer esfuerzos para hacer de Argentina una propuesta m\u00e1s atractiva.<\/p>\n\n\n\n<p>\u201c\u00bfDe verdad van a obligar a los isle\u00f1os a convertirse en argentinos, empobrecerlos y arrastrarlos a la miseria?\u201d, dijo el se\u00f1or Milei.<br> <br>El se\u00f1or Sturzenegger, ex presidente del banco central y economista de Harvard, dijo que el gobierno hab\u00eda heredado un \u201cl\u00edo macroecon\u00f3mico\u201d de un alto d\u00e9ficit, una inflaci\u00f3n galopante, un crecimiento estancado y una moneda depreciada.<\/p>\n\n\n\n<p>El se\u00f1or Milei hab\u00eda iniciado su mandato haciendo retroceder el Estado y aprobando reformas econ\u00f3micas radicales, a\u00f1adi\u00f3.<\/p>\n\n\n\n<p>\u201cNo se imaginan cu\u00e1ntas veces descubrimos que en realidad no hay necesidad de que el gobierno se involucre en tal o cual \u00e1rea y simplemente descartamos todo el asunto\u201d, dijo.<\/p>\n\n\n\n<p>Milei alcanz\u00f3 notoriedad mundial en 2023 despu\u00e9s de publicar un video de \u00e9l mismo arrancando de una pizarra los nombres de las agencias gubernamentales consideradas excedentes, como el Ministerio de la Mujer, el G\u00e9nero y la Diversidad, mientras gritaba \u201cafuera\u201d.<\/p>\n\n\n\n<p>Se dice que es un admirador de Friedrich Hayek, el economista austro-brit\u00e1nico que expuso los peligros de la planificaci\u00f3n econ\u00f3mica dirigida por el Estado en&#8221;El camino de servidumbre&#8221; en 1944.<\/p>\n\n\n\n<p>Desde que asumi\u00f3 el cargo, Milei ha eliminado 35.000 puestos de trabajo en el sector p\u00fablico e introducido controles estrictos para frenar la devaluaci\u00f3n del peso, con la esperanza de que Argentina pueda mantener la competitividad a trav\u00e9s de la desregulaci\u00f3n, la reducci\u00f3n de los impuestos y los costos de endeudamiento corporativo.<\/p>\n\n\n\n<p>Los cr\u00edticos dijeron que las reformas radicales de Milei llevaron a un marcado aumento de la tasa de pobreza en la primera mitad de 2024, que disminuy\u00f3 en la segunda mitad del a\u00f1o, pero sus m\u00e9todos parecen haber tenido cierto \u00e9xito.<\/p>\n\n\n\n<p>Argentina est\u00e1 recaudando m\u00e1s impuestos de los que gasta, la inflaci\u00f3n se ha controlado un poco y la deuda est\u00e1 cayendo.<\/p>\n\n\n\n<p>La inflaci\u00f3n ha ca\u00eddo de un aumento mensual del 25 por ciento en enero de 2024 a un poco m\u00e1s del 2 por ciento mensual, y los aumentos de precios cayeron de un pico de casi el 300 por ciento anual a alrededor del 119 por ciento.<\/p>\n\n\n\n<p>El Banco Mundial pronostic\u00f3 que la econom\u00eda de Argentina crecer\u00e1 un 5 por ciento en 2025, despu\u00e9s de contraerse un 3,4 por ciento en la primera mitad de 2024.<\/p>\n\n\n\n<p>Sturzenegger dijo que un &#8220;auge de los productos energ\u00e9ticos&#8221; impulsar\u00eda a Argentina a abrir su econom\u00eda y mantener su inflaci\u00f3n bajo control.<\/p>\n\n\n\n<p>Argentina es el segundo mayor productor de gas de esquisto del mundo, despu\u00e9s de Estados Unidos, y es el cuarto mayor productor mundial de litio.<\/p>\n\n\n\n<p>El ministro de desregulaci\u00f3n dijo que Argentina no debe perder tiempo en explotar sus recursos naturales.<\/p>\n\n\n\n<p>\u201cEl mundo est\u00e1 muy din\u00e1mico, no queremos dejar esos recursos bajo tierra\u201d, dijo, y agreg\u00f3: \u201cNecesitamos abrir la econom\u00eda para que el peso no se fortalezca tanto\u201d.<br><br><small>Copyright \u00a9 2025 SalaStampa.Eu &#8211; servicio mundial de prensa . Edited by Guzzo Photos &amp; Graphic Publications, Registro Editori e Stampatori n. 1441 Torino, Italia &#8211; Copyright \u00a9 1995-2025 Reprinted by ElCanillita.info \/ BlogDiario.info<\/small><\/p>\n","protected":false},"excerpt":{"rendered":"<p>Federico Sturzenegger describe a la primera ministra durante la Guerra de las Malvinas como una \u201cluchadora\u201d y un modelo para las reformas que su pa\u00eds est\u00e1 implementando<\/p>\n","protected":false},"author":1,"featured_media":1487,"comment_status":"closed","ping_status":"closed","sticky":false,"template":"","format":"standard","meta":{"footnotes":"","_links_to":"","_links_to_target":""},"categories":[109,97,62,51,124,134,138],"tags":[23,86],"class_list":["post-1485","post","type-post","status-publish","format-standard","has-post-thumbnail","hentry","category-dc24","category-elcanillita","category-actualidad","category-america-del-sud","category-diplomacia","category-politicas-globales","category-reino-unido","tag-argentina","tag-regno-unito","entry","rows"],"yoast_head":"<!-- This site is optimized with the Yoast SEO plugin v27.4 - https:\/\/yoast.com\/product\/yoast-seo-wordpress\/ -->\n<title>Ministro argentino elogia a Margaret Thatcher como \u201cinspiradora\u201d - BlogDiario Magazine<\/title>\n<meta name=\"robots\" content=\"index, follow, max-snippet:-1, max-image-preview:large, max-video-preview:-1\" \/>\n<link rel=\"canonical\" href=\"https:\/\/blogdiario.info\/magazine\/2025\/02\/19\/ministro-argentino-elogia-a-margaret-thatcher-como-inspiradora\/\" \/>\n<meta property=\"og:locale\" content=\"es_ES\" \/>\n<meta property=\"og:type\" content=\"article\" \/>\n<meta property=\"og:title\" content=\"Ministro argentino elogia a Margaret Thatcher como \u201cinspiradora\u201d - BlogDiario Magazine\" \/>\n<meta property=\"og:description\" content=\"Federico Sturzenegger describe a la primera ministra durante la Guerra de las Malvinas como una \u201cluchadora\u201d y un modelo para las reformas que su pa\u00eds est\u00e1 implementando\" \/>\n<meta property=\"og:url\" content=\"https:\/\/blogdiario.info\/magazine\/2025\/02\/19\/ministro-argentino-elogia-a-margaret-thatcher-como-inspiradora\/\" \/>\n<meta property=\"og:site_name\" content=\"BlogDiario Magazine\" \/>\n<meta property=\"article:published_time\" content=\"2025-02-19T11:56:32+00:00\" \/>\n<meta property=\"article:modified_time\" content=\"2025-02-19T11:56:34+00:00\" \/>\n<meta property=\"og:image\" content=\"https:\/\/blogdiario.info\/magazine\/images\/2025\/02\/tach_2_20150219.jpg\" \/>\n\t<meta property=\"og:image:width\" content=\"600\" \/>\n\t<meta property=\"og:image:height\" content=\"373\" \/>\n\t<meta property=\"og:image:type\" content=\"image\/jpeg\" \/>\n<meta name=\"author\" content=\"World Press Service | Servicio de Prensa Mundial\" \/>\n<meta name=\"twitter:card\" content=\"summary_large_image\" \/>\n<meta name=\"twitter:label1\" content=\"Escrito por\" \/>\n\t<meta name=\"twitter:data1\" content=\"World Press Service | Servicio de Prensa Mundial\" \/>\n\t<meta name=\"twitter:label2\" content=\"Tiempo de lectura\" \/>\n\t<meta name=\"twitter:data2\" content=\"5 minutos\" \/>\n<script type=\"application\/ld+json\" class=\"yoast-schema-graph\">{\"@context\":\"https:\\\/\\\/schema.org\",\"@graph\":[{\"@type\":\"Article\",\"@id\":\"https:\\\/\\\/blogdiario.info\\\/magazine\\\/2025\\\/02\\\/19\\\/ministro-argentino-elogia-a-margaret-thatcher-como-inspiradora\\\/#article\",\"isPartOf\":{\"@id\":\"https:\\\/\\\/blogdiario.info\\\/magazine\\\/2025\\\/02\\\/19\\\/ministro-argentino-elogia-a-margaret-thatcher-como-inspiradora\\\/\"},\"author\":{\"name\":\"World Press Service | Servicio de Prensa Mundial\",\"@id\":\"https:\\\/\\\/blogdiario.info\\\/magazine\\\/#\\\/schema\\\/person\\\/b2422fe85574d945bad55513bb0c7354\"},\"headline\":\"Ministro argentino elogia a Margaret Thatcher como \u201cinspiradora\u201d\",\"datePublished\":\"2025-02-19T11:56:32+00:00\",\"dateModified\":\"2025-02-19T11:56:34+00:00\",\"mainEntityOfPage\":{\"@id\":\"https:\\\/\\\/blogdiario.info\\\/magazine\\\/2025\\\/02\\\/19\\\/ministro-argentino-elogia-a-margaret-thatcher-como-inspiradora\\\/\"},\"wordCount\":916,\"publisher\":{\"@id\":\"https:\\\/\\\/blogdiario.info\\\/magazine\\\/#organization\"},\"image\":{\"@id\":\"https:\\\/\\\/blogdiario.info\\\/magazine\\\/2025\\\/02\\\/19\\\/ministro-argentino-elogia-a-margaret-thatcher-como-inspiradora\\\/#primaryimage\"},\"thumbnailUrl\":\"https:\\\/\\\/blogdiario.info\\\/magazine\\\/images\\\/2025\\\/02\\\/tach_2_20150219.jpg\",\"keywords\":[\"Argentina\",\"Regno Unito\"],\"articleSection\":[\".\",\".\",\"Actualidad\",\"America del Sud\",\"Diplomacia\",\"Pol\u00edticas globales\",\"Reino Unido\"],\"inLanguage\":\"es-AR\"},{\"@type\":\"WebPage\",\"@id\":\"https:\\\/\\\/blogdiario.info\\\/magazine\\\/2025\\\/02\\\/19\\\/ministro-argentino-elogia-a-margaret-thatcher-como-inspiradora\\\/\",\"url\":\"https:\\\/\\\/blogdiario.info\\\/magazine\\\/2025\\\/02\\\/19\\\/ministro-argentino-elogia-a-margaret-thatcher-como-inspiradora\\\/\",\"name\":\"Ministro argentino elogia a Margaret Thatcher como \u201cinspiradora\u201d - BlogDiario Magazine\",\"isPartOf\":{\"@id\":\"https:\\\/\\\/blogdiario.info\\\/magazine\\\/#website\"},\"primaryImageOfPage\":{\"@id\":\"https:\\\/\\\/blogdiario.info\\\/magazine\\\/2025\\\/02\\\/19\\\/ministro-argentino-elogia-a-margaret-thatcher-como-inspiradora\\\/#primaryimage\"},\"image\":{\"@id\":\"https:\\\/\\\/blogdiario.info\\\/magazine\\\/2025\\\/02\\\/19\\\/ministro-argentino-elogia-a-margaret-thatcher-como-inspiradora\\\/#primaryimage\"},\"thumbnailUrl\":\"https:\\\/\\\/blogdiario.info\\\/magazine\\\/images\\\/2025\\\/02\\\/tach_2_20150219.jpg\",\"datePublished\":\"2025-02-19T11:56:32+00:00\",\"dateModified\":\"2025-02-19T11:56:34+00:00\",\"breadcrumb\":{\"@id\":\"https:\\\/\\\/blogdiario.info\\\/magazine\\\/2025\\\/02\\\/19\\\/ministro-argentino-elogia-a-margaret-thatcher-como-inspiradora\\\/#breadcrumb\"},\"inLanguage\":\"es-AR\",\"potentialAction\":[{\"@type\":\"ReadAction\",\"target\":[\"https:\\\/\\\/blogdiario.info\\\/magazine\\\/2025\\\/02\\\/19\\\/ministro-argentino-elogia-a-margaret-thatcher-como-inspiradora\\\/\"]}]},{\"@type\":\"ImageObject\",\"inLanguage\":\"es-AR\",\"@id\":\"https:\\\/\\\/blogdiario.info\\\/magazine\\\/2025\\\/02\\\/19\\\/ministro-argentino-elogia-a-margaret-thatcher-como-inspiradora\\\/#primaryimage\",\"url\":\"https:\\\/\\\/blogdiario.info\\\/magazine\\\/images\\\/2025\\\/02\\\/tach_2_20150219.jpg\",\"contentUrl\":\"https:\\\/\\\/blogdiario.info\\\/magazine\\\/images\\\/2025\\\/02\\\/tach_2_20150219.jpg\",\"width\":600,\"height\":373},{\"@type\":\"BreadcrumbList\",\"@id\":\"https:\\\/\\\/blogdiario.info\\\/magazine\\\/2025\\\/02\\\/19\\\/ministro-argentino-elogia-a-margaret-thatcher-como-inspiradora\\\/#breadcrumb\",\"itemListElement\":[{\"@type\":\"ListItem\",\"position\":1,\"name\":\"Home\",\"item\":\"https:\\\/\\\/blogdiario.info\\\/magazine\\\/\"},{\"@type\":\"ListItem\",\"position\":2,\"name\":\"Ministro argentino elogia a Margaret Thatcher como \u201cinspiradora\u201d\"}]},{\"@type\":\"WebSite\",\"@id\":\"https:\\\/\\\/blogdiario.info\\\/magazine\\\/#website\",\"url\":\"https:\\\/\\\/blogdiario.info\\\/magazine\\\/\",\"name\":\"BlogDiario Magazine\",\"description\":\"Suplemento multiling\u00fce de ElCanillita.Info\",\"publisher\":{\"@id\":\"https:\\\/\\\/blogdiario.info\\\/magazine\\\/#organization\"},\"potentialAction\":[{\"@type\":\"SearchAction\",\"target\":{\"@type\":\"EntryPoint\",\"urlTemplate\":\"https:\\\/\\\/blogdiario.info\\\/magazine\\\/?s={search_term_string}\"},\"query-input\":{\"@type\":\"PropertyValueSpecification\",\"valueRequired\":true,\"valueName\":\"search_term_string\"}}],\"inLanguage\":\"es-AR\"},{\"@type\":\"Organization\",\"@id\":\"https:\\\/\\\/blogdiario.info\\\/magazine\\\/#organization\",\"name\":\"Guzzo Photos & Graphic Publications\",\"url\":\"https:\\\/\\\/blogdiario.info\\\/magazine\\\/\",\"logo\":{\"@type\":\"ImageObject\",\"inLanguage\":\"es-AR\",\"@id\":\"https:\\\/\\\/blogdiario.info\\\/magazine\\\/#\\\/schema\\\/logo\\\/image\\\/\",\"url\":\"https:\\\/\\\/blogdiario.info\\\/magazine\\\/images\\\/2020\\\/01\\\/cropped-blogdia_magazine.jpg\",\"contentUrl\":\"https:\\\/\\\/blogdiario.info\\\/magazine\\\/images\\\/2020\\\/01\\\/cropped-blogdia_magazine.jpg\",\"width\":589,\"height\":55,\"caption\":\"Guzzo Photos & Graphic Publications\"},\"image\":{\"@id\":\"https:\\\/\\\/blogdiario.info\\\/magazine\\\/#\\\/schema\\\/logo\\\/image\\\/\"}},{\"@type\":\"Person\",\"@id\":\"https:\\\/\\\/blogdiario.info\\\/magazine\\\/#\\\/schema\\\/person\\\/b2422fe85574d945bad55513bb0c7354\",\"name\":\"World Press Service | Servicio de Prensa Mundial\"}]}<\/script>\n<!-- \/ Yoast SEO plugin. -->","yoast_head_json":{"title":"Ministro argentino elogia a Margaret Thatcher como \u201cinspiradora\u201d - BlogDiario Magazine","robots":{"index":"index","follow":"follow","max-snippet":"max-snippet:-1","max-image-preview":"max-image-preview:large","max-video-preview":"max-video-preview:-1"},"canonical":"https:\/\/blogdiario.info\/magazine\/2025\/02\/19\/ministro-argentino-elogia-a-margaret-thatcher-como-inspiradora\/","og_locale":"es_ES","og_type":"article","og_title":"Ministro argentino elogia a Margaret Thatcher como \u201cinspiradora\u201d - BlogDiario Magazine","og_description":"Federico Sturzenegger describe a la primera ministra durante la Guerra de las Malvinas como una \u201cluchadora\u201d y un modelo para las reformas que su pa\u00eds est\u00e1 implementando","og_url":"https:\/\/blogdiario.info\/magazine\/2025\/02\/19\/ministro-argentino-elogia-a-margaret-thatcher-como-inspiradora\/","og_site_name":"BlogDiario Magazine","article_published_time":"2025-02-19T11:56:32+00:00","article_modified_time":"2025-02-19T11:56:34+00:00","og_image":[{"width":600,"height":373,"url":"https:\/\/blogdiario.info\/magazine\/images\/2025\/02\/tach_2_20150219.jpg","type":"image\/jpeg"}],"author":"World Press Service | Servicio de Prensa Mundial","twitter_card":"summary_large_image","twitter_misc":{"Escrito por":"World Press Service | Servicio de Prensa Mundial","Tiempo de lectura":"5 minutos"},"schema":{"@context":"https:\/\/schema.org","@graph":[{"@type":"Article","@id":"https:\/\/blogdiario.info\/magazine\/2025\/02\/19\/ministro-argentino-elogia-a-margaret-thatcher-como-inspiradora\/#article","isPartOf":{"@id":"https:\/\/blogdiario.info\/magazine\/2025\/02\/19\/ministro-argentino-elogia-a-margaret-thatcher-como-inspiradora\/"},"author":{"name":"World Press Service | Servicio de Prensa Mundial","@id":"https:\/\/blogdiario.info\/magazine\/#\/schema\/person\/b2422fe85574d945bad55513bb0c7354"},"headline":"Ministro argentino elogia a Margaret Thatcher como \u201cinspiradora\u201d","datePublished":"2025-02-19T11:56:32+00:00","dateModified":"2025-02-19T11:56:34+00:00","mainEntityOfPage":{"@id":"https:\/\/blogdiario.info\/magazine\/2025\/02\/19\/ministro-argentino-elogia-a-margaret-thatcher-como-inspiradora\/"},"wordCount":916,"publisher":{"@id":"https:\/\/blogdiario.info\/magazine\/#organization"},"image":{"@id":"https:\/\/blogdiario.info\/magazine\/2025\/02\/19\/ministro-argentino-elogia-a-margaret-thatcher-como-inspiradora\/#primaryimage"},"thumbnailUrl":"https:\/\/blogdiario.info\/magazine\/images\/2025\/02\/tach_2_20150219.jpg","keywords":["Argentina","Regno Unito"],"articleSection":[".",".","Actualidad","America del Sud","Diplomacia","Pol\u00edticas globales","Reino Unido"],"inLanguage":"es-AR"},{"@type":"WebPage","@id":"https:\/\/blogdiario.info\/magazine\/2025\/02\/19\/ministro-argentino-elogia-a-margaret-thatcher-como-inspiradora\/","url":"https:\/\/blogdiario.info\/magazine\/2025\/02\/19\/ministro-argentino-elogia-a-margaret-thatcher-como-inspiradora\/","name":"Ministro argentino elogia a Margaret Thatcher como \u201cinspiradora\u201d - BlogDiario Magazine","isPartOf":{"@id":"https:\/\/blogdiario.info\/magazine\/#website"},"primaryImageOfPage":{"@id":"https:\/\/blogdiario.info\/magazine\/2025\/02\/19\/ministro-argentino-elogia-a-margaret-thatcher-como-inspiradora\/#primaryimage"},"image":{"@id":"https:\/\/blogdiario.info\/magazine\/2025\/02\/19\/ministro-argentino-elogia-a-margaret-thatcher-como-inspiradora\/#primaryimage"},"thumbnailUrl":"https:\/\/blogdiario.info\/magazine\/images\/2025\/02\/tach_2_20150219.jpg","datePublished":"2025-02-19T11:56:32+00:00","dateModified":"2025-02-19T11:56:34+00:00","breadcrumb":{"@id":"https:\/\/blogdiario.info\/magazine\/2025\/02\/19\/ministro-argentino-elogia-a-margaret-thatcher-como-inspiradora\/#breadcrumb"},"inLanguage":"es-AR","potentialAction":[{"@type":"ReadAction","target":["https:\/\/blogdiario.info\/magazine\/2025\/02\/19\/ministro-argentino-elogia-a-margaret-thatcher-como-inspiradora\/"]}]},{"@type":"ImageObject","inLanguage":"es-AR","@id":"https:\/\/blogdiario.info\/magazine\/2025\/02\/19\/ministro-argentino-elogia-a-margaret-thatcher-como-inspiradora\/#primaryimage","url":"https:\/\/blogdiario.info\/magazine\/images\/2025\/02\/tach_2_20150219.jpg","contentUrl":"https:\/\/blogdiario.info\/magazine\/images\/2025\/02\/tach_2_20150219.jpg","width":600,"height":373},{"@type":"BreadcrumbList","@id":"https:\/\/blogdiario.info\/magazine\/2025\/02\/19\/ministro-argentino-elogia-a-margaret-thatcher-como-inspiradora\/#breadcrumb","itemListElement":[{"@type":"ListItem","position":1,"name":"Home","item":"https:\/\/blogdiario.info\/magazine\/"},{"@type":"ListItem","position":2,"name":"Ministro argentino elogia a Margaret Thatcher como \u201cinspiradora\u201d"}]},{"@type":"WebSite","@id":"https:\/\/blogdiario.info\/magazine\/#website","url":"https:\/\/blogdiario.info\/magazine\/","name":"BlogDiario Magazine","description":"Suplemento multiling\u00fce de ElCanillita.Info","publisher":{"@id":"https:\/\/blogdiario.info\/magazine\/#organization"},"potentialAction":[{"@type":"SearchAction","target":{"@type":"EntryPoint","urlTemplate":"https:\/\/blogdiario.info\/magazine\/?s={search_term_string}"},"query-input":{"@type":"PropertyValueSpecification","valueRequired":true,"valueName":"search_term_string"}}],"inLanguage":"es-AR"},{"@type":"Organization","@id":"https:\/\/blogdiario.info\/magazine\/#organization","name":"Guzzo Photos & Graphic Publications","url":"https:\/\/blogdiario.info\/magazine\/","logo":{"@type":"ImageObject","inLanguage":"es-AR","@id":"https:\/\/blogdiario.info\/magazine\/#\/schema\/logo\/image\/","url":"https:\/\/blogdiario.info\/magazine\/images\/2020\/01\/cropped-blogdia_magazine.jpg","contentUrl":"https:\/\/blogdiario.info\/magazine\/images\/2020\/01\/cropped-blogdia_magazine.jpg","width":589,"height":55,"caption":"Guzzo Photos & Graphic Publications"},"image":{"@id":"https:\/\/blogdiario.info\/magazine\/#\/schema\/logo\/image\/"}},{"@type":"Person","@id":"https:\/\/blogdiario.info\/magazine\/#\/schema\/person\/b2422fe85574d945bad55513bb0c7354","name":"World Press Service | Servicio de Prensa Mundial"}]}},"views":541,"_links":{"self":[{"href":"https:\/\/blogdiario.info\/magazine\/wp-json\/wp\/v2\/posts\/1485","targetHints":{"allow":["GET"]}}],"collection":[{"href":"https:\/\/blogdiario.info\/magazine\/wp-json\/wp\/v2\/posts"}],"about":[{"href":"https:\/\/blogdiario.info\/magazine\/wp-json\/wp\/v2\/types\/post"}],"author":[{"embeddable":true,"href":"https:\/\/blogdiario.info\/magazine\/wp-json\/wp\/v2\/users\/1"}],"replies":[{"embeddable":true,"href":"https:\/\/blogdiario.info\/magazine\/wp-json\/wp\/v2\/comments?post=1485"}],"version-history":[{"count":0,"href":"https:\/\/blogdiario.info\/magazine\/wp-json\/wp\/v2\/posts\/1485\/revisions"}],"wp:featuredmedia":[{"embeddable":true,"href":"https:\/\/blogdiario.info\/magazine\/wp-json\/wp\/v2\/media\/1487"}],"wp:attachment":[{"href":"https:\/\/blogdiario.info\/magazine\/wp-json\/wp\/v2\/media?parent=1485"}],"wp:term":[{"taxonomy":"category","embeddable":true,"href":"https:\/\/blogdiario.info\/magazine\/wp-json\/wp\/v2\/categories?post=1485"},{"taxonomy":"post_tag","embeddable":true,"href":"https:\/\/blogdiario.info\/magazine\/wp-json\/wp\/v2\/tags?post=1485"}],"curies":[{"name":"wp","href":"https:\/\/api.w.org\/{rel}","templated":true}]}}