{"id":1464,"date":"2025-02-17T16:28:37","date_gmt":"2025-02-17T15:28:37","guid":{"rendered":"https:\/\/blogdiario.info\/magazine\/?p=1464"},"modified":"2025-02-17T22:40:28","modified_gmt":"2025-02-17T21:40:28","slug":"los-lideres-europeos-hacen-berrinche-por-las-conversaciones-sobre-ucrania","status":"publish","type":"post","link":"https:\/\/blogdiario.info\/magazine\/2025\/02\/17\/los-lideres-europeos-hacen-berrinche-por-las-conversaciones-sobre-ucrania\/","title":{"rendered":"Los l\u00edderes europeos hacen \u201cberrinche\u201d por las conversaciones sobre Ucrania"},"content":{"rendered":"\n<figure class=\"wp-block-image size-full\"><img loading=\"lazy\" decoding=\"async\" width=\"600\" height=\"375\" src=\"https:\/\/blogdiario.info\/magazine\/images\/2025\/02\/ucr_Russ_cover_20250217.jpg\" alt=\"\" class=\"wp-image-1465\" srcset=\"https:\/\/blogdiario.info\/magazine\/images\/2025\/02\/ucr_Russ_cover_20250217.jpg 600w, https:\/\/blogdiario.info\/magazine\/images\/2025\/02\/ucr_Russ_cover_20250217-300x188.jpg 300w\" sizes=\"auto, (max-width: 600px) 100vw, 600px\" \/><figcaption class=\"wp-element-caption\">Mohammed bin Zayed Al Nahyan, presidente de los Emiratos \u00c1rabes Unidos, da la bienvenida a Volodymyr Zelensky antes de su reuni\u00f3n en Abu Dhabi, el 17 de febrero<\/figcaption><\/figure>\n\n\n\n<p><strong><small>BlogDiario.info, 17\/02\/2015<\/small><\/strong><br \/>En referencia a una reuni\u00f3n de emergencia de los aliados europeos de Ucrania en Par\u00eds hoy, convocada en respuesta a la intervenci\u00f3n estadounidense, Fred Fleitz dijo a la BBC: \u201cNo s\u00e9 cu\u00e1l es el prop\u00f3sito de esta cumbre\u201d.<\/p>\n\n\n\n<p>\u201cEl hecho de que los l\u00edderes europeos no est\u00e9n involucrados no es una emergencia. Parece ser FOMO (miedo a perderse algo)\u201d.<\/p>\n\n\n\n<p>\u201cCreo que los l\u00edderes europeos simplemente est\u00e1n haciendo un berrinche porque no se reunir\u00e1n con Putin hoy, porque no van a participar en reuniones con Zelensky\u201d.<\/p>\n\n\n\n<p>Fleitz es un ex analista de la CIA y vicepresidente del grupo de expertos America First Policy Institute. Fue un asesor clave de Trump durante el primer mandato del presidente estadounidense, y se desempe\u00f1\u00f3 como jefe de gabinete del consejo de seguridad nacional de Estados Unidos.<\/p>\n\n\n\n<p>Sir Keir Starmer, el primer ministro ingl\u00e9s, asistir\u00e1 a las conversaciones en la capital francesa, despu\u00e9s de anunciar el domingo que estaba listo para enviar tropas brit\u00e1nicas a Ucrania como parte de cualquier fuerza de mantenimiento de la paz de posguerra.<\/p>\n\n\n\n<p>El s\u00e1bado, Keith Kellogg, enviado especial de Estados Unidos para Ucrania, dijo que Europa no participar\u00e1 directamente en las conversaciones sobre Ucrania entre Washington y Mosc\u00fa, que se espera que comiencen en Arabia Saudita en los pr\u00f3ximos d\u00edas.<\/p>\n\n\n\n<p>8:49 AM (GMT)<br \/><strong>Ministro de Exteriores espa\u00f1ol: No veo paz en el horizonte<\/strong><br \/>El ministro de Asuntos Exteriores de Espa\u00f1a ha dicho que no \u201cve paz en el horizonte\u201d antes de una reuni\u00f3n de crisis entre los l\u00edderes europeos en Par\u00eds sobre Ucrania.<\/p>\n\n\n\n<p>Jos\u00e9 Manuel Albares dijo que estaba convencido de que Vladimir Putin atacar\u00eda a Ucrania, y agreg\u00f3 que las conversaciones en la capital francesa intentar\u00edan evitar un acuerdo de paz que recompensara la agresi\u00f3n rusa.<\/p>\n\n\n\n<p>&#8220;Una guerra de agresi\u00f3n no puede ser recompensada, no podemos alentar a otros a lanzar guerras de agresi\u00f3n&#8221;, dijo.<\/p>\n\n\n\n<p>La reuni\u00f3n de Par\u00eds fue convocada despu\u00e9s de que Estados Unidos sugiriera que tanto Ucrania como sus aliados europeos quedar\u00edan excluidos de las conversaciones de paz entre Estados Unidos y Rusia, que se espera que comiencen en Arabia Saudita en los pr\u00f3ximos d\u00edas.<br \/><br \/>8:50 AM (GMT)<br \/><strong>Exjefe del ej\u00e9rcito ingl\u00e9s cuestiona la capacidad del Reino Unido para mantener una fuerza de paz<\/strong><br \/>Gran Breta\u00f1a no tiene las fuerzas ni el equipo &#8220;para poner una gran fuerza sobre el terreno durante un per\u00edodo prolongado de tiempo&#8221;, advirti\u00f3 un exjefe del ej\u00e9rcito brit\u00e1nico.<\/p>\n\n\n\n<p>Lord Richard Dannatt, que fue jefe del Estado Mayor entre 2006 y 2009, dijo a BBC Breakfast que Sir Keir Starmer \u201ctiene que darse cuenta de que eso va a tener un coste considerable\u201d si quiere poner tropas sobre el terreno en Ucrania para hacer cumplir un acuerdo de paz.<\/p>\n\n\n\n<p>Lord Dannatt continu\u00f3 m\u00e1s tarde: \u201cFrancamente, no tenemos los n\u00fameros ni el equipo para poner una gran fuerza sobre el terreno durante un per\u00edodo prolongado de tiempo en este momento.<\/p>\n\n\n\n<p>\u201cAhora bien, si Keir Starmer quiere hacer eso, est\u00e1 bien. El ej\u00e9rcito brit\u00e1nico siempre se mantendr\u00e1 firme, pero aqu\u00ed vamos de nuevo. Tenemos que tener la cantidad adecuada de personas con el equipo adecuado y la formaci\u00f3n adecuada, y empezar a financiar eso ahora\u201d.<br \/><br \/>9:01 AM (GMT)<br \/><strong>Suecia &#8220;no descarta&#8221; enviar fuerzas de paz a Ucrania<\/strong><br \/>Suecia dijo el lunes que no descartar\u00eda enviar tropas de paz a Ucrania si fuera necesario, despu\u00e9s de que Sir Keir Starmer dijera que estaba listo para poner tropas sobre el terreno en caso de un acuerdo de paz.<\/p>\n\n\n\n<p>&#8220;Primero debemos negociar una paz justa y sostenible que respete el derecho internacional\u2026 Cuando tengamos esa paz en marcha, ser\u00e1 necesario mantenerla y para eso nuestro gobierno no descarta nada&#8221;, dijo Maria Malmer, ministra de Asuntos Exteriores de Suecia, a la radio p\u00fablica.<br \/><br \/>9:25 AM (GMT)<br \/><strong>Sunak respalda a Starmer en su compromiso de mantener la paz<\/strong><br \/>Rishi Sunak ha respaldado el anuncio de Sir Keir Starmer de que est\u00e1 &#8220;listo y dispuesto&#8221; a enviar tropas brit\u00e1nicas a Ucrania para hacer cumplir cualquier acuerdo de paz con Rusia.<br \/>El ex primer ministro dijo que era &#8220;bueno ver a Gran Breta\u00f1a liderando esto&#8221; y que el Gobierno &#8220;tendr\u00e1 mi apoyo&#8221;.<br \/><br \/>9:31 AM (GMT)<br \/><strong>M\u00e1s de 46.000 soldados ucranianos han muerto luchando contra Rusia desde la invasi\u00f3n a gran escala de Mosc\u00fa en febrero de 2022, dijo Volodymyr Zelensky.<\/strong><\/p>\n\n\n\n<p>El presidente ucraniano agreg\u00f3 que casi 380.000 soldados ucranianos hab\u00edan resultado heridos en el conflicto y que &#8220;decenas de miles&#8221; estaban actualmente desaparecidos o se encontraban en cautiverio ruso. Seg\u00fan el estado mayor ucraniano, Rusia ha sufrido m\u00e1s de 850.000 bajas (muertos, desaparecidos, capturados y heridos) desde el comienzo de la guerra.<br \/><br \/>9:49 AM (GMT)<br \/>Sir Keir Starmer se dirige a Par\u00eds para reunirse con los l\u00edderes de la UE para una reuni\u00f3n sobre la crisis en Ucrania, mientras Washington busca excluir a Kiev y sus aliados europeos de las conversaciones de paz entre Estados Unidos y Rusia que se llevar\u00e1n a cabo en Oriente Medio.<\/p>\n\n\n\n<p>Jean-No\u00ebl Barrot, el ministro de Asuntos Exteriores franc\u00e9s, confirm\u00f3 la reuni\u00f3n de emergencia el domingo, y Emmanuel Macron, el presidente franc\u00e9s, dijo que los l\u00edderes abordar\u00edan &#8220;la situaci\u00f3n en Ucrania&#8221; y &#8220;la seguridad en Europa&#8221;.<\/p>\n\n\n\n<p>La oficina de Macron dijo:<br \/>\u201cComo resultado de lo que est\u00e1n diciendo los l\u00edderes estadounidenses, existe la necesidad de que los europeos hagan m\u00e1s, mejor y de manera coherente, por nuestra seguridad colectiva\u201d.<\/p>\n\n\n\n<p>El s\u00e1bado, Keith Kellogg, enviado especial de Estados Unidos para Ucrania, dijo que Europa no participar\u00eda directamente en las conversaciones sobre Ucrania entre Washington y Mosc\u00fa, que se espera que comiencen en Arabia Saudita en los pr\u00f3ximos d\u00edas.<\/p>\n\n\n\n<p>Se espera que los l\u00edderes de Alemania, Italia, Polonia, Espa\u00f1a, los Pa\u00edses Bajos y Dinamarca est\u00e9n en Par\u00eds, as\u00ed como Mark Rutte, el secretario general de la OTAN, y Ursula von der Leyen, la presidenta de la Comisi\u00f3n Europea.<\/p>\n\n\n\n<p>Tambi\u00e9n se espera que Kellogg se re\u00fana con Rutte en la sede de la OTAN en Bruselas el lunes.<\/p>\n\n\n\n<p>El primer ministro ingl\u00e9s anunci\u00f3 el domingo que estaba listo para enviar tropas brit\u00e1nicas a Ucrania como parte de cualquier fuerza de mantenimiento de la paz de posguerra, afirmando que cualquier paz en Ucrania \u201cno puede convertirse simplemente en una pausa temporal antes de que Putin ataque nuevamente\u201d.<br \/><br \/>9:59 AM (GMT)<br \/><strong>Ministro de Asuntos Exteriores de Hungr\u00eda: &#8220;los l\u00edderes europeos est\u00e1n bloqueando la paz&#8221;<\/strong><br \/>El ministro de Asuntos Exteriores de Hungr\u00eda ha acusado a los l\u00edderes europeos &#8220;frustrados&#8221; y &#8220;pro-guerra&#8221; de reunirse hoy para impedir un acuerdo de paz en Ucrania.<br \/>&#8220;Hoy, en Par\u00eds, los l\u00edderes europeos pro-guerra, anti-Trump y frustrados se est\u00e1n reuniendo para impedir un acuerdo de paz en Ucrania&#8221;, dijo Peter Szijjarto.<br \/><br \/>Se convoc\u00f3 una cumbre de emergencia de l\u00edderes europeos en la capital francesa despu\u00e9s de que Washington se\u00f1alara que los aliados europeos de Kiev quedar\u00edan excluidos de las conversaciones de paz entre Estados Unidos y Rusia que se espera que comiencen esta semana.<br \/><br \/>El ministro de Asuntos Exteriores de Espa\u00f1a dijo anteriormente que las conversaciones de Par\u00eds ser\u00edan un intento de impedir un acuerdo de paz que recompense la agresi\u00f3n rusa. <br \/> <br \/>10:23 AM (GMT)<br \/><strong>El ministro de Asuntos Exteriores ruso se dirige a reunirse con funcionarios estadounidenses.<\/strong><br \/>Vladimir Putin ha enviado a Sergei Lavrov, el ministro de Asuntos Exteriores ruso, a reunirse con funcionarios estadounidenses en Arabia Saudita para discutir el deshielo de las relaciones y las negociaciones para poner fin a la guerra en Ucrania, dijo el Kremlin.<\/p>\n\n\n\n<p>Dmitry Peskov, el secretario de prensa del Kremlin, agreg\u00f3 que Yuri Ushakov, un asesor de pol\u00edtica exterior del Kremlin, estaba de camino con Lavrov y tambi\u00e9n asistir\u00eda a las conversaciones.<\/p>\n\n\n\n<p>&#8220;Se espera que mantengan una reuni\u00f3n con sus hom\u00f3logos estadounidenses el martes, que se centrar\u00e1 principalmente en restaurar todo el complejo de relaciones ruso-estadounidenses&#8221;, dijo Peskov.<\/p>\n\n\n\n<p>&#8220;Tambi\u00e9n se dedicar\u00e1 a la preparaci\u00f3n de posibles negociaciones sobre el acuerdo ucraniano y la organizaci\u00f3n de una reuni\u00f3n entre los dos presidentes&#8221;.<\/p>\n\n\n\n<p>El secretario de Estado de Estados Unidos, Marco Rubio, lleg\u00f3 hoy a Arabia Saudita, donde se espera que se re\u00fana con funcionarios rusos junto con Mike Waltz, asesor de seguridad nacional de Estados Unidos, y Steve Witkoff, enviado de la Casa Blanca para Oriente Medio.<br \/><br \/>10:34 AM (GMT) <br \/><strong>Funcionarios estadounidenses y rusos mantendr\u00e1n conversaciones preparatorias en Arabia Saudita antes de una reuni\u00f3n personal entre Donald Trump y Vladimir Putin sobre Ucrania, seg\u00fan el Kremlin y una fuente cercana al gobierno saud\u00ed.<\/strong><\/p>\n\n\n\n<p>El Kremlin dijo que las conversaciones comenzar\u00edan el martes y estar\u00edan &#8220;dedicadas a la preparaci\u00f3n de posibles negociaciones sobre el acuerdo ucraniano y la organizaci\u00f3n de una reuni\u00f3n entre los dos presidentes&#8221;.<\/p>\n\n\n\n<p>Mike Waltz, asesor de seguridad nacional de Estados Unidos, y Steve Witkoff, enviado de la Casa Blanca para Oriente Medio, representar\u00e1n la parte estadounidense de las conversaciones sobre una cumbre entre los dos presidentes, dijo la fuente saud\u00ed.<\/p>\n\n\n\n<p>El secretario de Estado de Estados Unidos, Marco Rubio, lleg\u00f3 a Arabia Saudita hoy temprano y tambi\u00e9n se espera que se re\u00fana con funcionarios rusos.<br \/><br \/>10:56 AM (GMT<br \/><strong>Ministro de Relaciones Exteriores ruso: No tiene sentido invitar a los europeos a las negociaciones sobre Ucrania.<\/strong><br \/><br \/>El ministro de Asuntos Exteriores de Rusia dijo que no ve\u00eda ninguna raz\u00f3n para que Europa fuera invitada a las conversaciones de tregua en Ucrania \u201csi quieren continuar la guerra en Ucrania\u201d.<\/p>\n\n\n\n<p>Los aliados europeos de Ucrania convocaron una reuni\u00f3n de crisis en Par\u00eds que comenzar\u00e1 m\u00e1s tarde hoy en respuesta a las sugerencias de Washington de que se les excluir\u00eda de las conversaciones de paz entre Estados Unidos y Rusia.<\/p>\n\n\n\n<p>\u201cEuropa ya ha tenido varias oportunidades de participar en un acuerdo sobre Ucrania\u201d, dijo Lavrov, diciendo que no sab\u00eda \u201cqu\u00e9 har\u00eda Europa en la mesa de negociaciones\u201d.<\/p>\n\n\n\n<p>En cuanto a las conversaciones de paz con Estados Unidos que comenzar\u00e1n esta semana, dijo que Rusia no tiene intenciones de ceder territorio a Ucrania.<\/p>\n\n\n\n<p>\u201c\u00bfQu\u00e9 tipo de concesiones territoriales quieren: que renunciemos a los hablantes de ruso o a las tierras raras?\u201d<\/p>\n\n\n\n<p>\u201cLas concesiones territoriales a lo que ahora se llama Ucrania fueron hechas por el liderazgo sovi\u00e9tico durante la formaci\u00f3n de la URSS\u201d.<br \/><\/p>\n\n\n\n<figure class=\"wp-block-image size-full\"><img loading=\"lazy\" decoding=\"async\" width=\"600\" height=\"375\" src=\"https:\/\/blogdiario.info\/magazine\/images\/2025\/02\/ucr_Russ_1_20250217.jpg\" alt=\"\" class=\"wp-image-1466\" srcset=\"https:\/\/blogdiario.info\/magazine\/images\/2025\/02\/ucr_Russ_1_20250217.jpg 600w, https:\/\/blogdiario.info\/magazine\/images\/2025\/02\/ucr_Russ_1_20250217-300x188.jpg 300w\" sizes=\"auto, (max-width: 600px) 100vw, 600px\" \/><figcaption class=\"wp-element-caption\">Las tropas ucranianas se preparan para disparar un MRLS BM-21 &#8216;Grad&#8217; hacia las posiciones del ej\u00e9rcito ruso cerca de Chasiv Yar, el 16 de febrero<\/figcaption><\/figure>\n\n\n\n<p>11:14 AM (GMT)<br \/><strong>Aumentar el gasto de defensa al 3% para mantener a Estados Unidos en la OTAN, dice Wallace a Starmer<\/strong><\/p>\n\n\n\n<p>Sir Ben Wallace dijo que el Reino Unido debe aumentar su gasto de defensa al menos al 3% del PIB para 2030 para mantener la OTAN unida y mantener la presencia de Estados Unidos en la alianza.<\/p>\n\n\n\n<p>El ex secretario de defensa conservador tambi\u00e9n dijo que un aumento del gasto de defensa ser\u00eda &#8220;vital&#8221; para garantizar que cualquier contribuci\u00f3n del Reino Unido a una fuerza de mantenimiento de la paz en Ucrania estuviera &#8220;protegida y habilitada adecuadamente&#8221;.<\/p>\n\n\n\n<p>El Gobierno ha prometido aumentar el gasto en defensa al 2,5 por ciento del PIB, pero todav\u00eda no ha fijado una fecha l\u00edmite para hacerlo.<\/p>\n\n\n\n<p>Sir Ben escribi\u00f3 en X: \u201cEl Primer Ministro debe reconocer que si queremos mantener intacta la alianza de la OTAN y retener a los EE. UU. en ella, debemos gastar al menos el 3% del PIB para 2030. Es vital para nuestra PROPIA seguridad. El 2,5% para el 26\/27 es un punto de referencia para llegar all\u00ed.<\/p>\n\n\n\n<p>\u201cEl gasto adicional tambi\u00e9n es vital para garantizar que las fuerzas que podamos o no enviar a Ucrania est\u00e9n debidamente protegidas y habilitadas. No hacerlo es enviar otra fuerza hueca y poner en riesgo innecesariamente las vidas de brit\u00e1nicos. Me viene a la mente el robo de Land Rover en Afganist\u00e1n\u201d.<br \/><br \/><small>Copyright \u00a9 2025 SalaStampa.Eu affiliate with USAGM \/ BBG &#8211; servicio mundial de prensa . Edited by Guzzo Photos &amp; Graphic Publications, Registro Editori e Stampatori n. 1441 Torino, Italia &#8211; Copyright \u00a9 1995-2025 Reprinted by ElCanillita.info \/ BlogDiario.info<\/small><br \/><\/p>\n","protected":false},"excerpt":{"rendered":"<p>Ucrania no reconocer\u00e1 ning\u00fan acuerdo alcanzado sobre su futuro sin su participaci\u00f3n, dijo Volodymyr Zelensky.<\/p>\n","protected":false},"author":1,"featured_media":1468,"comment_status":"closed","ping_status":"closed","sticky":false,"template":"","format":"standard","meta":{"footnotes":"","_links_to":"","_links_to_target":""},"categories":[62,47,46,119,54,41,138],"tags":[78,79,74],"class_list":["post-1464","post","type-post","status-publish","format-standard","has-post-thumbnail","hentry","category-actualidad","category-eurasia","category-europa","category-guerra","category-medio-oriente","category-politica-esp","category-reino-unido","tag-russia","tag-ucraina","tag-usa","entry","rows"],"yoast_head":"<!-- This site is optimized with the Yoast SEO plugin v27.4 - https:\/\/yoast.com\/product\/yoast-seo-wordpress\/ -->\n<title>Los l\u00edderes europeos hacen \u201cberrinche\u201d por las conversaciones sobre Ucrania - BlogDiario Magazine<\/title>\n<meta name=\"robots\" content=\"index, follow, max-snippet:-1, max-image-preview:large, max-video-preview:-1\" \/>\n<link rel=\"canonical\" href=\"https:\/\/blogdiario.info\/magazine\/2025\/02\/17\/los-lideres-europeos-hacen-berrinche-por-las-conversaciones-sobre-ucrania\/\" \/>\n<meta property=\"og:locale\" content=\"es_ES\" \/>\n<meta property=\"og:type\" content=\"article\" \/>\n<meta property=\"og:title\" content=\"Los l\u00edderes europeos hacen \u201cberrinche\u201d por las conversaciones sobre Ucrania - BlogDiario Magazine\" \/>\n<meta property=\"og:description\" content=\"Ucrania no reconocer\u00e1 ning\u00fan acuerdo alcanzado sobre su futuro sin su participaci\u00f3n, dijo Volodymyr Zelensky.\" \/>\n<meta property=\"og:url\" content=\"https:\/\/blogdiario.info\/magazine\/2025\/02\/17\/los-lideres-europeos-hacen-berrinche-por-las-conversaciones-sobre-ucrania\/\" \/>\n<meta property=\"og:site_name\" content=\"BlogDiario Magazine\" \/>\n<meta property=\"article:published_time\" content=\"2025-02-17T15:28:37+00:00\" \/>\n<meta property=\"article:modified_time\" content=\"2025-02-17T21:40:28+00:00\" \/>\n<meta property=\"og:image\" content=\"https:\/\/blogdiario.info\/magazine\/images\/2025\/02\/ucr_Russ_4_20250217.jpg\" \/>\n\t<meta property=\"og:image:width\" content=\"600\" \/>\n\t<meta property=\"og:image:height\" content=\"400\" \/>\n\t<meta property=\"og:image:type\" content=\"image\/jpeg\" \/>\n<meta name=\"author\" content=\"World Press Service | Servicio de Prensa Mundial\" \/>\n<meta name=\"twitter:card\" content=\"summary_large_image\" \/>\n<meta name=\"twitter:label1\" content=\"Escrito por\" \/>\n\t<meta name=\"twitter:data1\" content=\"World Press Service | Servicio de Prensa Mundial\" \/>\n\t<meta name=\"twitter:label2\" content=\"Tiempo de lectura\" \/>\n\t<meta name=\"twitter:data2\" content=\"10 minutos\" \/>\n<script type=\"application\/ld+json\" class=\"yoast-schema-graph\">{\"@context\":\"https:\\\/\\\/schema.org\",\"@graph\":[{\"@type\":\"Article\",\"@id\":\"https:\\\/\\\/blogdiario.info\\\/magazine\\\/2025\\\/02\\\/17\\\/los-lideres-europeos-hacen-berrinche-por-las-conversaciones-sobre-ucrania\\\/#article\",\"isPartOf\":{\"@id\":\"https:\\\/\\\/blogdiario.info\\\/magazine\\\/2025\\\/02\\\/17\\\/los-lideres-europeos-hacen-berrinche-por-las-conversaciones-sobre-ucrania\\\/\"},\"author\":{\"name\":\"World Press Service | Servicio de Prensa Mundial\",\"@id\":\"https:\\\/\\\/blogdiario.info\\\/magazine\\\/#\\\/schema\\\/person\\\/b2422fe85574d945bad55513bb0c7354\"},\"headline\":\"Los l\u00edderes europeos hacen \u201cberrinche\u201d por las conversaciones sobre Ucrania\",\"datePublished\":\"2025-02-17T15:28:37+00:00\",\"dateModified\":\"2025-02-17T21:40:28+00:00\",\"mainEntityOfPage\":{\"@id\":\"https:\\\/\\\/blogdiario.info\\\/magazine\\\/2025\\\/02\\\/17\\\/los-lideres-europeos-hacen-berrinche-por-las-conversaciones-sobre-ucrania\\\/\"},\"wordCount\":2108,\"publisher\":{\"@id\":\"https:\\\/\\\/blogdiario.info\\\/magazine\\\/#organization\"},\"image\":{\"@id\":\"https:\\\/\\\/blogdiario.info\\\/magazine\\\/2025\\\/02\\\/17\\\/los-lideres-europeos-hacen-berrinche-por-las-conversaciones-sobre-ucrania\\\/#primaryimage\"},\"thumbnailUrl\":\"https:\\\/\\\/blogdiario.info\\\/magazine\\\/images\\\/2025\\\/02\\\/ucr_Russ_4_20250217.jpg\",\"keywords\":[\"Russia\",\"Ucraina\",\"USA\"],\"articleSection\":[\"Actualidad\",\"Eurasia\",\"Europa\",\"Guerra\",\"Medio Oriente\",\"Politica\",\"Reino Unido\"],\"inLanguage\":\"es-AR\"},{\"@type\":\"WebPage\",\"@id\":\"https:\\\/\\\/blogdiario.info\\\/magazine\\\/2025\\\/02\\\/17\\\/los-lideres-europeos-hacen-berrinche-por-las-conversaciones-sobre-ucrania\\\/\",\"url\":\"https:\\\/\\\/blogdiario.info\\\/magazine\\\/2025\\\/02\\\/17\\\/los-lideres-europeos-hacen-berrinche-por-las-conversaciones-sobre-ucrania\\\/\",\"name\":\"Los l\u00edderes europeos hacen \u201cberrinche\u201d por las conversaciones sobre Ucrania - BlogDiario Magazine\",\"isPartOf\":{\"@id\":\"https:\\\/\\\/blogdiario.info\\\/magazine\\\/#website\"},\"primaryImageOfPage\":{\"@id\":\"https:\\\/\\\/blogdiario.info\\\/magazine\\\/2025\\\/02\\\/17\\\/los-lideres-europeos-hacen-berrinche-por-las-conversaciones-sobre-ucrania\\\/#primaryimage\"},\"image\":{\"@id\":\"https:\\\/\\\/blogdiario.info\\\/magazine\\\/2025\\\/02\\\/17\\\/los-lideres-europeos-hacen-berrinche-por-las-conversaciones-sobre-ucrania\\\/#primaryimage\"},\"thumbnailUrl\":\"https:\\\/\\\/blogdiario.info\\\/magazine\\\/images\\\/2025\\\/02\\\/ucr_Russ_4_20250217.jpg\",\"datePublished\":\"2025-02-17T15:28:37+00:00\",\"dateModified\":\"2025-02-17T21:40:28+00:00\",\"breadcrumb\":{\"@id\":\"https:\\\/\\\/blogdiario.info\\\/magazine\\\/2025\\\/02\\\/17\\\/los-lideres-europeos-hacen-berrinche-por-las-conversaciones-sobre-ucrania\\\/#breadcrumb\"},\"inLanguage\":\"es-AR\",\"potentialAction\":[{\"@type\":\"ReadAction\",\"target\":[\"https:\\\/\\\/blogdiario.info\\\/magazine\\\/2025\\\/02\\\/17\\\/los-lideres-europeos-hacen-berrinche-por-las-conversaciones-sobre-ucrania\\\/\"]}]},{\"@type\":\"ImageObject\",\"inLanguage\":\"es-AR\",\"@id\":\"https:\\\/\\\/blogdiario.info\\\/magazine\\\/2025\\\/02\\\/17\\\/los-lideres-europeos-hacen-berrinche-por-las-conversaciones-sobre-ucrania\\\/#primaryimage\",\"url\":\"https:\\\/\\\/blogdiario.info\\\/magazine\\\/images\\\/2025\\\/02\\\/ucr_Russ_4_20250217.jpg\",\"contentUrl\":\"https:\\\/\\\/blogdiario.info\\\/magazine\\\/images\\\/2025\\\/02\\\/ucr_Russ_4_20250217.jpg\",\"width\":600,\"height\":400},{\"@type\":\"BreadcrumbList\",\"@id\":\"https:\\\/\\\/blogdiario.info\\\/magazine\\\/2025\\\/02\\\/17\\\/los-lideres-europeos-hacen-berrinche-por-las-conversaciones-sobre-ucrania\\\/#breadcrumb\",\"itemListElement\":[{\"@type\":\"ListItem\",\"position\":1,\"name\":\"Home\",\"item\":\"https:\\\/\\\/blogdiario.info\\\/magazine\\\/\"},{\"@type\":\"ListItem\",\"position\":2,\"name\":\"Los l\u00edderes europeos hacen \u201cberrinche\u201d por las conversaciones sobre Ucrania\"}]},{\"@type\":\"WebSite\",\"@id\":\"https:\\\/\\\/blogdiario.info\\\/magazine\\\/#website\",\"url\":\"https:\\\/\\\/blogdiario.info\\\/magazine\\\/\",\"name\":\"BlogDiario Magazine\",\"description\":\"Suplemento multiling\u00fce de ElCanillita.Info\",\"publisher\":{\"@id\":\"https:\\\/\\\/blogdiario.info\\\/magazine\\\/#organization\"},\"potentialAction\":[{\"@type\":\"SearchAction\",\"target\":{\"@type\":\"EntryPoint\",\"urlTemplate\":\"https:\\\/\\\/blogdiario.info\\\/magazine\\\/?s={search_term_string}\"},\"query-input\":{\"@type\":\"PropertyValueSpecification\",\"valueRequired\":true,\"valueName\":\"search_term_string\"}}],\"inLanguage\":\"es-AR\"},{\"@type\":\"Organization\",\"@id\":\"https:\\\/\\\/blogdiario.info\\\/magazine\\\/#organization\",\"name\":\"Guzzo Photos & Graphic Publications\",\"url\":\"https:\\\/\\\/blogdiario.info\\\/magazine\\\/\",\"logo\":{\"@type\":\"ImageObject\",\"inLanguage\":\"es-AR\",\"@id\":\"https:\\\/\\\/blogdiario.info\\\/magazine\\\/#\\\/schema\\\/logo\\\/image\\\/\",\"url\":\"https:\\\/\\\/blogdiario.info\\\/magazine\\\/images\\\/2020\\\/01\\\/cropped-blogdia_magazine.jpg\",\"contentUrl\":\"https:\\\/\\\/blogdiario.info\\\/magazine\\\/images\\\/2020\\\/01\\\/cropped-blogdia_magazine.jpg\",\"width\":589,\"height\":55,\"caption\":\"Guzzo Photos & Graphic Publications\"},\"image\":{\"@id\":\"https:\\\/\\\/blogdiario.info\\\/magazine\\\/#\\\/schema\\\/logo\\\/image\\\/\"}},{\"@type\":\"Person\",\"@id\":\"https:\\\/\\\/blogdiario.info\\\/magazine\\\/#\\\/schema\\\/person\\\/b2422fe85574d945bad55513bb0c7354\",\"name\":\"World Press Service | Servicio de Prensa Mundial\"}]}<\/script>\n<!-- \/ Yoast SEO plugin. -->","yoast_head_json":{"title":"Los l\u00edderes europeos hacen \u201cberrinche\u201d por las conversaciones sobre Ucrania - BlogDiario Magazine","robots":{"index":"index","follow":"follow","max-snippet":"max-snippet:-1","max-image-preview":"max-image-preview:large","max-video-preview":"max-video-preview:-1"},"canonical":"https:\/\/blogdiario.info\/magazine\/2025\/02\/17\/los-lideres-europeos-hacen-berrinche-por-las-conversaciones-sobre-ucrania\/","og_locale":"es_ES","og_type":"article","og_title":"Los l\u00edderes europeos hacen \u201cberrinche\u201d por las conversaciones sobre Ucrania - BlogDiario Magazine","og_description":"Ucrania no reconocer\u00e1 ning\u00fan acuerdo alcanzado sobre su futuro sin su participaci\u00f3n, dijo Volodymyr Zelensky.","og_url":"https:\/\/blogdiario.info\/magazine\/2025\/02\/17\/los-lideres-europeos-hacen-berrinche-por-las-conversaciones-sobre-ucrania\/","og_site_name":"BlogDiario Magazine","article_published_time":"2025-02-17T15:28:37+00:00","article_modified_time":"2025-02-17T21:40:28+00:00","og_image":[{"width":600,"height":400,"url":"https:\/\/blogdiario.info\/magazine\/images\/2025\/02\/ucr_Russ_4_20250217.jpg","type":"image\/jpeg"}],"author":"World Press Service | Servicio de Prensa Mundial","twitter_card":"summary_large_image","twitter_misc":{"Escrito por":"World Press Service | Servicio de Prensa Mundial","Tiempo de lectura":"10 minutos"},"schema":{"@context":"https:\/\/schema.org","@graph":[{"@type":"Article","@id":"https:\/\/blogdiario.info\/magazine\/2025\/02\/17\/los-lideres-europeos-hacen-berrinche-por-las-conversaciones-sobre-ucrania\/#article","isPartOf":{"@id":"https:\/\/blogdiario.info\/magazine\/2025\/02\/17\/los-lideres-europeos-hacen-berrinche-por-las-conversaciones-sobre-ucrania\/"},"author":{"name":"World Press Service | Servicio de Prensa Mundial","@id":"https:\/\/blogdiario.info\/magazine\/#\/schema\/person\/b2422fe85574d945bad55513bb0c7354"},"headline":"Los l\u00edderes europeos hacen \u201cberrinche\u201d por las conversaciones sobre Ucrania","datePublished":"2025-02-17T15:28:37+00:00","dateModified":"2025-02-17T21:40:28+00:00","mainEntityOfPage":{"@id":"https:\/\/blogdiario.info\/magazine\/2025\/02\/17\/los-lideres-europeos-hacen-berrinche-por-las-conversaciones-sobre-ucrania\/"},"wordCount":2108,"publisher":{"@id":"https:\/\/blogdiario.info\/magazine\/#organization"},"image":{"@id":"https:\/\/blogdiario.info\/magazine\/2025\/02\/17\/los-lideres-europeos-hacen-berrinche-por-las-conversaciones-sobre-ucrania\/#primaryimage"},"thumbnailUrl":"https:\/\/blogdiario.info\/magazine\/images\/2025\/02\/ucr_Russ_4_20250217.jpg","keywords":["Russia","Ucraina","USA"],"articleSection":["Actualidad","Eurasia","Europa","Guerra","Medio Oriente","Politica","Reino Unido"],"inLanguage":"es-AR"},{"@type":"WebPage","@id":"https:\/\/blogdiario.info\/magazine\/2025\/02\/17\/los-lideres-europeos-hacen-berrinche-por-las-conversaciones-sobre-ucrania\/","url":"https:\/\/blogdiario.info\/magazine\/2025\/02\/17\/los-lideres-europeos-hacen-berrinche-por-las-conversaciones-sobre-ucrania\/","name":"Los l\u00edderes europeos hacen \u201cberrinche\u201d por las conversaciones sobre Ucrania - BlogDiario Magazine","isPartOf":{"@id":"https:\/\/blogdiario.info\/magazine\/#website"},"primaryImageOfPage":{"@id":"https:\/\/blogdiario.info\/magazine\/2025\/02\/17\/los-lideres-europeos-hacen-berrinche-por-las-conversaciones-sobre-ucrania\/#primaryimage"},"image":{"@id":"https:\/\/blogdiario.info\/magazine\/2025\/02\/17\/los-lideres-europeos-hacen-berrinche-por-las-conversaciones-sobre-ucrania\/#primaryimage"},"thumbnailUrl":"https:\/\/blogdiario.info\/magazine\/images\/2025\/02\/ucr_Russ_4_20250217.jpg","datePublished":"2025-02-17T15:28:37+00:00","dateModified":"2025-02-17T21:40:28+00:00","breadcrumb":{"@id":"https:\/\/blogdiario.info\/magazine\/2025\/02\/17\/los-lideres-europeos-hacen-berrinche-por-las-conversaciones-sobre-ucrania\/#breadcrumb"},"inLanguage":"es-AR","potentialAction":[{"@type":"ReadAction","target":["https:\/\/blogdiario.info\/magazine\/2025\/02\/17\/los-lideres-europeos-hacen-berrinche-por-las-conversaciones-sobre-ucrania\/"]}]},{"@type":"ImageObject","inLanguage":"es-AR","@id":"https:\/\/blogdiario.info\/magazine\/2025\/02\/17\/los-lideres-europeos-hacen-berrinche-por-las-conversaciones-sobre-ucrania\/#primaryimage","url":"https:\/\/blogdiario.info\/magazine\/images\/2025\/02\/ucr_Russ_4_20250217.jpg","contentUrl":"https:\/\/blogdiario.info\/magazine\/images\/2025\/02\/ucr_Russ_4_20250217.jpg","width":600,"height":400},{"@type":"BreadcrumbList","@id":"https:\/\/blogdiario.info\/magazine\/2025\/02\/17\/los-lideres-europeos-hacen-berrinche-por-las-conversaciones-sobre-ucrania\/#breadcrumb","itemListElement":[{"@type":"ListItem","position":1,"name":"Home","item":"https:\/\/blogdiario.info\/magazine\/"},{"@type":"ListItem","position":2,"name":"Los l\u00edderes europeos hacen \u201cberrinche\u201d por las conversaciones sobre Ucrania"}]},{"@type":"WebSite","@id":"https:\/\/blogdiario.info\/magazine\/#website","url":"https:\/\/blogdiario.info\/magazine\/","name":"BlogDiario Magazine","description":"Suplemento multiling\u00fce de ElCanillita.Info","publisher":{"@id":"https:\/\/blogdiario.info\/magazine\/#organization"},"potentialAction":[{"@type":"SearchAction","target":{"@type":"EntryPoint","urlTemplate":"https:\/\/blogdiario.info\/magazine\/?s={search_term_string}"},"query-input":{"@type":"PropertyValueSpecification","valueRequired":true,"valueName":"search_term_string"}}],"inLanguage":"es-AR"},{"@type":"Organization","@id":"https:\/\/blogdiario.info\/magazine\/#organization","name":"Guzzo Photos & Graphic Publications","url":"https:\/\/blogdiario.info\/magazine\/","logo":{"@type":"ImageObject","inLanguage":"es-AR","@id":"https:\/\/blogdiario.info\/magazine\/#\/schema\/logo\/image\/","url":"https:\/\/blogdiario.info\/magazine\/images\/2020\/01\/cropped-blogdia_magazine.jpg","contentUrl":"https:\/\/blogdiario.info\/magazine\/images\/2020\/01\/cropped-blogdia_magazine.jpg","width":589,"height":55,"caption":"Guzzo Photos & Graphic Publications"},"image":{"@id":"https:\/\/blogdiario.info\/magazine\/#\/schema\/logo\/image\/"}},{"@type":"Person","@id":"https:\/\/blogdiario.info\/magazine\/#\/schema\/person\/b2422fe85574d945bad55513bb0c7354","name":"World Press Service | Servicio de Prensa Mundial"}]}},"views":378,"_links":{"self":[{"href":"https:\/\/blogdiario.info\/magazine\/wp-json\/wp\/v2\/posts\/1464","targetHints":{"allow":["GET"]}}],"collection":[{"href":"https:\/\/blogdiario.info\/magazine\/wp-json\/wp\/v2\/posts"}],"about":[{"href":"https:\/\/blogdiario.info\/magazine\/wp-json\/wp\/v2\/types\/post"}],"author":[{"embeddable":true,"href":"https:\/\/blogdiario.info\/magazine\/wp-json\/wp\/v2\/users\/1"}],"replies":[{"embeddable":true,"href":"https:\/\/blogdiario.info\/magazine\/wp-json\/wp\/v2\/comments?post=1464"}],"version-history":[{"count":0,"href":"https:\/\/blogdiario.info\/magazine\/wp-json\/wp\/v2\/posts\/1464\/revisions"}],"wp:featuredmedia":[{"embeddable":true,"href":"https:\/\/blogdiario.info\/magazine\/wp-json\/wp\/v2\/media\/1468"}],"wp:attachment":[{"href":"https:\/\/blogdiario.info\/magazine\/wp-json\/wp\/v2\/media?parent=1464"}],"wp:term":[{"taxonomy":"category","embeddable":true,"href":"https:\/\/blogdiario.info\/magazine\/wp-json\/wp\/v2\/categories?post=1464"},{"taxonomy":"post_tag","embeddable":true,"href":"https:\/\/blogdiario.info\/magazine\/wp-json\/wp\/v2\/tags?post=1464"}],"curies":[{"name":"wp","href":"https:\/\/api.w.org\/{rel}","templated":true}]}}