{"id":1452,"date":"2025-02-09T19:10:06","date_gmt":"2025-02-09T18:10:06","guid":{"rendered":"https:\/\/blogdiario.info\/magazine\/?p=1452"},"modified":"2025-02-09T19:10:07","modified_gmt":"2025-02-09T18:10:07","slug":"libia-santabarbara-del-mediterraneo","status":"publish","type":"post","link":"https:\/\/blogdiario.info\/magazine\/2025\/02\/09\/libia-santabarbara-del-mediterraneo\/","title":{"rendered":"Libia: santab\u00e1rbara del Mediterraneo"},"content":{"rendered":"\n<figure class=\"wp-block-image size-full\"><img loading=\"lazy\" decoding=\"async\" width=\"600\" height=\"400\" src=\"https:\/\/blogdiario.info\/magazine\/images\/2025\/02\/barcalib_20250209.jpg\" alt=\"\" class=\"wp-image-1453\" srcset=\"https:\/\/blogdiario.info\/magazine\/images\/2025\/02\/barcalib_20250209.jpg 600w, https:\/\/blogdiario.info\/magazine\/images\/2025\/02\/barcalib_20250209-300x200.jpg 300w\" sizes=\"auto, (max-width: 600px) 100vw, 600px\" \/><figcaption class=\"wp-element-caption\">Embarcaci\u00f3n al norte de Libia con centenares de migrantes rumbo al continente<\/figcaption><\/figure>\n\n\n\n<p>Libia es una santab\u00e1rbara que corre el riesgo de estallar, hay m\u00e1s de medio mill\u00f3n  de inmigrantes irregulares en Italia y a\u00fan cuando el control de la inmigraci\u00f3n irregular &#8220;es eficaz en Cirenaica&#8221;, bajo el comando del general Jalifa Hafter, en Tripolitania, la situaci\u00f3n parece fuera de control.<\/p>\n\n\n\n<p>La comisi\u00f3n parlamentaria para la Seguridad de la Rep\u00fablica de Italia, di\u00f3 un informe de 80 p\u00e1ginas publicado en el &#8216;Messaggero&#8217;.<\/p>\n\n\n\n<p>&#8220;La regi\u00f3n del Sahel es \u00e1rea del tr\u00e1fico il\u00edcito de seres humanos, combustible, drogas y armas, sumado al hecho de que Libia no parece poder controlar&#8221;, escriben los parlamentarios del Copasir. Pero el informe al Parlamento va m\u00e1s alla del problema de la inmigraci\u00f3n.<\/p>\n\n\n\n<p>Rusia, seg\u00fan Copasir, utiliza Libia como centro de su tr\u00e1fico de armas y de las milicias y del grupo paramilitar CMP Wagner, &#8220;grupos mercenarios estrechamente vinculados al Kremlin\u2026 las armas que llegan a trav\u00e9s de Libia tambi\u00e9n tendr\u00edan como destino Mali y Burkina Faso, donde Rusia tiene v\u00ednculos con los golpistas&#8221;. En general, \u00c1frica parece ser una tierra de inter\u00e9s para Mosc\u00fa, pero tambi\u00e9n para Pek\u00edn, que pretende ampliar su influencia en ese continente.<\/p>\n\n\n\n<p>&#8220;La Federaci\u00f3n Rusa &#8211; escriben los parlamentarios &#8211; proporciona entrenamiento militar a numerosos pa\u00edses africanos a cambio de la explotaci\u00f3n de minas y tierras de manera especialmente inescrupulosa&#8221;. Copasir subraya los efectos disruptivos que tendr\u00eda una tregua forzada impuesta a Ucrania, como la que ahora imagina el nuevo presidente Trump. De ah\u00ed la propuesta del Comit\u00e9 de crear una nueva misi\u00f3n permanente de la OTAN en \u00c1frica, para no dejar &#8220;mayor libertad de maniobra a los actores estatales no aliados, especialmente Rusia&#8221;.<br><br><small>Copyright \u00a9 2025 ElCanillita.info \/ SalaStampa.Eu, servicio mundial de prensa<\/small><br><small>Guzzo Photos &amp; Graphic Publications &#8211; Registro Editori e Stampatori n. 1441 Torino, Italia<\/small><\/p>\n","protected":false},"excerpt":{"rendered":"<p>La Comisi\u00f3n Parlamentaria para la Seguridad de la Rep\u00fablica de Italia (COPASIR), <\/p>\n<p>La Comisi\u00f3n Parlamentaria para la Seguridad de la Rep\u00fablica (COPASIR), se\u00f1ala la necesidad de crear una misi\u00f3n de la OTAN en \u00c1frica.<\/p>\n","protected":false},"author":1,"featured_media":1454,"comment_status":"closed","ping_status":"closed","sticky":false,"template":"","format":"standard","meta":{"footnotes":"","_links_to":"","_links_to_target":""},"categories":[109,97,62,53,140,134],"tags":[],"class_list":["post-1452","post","type-post","status-publish","format-standard","has-post-thumbnail","hentry","category-dc24","category-elcanillita","category-actualidad","category-africa","category-narcotrafico","category-politicas-globales","entry","rows"],"yoast_head":"<!-- This site is optimized with the Yoast SEO plugin v27.4 - https:\/\/yoast.com\/product\/yoast-seo-wordpress\/ -->\n<title>Libia: santab\u00e1rbara del Mediterraneo - BlogDiario Magazine<\/title>\n<meta name=\"robots\" content=\"index, follow, max-snippet:-1, max-image-preview:large, max-video-preview:-1\" \/>\n<link rel=\"canonical\" href=\"https:\/\/blogdiario.info\/magazine\/2025\/02\/09\/libia-santabarbara-del-mediterraneo\/\" \/>\n<meta property=\"og:locale\" content=\"es_ES\" \/>\n<meta property=\"og:type\" content=\"article\" \/>\n<meta property=\"og:title\" content=\"Libia: santab\u00e1rbara del Mediterraneo - BlogDiario Magazine\" \/>\n<meta property=\"og:description\" content=\"La Comisi\u00f3n Parlamentaria para la Seguridad de la Rep\u00fablica de Italia (COPASIR),  La Comisi\u00f3n Parlamentaria para la Seguridad de la Rep\u00fablica (COPASIR), se\u00f1ala la necesidad de crear una misi\u00f3n de la OTAN en \u00c1frica.\" \/>\n<meta property=\"og:url\" content=\"https:\/\/blogdiario.info\/magazine\/2025\/02\/09\/libia-santabarbara-del-mediterraneo\/\" \/>\n<meta property=\"og:site_name\" content=\"BlogDiario Magazine\" \/>\n<meta property=\"article:published_time\" content=\"2025-02-09T18:10:06+00:00\" \/>\n<meta property=\"article:modified_time\" content=\"2025-02-09T18:10:07+00:00\" \/>\n<meta property=\"og:image\" content=\"https:\/\/blogdiario.info\/magazine\/images\/2025\/02\/2025-02-09-16-19-47.gif\" \/>\n\t<meta property=\"og:image:width\" content=\"638\" \/>\n\t<meta property=\"og:image:height\" content=\"386\" \/>\n\t<meta property=\"og:image:type\" content=\"image\/gif\" \/>\n<meta name=\"author\" content=\"World Press Service | Servicio de Prensa Mundial\" \/>\n<meta name=\"twitter:card\" content=\"summary_large_image\" \/>\n<meta name=\"twitter:label1\" content=\"Escrito por\" \/>\n\t<meta name=\"twitter:data1\" content=\"World Press Service | Servicio de Prensa Mundial\" \/>\n\t<meta name=\"twitter:label2\" content=\"Tiempo de lectura\" \/>\n\t<meta name=\"twitter:data2\" content=\"2 minutos\" \/>\n<script type=\"application\/ld+json\" class=\"yoast-schema-graph\">{\"@context\":\"https:\\\/\\\/schema.org\",\"@graph\":[{\"@type\":\"Article\",\"@id\":\"https:\\\/\\\/blogdiario.info\\\/magazine\\\/2025\\\/02\\\/09\\\/libia-santabarbara-del-mediterraneo\\\/#article\",\"isPartOf\":{\"@id\":\"https:\\\/\\\/blogdiario.info\\\/magazine\\\/2025\\\/02\\\/09\\\/libia-santabarbara-del-mediterraneo\\\/\"},\"author\":{\"name\":\"World Press Service | Servicio de Prensa Mundial\",\"@id\":\"https:\\\/\\\/blogdiario.info\\\/magazine\\\/#\\\/schema\\\/person\\\/b2422fe85574d945bad55513bb0c7354\"},\"headline\":\"Libia: santab\u00e1rbara del Mediterraneo\",\"datePublished\":\"2025-02-09T18:10:06+00:00\",\"dateModified\":\"2025-02-09T18:10:07+00:00\",\"mainEntityOfPage\":{\"@id\":\"https:\\\/\\\/blogdiario.info\\\/magazine\\\/2025\\\/02\\\/09\\\/libia-santabarbara-del-mediterraneo\\\/\"},\"wordCount\":336,\"publisher\":{\"@id\":\"https:\\\/\\\/blogdiario.info\\\/magazine\\\/#organization\"},\"image\":{\"@id\":\"https:\\\/\\\/blogdiario.info\\\/magazine\\\/2025\\\/02\\\/09\\\/libia-santabarbara-del-mediterraneo\\\/#primaryimage\"},\"thumbnailUrl\":\"https:\\\/\\\/blogdiario.info\\\/magazine\\\/images\\\/2025\\\/02\\\/2025-02-09-16-19-47.gif\",\"articleSection\":[\".\",\".\",\"Actualidad\",\"Africa\",\"Narcotrafico\",\"Pol\u00edticas globales\"],\"inLanguage\":\"es-AR\"},{\"@type\":\"WebPage\",\"@id\":\"https:\\\/\\\/blogdiario.info\\\/magazine\\\/2025\\\/02\\\/09\\\/libia-santabarbara-del-mediterraneo\\\/\",\"url\":\"https:\\\/\\\/blogdiario.info\\\/magazine\\\/2025\\\/02\\\/09\\\/libia-santabarbara-del-mediterraneo\\\/\",\"name\":\"Libia: santab\u00e1rbara del Mediterraneo - BlogDiario Magazine\",\"isPartOf\":{\"@id\":\"https:\\\/\\\/blogdiario.info\\\/magazine\\\/#website\"},\"primaryImageOfPage\":{\"@id\":\"https:\\\/\\\/blogdiario.info\\\/magazine\\\/2025\\\/02\\\/09\\\/libia-santabarbara-del-mediterraneo\\\/#primaryimage\"},\"image\":{\"@id\":\"https:\\\/\\\/blogdiario.info\\\/magazine\\\/2025\\\/02\\\/09\\\/libia-santabarbara-del-mediterraneo\\\/#primaryimage\"},\"thumbnailUrl\":\"https:\\\/\\\/blogdiario.info\\\/magazine\\\/images\\\/2025\\\/02\\\/2025-02-09-16-19-47.gif\",\"datePublished\":\"2025-02-09T18:10:06+00:00\",\"dateModified\":\"2025-02-09T18:10:07+00:00\",\"breadcrumb\":{\"@id\":\"https:\\\/\\\/blogdiario.info\\\/magazine\\\/2025\\\/02\\\/09\\\/libia-santabarbara-del-mediterraneo\\\/#breadcrumb\"},\"inLanguage\":\"es-AR\",\"potentialAction\":[{\"@type\":\"ReadAction\",\"target\":[\"https:\\\/\\\/blogdiario.info\\\/magazine\\\/2025\\\/02\\\/09\\\/libia-santabarbara-del-mediterraneo\\\/\"]}]},{\"@type\":\"ImageObject\",\"inLanguage\":\"es-AR\",\"@id\":\"https:\\\/\\\/blogdiario.info\\\/magazine\\\/2025\\\/02\\\/09\\\/libia-santabarbara-del-mediterraneo\\\/#primaryimage\",\"url\":\"https:\\\/\\\/blogdiario.info\\\/magazine\\\/images\\\/2025\\\/02\\\/2025-02-09-16-19-47.gif\",\"contentUrl\":\"https:\\\/\\\/blogdiario.info\\\/magazine\\\/images\\\/2025\\\/02\\\/2025-02-09-16-19-47.gif\",\"width\":638,\"height\":386},{\"@type\":\"BreadcrumbList\",\"@id\":\"https:\\\/\\\/blogdiario.info\\\/magazine\\\/2025\\\/02\\\/09\\\/libia-santabarbara-del-mediterraneo\\\/#breadcrumb\",\"itemListElement\":[{\"@type\":\"ListItem\",\"position\":1,\"name\":\"Home\",\"item\":\"https:\\\/\\\/blogdiario.info\\\/magazine\\\/\"},{\"@type\":\"ListItem\",\"position\":2,\"name\":\"Libia: santab\u00e1rbara del Mediterraneo\"}]},{\"@type\":\"WebSite\",\"@id\":\"https:\\\/\\\/blogdiario.info\\\/magazine\\\/#website\",\"url\":\"https:\\\/\\\/blogdiario.info\\\/magazine\\\/\",\"name\":\"BlogDiario Magazine\",\"description\":\"Suplemento multiling\u00fce de ElCanillita.Info\",\"publisher\":{\"@id\":\"https:\\\/\\\/blogdiario.info\\\/magazine\\\/#organization\"},\"potentialAction\":[{\"@type\":\"SearchAction\",\"target\":{\"@type\":\"EntryPoint\",\"urlTemplate\":\"https:\\\/\\\/blogdiario.info\\\/magazine\\\/?s={search_term_string}\"},\"query-input\":{\"@type\":\"PropertyValueSpecification\",\"valueRequired\":true,\"valueName\":\"search_term_string\"}}],\"inLanguage\":\"es-AR\"},{\"@type\":\"Organization\",\"@id\":\"https:\\\/\\\/blogdiario.info\\\/magazine\\\/#organization\",\"name\":\"Guzzo Photos & Graphic Publications\",\"url\":\"https:\\\/\\\/blogdiario.info\\\/magazine\\\/\",\"logo\":{\"@type\":\"ImageObject\",\"inLanguage\":\"es-AR\",\"@id\":\"https:\\\/\\\/blogdiario.info\\\/magazine\\\/#\\\/schema\\\/logo\\\/image\\\/\",\"url\":\"https:\\\/\\\/blogdiario.info\\\/magazine\\\/images\\\/2020\\\/01\\\/cropped-blogdia_magazine.jpg\",\"contentUrl\":\"https:\\\/\\\/blogdiario.info\\\/magazine\\\/images\\\/2020\\\/01\\\/cropped-blogdia_magazine.jpg\",\"width\":589,\"height\":55,\"caption\":\"Guzzo Photos & Graphic Publications\"},\"image\":{\"@id\":\"https:\\\/\\\/blogdiario.info\\\/magazine\\\/#\\\/schema\\\/logo\\\/image\\\/\"}},{\"@type\":\"Person\",\"@id\":\"https:\\\/\\\/blogdiario.info\\\/magazine\\\/#\\\/schema\\\/person\\\/b2422fe85574d945bad55513bb0c7354\",\"name\":\"World Press Service | Servicio de Prensa Mundial\"}]}<\/script>\n<!-- \/ Yoast SEO plugin. -->","yoast_head_json":{"title":"Libia: santab\u00e1rbara del Mediterraneo - BlogDiario Magazine","robots":{"index":"index","follow":"follow","max-snippet":"max-snippet:-1","max-image-preview":"max-image-preview:large","max-video-preview":"max-video-preview:-1"},"canonical":"https:\/\/blogdiario.info\/magazine\/2025\/02\/09\/libia-santabarbara-del-mediterraneo\/","og_locale":"es_ES","og_type":"article","og_title":"Libia: santab\u00e1rbara del Mediterraneo - BlogDiario Magazine","og_description":"La Comisi\u00f3n Parlamentaria para la Seguridad de la Rep\u00fablica de Italia (COPASIR),  La Comisi\u00f3n Parlamentaria para la Seguridad de la Rep\u00fablica (COPASIR), se\u00f1ala la necesidad de crear una misi\u00f3n de la OTAN en \u00c1frica.","og_url":"https:\/\/blogdiario.info\/magazine\/2025\/02\/09\/libia-santabarbara-del-mediterraneo\/","og_site_name":"BlogDiario Magazine","article_published_time":"2025-02-09T18:10:06+00:00","article_modified_time":"2025-02-09T18:10:07+00:00","og_image":[{"width":638,"height":386,"url":"https:\/\/blogdiario.info\/magazine\/images\/2025\/02\/2025-02-09-16-19-47.gif","type":"image\/gif"}],"author":"World Press Service | Servicio de Prensa Mundial","twitter_card":"summary_large_image","twitter_misc":{"Escrito por":"World Press Service | Servicio de Prensa Mundial","Tiempo de lectura":"2 minutos"},"schema":{"@context":"https:\/\/schema.org","@graph":[{"@type":"Article","@id":"https:\/\/blogdiario.info\/magazine\/2025\/02\/09\/libia-santabarbara-del-mediterraneo\/#article","isPartOf":{"@id":"https:\/\/blogdiario.info\/magazine\/2025\/02\/09\/libia-santabarbara-del-mediterraneo\/"},"author":{"name":"World Press Service | Servicio de Prensa Mundial","@id":"https:\/\/blogdiario.info\/magazine\/#\/schema\/person\/b2422fe85574d945bad55513bb0c7354"},"headline":"Libia: santab\u00e1rbara del Mediterraneo","datePublished":"2025-02-09T18:10:06+00:00","dateModified":"2025-02-09T18:10:07+00:00","mainEntityOfPage":{"@id":"https:\/\/blogdiario.info\/magazine\/2025\/02\/09\/libia-santabarbara-del-mediterraneo\/"},"wordCount":336,"publisher":{"@id":"https:\/\/blogdiario.info\/magazine\/#organization"},"image":{"@id":"https:\/\/blogdiario.info\/magazine\/2025\/02\/09\/libia-santabarbara-del-mediterraneo\/#primaryimage"},"thumbnailUrl":"https:\/\/blogdiario.info\/magazine\/images\/2025\/02\/2025-02-09-16-19-47.gif","articleSection":[".",".","Actualidad","Africa","Narcotrafico","Pol\u00edticas globales"],"inLanguage":"es-AR"},{"@type":"WebPage","@id":"https:\/\/blogdiario.info\/magazine\/2025\/02\/09\/libia-santabarbara-del-mediterraneo\/","url":"https:\/\/blogdiario.info\/magazine\/2025\/02\/09\/libia-santabarbara-del-mediterraneo\/","name":"Libia: santab\u00e1rbara del Mediterraneo - BlogDiario Magazine","isPartOf":{"@id":"https:\/\/blogdiario.info\/magazine\/#website"},"primaryImageOfPage":{"@id":"https:\/\/blogdiario.info\/magazine\/2025\/02\/09\/libia-santabarbara-del-mediterraneo\/#primaryimage"},"image":{"@id":"https:\/\/blogdiario.info\/magazine\/2025\/02\/09\/libia-santabarbara-del-mediterraneo\/#primaryimage"},"thumbnailUrl":"https:\/\/blogdiario.info\/magazine\/images\/2025\/02\/2025-02-09-16-19-47.gif","datePublished":"2025-02-09T18:10:06+00:00","dateModified":"2025-02-09T18:10:07+00:00","breadcrumb":{"@id":"https:\/\/blogdiario.info\/magazine\/2025\/02\/09\/libia-santabarbara-del-mediterraneo\/#breadcrumb"},"inLanguage":"es-AR","potentialAction":[{"@type":"ReadAction","target":["https:\/\/blogdiario.info\/magazine\/2025\/02\/09\/libia-santabarbara-del-mediterraneo\/"]}]},{"@type":"ImageObject","inLanguage":"es-AR","@id":"https:\/\/blogdiario.info\/magazine\/2025\/02\/09\/libia-santabarbara-del-mediterraneo\/#primaryimage","url":"https:\/\/blogdiario.info\/magazine\/images\/2025\/02\/2025-02-09-16-19-47.gif","contentUrl":"https:\/\/blogdiario.info\/magazine\/images\/2025\/02\/2025-02-09-16-19-47.gif","width":638,"height":386},{"@type":"BreadcrumbList","@id":"https:\/\/blogdiario.info\/magazine\/2025\/02\/09\/libia-santabarbara-del-mediterraneo\/#breadcrumb","itemListElement":[{"@type":"ListItem","position":1,"name":"Home","item":"https:\/\/blogdiario.info\/magazine\/"},{"@type":"ListItem","position":2,"name":"Libia: santab\u00e1rbara del Mediterraneo"}]},{"@type":"WebSite","@id":"https:\/\/blogdiario.info\/magazine\/#website","url":"https:\/\/blogdiario.info\/magazine\/","name":"BlogDiario Magazine","description":"Suplemento multiling\u00fce de ElCanillita.Info","publisher":{"@id":"https:\/\/blogdiario.info\/magazine\/#organization"},"potentialAction":[{"@type":"SearchAction","target":{"@type":"EntryPoint","urlTemplate":"https:\/\/blogdiario.info\/magazine\/?s={search_term_string}"},"query-input":{"@type":"PropertyValueSpecification","valueRequired":true,"valueName":"search_term_string"}}],"inLanguage":"es-AR"},{"@type":"Organization","@id":"https:\/\/blogdiario.info\/magazine\/#organization","name":"Guzzo Photos & Graphic Publications","url":"https:\/\/blogdiario.info\/magazine\/","logo":{"@type":"ImageObject","inLanguage":"es-AR","@id":"https:\/\/blogdiario.info\/magazine\/#\/schema\/logo\/image\/","url":"https:\/\/blogdiario.info\/magazine\/images\/2020\/01\/cropped-blogdia_magazine.jpg","contentUrl":"https:\/\/blogdiario.info\/magazine\/images\/2020\/01\/cropped-blogdia_magazine.jpg","width":589,"height":55,"caption":"Guzzo Photos & Graphic Publications"},"image":{"@id":"https:\/\/blogdiario.info\/magazine\/#\/schema\/logo\/image\/"}},{"@type":"Person","@id":"https:\/\/blogdiario.info\/magazine\/#\/schema\/person\/b2422fe85574d945bad55513bb0c7354","name":"World Press Service | Servicio de Prensa Mundial"}]}},"views":365,"_links":{"self":[{"href":"https:\/\/blogdiario.info\/magazine\/wp-json\/wp\/v2\/posts\/1452","targetHints":{"allow":["GET"]}}],"collection":[{"href":"https:\/\/blogdiario.info\/magazine\/wp-json\/wp\/v2\/posts"}],"about":[{"href":"https:\/\/blogdiario.info\/magazine\/wp-json\/wp\/v2\/types\/post"}],"author":[{"embeddable":true,"href":"https:\/\/blogdiario.info\/magazine\/wp-json\/wp\/v2\/users\/1"}],"replies":[{"embeddable":true,"href":"https:\/\/blogdiario.info\/magazine\/wp-json\/wp\/v2\/comments?post=1452"}],"version-history":[{"count":0,"href":"https:\/\/blogdiario.info\/magazine\/wp-json\/wp\/v2\/posts\/1452\/revisions"}],"wp:featuredmedia":[{"embeddable":true,"href":"https:\/\/blogdiario.info\/magazine\/wp-json\/wp\/v2\/media\/1454"}],"wp:attachment":[{"href":"https:\/\/blogdiario.info\/magazine\/wp-json\/wp\/v2\/media?parent=1452"}],"wp:term":[{"taxonomy":"category","embeddable":true,"href":"https:\/\/blogdiario.info\/magazine\/wp-json\/wp\/v2\/categories?post=1452"},{"taxonomy":"post_tag","embeddable":true,"href":"https:\/\/blogdiario.info\/magazine\/wp-json\/wp\/v2\/tags?post=1452"}],"curies":[{"name":"wp","href":"https:\/\/api.w.org\/{rel}","templated":true}]}}