{"id":1447,"date":"2025-01-10T20:16:10","date_gmt":"2025-01-10T19:16:10","guid":{"rendered":"https:\/\/blogdiario.info\/magazine\/?p=1447"},"modified":"2025-01-10T21:01:20","modified_gmt":"2025-01-10T20:01:20","slug":"el-congreso-de-los-eeuu-avanza-en-el-debate-de-la-ley-laken-riley","status":"publish","type":"post","link":"https:\/\/blogdiario.info\/magazine\/2025\/01\/10\/el-congreso-de-los-eeuu-avanza-en-el-debate-de-la-ley-laken-riley\/","title":{"rendered":"El Congreso de los EEUU avanza en el debate de la &#8220;Ley Laken Riley&#8221;"},"content":{"rendered":"\n<figure class=\"wp-block-video\"><video controls src=\"https:\/\/blogdiario.info\/magazine\/images\/2025\/01\/NPVOA20251001.mp4\"><\/video><\/figure>\n\n\n\n<p>Desde los estudios de la Voz de Am\u00e9rica en Washington les informa Henry Llanos. Fecha de publicaci\u00f3n: 2025-01-10<br><br><\/p>\n\n\n\n<p><strong>Asesinato de Laken Riley<\/strong><\/p>\n\n\n\n<p>Laken Riley, una joven estudiante de enfermer\u00eda estadounidense de 22 a\u00f1os de la Universidad de Augusta, fue asesinada el 22 de febrero de 2024 mientras trotaba en la Universidad de Georgia en Athens, Georgia.\u200b Su cuerpo fue encontrado en Oconee Forest Park, cerca del lago Herrick; su muerte fue causada por un traumatismo por objeto contundente y asfixia.\u200b<\/p>\n\n\n\n<p>El perpetrador, un inmigrante que hab\u00eda entrado irregularmente en Estados Unidos,\u200b fue detenido por la polic\u00eda de la universidad e imputado con 10 cargos, incluyendo asesinato con alevos\u00eda, asesinato con malicia, detenci\u00f3n ilegal, agresi\u00f3n con agravantes de intenci\u00f3n de violaci\u00f3n y secuestro.\u200b El 20 de noviembre de 2024 fue declarado culpable de todos los cargos y condenado a cadena perpetua sin posibilidad de libertad condicional.<\/p>\n\n\n\n<p>El asesinato de Riley fue noticia internacional y gener\u00f3 una gran atenci\u00f3n medi\u00e1tica. Tambi\u00e9n desencaden\u00f3 un debate sobre la inmigraci\u00f3n irregular en los Estados Unidos despu\u00e9s de que el Servicio de Control de Inmigraci\u00f3n y Aduanas (ICE) confirmara que el perpetrador no era ciudadano estadounidense y que hab\u00eda sido capturado al cruzar la frontera, pero fue liberado en los Estados Unidos. El 7 de marzo de 2024, la C\u00e1mara de Representantes aprob\u00f3 la Ley Laken Riley, un proyecto de ley que exigir\u00eda la detenci\u00f3n federal de los inmigrantes irregulartes que cometiesen robos o hurtos.\u200b<\/p>\n\n\n\n<p><br><small>Copyright \u00a9 2025 SalaStampa.Eu affiliate with USAGM \/ BBG &#8211; servicio mundial de prensa . Edited by Guzzo Photos &amp; Graphic Publications. Copyright \u00a9 1995-2025 Reprinted with permission by ElCanillita.info \/ BlogDiario.info<\/small><\/p>\n","protected":false},"excerpt":{"rendered":"<p>La &#8220;Ley Laken Riley&#8221; afectar\u00eda a miles de indocumentados que viven en el pa\u00eds.<\/p>\n","protected":false},"author":1,"featured_media":1448,"comment_status":"closed","ping_status":"closed","sticky":false,"template":"","format":"standard","meta":{"footnotes":"","_links_to":"","_links_to_target":""},"categories":[97,109,62,49,126],"tags":[74],"class_list":["post-1447","post","type-post","status-publish","format-standard","has-post-thumbnail","hentry","category-elcanillita","category-dc24","category-actualidad","category-america-del-nord","category-broadcasting","tag-usa","entry","rows"],"yoast_head":"<!-- This site is optimized with the Yoast SEO plugin v27.4 - https:\/\/yoast.com\/product\/yoast-seo-wordpress\/ -->\n<title>El Congreso de los EEUU avanza en el debate de la &quot;Ley Laken Riley&quot; - BlogDiario Magazine<\/title>\n<meta name=\"robots\" content=\"index, follow, max-snippet:-1, max-image-preview:large, max-video-preview:-1\" \/>\n<link rel=\"canonical\" href=\"https:\/\/blogdiario.info\/magazine\/2025\/01\/10\/el-congreso-de-los-eeuu-avanza-en-el-debate-de-la-ley-laken-riley\/\" \/>\n<meta property=\"og:locale\" content=\"es_ES\" \/>\n<meta property=\"og:type\" content=\"article\" \/>\n<meta property=\"og:title\" content=\"El Congreso de los EEUU avanza en el debate de la &quot;Ley Laken Riley&quot; - BlogDiario Magazine\" \/>\n<meta property=\"og:description\" content=\"La &quot;Ley Laken Riley&quot; afectar\u00eda a miles de indocumentados que viven en el pa\u00eds.\" \/>\n<meta property=\"og:url\" content=\"https:\/\/blogdiario.info\/magazine\/2025\/01\/10\/el-congreso-de-los-eeuu-avanza-en-el-debate-de-la-ley-laken-riley\/\" \/>\n<meta property=\"og:site_name\" content=\"BlogDiario Magazine\" \/>\n<meta property=\"article:published_time\" content=\"2025-01-10T19:16:10+00:00\" \/>\n<meta property=\"article:modified_time\" content=\"2025-01-10T20:01:20+00:00\" \/>\n<meta property=\"og:image\" content=\"https:\/\/blogdiario.info\/magazine\/images\/2025\/01\/voa20250110.jpg\" \/>\n\t<meta property=\"og:image:width\" content=\"600\" \/>\n\t<meta property=\"og:image:height\" content=\"400\" \/>\n\t<meta property=\"og:image:type\" content=\"image\/jpeg\" \/>\n<meta name=\"author\" content=\"World Press Service | Servicio de Prensa Mundial\" \/>\n<meta name=\"twitter:card\" content=\"summary_large_image\" \/>\n<meta name=\"twitter:label1\" content=\"Escrito por\" \/>\n\t<meta name=\"twitter:data1\" content=\"World Press Service | Servicio de Prensa Mundial\" \/>\n\t<meta name=\"twitter:label2\" content=\"Tiempo de lectura\" \/>\n\t<meta name=\"twitter:data2\" content=\"2 minutos\" \/>\n<script type=\"application\/ld+json\" class=\"yoast-schema-graph\">{\"@context\":\"https:\\\/\\\/schema.org\",\"@graph\":[{\"@type\":\"Article\",\"@id\":\"https:\\\/\\\/blogdiario.info\\\/magazine\\\/2025\\\/01\\\/10\\\/el-congreso-de-los-eeuu-avanza-en-el-debate-de-la-ley-laken-riley\\\/#article\",\"isPartOf\":{\"@id\":\"https:\\\/\\\/blogdiario.info\\\/magazine\\\/2025\\\/01\\\/10\\\/el-congreso-de-los-eeuu-avanza-en-el-debate-de-la-ley-laken-riley\\\/\"},\"author\":{\"name\":\"World Press Service | Servicio de Prensa Mundial\",\"@id\":\"https:\\\/\\\/blogdiario.info\\\/magazine\\\/#\\\/schema\\\/person\\\/b2422fe85574d945bad55513bb0c7354\"},\"headline\":\"El Congreso de los EEUU avanza en el debate de la &#8220;Ley Laken Riley&#8221;\",\"datePublished\":\"2025-01-10T19:16:10+00:00\",\"dateModified\":\"2025-01-10T20:01:20+00:00\",\"mainEntityOfPage\":{\"@id\":\"https:\\\/\\\/blogdiario.info\\\/magazine\\\/2025\\\/01\\\/10\\\/el-congreso-de-los-eeuu-avanza-en-el-debate-de-la-ley-laken-riley\\\/\"},\"wordCount\":296,\"publisher\":{\"@id\":\"https:\\\/\\\/blogdiario.info\\\/magazine\\\/#organization\"},\"image\":{\"@id\":\"https:\\\/\\\/blogdiario.info\\\/magazine\\\/2025\\\/01\\\/10\\\/el-congreso-de-los-eeuu-avanza-en-el-debate-de-la-ley-laken-riley\\\/#primaryimage\"},\"thumbnailUrl\":\"https:\\\/\\\/blogdiario.info\\\/magazine\\\/images\\\/2025\\\/01\\\/voa20250110.jpg\",\"keywords\":[\"USA\"],\"articleSection\":[\".\",\".\",\"Actualidad\",\"America del Nord\",\"Broadcasting\"],\"inLanguage\":\"es-AR\"},{\"@type\":\"WebPage\",\"@id\":\"https:\\\/\\\/blogdiario.info\\\/magazine\\\/2025\\\/01\\\/10\\\/el-congreso-de-los-eeuu-avanza-en-el-debate-de-la-ley-laken-riley\\\/\",\"url\":\"https:\\\/\\\/blogdiario.info\\\/magazine\\\/2025\\\/01\\\/10\\\/el-congreso-de-los-eeuu-avanza-en-el-debate-de-la-ley-laken-riley\\\/\",\"name\":\"El Congreso de los EEUU avanza en el debate de la \\\"Ley Laken Riley\\\" - BlogDiario Magazine\",\"isPartOf\":{\"@id\":\"https:\\\/\\\/blogdiario.info\\\/magazine\\\/#website\"},\"primaryImageOfPage\":{\"@id\":\"https:\\\/\\\/blogdiario.info\\\/magazine\\\/2025\\\/01\\\/10\\\/el-congreso-de-los-eeuu-avanza-en-el-debate-de-la-ley-laken-riley\\\/#primaryimage\"},\"image\":{\"@id\":\"https:\\\/\\\/blogdiario.info\\\/magazine\\\/2025\\\/01\\\/10\\\/el-congreso-de-los-eeuu-avanza-en-el-debate-de-la-ley-laken-riley\\\/#primaryimage\"},\"thumbnailUrl\":\"https:\\\/\\\/blogdiario.info\\\/magazine\\\/images\\\/2025\\\/01\\\/voa20250110.jpg\",\"datePublished\":\"2025-01-10T19:16:10+00:00\",\"dateModified\":\"2025-01-10T20:01:20+00:00\",\"breadcrumb\":{\"@id\":\"https:\\\/\\\/blogdiario.info\\\/magazine\\\/2025\\\/01\\\/10\\\/el-congreso-de-los-eeuu-avanza-en-el-debate-de-la-ley-laken-riley\\\/#breadcrumb\"},\"inLanguage\":\"es-AR\",\"potentialAction\":[{\"@type\":\"ReadAction\",\"target\":[\"https:\\\/\\\/blogdiario.info\\\/magazine\\\/2025\\\/01\\\/10\\\/el-congreso-de-los-eeuu-avanza-en-el-debate-de-la-ley-laken-riley\\\/\"]}]},{\"@type\":\"ImageObject\",\"inLanguage\":\"es-AR\",\"@id\":\"https:\\\/\\\/blogdiario.info\\\/magazine\\\/2025\\\/01\\\/10\\\/el-congreso-de-los-eeuu-avanza-en-el-debate-de-la-ley-laken-riley\\\/#primaryimage\",\"url\":\"https:\\\/\\\/blogdiario.info\\\/magazine\\\/images\\\/2025\\\/01\\\/voa20250110.jpg\",\"contentUrl\":\"https:\\\/\\\/blogdiario.info\\\/magazine\\\/images\\\/2025\\\/01\\\/voa20250110.jpg\",\"width\":600,\"height\":400},{\"@type\":\"BreadcrumbList\",\"@id\":\"https:\\\/\\\/blogdiario.info\\\/magazine\\\/2025\\\/01\\\/10\\\/el-congreso-de-los-eeuu-avanza-en-el-debate-de-la-ley-laken-riley\\\/#breadcrumb\",\"itemListElement\":[{\"@type\":\"ListItem\",\"position\":1,\"name\":\"Home\",\"item\":\"https:\\\/\\\/blogdiario.info\\\/magazine\\\/\"},{\"@type\":\"ListItem\",\"position\":2,\"name\":\"El Congreso de los EEUU avanza en el debate de la &#8220;Ley Laken Riley&#8221;\"}]},{\"@type\":\"WebSite\",\"@id\":\"https:\\\/\\\/blogdiario.info\\\/magazine\\\/#website\",\"url\":\"https:\\\/\\\/blogdiario.info\\\/magazine\\\/\",\"name\":\"BlogDiario Magazine\",\"description\":\"Suplemento multiling\u00fce de ElCanillita.Info\",\"publisher\":{\"@id\":\"https:\\\/\\\/blogdiario.info\\\/magazine\\\/#organization\"},\"potentialAction\":[{\"@type\":\"SearchAction\",\"target\":{\"@type\":\"EntryPoint\",\"urlTemplate\":\"https:\\\/\\\/blogdiario.info\\\/magazine\\\/?s={search_term_string}\"},\"query-input\":{\"@type\":\"PropertyValueSpecification\",\"valueRequired\":true,\"valueName\":\"search_term_string\"}}],\"inLanguage\":\"es-AR\"},{\"@type\":\"Organization\",\"@id\":\"https:\\\/\\\/blogdiario.info\\\/magazine\\\/#organization\",\"name\":\"Guzzo Photos & Graphic Publications\",\"url\":\"https:\\\/\\\/blogdiario.info\\\/magazine\\\/\",\"logo\":{\"@type\":\"ImageObject\",\"inLanguage\":\"es-AR\",\"@id\":\"https:\\\/\\\/blogdiario.info\\\/magazine\\\/#\\\/schema\\\/logo\\\/image\\\/\",\"url\":\"https:\\\/\\\/blogdiario.info\\\/magazine\\\/images\\\/2020\\\/01\\\/cropped-blogdia_magazine.jpg\",\"contentUrl\":\"https:\\\/\\\/blogdiario.info\\\/magazine\\\/images\\\/2020\\\/01\\\/cropped-blogdia_magazine.jpg\",\"width\":589,\"height\":55,\"caption\":\"Guzzo Photos & Graphic Publications\"},\"image\":{\"@id\":\"https:\\\/\\\/blogdiario.info\\\/magazine\\\/#\\\/schema\\\/logo\\\/image\\\/\"}},{\"@type\":\"Person\",\"@id\":\"https:\\\/\\\/blogdiario.info\\\/magazine\\\/#\\\/schema\\\/person\\\/b2422fe85574d945bad55513bb0c7354\",\"name\":\"World Press Service | Servicio de Prensa Mundial\"}]}<\/script>\n<!-- \/ Yoast SEO plugin. -->","yoast_head_json":{"title":"El Congreso de los EEUU avanza en el debate de la \"Ley Laken Riley\" - BlogDiario Magazine","robots":{"index":"index","follow":"follow","max-snippet":"max-snippet:-1","max-image-preview":"max-image-preview:large","max-video-preview":"max-video-preview:-1"},"canonical":"https:\/\/blogdiario.info\/magazine\/2025\/01\/10\/el-congreso-de-los-eeuu-avanza-en-el-debate-de-la-ley-laken-riley\/","og_locale":"es_ES","og_type":"article","og_title":"El Congreso de los EEUU avanza en el debate de la \"Ley Laken Riley\" - BlogDiario Magazine","og_description":"La \"Ley Laken Riley\" afectar\u00eda a miles de indocumentados que viven en el pa\u00eds.","og_url":"https:\/\/blogdiario.info\/magazine\/2025\/01\/10\/el-congreso-de-los-eeuu-avanza-en-el-debate-de-la-ley-laken-riley\/","og_site_name":"BlogDiario Magazine","article_published_time":"2025-01-10T19:16:10+00:00","article_modified_time":"2025-01-10T20:01:20+00:00","og_image":[{"width":600,"height":400,"url":"https:\/\/blogdiario.info\/magazine\/images\/2025\/01\/voa20250110.jpg","type":"image\/jpeg"}],"author":"World Press Service | Servicio de Prensa Mundial","twitter_card":"summary_large_image","twitter_misc":{"Escrito por":"World Press Service | Servicio de Prensa Mundial","Tiempo de lectura":"2 minutos"},"schema":{"@context":"https:\/\/schema.org","@graph":[{"@type":"Article","@id":"https:\/\/blogdiario.info\/magazine\/2025\/01\/10\/el-congreso-de-los-eeuu-avanza-en-el-debate-de-la-ley-laken-riley\/#article","isPartOf":{"@id":"https:\/\/blogdiario.info\/magazine\/2025\/01\/10\/el-congreso-de-los-eeuu-avanza-en-el-debate-de-la-ley-laken-riley\/"},"author":{"name":"World Press Service | Servicio de Prensa Mundial","@id":"https:\/\/blogdiario.info\/magazine\/#\/schema\/person\/b2422fe85574d945bad55513bb0c7354"},"headline":"El Congreso de los EEUU avanza en el debate de la &#8220;Ley Laken Riley&#8221;","datePublished":"2025-01-10T19:16:10+00:00","dateModified":"2025-01-10T20:01:20+00:00","mainEntityOfPage":{"@id":"https:\/\/blogdiario.info\/magazine\/2025\/01\/10\/el-congreso-de-los-eeuu-avanza-en-el-debate-de-la-ley-laken-riley\/"},"wordCount":296,"publisher":{"@id":"https:\/\/blogdiario.info\/magazine\/#organization"},"image":{"@id":"https:\/\/blogdiario.info\/magazine\/2025\/01\/10\/el-congreso-de-los-eeuu-avanza-en-el-debate-de-la-ley-laken-riley\/#primaryimage"},"thumbnailUrl":"https:\/\/blogdiario.info\/magazine\/images\/2025\/01\/voa20250110.jpg","keywords":["USA"],"articleSection":[".",".","Actualidad","America del Nord","Broadcasting"],"inLanguage":"es-AR"},{"@type":"WebPage","@id":"https:\/\/blogdiario.info\/magazine\/2025\/01\/10\/el-congreso-de-los-eeuu-avanza-en-el-debate-de-la-ley-laken-riley\/","url":"https:\/\/blogdiario.info\/magazine\/2025\/01\/10\/el-congreso-de-los-eeuu-avanza-en-el-debate-de-la-ley-laken-riley\/","name":"El Congreso de los EEUU avanza en el debate de la \"Ley Laken Riley\" - BlogDiario Magazine","isPartOf":{"@id":"https:\/\/blogdiario.info\/magazine\/#website"},"primaryImageOfPage":{"@id":"https:\/\/blogdiario.info\/magazine\/2025\/01\/10\/el-congreso-de-los-eeuu-avanza-en-el-debate-de-la-ley-laken-riley\/#primaryimage"},"image":{"@id":"https:\/\/blogdiario.info\/magazine\/2025\/01\/10\/el-congreso-de-los-eeuu-avanza-en-el-debate-de-la-ley-laken-riley\/#primaryimage"},"thumbnailUrl":"https:\/\/blogdiario.info\/magazine\/images\/2025\/01\/voa20250110.jpg","datePublished":"2025-01-10T19:16:10+00:00","dateModified":"2025-01-10T20:01:20+00:00","breadcrumb":{"@id":"https:\/\/blogdiario.info\/magazine\/2025\/01\/10\/el-congreso-de-los-eeuu-avanza-en-el-debate-de-la-ley-laken-riley\/#breadcrumb"},"inLanguage":"es-AR","potentialAction":[{"@type":"ReadAction","target":["https:\/\/blogdiario.info\/magazine\/2025\/01\/10\/el-congreso-de-los-eeuu-avanza-en-el-debate-de-la-ley-laken-riley\/"]}]},{"@type":"ImageObject","inLanguage":"es-AR","@id":"https:\/\/blogdiario.info\/magazine\/2025\/01\/10\/el-congreso-de-los-eeuu-avanza-en-el-debate-de-la-ley-laken-riley\/#primaryimage","url":"https:\/\/blogdiario.info\/magazine\/images\/2025\/01\/voa20250110.jpg","contentUrl":"https:\/\/blogdiario.info\/magazine\/images\/2025\/01\/voa20250110.jpg","width":600,"height":400},{"@type":"BreadcrumbList","@id":"https:\/\/blogdiario.info\/magazine\/2025\/01\/10\/el-congreso-de-los-eeuu-avanza-en-el-debate-de-la-ley-laken-riley\/#breadcrumb","itemListElement":[{"@type":"ListItem","position":1,"name":"Home","item":"https:\/\/blogdiario.info\/magazine\/"},{"@type":"ListItem","position":2,"name":"El Congreso de los EEUU avanza en el debate de la &#8220;Ley Laken Riley&#8221;"}]},{"@type":"WebSite","@id":"https:\/\/blogdiario.info\/magazine\/#website","url":"https:\/\/blogdiario.info\/magazine\/","name":"BlogDiario Magazine","description":"Suplemento multiling\u00fce de ElCanillita.Info","publisher":{"@id":"https:\/\/blogdiario.info\/magazine\/#organization"},"potentialAction":[{"@type":"SearchAction","target":{"@type":"EntryPoint","urlTemplate":"https:\/\/blogdiario.info\/magazine\/?s={search_term_string}"},"query-input":{"@type":"PropertyValueSpecification","valueRequired":true,"valueName":"search_term_string"}}],"inLanguage":"es-AR"},{"@type":"Organization","@id":"https:\/\/blogdiario.info\/magazine\/#organization","name":"Guzzo Photos & Graphic Publications","url":"https:\/\/blogdiario.info\/magazine\/","logo":{"@type":"ImageObject","inLanguage":"es-AR","@id":"https:\/\/blogdiario.info\/magazine\/#\/schema\/logo\/image\/","url":"https:\/\/blogdiario.info\/magazine\/images\/2020\/01\/cropped-blogdia_magazine.jpg","contentUrl":"https:\/\/blogdiario.info\/magazine\/images\/2020\/01\/cropped-blogdia_magazine.jpg","width":589,"height":55,"caption":"Guzzo Photos & Graphic Publications"},"image":{"@id":"https:\/\/blogdiario.info\/magazine\/#\/schema\/logo\/image\/"}},{"@type":"Person","@id":"https:\/\/blogdiario.info\/magazine\/#\/schema\/person\/b2422fe85574d945bad55513bb0c7354","name":"World Press Service | Servicio de Prensa Mundial"}]}},"views":444,"_links":{"self":[{"href":"https:\/\/blogdiario.info\/magazine\/wp-json\/wp\/v2\/posts\/1447","targetHints":{"allow":["GET"]}}],"collection":[{"href":"https:\/\/blogdiario.info\/magazine\/wp-json\/wp\/v2\/posts"}],"about":[{"href":"https:\/\/blogdiario.info\/magazine\/wp-json\/wp\/v2\/types\/post"}],"author":[{"embeddable":true,"href":"https:\/\/blogdiario.info\/magazine\/wp-json\/wp\/v2\/users\/1"}],"replies":[{"embeddable":true,"href":"https:\/\/blogdiario.info\/magazine\/wp-json\/wp\/v2\/comments?post=1447"}],"version-history":[{"count":0,"href":"https:\/\/blogdiario.info\/magazine\/wp-json\/wp\/v2\/posts\/1447\/revisions"}],"wp:featuredmedia":[{"embeddable":true,"href":"https:\/\/blogdiario.info\/magazine\/wp-json\/wp\/v2\/media\/1448"}],"wp:attachment":[{"href":"https:\/\/blogdiario.info\/magazine\/wp-json\/wp\/v2\/media?parent=1447"}],"wp:term":[{"taxonomy":"category","embeddable":true,"href":"https:\/\/blogdiario.info\/magazine\/wp-json\/wp\/v2\/categories?post=1447"},{"taxonomy":"post_tag","embeddable":true,"href":"https:\/\/blogdiario.info\/magazine\/wp-json\/wp\/v2\/tags?post=1447"}],"curies":[{"name":"wp","href":"https:\/\/api.w.org\/{rel}","templated":true}]}}