{"id":1443,"date":"2025-01-09T15:53:27","date_gmt":"2025-01-09T14:53:27","guid":{"rendered":"https:\/\/blogdiario.info\/magazine\/?p=1443"},"modified":"2025-01-09T15:53:28","modified_gmt":"2025-01-09T14:53:28","slug":"trump-no-descarta-el-uso-de-la-fuerza-militar-para-controlar-groenlandia-y-el-canal-de-panama","status":"publish","type":"post","link":"https:\/\/blogdiario.info\/magazine\/2025\/01\/09\/trump-no-descarta-el-uso-de-la-fuerza-militar-para-controlar-groenlandia-y-el-canal-de-panama\/","title":{"rendered":"TRUMP no descarta el uso de la fuerza militar para controlar Groenlandia y el Canal de Panam\u00e1"},"content":{"rendered":"\n<figure class=\"wp-block-video\"><video controls src=\"https:\/\/elcanillita.info\/press\/images\/2025\/01\/Iltrump Ii.mp4\"><\/video><\/figure>\n\n\n\n<p>Informa H\u00e9ctor Contreras desde la Voz de Am\u00e9rica en Washington. Fecha de publicaci\u00f3n: 2025-01-08 18:01:09 UTC<br><small>Copyright \u00a9 2025 SalaStampa.Eu affiliate with USAGM \/ BBG &#8211; servicio mundial de prensa . Edited by Guzzo Photos &amp; Graphic Publications &#8211; Copyright \u00a9 1995-2025 Reprinted by ElCanillita.info \/ BlogDiario.info<\/small><\/p>\n","protected":false},"excerpt":{"rendered":"<p>En pol\u00e9micas declaraciones el presidente electo de los EEUU Donald Trump, no descart\u00f3 el posible uso de la fuerza militar para controlar Groenlandia y el Canal de Panam\u00e1<\/p>\n","protected":false},"author":1,"featured_media":1444,"comment_status":"closed","ping_status":"closed","sticky":false,"template":"","format":"standard","meta":{"footnotes":"","_links_to":"","_links_to_target":""},"categories":[97,109,62,49,126,134],"tags":[],"class_list":["post-1443","post","type-post","status-publish","format-standard","has-post-thumbnail","hentry","category-elcanillita","category-dc24","category-actualidad","category-america-del-nord","category-broadcasting","category-politicas-globales","entry","rows"],"yoast_head":"<!-- This site is optimized with the Yoast SEO plugin v27.4 - https:\/\/yoast.com\/product\/yoast-seo-wordpress\/ -->\n<title>TRUMP no descarta el uso de la fuerza militar para controlar Groenlandia y el Canal de Panam\u00e1 - BlogDiario Magazine<\/title>\n<meta name=\"robots\" content=\"index, follow, max-snippet:-1, max-image-preview:large, max-video-preview:-1\" \/>\n<link rel=\"canonical\" href=\"https:\/\/blogdiario.info\/magazine\/2025\/01\/09\/trump-no-descarta-el-uso-de-la-fuerza-militar-para-controlar-groenlandia-y-el-canal-de-panama\/\" \/>\n<meta property=\"og:locale\" content=\"es_ES\" \/>\n<meta property=\"og:type\" content=\"article\" \/>\n<meta property=\"og:title\" content=\"TRUMP no descarta el uso de la fuerza militar para controlar Groenlandia y el Canal de Panam\u00e1 - BlogDiario Magazine\" \/>\n<meta property=\"og:description\" content=\"En pol\u00e9micas declaraciones el presidente electo de los EEUU Donald Trump, no descart\u00f3 el posible uso de la fuerza militar para controlar Groenlandia y el Canal de Panam\u00e1\" \/>\n<meta property=\"og:url\" content=\"https:\/\/blogdiario.info\/magazine\/2025\/01\/09\/trump-no-descarta-el-uso-de-la-fuerza-militar-para-controlar-groenlandia-y-el-canal-de-panama\/\" \/>\n<meta property=\"og:site_name\" content=\"BlogDiario Magazine\" \/>\n<meta property=\"article:published_time\" content=\"2025-01-09T14:53:27+00:00\" \/>\n<meta property=\"article:modified_time\" content=\"2025-01-09T14:53:28+00:00\" \/>\n<meta property=\"og:image\" content=\"https:\/\/blogdiario.info\/magazine\/images\/2025\/01\/2025-01-09-14-30-40.png\" \/>\n\t<meta property=\"og:image:width\" content=\"408\" \/>\n\t<meta property=\"og:image:height\" content=\"272\" \/>\n\t<meta property=\"og:image:type\" content=\"image\/png\" \/>\n<meta name=\"author\" content=\"World Press Service | Servicio de Prensa Mundial\" \/>\n<meta name=\"twitter:card\" content=\"summary_large_image\" \/>\n<meta name=\"twitter:label1\" content=\"Escrito por\" \/>\n\t<meta name=\"twitter:data1\" content=\"World Press Service | Servicio de Prensa Mundial\" \/>\n\t<meta name=\"twitter:label2\" content=\"Tiempo de lectura\" \/>\n\t<meta name=\"twitter:data2\" content=\"1 minuto\" \/>\n<script type=\"application\/ld+json\" class=\"yoast-schema-graph\">{\"@context\":\"https:\\\/\\\/schema.org\",\"@graph\":[{\"@type\":\"Article\",\"@id\":\"https:\\\/\\\/blogdiario.info\\\/magazine\\\/2025\\\/01\\\/09\\\/trump-no-descarta-el-uso-de-la-fuerza-militar-para-controlar-groenlandia-y-el-canal-de-panama\\\/#article\",\"isPartOf\":{\"@id\":\"https:\\\/\\\/blogdiario.info\\\/magazine\\\/2025\\\/01\\\/09\\\/trump-no-descarta-el-uso-de-la-fuerza-militar-para-controlar-groenlandia-y-el-canal-de-panama\\\/\"},\"author\":{\"name\":\"World Press Service | Servicio de Prensa Mundial\",\"@id\":\"https:\\\/\\\/blogdiario.info\\\/magazine\\\/#\\\/schema\\\/person\\\/b2422fe85574d945bad55513bb0c7354\"},\"headline\":\"TRUMP no descarta el uso de la fuerza militar para controlar Groenlandia y el Canal de Panam\u00e1\",\"datePublished\":\"2025-01-09T14:53:27+00:00\",\"dateModified\":\"2025-01-09T14:53:28+00:00\",\"mainEntityOfPage\":{\"@id\":\"https:\\\/\\\/blogdiario.info\\\/magazine\\\/2025\\\/01\\\/09\\\/trump-no-descarta-el-uso-de-la-fuerza-militar-para-controlar-groenlandia-y-el-canal-de-panama\\\/\"},\"wordCount\":64,\"publisher\":{\"@id\":\"https:\\\/\\\/blogdiario.info\\\/magazine\\\/#organization\"},\"image\":{\"@id\":\"https:\\\/\\\/blogdiario.info\\\/magazine\\\/2025\\\/01\\\/09\\\/trump-no-descarta-el-uso-de-la-fuerza-militar-para-controlar-groenlandia-y-el-canal-de-panama\\\/#primaryimage\"},\"thumbnailUrl\":\"https:\\\/\\\/blogdiario.info\\\/magazine\\\/images\\\/2025\\\/01\\\/2025-01-09-14-30-40.png\",\"articleSection\":[\".\",\".\",\"Actualidad\",\"America del Nord\",\"Broadcasting\",\"Pol\u00edticas globales\"],\"inLanguage\":\"es-AR\"},{\"@type\":\"WebPage\",\"@id\":\"https:\\\/\\\/blogdiario.info\\\/magazine\\\/2025\\\/01\\\/09\\\/trump-no-descarta-el-uso-de-la-fuerza-militar-para-controlar-groenlandia-y-el-canal-de-panama\\\/\",\"url\":\"https:\\\/\\\/blogdiario.info\\\/magazine\\\/2025\\\/01\\\/09\\\/trump-no-descarta-el-uso-de-la-fuerza-militar-para-controlar-groenlandia-y-el-canal-de-panama\\\/\",\"name\":\"TRUMP no descarta el uso de la fuerza militar para controlar Groenlandia y el Canal de Panam\u00e1 - BlogDiario Magazine\",\"isPartOf\":{\"@id\":\"https:\\\/\\\/blogdiario.info\\\/magazine\\\/#website\"},\"primaryImageOfPage\":{\"@id\":\"https:\\\/\\\/blogdiario.info\\\/magazine\\\/2025\\\/01\\\/09\\\/trump-no-descarta-el-uso-de-la-fuerza-militar-para-controlar-groenlandia-y-el-canal-de-panama\\\/#primaryimage\"},\"image\":{\"@id\":\"https:\\\/\\\/blogdiario.info\\\/magazine\\\/2025\\\/01\\\/09\\\/trump-no-descarta-el-uso-de-la-fuerza-militar-para-controlar-groenlandia-y-el-canal-de-panama\\\/#primaryimage\"},\"thumbnailUrl\":\"https:\\\/\\\/blogdiario.info\\\/magazine\\\/images\\\/2025\\\/01\\\/2025-01-09-14-30-40.png\",\"datePublished\":\"2025-01-09T14:53:27+00:00\",\"dateModified\":\"2025-01-09T14:53:28+00:00\",\"breadcrumb\":{\"@id\":\"https:\\\/\\\/blogdiario.info\\\/magazine\\\/2025\\\/01\\\/09\\\/trump-no-descarta-el-uso-de-la-fuerza-militar-para-controlar-groenlandia-y-el-canal-de-panama\\\/#breadcrumb\"},\"inLanguage\":\"es-AR\",\"potentialAction\":[{\"@type\":\"ReadAction\",\"target\":[\"https:\\\/\\\/blogdiario.info\\\/magazine\\\/2025\\\/01\\\/09\\\/trump-no-descarta-el-uso-de-la-fuerza-militar-para-controlar-groenlandia-y-el-canal-de-panama\\\/\"]}]},{\"@type\":\"ImageObject\",\"inLanguage\":\"es-AR\",\"@id\":\"https:\\\/\\\/blogdiario.info\\\/magazine\\\/2025\\\/01\\\/09\\\/trump-no-descarta-el-uso-de-la-fuerza-militar-para-controlar-groenlandia-y-el-canal-de-panama\\\/#primaryimage\",\"url\":\"https:\\\/\\\/blogdiario.info\\\/magazine\\\/images\\\/2025\\\/01\\\/2025-01-09-14-30-40.png\",\"contentUrl\":\"https:\\\/\\\/blogdiario.info\\\/magazine\\\/images\\\/2025\\\/01\\\/2025-01-09-14-30-40.png\",\"width\":408,\"height\":272},{\"@type\":\"BreadcrumbList\",\"@id\":\"https:\\\/\\\/blogdiario.info\\\/magazine\\\/2025\\\/01\\\/09\\\/trump-no-descarta-el-uso-de-la-fuerza-militar-para-controlar-groenlandia-y-el-canal-de-panama\\\/#breadcrumb\",\"itemListElement\":[{\"@type\":\"ListItem\",\"position\":1,\"name\":\"Home\",\"item\":\"https:\\\/\\\/blogdiario.info\\\/magazine\\\/\"},{\"@type\":\"ListItem\",\"position\":2,\"name\":\"TRUMP no descarta el uso de la fuerza militar para controlar Groenlandia y el Canal de Panam\u00e1\"}]},{\"@type\":\"WebSite\",\"@id\":\"https:\\\/\\\/blogdiario.info\\\/magazine\\\/#website\",\"url\":\"https:\\\/\\\/blogdiario.info\\\/magazine\\\/\",\"name\":\"BlogDiario Magazine\",\"description\":\"Suplemento multiling\u00fce de ElCanillita.Info\",\"publisher\":{\"@id\":\"https:\\\/\\\/blogdiario.info\\\/magazine\\\/#organization\"},\"potentialAction\":[{\"@type\":\"SearchAction\",\"target\":{\"@type\":\"EntryPoint\",\"urlTemplate\":\"https:\\\/\\\/blogdiario.info\\\/magazine\\\/?s={search_term_string}\"},\"query-input\":{\"@type\":\"PropertyValueSpecification\",\"valueRequired\":true,\"valueName\":\"search_term_string\"}}],\"inLanguage\":\"es-AR\"},{\"@type\":\"Organization\",\"@id\":\"https:\\\/\\\/blogdiario.info\\\/magazine\\\/#organization\",\"name\":\"Guzzo Photos & Graphic Publications\",\"url\":\"https:\\\/\\\/blogdiario.info\\\/magazine\\\/\",\"logo\":{\"@type\":\"ImageObject\",\"inLanguage\":\"es-AR\",\"@id\":\"https:\\\/\\\/blogdiario.info\\\/magazine\\\/#\\\/schema\\\/logo\\\/image\\\/\",\"url\":\"https:\\\/\\\/blogdiario.info\\\/magazine\\\/images\\\/2020\\\/01\\\/cropped-blogdia_magazine.jpg\",\"contentUrl\":\"https:\\\/\\\/blogdiario.info\\\/magazine\\\/images\\\/2020\\\/01\\\/cropped-blogdia_magazine.jpg\",\"width\":589,\"height\":55,\"caption\":\"Guzzo Photos & Graphic Publications\"},\"image\":{\"@id\":\"https:\\\/\\\/blogdiario.info\\\/magazine\\\/#\\\/schema\\\/logo\\\/image\\\/\"}},{\"@type\":\"Person\",\"@id\":\"https:\\\/\\\/blogdiario.info\\\/magazine\\\/#\\\/schema\\\/person\\\/b2422fe85574d945bad55513bb0c7354\",\"name\":\"World Press Service | Servicio de Prensa Mundial\"}]}<\/script>\n<!-- \/ Yoast SEO plugin. -->","yoast_head_json":{"title":"TRUMP no descarta el uso de la fuerza militar para controlar Groenlandia y el Canal de Panam\u00e1 - BlogDiario Magazine","robots":{"index":"index","follow":"follow","max-snippet":"max-snippet:-1","max-image-preview":"max-image-preview:large","max-video-preview":"max-video-preview:-1"},"canonical":"https:\/\/blogdiario.info\/magazine\/2025\/01\/09\/trump-no-descarta-el-uso-de-la-fuerza-militar-para-controlar-groenlandia-y-el-canal-de-panama\/","og_locale":"es_ES","og_type":"article","og_title":"TRUMP no descarta el uso de la fuerza militar para controlar Groenlandia y el Canal de Panam\u00e1 - BlogDiario Magazine","og_description":"En pol\u00e9micas declaraciones el presidente electo de los EEUU Donald Trump, no descart\u00f3 el posible uso de la fuerza militar para controlar Groenlandia y el Canal de Panam\u00e1","og_url":"https:\/\/blogdiario.info\/magazine\/2025\/01\/09\/trump-no-descarta-el-uso-de-la-fuerza-militar-para-controlar-groenlandia-y-el-canal-de-panama\/","og_site_name":"BlogDiario Magazine","article_published_time":"2025-01-09T14:53:27+00:00","article_modified_time":"2025-01-09T14:53:28+00:00","og_image":[{"width":408,"height":272,"url":"https:\/\/blogdiario.info\/magazine\/images\/2025\/01\/2025-01-09-14-30-40.png","type":"image\/png"}],"author":"World Press Service | Servicio de Prensa Mundial","twitter_card":"summary_large_image","twitter_misc":{"Escrito por":"World Press Service | Servicio de Prensa Mundial","Tiempo de lectura":"1 minuto"},"schema":{"@context":"https:\/\/schema.org","@graph":[{"@type":"Article","@id":"https:\/\/blogdiario.info\/magazine\/2025\/01\/09\/trump-no-descarta-el-uso-de-la-fuerza-militar-para-controlar-groenlandia-y-el-canal-de-panama\/#article","isPartOf":{"@id":"https:\/\/blogdiario.info\/magazine\/2025\/01\/09\/trump-no-descarta-el-uso-de-la-fuerza-militar-para-controlar-groenlandia-y-el-canal-de-panama\/"},"author":{"name":"World Press Service | Servicio de Prensa Mundial","@id":"https:\/\/blogdiario.info\/magazine\/#\/schema\/person\/b2422fe85574d945bad55513bb0c7354"},"headline":"TRUMP no descarta el uso de la fuerza militar para controlar Groenlandia y el Canal de Panam\u00e1","datePublished":"2025-01-09T14:53:27+00:00","dateModified":"2025-01-09T14:53:28+00:00","mainEntityOfPage":{"@id":"https:\/\/blogdiario.info\/magazine\/2025\/01\/09\/trump-no-descarta-el-uso-de-la-fuerza-militar-para-controlar-groenlandia-y-el-canal-de-panama\/"},"wordCount":64,"publisher":{"@id":"https:\/\/blogdiario.info\/magazine\/#organization"},"image":{"@id":"https:\/\/blogdiario.info\/magazine\/2025\/01\/09\/trump-no-descarta-el-uso-de-la-fuerza-militar-para-controlar-groenlandia-y-el-canal-de-panama\/#primaryimage"},"thumbnailUrl":"https:\/\/blogdiario.info\/magazine\/images\/2025\/01\/2025-01-09-14-30-40.png","articleSection":[".",".","Actualidad","America del Nord","Broadcasting","Pol\u00edticas globales"],"inLanguage":"es-AR"},{"@type":"WebPage","@id":"https:\/\/blogdiario.info\/magazine\/2025\/01\/09\/trump-no-descarta-el-uso-de-la-fuerza-militar-para-controlar-groenlandia-y-el-canal-de-panama\/","url":"https:\/\/blogdiario.info\/magazine\/2025\/01\/09\/trump-no-descarta-el-uso-de-la-fuerza-militar-para-controlar-groenlandia-y-el-canal-de-panama\/","name":"TRUMP no descarta el uso de la fuerza militar para controlar Groenlandia y el Canal de Panam\u00e1 - BlogDiario Magazine","isPartOf":{"@id":"https:\/\/blogdiario.info\/magazine\/#website"},"primaryImageOfPage":{"@id":"https:\/\/blogdiario.info\/magazine\/2025\/01\/09\/trump-no-descarta-el-uso-de-la-fuerza-militar-para-controlar-groenlandia-y-el-canal-de-panama\/#primaryimage"},"image":{"@id":"https:\/\/blogdiario.info\/magazine\/2025\/01\/09\/trump-no-descarta-el-uso-de-la-fuerza-militar-para-controlar-groenlandia-y-el-canal-de-panama\/#primaryimage"},"thumbnailUrl":"https:\/\/blogdiario.info\/magazine\/images\/2025\/01\/2025-01-09-14-30-40.png","datePublished":"2025-01-09T14:53:27+00:00","dateModified":"2025-01-09T14:53:28+00:00","breadcrumb":{"@id":"https:\/\/blogdiario.info\/magazine\/2025\/01\/09\/trump-no-descarta-el-uso-de-la-fuerza-militar-para-controlar-groenlandia-y-el-canal-de-panama\/#breadcrumb"},"inLanguage":"es-AR","potentialAction":[{"@type":"ReadAction","target":["https:\/\/blogdiario.info\/magazine\/2025\/01\/09\/trump-no-descarta-el-uso-de-la-fuerza-militar-para-controlar-groenlandia-y-el-canal-de-panama\/"]}]},{"@type":"ImageObject","inLanguage":"es-AR","@id":"https:\/\/blogdiario.info\/magazine\/2025\/01\/09\/trump-no-descarta-el-uso-de-la-fuerza-militar-para-controlar-groenlandia-y-el-canal-de-panama\/#primaryimage","url":"https:\/\/blogdiario.info\/magazine\/images\/2025\/01\/2025-01-09-14-30-40.png","contentUrl":"https:\/\/blogdiario.info\/magazine\/images\/2025\/01\/2025-01-09-14-30-40.png","width":408,"height":272},{"@type":"BreadcrumbList","@id":"https:\/\/blogdiario.info\/magazine\/2025\/01\/09\/trump-no-descarta-el-uso-de-la-fuerza-militar-para-controlar-groenlandia-y-el-canal-de-panama\/#breadcrumb","itemListElement":[{"@type":"ListItem","position":1,"name":"Home","item":"https:\/\/blogdiario.info\/magazine\/"},{"@type":"ListItem","position":2,"name":"TRUMP no descarta el uso de la fuerza militar para controlar Groenlandia y el Canal de Panam\u00e1"}]},{"@type":"WebSite","@id":"https:\/\/blogdiario.info\/magazine\/#website","url":"https:\/\/blogdiario.info\/magazine\/","name":"BlogDiario Magazine","description":"Suplemento multiling\u00fce de ElCanillita.Info","publisher":{"@id":"https:\/\/blogdiario.info\/magazine\/#organization"},"potentialAction":[{"@type":"SearchAction","target":{"@type":"EntryPoint","urlTemplate":"https:\/\/blogdiario.info\/magazine\/?s={search_term_string}"},"query-input":{"@type":"PropertyValueSpecification","valueRequired":true,"valueName":"search_term_string"}}],"inLanguage":"es-AR"},{"@type":"Organization","@id":"https:\/\/blogdiario.info\/magazine\/#organization","name":"Guzzo Photos & Graphic Publications","url":"https:\/\/blogdiario.info\/magazine\/","logo":{"@type":"ImageObject","inLanguage":"es-AR","@id":"https:\/\/blogdiario.info\/magazine\/#\/schema\/logo\/image\/","url":"https:\/\/blogdiario.info\/magazine\/images\/2020\/01\/cropped-blogdia_magazine.jpg","contentUrl":"https:\/\/blogdiario.info\/magazine\/images\/2020\/01\/cropped-blogdia_magazine.jpg","width":589,"height":55,"caption":"Guzzo Photos & Graphic Publications"},"image":{"@id":"https:\/\/blogdiario.info\/magazine\/#\/schema\/logo\/image\/"}},{"@type":"Person","@id":"https:\/\/blogdiario.info\/magazine\/#\/schema\/person\/b2422fe85574d945bad55513bb0c7354","name":"World Press Service | Servicio de Prensa Mundial"}]}},"views":370,"_links":{"self":[{"href":"https:\/\/blogdiario.info\/magazine\/wp-json\/wp\/v2\/posts\/1443","targetHints":{"allow":["GET"]}}],"collection":[{"href":"https:\/\/blogdiario.info\/magazine\/wp-json\/wp\/v2\/posts"}],"about":[{"href":"https:\/\/blogdiario.info\/magazine\/wp-json\/wp\/v2\/types\/post"}],"author":[{"embeddable":true,"href":"https:\/\/blogdiario.info\/magazine\/wp-json\/wp\/v2\/users\/1"}],"replies":[{"embeddable":true,"href":"https:\/\/blogdiario.info\/magazine\/wp-json\/wp\/v2\/comments?post=1443"}],"version-history":[{"count":0,"href":"https:\/\/blogdiario.info\/magazine\/wp-json\/wp\/v2\/posts\/1443\/revisions"}],"wp:featuredmedia":[{"embeddable":true,"href":"https:\/\/blogdiario.info\/magazine\/wp-json\/wp\/v2\/media\/1444"}],"wp:attachment":[{"href":"https:\/\/blogdiario.info\/magazine\/wp-json\/wp\/v2\/media?parent=1443"}],"wp:term":[{"taxonomy":"category","embeddable":true,"href":"https:\/\/blogdiario.info\/magazine\/wp-json\/wp\/v2\/categories?post=1443"},{"taxonomy":"post_tag","embeddable":true,"href":"https:\/\/blogdiario.info\/magazine\/wp-json\/wp\/v2\/tags?post=1443"}],"curies":[{"name":"wp","href":"https:\/\/api.w.org\/{rel}","templated":true}]}}