{"id":1437,"date":"2025-01-01T17:23:03","date_gmt":"2025-01-01T16:23:03","guid":{"rendered":"https:\/\/blogdiario.info\/magazine\/?p=1437"},"modified":"2025-01-01T17:23:04","modified_gmt":"2025-01-01T16:23:04","slug":"putin-corta-el-suministro-de-gas-ruso-a-sus-aliados","status":"publish","type":"post","link":"https:\/\/blogdiario.info\/magazine\/2025\/01\/01\/putin-corta-el-suministro-de-gas-ruso-a-sus-aliados\/","title":{"rendered":"Putin corta el suministro de gas ruso a sus aliados"},"content":{"rendered":"\n<figure class=\"wp-block-image size-full\"><img loading=\"lazy\" decoding=\"async\" width=\"600\" height=\"435\" src=\"https:\/\/blogdiario.info\/magazine\/images\/2025\/01\/gasoducto20250101.png\" alt=\"\" class=\"wp-image-1439\" srcset=\"https:\/\/blogdiario.info\/magazine\/images\/2025\/01\/gasoducto20250101.png 600w, https:\/\/blogdiario.info\/magazine\/images\/2025\/01\/gasoducto20250101-300x218.png 300w\" sizes=\"auto, (max-width: 600px) 100vw, 600px\" \/><\/figure>\n\n\n\n<p>El flujo de gas natural desde Rusia a Europa del Este a trav\u00e9s de Ucrania se detuvo el mi\u00e9rcoles, cuando un acuerdo de tr\u00e1nsito termin\u00f3 abruptamente y provoc\u00f3 un aumento de los precios.<\/p>\n\n\n\n<p>La empresa energ\u00e9tica rusa Gazprom y el gobierno ucraniano dijeron que el tr\u00e1nsito de gas ruso a trav\u00e9s de Ucrania, que hab\u00eda continuado a pesar de la guerra entre los dos pa\u00edses, finalmente se hab\u00eda detenido el d\u00eda de A\u00f1o Nuevo.<\/p>\n\n\n\n<p>Seg\u00fan los datos publicados por el operador de la red de tr\u00e1nsito de gas de Ucrania, los pedidos iniciales de gas en Sudzha, una estaci\u00f3n de admisi\u00f3n en la frontera entre Rusia y Ucrania, se fijaron en cero a partir del 1 de enero.<\/p>\n\n\n\n<p>Ucrania ahora se enfrenta a la p\u00e9rdida de unos 800 millones de d\u00f3lares al a\u00f1o en tarifas de tr\u00e1nsito desde Rusia, mientras que Gazprom perder\u00e1 cerca de 5.000 millones de d\u00f3lares en ventas de gas.<\/p>\n\n\n\n<p>La Comisi\u00f3n Europea rest\u00f3 importancia al impacto y dijo que la interrupci\u00f3n era esperada y que el bloque estaba preparado para ella.<\/p>\n\n\n\n<p>&#8220;La infraestructura de gas europea es lo suficientemente flexible como para proporcionar gas de origen no ruso a CEE (Europa central y oriental) a trav\u00e9s de rutas alternativas&#8221;, dijo un portavoz de la Comisi\u00f3n Europea. &#8220;Se ha reforzado con importantes nuevas capacidades de importaci\u00f3n de GNL desde 2022&#8221;.<\/p>\n\n\n\n<p>Si bien la mayor\u00eda de los estados europeos han encontrado suministros alternativos desde la invasi\u00f3n de Ucrania por el Kremlin en febrero de 2022, Hungr\u00eda y un pu\u00f1ado de sus vecinos siguen dependiendo de la red de gasoductos de la &#8220;Hermandad&#8221; desde Rusia.<\/p>\n\n\n\n<p>Sus gobiernos se enfrentan ahora a un aumento de las facturas energ\u00e9ticas, la p\u00e9rdida de sus propios ingresos secundarios por el transporte y la perspectiva de un creciente descontento p\u00fablico, ya que una de sus principales fuentes de gas natural desapareci\u00f3 de la noche a la ma\u00f1ana.<br><br>El primer ministro eslovaco dice que la interrupci\u00f3n del transporte de gas desde Ucrania tendr\u00e1 un impacto &#8220;dr\u00e1stico&#8221; en la UE<br><\/p>\n\n\n\n<figure class=\"wp-block-image size-full is-resized\"><img loading=\"lazy\" decoding=\"async\" width=\"600\" height=\"399\" src=\"https:\/\/blogdiario.info\/magazine\/images\/2025\/01\/ru_3_20250101.jpg\" alt=\"\" class=\"wp-image-1440\" style=\"aspect-ratio:1.5037593984962405;width:733px;height:auto\" srcset=\"https:\/\/blogdiario.info\/magazine\/images\/2025\/01\/ru_3_20250101.jpg 600w, https:\/\/blogdiario.info\/magazine\/images\/2025\/01\/ru_3_20250101-300x200.jpg 300w\" sizes=\"auto, (max-width: 600px) 100vw, 600px\" \/><figcaption class=\"wp-element-caption\">Protesta en Bratislava contra la reuni\u00f3n del primer ministro Fico con Putin.<br>Los manifestantes se reunieron en Bratislava, Eslovaquia, despu\u00e9s de que el primer ministro, Robert Fico, visitara al presidente Putin en Mosc\u00fa antes de Navidad. <\/figcaption><\/figure>\n\n\n\n<p>Esto es particularmente inc\u00f3modo para Viktor Orban, el autoritario primer ministro de Hungr\u00eda, y Robert Fico, su hom\u00f3logo eslovaco, quienes se han alineado constantemente con Mosc\u00fa.<\/p>\n\n\n\n<p>Sin embargo, tambi\u00e9n es potencialmente inc\u00f3modo para el liderazgo centrista de la Rep\u00fablica Checa, que hab\u00eda declarado su &#8220;independencia&#8221; del gas ruso el a\u00f1o pasado, pero desde entonces ha aumentado significativamente sus importaciones.<\/p>\n\n\n\n<p>El gobierno moldavo inform\u00f3 que la regi\u00f3n separatista prorrusa de Transnistria enfrentaba dificultades energ\u00e9ticas el mi\u00e9rcoles despu\u00e9s de que se detuvieran los suministros de gas a trav\u00e9s de Ucrania.<\/p>\n\n\n\n<p>\u201cLa regi\u00f3n de Transnistria est\u00e1 atravesando una situaci\u00f3n dif\u00edcil despu\u00e9s de que [el proveedor local] Tiraspoltransgaz cortara el suministro de gas natural y calefacci\u00f3n, afectando a localidades e instituciones p\u00fablicas\u201d, escribi\u00f3 Daniel Voda, portavoz del gobierno, en la red social Telegram, culpando a Mosc\u00fa y exigiendo que \u201cel chantaje ruso en la regi\u00f3n de Transnistria debe terminar\u201d.<\/p>\n\n\n\n<p>El acuerdo de tr\u00e1nsito de gas de cinco a\u00f1os entre Kiev y Mosc\u00fa, que ahora ha expirado, regulaba anteriormente aproximadamente la mitad de las exportaciones restantes de Rusia a la UE y proporcionaba a Austria, Hungr\u00eda y Eslovaquia aproximadamente dos tercios de sus suministros.<\/p>\n\n\n\n<p>El efecto no ser\u00e1 una cat\u00e1strofe inmediata: todos los pa\u00edses en cuesti\u00f3n ya tienen suficiente gas almacenado para pasar el resto del invierno, salvo una ola de fr\u00edo inesperadamente severa.<br><br><\/p>\n\n\n\n<figure class=\"wp-block-image size-full\"><img loading=\"lazy\" decoding=\"async\" width=\"600\" height=\"446\" src=\"https:\/\/blogdiario.info\/magazine\/images\/2025\/01\/ru_2_20250101.jpg\" alt=\"\" class=\"wp-image-1441\" srcset=\"https:\/\/blogdiario.info\/magazine\/images\/2025\/01\/ru_2_20250101.jpg 600w, https:\/\/blogdiario.info\/magazine\/images\/2025\/01\/ru_2_20250101-300x223.jpg 300w\" sizes=\"auto, (max-width: 600px) 100vw, 600px\" \/><figcaption class=\"wp-element-caption\">Vladimir Putin y Viktor Orb\u00e1n se dan la mano en una reuni\u00f3n en Mosc\u00fa. Orban, un aliado cercano de Putin, ha tratado de convertir a Hungr\u00eda en un centro para el gas ruso<\/figcaption><\/figure>\n\n\n\n<p>Sin embargo, en los pr\u00f3ximos meses tendr\u00e1n que depender m\u00e1s de otras fuentes m\u00e1s caras, como las importaciones de gas natural licuado a trav\u00e9s de Italia, Polonia, Croacia y Alemania, o el gas de gasoducto que pasa por los Balcanes o Azerbaiy\u00e1n. Ucrania tambi\u00e9n se ha ofrecido a proporcionar parte de su propia producci\u00f3n nacional.<\/p>\n\n\n\n<p>Ese cambio podr\u00eda, a su vez, hacer subir los precios en el vecindario m\u00e1s amplio, particularmente en Italia, lo que significa que las consecuencias podr\u00edan sentirse en todos los mercados de gas de Europa.<\/p>\n\n\n\n<p>El martes, los precios mayoristas del gas para la bolsa TTF con sede en el Reino Unido y los Pa\u00edses Bajos, la referencia europea, subieron ligeramente en previsi\u00f3n del fin del acuerdo de tr\u00e1nsito y los pron\u00f3sticos de un clima m\u00e1s fr\u00edo a principios de enero.<\/p>\n\n\n\n<p>Aunque la mayor\u00eda de las bolsas est\u00e1n cerradas el d\u00eda de A\u00f1o Nuevo, Argus Media, la consultora energ\u00e9tica, dijo que el precio medio ponderado por volumen de todas las transacciones diarias de TTF que se le comunicaron fue de 50 euros por megavatio hora. Este fue el precio m\u00e1s alto desde el 3 de abril de 2023 y un 2,8 por ciento m\u00e1s que el precio diario del martes de 48,65 euros.<\/p>\n\n\n\n<p>La empresa a\u00f1adi\u00f3 que a medida que el contrato de tr\u00e1nsito de gas entre Rusia y Ucrania se acercaba a su fin, los precios del gas aumentaron sustancialmente y los precios del gas del mes anterior (el precio del gas que se entregar\u00e1 dentro de un mes) subieron en la segunda quincena de diciembre y un 57 por ciento en comparaci\u00f3n con principios de enero.<\/p>\n\n\n\n<p>En las \u00faltimas semanas, tanto Orban como Fico hab\u00edan hecho intentos cada vez m\u00e1s desesperados por mantener vivo el acuerdo.<\/p>\n\n\n\n<p>Orban, que ha intentado convertir a Hungr\u00eda en un centro comercial regional para los hidrocarburos rusos, sugiri\u00f3 en vano que el gasoducto que fluye a trav\u00e9s de Ucrania podr\u00eda rebautizarse como &#8220;h\u00fangaro&#8221;.<\/p>\n\n\n\n<p>Fico fue m\u00e1s all\u00e1, vol\u00f3 a Mosc\u00fa y amenaz\u00f3 a Ucrania con \u201cmedidas rec\u00edprocas\u201d si se negaba a renovar el contrato de tr\u00e1nsito.<\/p>\n\n\n\n<p>\u201cSi es inevitable, detendremos el suministro de electricidad, que Ucrania necesita urgentemente en caso de fallas en la red\u201d, dijo en un mensaje de video p\u00fablico el viernes.<\/p>\n\n\n\n<p>Otro pa\u00eds en la mira del conflicto energ\u00e9tico es Moldavia, que recientemente reeligi\u00f3 a su presidente pro-occidental frente a la colosal interferencia de Rusia y sus representantes.<\/p>\n\n\n\n<p>Gazprom, el principal conglomerado exportador de gas del estado ruso, dijo que dejar\u00eda de abastecer a Moldavia el mi\u00e9rcoles, aparentemente debido a una disputa legal sobre facturas supuestamente impagas.<\/p>\n\n\n\n<p>Aunque la mayor parte de Moldavia ha pasado a importar gas de los miembros vecinos de la Uni\u00f3n Europea, esto afectar\u00eda principalmente a la regi\u00f3n separatista de Transnistria, que Mosc\u00fa trata como parte de su esfera de influencia.<br><br><small>Copyright \u00a9 2025 BlogDiario.info \/ SalaStampa.Eu, servicio mundial de prensa<\/small><\/p>\n","protected":false},"excerpt":{"rendered":"<p>Es inc\u00f3modo para ambos l\u00edderes pro-Kremlin, Hungr\u00eda y Eslovaquia,  pero las consecuencias podr\u00edan sentirse en todo el continente: los precios del gas ya han comenzado a dispararse.<\/p>\n","protected":false},"author":1,"featured_media":1442,"comment_status":"closed","ping_status":"closed","sticky":false,"template":"","format":"standard","meta":{"footnotes":"","_links_to":"","_links_to_target":""},"categories":[97,62,38,46],"tags":[148,147,79],"class_list":["post-1437","post","type-post","status-publish","format-standard","has-post-thumbnail","hentry","category-elcanillita","category-actualidad","category-economia-esp","category-europa","tag-eslovaquia","tag-hungria","tag-ucraina","entry","rows"],"yoast_head":"<!-- This site is optimized with the Yoast SEO plugin v27.4 - https:\/\/yoast.com\/product\/yoast-seo-wordpress\/ -->\n<title>Putin corta el suministro de gas ruso a sus aliados - BlogDiario Magazine<\/title>\n<meta name=\"robots\" content=\"index, follow, max-snippet:-1, max-image-preview:large, max-video-preview:-1\" \/>\n<link rel=\"canonical\" href=\"https:\/\/blogdiario.info\/magazine\/2025\/01\/01\/putin-corta-el-suministro-de-gas-ruso-a-sus-aliados\/\" \/>\n<meta property=\"og:locale\" content=\"es_ES\" \/>\n<meta property=\"og:type\" content=\"article\" \/>\n<meta property=\"og:title\" content=\"Putin corta el suministro de gas ruso a sus aliados - BlogDiario Magazine\" \/>\n<meta property=\"og:description\" content=\"Es inc\u00f3modo para ambos l\u00edderes pro-Kremlin, Hungr\u00eda y Eslovaquia, pero las consecuencias podr\u00edan sentirse en todo el continente: los precios del gas ya han comenzado a dispararse.\" \/>\n<meta property=\"og:url\" content=\"https:\/\/blogdiario.info\/magazine\/2025\/01\/01\/putin-corta-el-suministro-de-gas-ruso-a-sus-aliados\/\" \/>\n<meta property=\"og:site_name\" content=\"BlogDiario Magazine\" \/>\n<meta property=\"article:published_time\" content=\"2025-01-01T16:23:03+00:00\" \/>\n<meta property=\"article:modified_time\" content=\"2025-01-01T16:23:04+00:00\" \/>\n<meta property=\"og:image\" content=\"https:\/\/blogdiario.info\/magazine\/images\/2025\/01\/ru_1_20250101.jpg\" \/>\n\t<meta property=\"og:image:width\" content=\"600\" \/>\n\t<meta property=\"og:image:height\" content=\"337\" \/>\n\t<meta property=\"og:image:type\" content=\"image\/jpeg\" \/>\n<meta name=\"author\" content=\"World Press Service | Servicio de Prensa Mundial\" \/>\n<meta name=\"twitter:card\" content=\"summary_large_image\" \/>\n<meta name=\"twitter:label1\" content=\"Escrito por\" \/>\n\t<meta name=\"twitter:data1\" content=\"World Press Service | Servicio de Prensa Mundial\" \/>\n\t<meta name=\"twitter:label2\" content=\"Tiempo de lectura\" \/>\n\t<meta name=\"twitter:data2\" content=\"6 minutos\" \/>\n<script type=\"application\/ld+json\" class=\"yoast-schema-graph\">{\"@context\":\"https:\\\/\\\/schema.org\",\"@graph\":[{\"@type\":\"Article\",\"@id\":\"https:\\\/\\\/blogdiario.info\\\/magazine\\\/2025\\\/01\\\/01\\\/putin-corta-el-suministro-de-gas-ruso-a-sus-aliados\\\/#article\",\"isPartOf\":{\"@id\":\"https:\\\/\\\/blogdiario.info\\\/magazine\\\/2025\\\/01\\\/01\\\/putin-corta-el-suministro-de-gas-ruso-a-sus-aliados\\\/\"},\"author\":{\"name\":\"World Press Service | Servicio de Prensa Mundial\",\"@id\":\"https:\\\/\\\/blogdiario.info\\\/magazine\\\/#\\\/schema\\\/person\\\/b2422fe85574d945bad55513bb0c7354\"},\"headline\":\"Putin corta el suministro de gas ruso a sus aliados\",\"datePublished\":\"2025-01-01T16:23:03+00:00\",\"dateModified\":\"2025-01-01T16:23:04+00:00\",\"mainEntityOfPage\":{\"@id\":\"https:\\\/\\\/blogdiario.info\\\/magazine\\\/2025\\\/01\\\/01\\\/putin-corta-el-suministro-de-gas-ruso-a-sus-aliados\\\/\"},\"wordCount\":1210,\"publisher\":{\"@id\":\"https:\\\/\\\/blogdiario.info\\\/magazine\\\/#organization\"},\"image\":{\"@id\":\"https:\\\/\\\/blogdiario.info\\\/magazine\\\/2025\\\/01\\\/01\\\/putin-corta-el-suministro-de-gas-ruso-a-sus-aliados\\\/#primaryimage\"},\"thumbnailUrl\":\"https:\\\/\\\/blogdiario.info\\\/magazine\\\/images\\\/2025\\\/01\\\/ru_1_20250101.jpg\",\"keywords\":[\"Eslovaquia\",\"Hungria\",\"Ucraina\"],\"articleSection\":[\".\",\"Actualidad\",\"Economia\",\"Europa\"],\"inLanguage\":\"es-AR\"},{\"@type\":\"WebPage\",\"@id\":\"https:\\\/\\\/blogdiario.info\\\/magazine\\\/2025\\\/01\\\/01\\\/putin-corta-el-suministro-de-gas-ruso-a-sus-aliados\\\/\",\"url\":\"https:\\\/\\\/blogdiario.info\\\/magazine\\\/2025\\\/01\\\/01\\\/putin-corta-el-suministro-de-gas-ruso-a-sus-aliados\\\/\",\"name\":\"Putin corta el suministro de gas ruso a sus aliados - BlogDiario Magazine\",\"isPartOf\":{\"@id\":\"https:\\\/\\\/blogdiario.info\\\/magazine\\\/#website\"},\"primaryImageOfPage\":{\"@id\":\"https:\\\/\\\/blogdiario.info\\\/magazine\\\/2025\\\/01\\\/01\\\/putin-corta-el-suministro-de-gas-ruso-a-sus-aliados\\\/#primaryimage\"},\"image\":{\"@id\":\"https:\\\/\\\/blogdiario.info\\\/magazine\\\/2025\\\/01\\\/01\\\/putin-corta-el-suministro-de-gas-ruso-a-sus-aliados\\\/#primaryimage\"},\"thumbnailUrl\":\"https:\\\/\\\/blogdiario.info\\\/magazine\\\/images\\\/2025\\\/01\\\/ru_1_20250101.jpg\",\"datePublished\":\"2025-01-01T16:23:03+00:00\",\"dateModified\":\"2025-01-01T16:23:04+00:00\",\"breadcrumb\":{\"@id\":\"https:\\\/\\\/blogdiario.info\\\/magazine\\\/2025\\\/01\\\/01\\\/putin-corta-el-suministro-de-gas-ruso-a-sus-aliados\\\/#breadcrumb\"},\"inLanguage\":\"es-AR\",\"potentialAction\":[{\"@type\":\"ReadAction\",\"target\":[\"https:\\\/\\\/blogdiario.info\\\/magazine\\\/2025\\\/01\\\/01\\\/putin-corta-el-suministro-de-gas-ruso-a-sus-aliados\\\/\"]}]},{\"@type\":\"ImageObject\",\"inLanguage\":\"es-AR\",\"@id\":\"https:\\\/\\\/blogdiario.info\\\/magazine\\\/2025\\\/01\\\/01\\\/putin-corta-el-suministro-de-gas-ruso-a-sus-aliados\\\/#primaryimage\",\"url\":\"https:\\\/\\\/blogdiario.info\\\/magazine\\\/images\\\/2025\\\/01\\\/ru_1_20250101.jpg\",\"contentUrl\":\"https:\\\/\\\/blogdiario.info\\\/magazine\\\/images\\\/2025\\\/01\\\/ru_1_20250101.jpg\",\"width\":600,\"height\":337},{\"@type\":\"BreadcrumbList\",\"@id\":\"https:\\\/\\\/blogdiario.info\\\/magazine\\\/2025\\\/01\\\/01\\\/putin-corta-el-suministro-de-gas-ruso-a-sus-aliados\\\/#breadcrumb\",\"itemListElement\":[{\"@type\":\"ListItem\",\"position\":1,\"name\":\"Home\",\"item\":\"https:\\\/\\\/blogdiario.info\\\/magazine\\\/\"},{\"@type\":\"ListItem\",\"position\":2,\"name\":\"Putin corta el suministro de gas ruso a sus aliados\"}]},{\"@type\":\"WebSite\",\"@id\":\"https:\\\/\\\/blogdiario.info\\\/magazine\\\/#website\",\"url\":\"https:\\\/\\\/blogdiario.info\\\/magazine\\\/\",\"name\":\"BlogDiario Magazine\",\"description\":\"Suplemento multiling\u00fce de ElCanillita.Info\",\"publisher\":{\"@id\":\"https:\\\/\\\/blogdiario.info\\\/magazine\\\/#organization\"},\"potentialAction\":[{\"@type\":\"SearchAction\",\"target\":{\"@type\":\"EntryPoint\",\"urlTemplate\":\"https:\\\/\\\/blogdiario.info\\\/magazine\\\/?s={search_term_string}\"},\"query-input\":{\"@type\":\"PropertyValueSpecification\",\"valueRequired\":true,\"valueName\":\"search_term_string\"}}],\"inLanguage\":\"es-AR\"},{\"@type\":\"Organization\",\"@id\":\"https:\\\/\\\/blogdiario.info\\\/magazine\\\/#organization\",\"name\":\"Guzzo Photos & Graphic Publications\",\"url\":\"https:\\\/\\\/blogdiario.info\\\/magazine\\\/\",\"logo\":{\"@type\":\"ImageObject\",\"inLanguage\":\"es-AR\",\"@id\":\"https:\\\/\\\/blogdiario.info\\\/magazine\\\/#\\\/schema\\\/logo\\\/image\\\/\",\"url\":\"https:\\\/\\\/blogdiario.info\\\/magazine\\\/images\\\/2020\\\/01\\\/cropped-blogdia_magazine.jpg\",\"contentUrl\":\"https:\\\/\\\/blogdiario.info\\\/magazine\\\/images\\\/2020\\\/01\\\/cropped-blogdia_magazine.jpg\",\"width\":589,\"height\":55,\"caption\":\"Guzzo Photos & Graphic Publications\"},\"image\":{\"@id\":\"https:\\\/\\\/blogdiario.info\\\/magazine\\\/#\\\/schema\\\/logo\\\/image\\\/\"}},{\"@type\":\"Person\",\"@id\":\"https:\\\/\\\/blogdiario.info\\\/magazine\\\/#\\\/schema\\\/person\\\/b2422fe85574d945bad55513bb0c7354\",\"name\":\"World Press Service | Servicio de Prensa Mundial\"}]}<\/script>\n<!-- \/ Yoast SEO plugin. -->","yoast_head_json":{"title":"Putin corta el suministro de gas ruso a sus aliados - BlogDiario Magazine","robots":{"index":"index","follow":"follow","max-snippet":"max-snippet:-1","max-image-preview":"max-image-preview:large","max-video-preview":"max-video-preview:-1"},"canonical":"https:\/\/blogdiario.info\/magazine\/2025\/01\/01\/putin-corta-el-suministro-de-gas-ruso-a-sus-aliados\/","og_locale":"es_ES","og_type":"article","og_title":"Putin corta el suministro de gas ruso a sus aliados - BlogDiario Magazine","og_description":"Es inc\u00f3modo para ambos l\u00edderes pro-Kremlin, Hungr\u00eda y Eslovaquia, pero las consecuencias podr\u00edan sentirse en todo el continente: los precios del gas ya han comenzado a dispararse.","og_url":"https:\/\/blogdiario.info\/magazine\/2025\/01\/01\/putin-corta-el-suministro-de-gas-ruso-a-sus-aliados\/","og_site_name":"BlogDiario Magazine","article_published_time":"2025-01-01T16:23:03+00:00","article_modified_time":"2025-01-01T16:23:04+00:00","og_image":[{"width":600,"height":337,"url":"https:\/\/blogdiario.info\/magazine\/images\/2025\/01\/ru_1_20250101.jpg","type":"image\/jpeg"}],"author":"World Press Service | Servicio de Prensa Mundial","twitter_card":"summary_large_image","twitter_misc":{"Escrito por":"World Press Service | Servicio de Prensa Mundial","Tiempo de lectura":"6 minutos"},"schema":{"@context":"https:\/\/schema.org","@graph":[{"@type":"Article","@id":"https:\/\/blogdiario.info\/magazine\/2025\/01\/01\/putin-corta-el-suministro-de-gas-ruso-a-sus-aliados\/#article","isPartOf":{"@id":"https:\/\/blogdiario.info\/magazine\/2025\/01\/01\/putin-corta-el-suministro-de-gas-ruso-a-sus-aliados\/"},"author":{"name":"World Press Service | Servicio de Prensa Mundial","@id":"https:\/\/blogdiario.info\/magazine\/#\/schema\/person\/b2422fe85574d945bad55513bb0c7354"},"headline":"Putin corta el suministro de gas ruso a sus aliados","datePublished":"2025-01-01T16:23:03+00:00","dateModified":"2025-01-01T16:23:04+00:00","mainEntityOfPage":{"@id":"https:\/\/blogdiario.info\/magazine\/2025\/01\/01\/putin-corta-el-suministro-de-gas-ruso-a-sus-aliados\/"},"wordCount":1210,"publisher":{"@id":"https:\/\/blogdiario.info\/magazine\/#organization"},"image":{"@id":"https:\/\/blogdiario.info\/magazine\/2025\/01\/01\/putin-corta-el-suministro-de-gas-ruso-a-sus-aliados\/#primaryimage"},"thumbnailUrl":"https:\/\/blogdiario.info\/magazine\/images\/2025\/01\/ru_1_20250101.jpg","keywords":["Eslovaquia","Hungria","Ucraina"],"articleSection":[".","Actualidad","Economia","Europa"],"inLanguage":"es-AR"},{"@type":"WebPage","@id":"https:\/\/blogdiario.info\/magazine\/2025\/01\/01\/putin-corta-el-suministro-de-gas-ruso-a-sus-aliados\/","url":"https:\/\/blogdiario.info\/magazine\/2025\/01\/01\/putin-corta-el-suministro-de-gas-ruso-a-sus-aliados\/","name":"Putin corta el suministro de gas ruso a sus aliados - BlogDiario Magazine","isPartOf":{"@id":"https:\/\/blogdiario.info\/magazine\/#website"},"primaryImageOfPage":{"@id":"https:\/\/blogdiario.info\/magazine\/2025\/01\/01\/putin-corta-el-suministro-de-gas-ruso-a-sus-aliados\/#primaryimage"},"image":{"@id":"https:\/\/blogdiario.info\/magazine\/2025\/01\/01\/putin-corta-el-suministro-de-gas-ruso-a-sus-aliados\/#primaryimage"},"thumbnailUrl":"https:\/\/blogdiario.info\/magazine\/images\/2025\/01\/ru_1_20250101.jpg","datePublished":"2025-01-01T16:23:03+00:00","dateModified":"2025-01-01T16:23:04+00:00","breadcrumb":{"@id":"https:\/\/blogdiario.info\/magazine\/2025\/01\/01\/putin-corta-el-suministro-de-gas-ruso-a-sus-aliados\/#breadcrumb"},"inLanguage":"es-AR","potentialAction":[{"@type":"ReadAction","target":["https:\/\/blogdiario.info\/magazine\/2025\/01\/01\/putin-corta-el-suministro-de-gas-ruso-a-sus-aliados\/"]}]},{"@type":"ImageObject","inLanguage":"es-AR","@id":"https:\/\/blogdiario.info\/magazine\/2025\/01\/01\/putin-corta-el-suministro-de-gas-ruso-a-sus-aliados\/#primaryimage","url":"https:\/\/blogdiario.info\/magazine\/images\/2025\/01\/ru_1_20250101.jpg","contentUrl":"https:\/\/blogdiario.info\/magazine\/images\/2025\/01\/ru_1_20250101.jpg","width":600,"height":337},{"@type":"BreadcrumbList","@id":"https:\/\/blogdiario.info\/magazine\/2025\/01\/01\/putin-corta-el-suministro-de-gas-ruso-a-sus-aliados\/#breadcrumb","itemListElement":[{"@type":"ListItem","position":1,"name":"Home","item":"https:\/\/blogdiario.info\/magazine\/"},{"@type":"ListItem","position":2,"name":"Putin corta el suministro de gas ruso a sus aliados"}]},{"@type":"WebSite","@id":"https:\/\/blogdiario.info\/magazine\/#website","url":"https:\/\/blogdiario.info\/magazine\/","name":"BlogDiario Magazine","description":"Suplemento multiling\u00fce de ElCanillita.Info","publisher":{"@id":"https:\/\/blogdiario.info\/magazine\/#organization"},"potentialAction":[{"@type":"SearchAction","target":{"@type":"EntryPoint","urlTemplate":"https:\/\/blogdiario.info\/magazine\/?s={search_term_string}"},"query-input":{"@type":"PropertyValueSpecification","valueRequired":true,"valueName":"search_term_string"}}],"inLanguage":"es-AR"},{"@type":"Organization","@id":"https:\/\/blogdiario.info\/magazine\/#organization","name":"Guzzo Photos & Graphic Publications","url":"https:\/\/blogdiario.info\/magazine\/","logo":{"@type":"ImageObject","inLanguage":"es-AR","@id":"https:\/\/blogdiario.info\/magazine\/#\/schema\/logo\/image\/","url":"https:\/\/blogdiario.info\/magazine\/images\/2020\/01\/cropped-blogdia_magazine.jpg","contentUrl":"https:\/\/blogdiario.info\/magazine\/images\/2020\/01\/cropped-blogdia_magazine.jpg","width":589,"height":55,"caption":"Guzzo Photos & Graphic Publications"},"image":{"@id":"https:\/\/blogdiario.info\/magazine\/#\/schema\/logo\/image\/"}},{"@type":"Person","@id":"https:\/\/blogdiario.info\/magazine\/#\/schema\/person\/b2422fe85574d945bad55513bb0c7354","name":"World Press Service | Servicio de Prensa Mundial"}]}},"views":545,"_links":{"self":[{"href":"https:\/\/blogdiario.info\/magazine\/wp-json\/wp\/v2\/posts\/1437","targetHints":{"allow":["GET"]}}],"collection":[{"href":"https:\/\/blogdiario.info\/magazine\/wp-json\/wp\/v2\/posts"}],"about":[{"href":"https:\/\/blogdiario.info\/magazine\/wp-json\/wp\/v2\/types\/post"}],"author":[{"embeddable":true,"href":"https:\/\/blogdiario.info\/magazine\/wp-json\/wp\/v2\/users\/1"}],"replies":[{"embeddable":true,"href":"https:\/\/blogdiario.info\/magazine\/wp-json\/wp\/v2\/comments?post=1437"}],"version-history":[{"count":0,"href":"https:\/\/blogdiario.info\/magazine\/wp-json\/wp\/v2\/posts\/1437\/revisions"}],"wp:featuredmedia":[{"embeddable":true,"href":"https:\/\/blogdiario.info\/magazine\/wp-json\/wp\/v2\/media\/1442"}],"wp:attachment":[{"href":"https:\/\/blogdiario.info\/magazine\/wp-json\/wp\/v2\/media?parent=1437"}],"wp:term":[{"taxonomy":"category","embeddable":true,"href":"https:\/\/blogdiario.info\/magazine\/wp-json\/wp\/v2\/categories?post=1437"},{"taxonomy":"post_tag","embeddable":true,"href":"https:\/\/blogdiario.info\/magazine\/wp-json\/wp\/v2\/tags?post=1437"}],"curies":[{"name":"wp","href":"https:\/\/api.w.org\/{rel}","templated":true}]}}