{"id":1416,"date":"2024-11-05T17:42:33","date_gmt":"2024-11-05T16:42:33","guid":{"rendered":"https:\/\/blogdiario.info\/magazine\/?p=1416"},"modified":"2024-11-05T18:36:27","modified_gmt":"2024-11-05T17:36:27","slug":"un-rio-de-fango-divide-las-personas-del-poder-en-espana","status":"publish","type":"post","link":"https:\/\/blogdiario.info\/magazine\/2024\/11\/05\/un-rio-de-fango-divide-las-personas-del-poder-en-espana\/","title":{"rendered":"Un r\u00edo de fango divide las personas del poder en Espa\u00f1a"},"content":{"rendered":"\n<figure class=\"wp-block-image size-full\"><img loading=\"lazy\" decoding=\"async\" width=\"600\" height=\"337\" src=\"https:\/\/blogdiario.info\/magazine\/images\/2024\/11\/20241005_val2pag.jpg\" alt=\"\" class=\"wp-image-1417\" srcset=\"https:\/\/blogdiario.info\/magazine\/images\/2024\/11\/20241005_val2pag.jpg 600w, https:\/\/blogdiario.info\/magazine\/images\/2024\/11\/20241005_val2pag-300x169.jpg 300w\" sizes=\"auto, (max-width: 600px) 100vw, 600px\" \/><\/figure>\n\n\n\n<p>Multitudes furiosas en Valencia culpan a las fallas del gobierno por m\u00e1s de 200 muertes a medida que el clima m\u00e1s extremo azota Barcelona, lo que obliga a cancelar vuelos.<\/p>\n\n\n\n<p>Las multitudes dejaron claro el costo pol\u00edtico de uno de los desastres naturales m\u00e1s mort\u00edferos de Espa\u00f1a en la historia reciente. La decisi\u00f3n del rey Felipe de quedarse y enfrentarse a la gente le ha valido algo de cr\u00e9dito.<\/p>\n\n\n\n<p>David Rozalen estaba enterrando a su padre el domingo por la ma\u00f1ana mientras una multitud enojada arrojaba barro e insultos al rey Felipe, a la reina Letizia y a Pedro S\u00e1nchez, el primer ministro espa\u00f1ol.<\/p>\n\n\n\n<p>La multitud acos\u00f3 al s\u00e9quito real mientras visitaban Paiporta, la ciudad oriental cercana a Valencia m\u00e1s afectada por las inundaciones que se han cobrado m\u00e1s de 200 vidas.<\/p>\n\n\n\n<p>Rozalen, de 50 a\u00f1os, comprende su rabia. El retraso en las alertas que advert\u00edan a los residentes que evacuaran, le impidi\u00f3 llegar a tiempo para salvar la vida a su padre de 85 a\u00f1os. Solo y aterrorizado, con la electricidad y la cobertura telef\u00f3nica cortadas por las inundaciones del martes y viendo un torrente de agua subir en la calle de abajo, su padre muri\u00f3 de un ataque card\u00edaco.<\/p>\n\n\n\n<p>\u201clogr\u00e9 llegar tres horas m\u00e1s tarde lo encontr\u00e9 muerto junto a su puerta, dijo Rozalen, mientras limpiaba el interior destruido de su Caf\u00e9 en la plaza central de Alfafar, un pueblo cercano tambi\u00e9n devastado por las inundaciones. \u201cLos gobiernos nacional y regional han sido desastrosos,\u201d dijo.<\/p>\n\n\n\n<p>Con pron\u00f3sticos meteorol\u00f3gicos que predicen m\u00e1s lluvias continuas y torrenciales, el lunes en Barcelona se emiti\u00f3 un aviso de alerta roja de \u201cpeligro extremo\u201d y oblig\u00f3 al cierre de varias carreteras principales y al desv\u00edo de vuelos fuera del aeropuerto internacional de la ciudad.<\/p>\n\n\n\n<p>Al menos 70 vuelos fueron cancelados y 17 fueron desviados del aeropuerto El Prat de Barcelona tras la inundaci\u00f3n del edificio de la terminal. Un v\u00eddeo en las redes sociales mostraba escaleras residenciales y calles de la ciudad abrumadas por el agua de lluvia.<\/p>\n\n\n\n<p>El n\u00famero de muertos en Valencia lleg\u00f3 a 217, pero la falta de claridad sobre cu\u00e1ntos siguen desaparecidos ha aumentado la frustraci\u00f3n p\u00fablica. Se ha creado un tel\u00e9fono fijo para los familiares preocupados, y el gobierno dice que todav\u00eda est\u00e1n desaparecidos docenas y docenas de personas.<\/p>\n\n\n\n<p>Dos de al menos tres v\u00edctimas brit\u00e1nicas de las inundaciones fueron nombradas el lunes como Terry y Don Turner, que no hab\u00edan sido vistos desde las fuertes lluvias en Valencia el martes pasado. Sus cuerpos fueron encontrados en su auto el s\u00e1bado, dijo su hija. La pareja se mud\u00f3 a Espa\u00f1a hace unos diez a\u00f1os porque siempre quisieron vivir bajo el sol, a\u00f1adi\u00f3.<\/p>\n\n\n\n<p>El coste pol\u00edtico de uno de los desastres naturales m\u00e1s mort\u00edferos de Espa\u00f1a en la historia reciente tanto para el rey como para el primer ministro qued\u00f3 claro en Paiporta cuando la multitud arroj\u00f3 proyectiles y grit\u00f3 \u201casesinos.<\/p>\n\n\n\n<p>Pero se ha establecido el contraste entre la pareja real \u2014, que estaba claramente conmocionada por la reacci\u00f3n de la multitud se mantuvieron firmes y pidieron calma \u2014 y S\u00e1nchez, quienes r\u00e1pidamente abandonaron la escena.<\/p>\n\n\n\n<p>Rozalen dijo: \u201cRealmente la ira no fue contra el rey, fue una segunda consideraci\u00f3n porque estaba con ellos [S\u00e1nchez y Carlos Maz\u00f3n, el jefe conservador del gobierno regional de Valencia].\u201d<\/p>\n\n\n<div class=\"wp-block-image\">\n<figure class=\"alignleft size-full is-resized\"><img loading=\"lazy\" decoding=\"async\" width=\"360\" height=\"448\" src=\"https:\/\/blogdiario.info\/magazine\/images\/2024\/11\/20241005_val1.jpg\" alt=\"\" class=\"wp-image-1418\" style=\"aspect-ratio:0.8035714285714286;width:335px;height:auto\" srcset=\"https:\/\/blogdiario.info\/magazine\/images\/2024\/11\/20241005_val1.jpg 360w, https:\/\/blogdiario.info\/magazine\/images\/2024\/11\/20241005_val1-241x300.jpg 241w\" sizes=\"auto, (max-width: 360px) 100vw, 360px\" \/><figcaption class=\"wp-element-caption\">Un pasajero en el aeropuerto El Prat de Barcelona el lunes<\/figcaption><\/figure><\/div>\n\n\n<p>\u201cNo soy mon\u00e1rquico, pero el rey y la reina mostraron m\u00e1s coraje que nuestro primer ministro que se escap\u00f3. Hablaron con la gente.\u201d<\/p>\n\n\n\n<p>Fernando Grande-Marlaska, ministro del Interior, dijo el lunes que el primer ministro socialista, de 52 a\u00f1os, hab\u00eda recibido un blow\u201cy que su equipo de seguridad decidi\u00f3 evacuarlo porque hab\u00eda un riesgo\u201d real y evidente.<\/p>\n\n\n\n<p>\u201cEl rey sali\u00f3 bien de esto, se qued\u00f3, escuch\u00f3 y dio explicaciones en una situaci\u00f3n dif\u00edcil, dijo Nacho Torreblanca, jefe del Consejo Europeo de Relaciones Exteriores en Madrid. \u201cEra evidente que el pueblo no estaba contra el rey sino contra el Estado y con la reina a su lado sal\u00edan de \u00e9l con dignidad.\u201d<\/p>\n\n\n\n<p><\/p>\n\n\n\n<p>  <\/p>\n\n\n\n<p>Torreblanca agreg\u00f3 que el destacamento de seguridad de S\u00e1nchez tom\u00f3 la decisi\u00f3n correcta al sacar al primer ministro \u201cya que tiene un papel institucional muy diferente al del rey y hubiera sido muy arriesgado para \u00e9l quedarse, pero su imagen est\u00e1 da\u00f1ada por razones obvias\u201d.<\/p>\n\n\n\n<p>El gobierno liderado por los socialistas atac\u00f3 a la casa real por organizar la arriesgada visita, que tuvo que ser restringida. Dijo \u00d3scar Puente, ministro de Transporte; \u201cRequiere sentido del momento. Quiz\u00e1s no fue el momento m\u00e1s oportuno. Hay mucha indignaci\u00f3n, hay una sensaci\u00f3n de abandono, dijo.<\/p>\n\n\n\n<p>Mientras que la principal oposici\u00f3n conservadora, el Partido Popular, se ha unido en defensa del rey, el gobierno de S\u00e1nchez tambi\u00e9n ha tratado de echarle la culpa directamente a las acciones de la multitud:<br>\u201cla actividad organizada de algunas personas pertenecientes a grupos de extrema derecha\u201d. <\/p>\n\n\n\n<figure class=\"wp-block-image size-full is-resized\"><img loading=\"lazy\" decoding=\"async\" width=\"600\" height=\"398\" src=\"https:\/\/blogdiario.info\/magazine\/images\/2024\/11\/20241005_valcov.jpg\" alt=\"\" class=\"wp-image-1419\" style=\"aspect-ratio:1.5075376884422111;width:731px;height:auto\" srcset=\"https:\/\/blogdiario.info\/magazine\/images\/2024\/11\/20241005_valcov.jpg 600w, https:\/\/blogdiario.info\/magazine\/images\/2024\/11\/20241005_valcov-300x199.jpg 300w\" sizes=\"auto, (max-width: 600px) 100vw, 600px\" \/><\/figure>\n\n\n\n<p>En la zona del desastre, seis d\u00edas despu\u00e9s de las inundaciones, ej\u00e9rcitos de voluntarios con palas forman enormes columnas que se abren en abanico entre las calles devastadas. Soldados, agentes de polic\u00eda y personal de los servicios de emergencia est\u00e1n trabajando en primera l\u00ednea, pero parecen abrumados por la escala de la misi\u00f3n. Miles de voluntarios se han encargado de suministrar alimentos, agua, productos sanitarios y asistencia de limpieza en caso de falta de ayuda oficial.<\/p>\n\n\n\n<figure class=\"wp-block-image size-full\"><img loading=\"lazy\" decoding=\"async\" width=\"600\" height=\"398\" src=\"https:\/\/blogdiario.info\/magazine\/images\/2024\/11\/20241005_val2.jpg\" alt=\"\" class=\"wp-image-1420\" srcset=\"https:\/\/blogdiario.info\/magazine\/images\/2024\/11\/20241005_val2.jpg 600w, https:\/\/blogdiario.info\/magazine\/images\/2024\/11\/20241005_val2-300x199.jpg 300w\" sizes=\"auto, (max-width: 600px) 100vw, 600px\" \/><figcaption class=\"wp-element-caption\">La reina Letizia habla ante el p\u00fablico en Paiporta, cerca de Valencia, el domingo<\/figcaption><\/figure>\n\n\n\n<p>El gobierno central socialista y el gobierno regional conservador se enzarzan en un juego de acusaciones sobre qui\u00e9n fue el responsable de las alertas tard\u00edas y de la mala gesti\u00f3n de la cat\u00e1strofe. La brecha entre la Espa\u00f1a de los 100.000 voluntarios y la de las instituciones del Estado nunca hab\u00eda estado tan crudamente expuesta.<\/p>\n\n\n\n<p>\u00abHa habido un caso claro de incompetencia por parte del Gobierno regional en materia de prevenci\u00f3n, y una falta de coordinaci\u00f3n con el Gobierno central\u00bb, dijo Torreblanca. \u00abLas instituciones nacionales est\u00e1n tan llenas de cargos pol\u00edticos que las personas que realmente dirigen las operaciones est\u00e1n muy por debajo en la cadena de mando\u00bb. Y a\u00f1adi\u00f3: \u00abLa gente est\u00e1 harta de pol\u00edticos que dedican su tiempo a fomentar tensiones pol\u00edticas en lugar de trabajar en asuntos importantes.\u00bb<\/p>\n\n\n\n<p>Maz\u00f3n ha dicho hoy que su Gobierno habr\u00eda lanzado antes el mensaje de alarma si hubiera recibido una alerta del organismo p\u00fablico que gestiona las cuencas hidrogr\u00e1ficas de la regi\u00f3n, dependiente del Gobierno central. El Gobierno de S\u00e1nchez tach\u00f3 la afirmaci\u00f3n de disparate<\/p>\n\n\n\n<p>En Alfafar, la dolida Rozalen dice: \u00abComo S\u00e1nchez y Maz\u00f3n son de partidos distintos no paran de echar la culpa al otro y nadie se responsabiliza de nada. Todo por el puto ego de los pol\u00edticos\u00bb.<\/p>\n\n\n\n<figure class=\"wp-block-image size-full is-resized\"><img loading=\"lazy\" decoding=\"async\" width=\"600\" height=\"398\" src=\"https:\/\/blogdiario.info\/magazine\/images\/2024\/11\/20241005_val4.jpg\" alt=\"\" class=\"wp-image-1421\" style=\"aspect-ratio:1.5075376884422111;width:732px;height:auto\" srcset=\"https:\/\/blogdiario.info\/magazine\/images\/2024\/11\/20241005_val4.jpg 600w, https:\/\/blogdiario.info\/magazine\/images\/2024\/11\/20241005_val4-300x199.jpg 300w\" sizes=\"auto, (max-width: 600px) 100vw, 600px\" \/><figcaption class=\"wp-element-caption\">Pasajeros esperan en el aeropuerto de El Prat tras la cancelaci\u00f3n de decenas de vuelos<\/figcaption><\/figure>\n\n\n\n<p><br><small>\u00a92024- ElCanillita.info \/ BlogDiario.info \/ SalaStampa.Eu -servicio mundial de prensa<\/small><br><br><br><br><\/p>\n","protected":false},"excerpt":{"rendered":"<p>Las multitudes dejaron claro el costo pol\u00edtico de uno de los desastres naturales m\u00e1s mort\u00edferos de Espa\u00f1a en la historia reciente. <\/p>\n","protected":false},"author":1,"featured_media":1419,"comment_status":"closed","ping_status":"closed","sticky":false,"template":"","format":"standard","meta":{"footnotes":"","_links_to":"","_links_to_target":""},"categories":[109,97,62,46,41,43],"tags":[118],"class_list":["post-1416","post","type-post","status-publish","format-standard","has-post-thumbnail","hentry","category-dc24","category-elcanillita","category-actualidad","category-europa","category-politica-esp","category-sociedad","tag-espana","entry","rows"],"yoast_head":"<!-- This site is optimized with the Yoast SEO plugin v27.4 - https:\/\/yoast.com\/product\/yoast-seo-wordpress\/ -->\n<title>Un r\u00edo de fango divide las personas del poder en Espa\u00f1a - BlogDiario Magazine<\/title>\n<meta name=\"robots\" content=\"index, follow, max-snippet:-1, max-image-preview:large, max-video-preview:-1\" \/>\n<link rel=\"canonical\" href=\"https:\/\/blogdiario.info\/magazine\/2024\/11\/05\/un-rio-de-fango-divide-las-personas-del-poder-en-espana\/\" \/>\n<meta property=\"og:locale\" content=\"es_ES\" \/>\n<meta property=\"og:type\" content=\"article\" \/>\n<meta property=\"og:title\" content=\"Un r\u00edo de fango divide las personas del poder en Espa\u00f1a - BlogDiario Magazine\" \/>\n<meta property=\"og:description\" content=\"Las multitudes dejaron claro el costo pol\u00edtico de uno de los desastres naturales m\u00e1s mort\u00edferos de Espa\u00f1a en la historia reciente.\" \/>\n<meta property=\"og:url\" content=\"https:\/\/blogdiario.info\/magazine\/2024\/11\/05\/un-rio-de-fango-divide-las-personas-del-poder-en-espana\/\" \/>\n<meta property=\"og:site_name\" content=\"BlogDiario Magazine\" \/>\n<meta property=\"article:published_time\" content=\"2024-11-05T16:42:33+00:00\" \/>\n<meta property=\"article:modified_time\" content=\"2024-11-05T17:36:27+00:00\" \/>\n<meta property=\"og:image\" content=\"https:\/\/blogdiario.info\/magazine\/images\/2024\/11\/20241005_valcov.jpg\" \/>\n\t<meta property=\"og:image:width\" content=\"600\" \/>\n\t<meta property=\"og:image:height\" content=\"398\" \/>\n\t<meta property=\"og:image:type\" content=\"image\/jpeg\" \/>\n<meta name=\"author\" content=\"World Press Service | Servicio de Prensa Mundial\" \/>\n<meta name=\"twitter:card\" content=\"summary_large_image\" \/>\n<meta name=\"twitter:label1\" content=\"Escrito por\" \/>\n\t<meta name=\"twitter:data1\" content=\"World Press Service | Servicio de Prensa Mundial\" \/>\n\t<meta name=\"twitter:label2\" content=\"Tiempo de lectura\" \/>\n\t<meta name=\"twitter:data2\" content=\"7 minutos\" \/>\n<script type=\"application\/ld+json\" class=\"yoast-schema-graph\">{\"@context\":\"https:\\\/\\\/schema.org\",\"@graph\":[{\"@type\":\"Article\",\"@id\":\"https:\\\/\\\/blogdiario.info\\\/magazine\\\/2024\\\/11\\\/05\\\/un-rio-de-fango-divide-las-personas-del-poder-en-espana\\\/#article\",\"isPartOf\":{\"@id\":\"https:\\\/\\\/blogdiario.info\\\/magazine\\\/2024\\\/11\\\/05\\\/un-rio-de-fango-divide-las-personas-del-poder-en-espana\\\/\"},\"author\":{\"name\":\"World Press Service | Servicio de Prensa Mundial\",\"@id\":\"https:\\\/\\\/blogdiario.info\\\/magazine\\\/#\\\/schema\\\/person\\\/b2422fe85574d945bad55513bb0c7354\"},\"headline\":\"Un r\u00edo de fango divide las personas del poder en Espa\u00f1a\",\"datePublished\":\"2024-11-05T16:42:33+00:00\",\"dateModified\":\"2024-11-05T17:36:27+00:00\",\"mainEntityOfPage\":{\"@id\":\"https:\\\/\\\/blogdiario.info\\\/magazine\\\/2024\\\/11\\\/05\\\/un-rio-de-fango-divide-las-personas-del-poder-en-espana\\\/\"},\"wordCount\":1238,\"publisher\":{\"@id\":\"https:\\\/\\\/blogdiario.info\\\/magazine\\\/#organization\"},\"image\":{\"@id\":\"https:\\\/\\\/blogdiario.info\\\/magazine\\\/2024\\\/11\\\/05\\\/un-rio-de-fango-divide-las-personas-del-poder-en-espana\\\/#primaryimage\"},\"thumbnailUrl\":\"https:\\\/\\\/blogdiario.info\\\/magazine\\\/images\\\/2024\\\/11\\\/20241005_valcov.jpg\",\"keywords\":[\"Espa\u00f1a\"],\"articleSection\":[\".\",\".\",\"Actualidad\",\"Europa\",\"Politica\",\"Sociedad\"],\"inLanguage\":\"es-AR\"},{\"@type\":\"WebPage\",\"@id\":\"https:\\\/\\\/blogdiario.info\\\/magazine\\\/2024\\\/11\\\/05\\\/un-rio-de-fango-divide-las-personas-del-poder-en-espana\\\/\",\"url\":\"https:\\\/\\\/blogdiario.info\\\/magazine\\\/2024\\\/11\\\/05\\\/un-rio-de-fango-divide-las-personas-del-poder-en-espana\\\/\",\"name\":\"Un r\u00edo de fango divide las personas del poder en Espa\u00f1a - BlogDiario Magazine\",\"isPartOf\":{\"@id\":\"https:\\\/\\\/blogdiario.info\\\/magazine\\\/#website\"},\"primaryImageOfPage\":{\"@id\":\"https:\\\/\\\/blogdiario.info\\\/magazine\\\/2024\\\/11\\\/05\\\/un-rio-de-fango-divide-las-personas-del-poder-en-espana\\\/#primaryimage\"},\"image\":{\"@id\":\"https:\\\/\\\/blogdiario.info\\\/magazine\\\/2024\\\/11\\\/05\\\/un-rio-de-fango-divide-las-personas-del-poder-en-espana\\\/#primaryimage\"},\"thumbnailUrl\":\"https:\\\/\\\/blogdiario.info\\\/magazine\\\/images\\\/2024\\\/11\\\/20241005_valcov.jpg\",\"datePublished\":\"2024-11-05T16:42:33+00:00\",\"dateModified\":\"2024-11-05T17:36:27+00:00\",\"breadcrumb\":{\"@id\":\"https:\\\/\\\/blogdiario.info\\\/magazine\\\/2024\\\/11\\\/05\\\/un-rio-de-fango-divide-las-personas-del-poder-en-espana\\\/#breadcrumb\"},\"inLanguage\":\"es-AR\",\"potentialAction\":[{\"@type\":\"ReadAction\",\"target\":[\"https:\\\/\\\/blogdiario.info\\\/magazine\\\/2024\\\/11\\\/05\\\/un-rio-de-fango-divide-las-personas-del-poder-en-espana\\\/\"]}]},{\"@type\":\"ImageObject\",\"inLanguage\":\"es-AR\",\"@id\":\"https:\\\/\\\/blogdiario.info\\\/magazine\\\/2024\\\/11\\\/05\\\/un-rio-de-fango-divide-las-personas-del-poder-en-espana\\\/#primaryimage\",\"url\":\"https:\\\/\\\/blogdiario.info\\\/magazine\\\/images\\\/2024\\\/11\\\/20241005_valcov.jpg\",\"contentUrl\":\"https:\\\/\\\/blogdiario.info\\\/magazine\\\/images\\\/2024\\\/11\\\/20241005_valcov.jpg\",\"width\":600,\"height\":398},{\"@type\":\"BreadcrumbList\",\"@id\":\"https:\\\/\\\/blogdiario.info\\\/magazine\\\/2024\\\/11\\\/05\\\/un-rio-de-fango-divide-las-personas-del-poder-en-espana\\\/#breadcrumb\",\"itemListElement\":[{\"@type\":\"ListItem\",\"position\":1,\"name\":\"Home\",\"item\":\"https:\\\/\\\/blogdiario.info\\\/magazine\\\/\"},{\"@type\":\"ListItem\",\"position\":2,\"name\":\"Un r\u00edo de fango divide las personas del poder en Espa\u00f1a\"}]},{\"@type\":\"WebSite\",\"@id\":\"https:\\\/\\\/blogdiario.info\\\/magazine\\\/#website\",\"url\":\"https:\\\/\\\/blogdiario.info\\\/magazine\\\/\",\"name\":\"BlogDiario Magazine\",\"description\":\"Suplemento multiling\u00fce de ElCanillita.Info\",\"publisher\":{\"@id\":\"https:\\\/\\\/blogdiario.info\\\/magazine\\\/#organization\"},\"potentialAction\":[{\"@type\":\"SearchAction\",\"target\":{\"@type\":\"EntryPoint\",\"urlTemplate\":\"https:\\\/\\\/blogdiario.info\\\/magazine\\\/?s={search_term_string}\"},\"query-input\":{\"@type\":\"PropertyValueSpecification\",\"valueRequired\":true,\"valueName\":\"search_term_string\"}}],\"inLanguage\":\"es-AR\"},{\"@type\":\"Organization\",\"@id\":\"https:\\\/\\\/blogdiario.info\\\/magazine\\\/#organization\",\"name\":\"Guzzo Photos & Graphic Publications\",\"url\":\"https:\\\/\\\/blogdiario.info\\\/magazine\\\/\",\"logo\":{\"@type\":\"ImageObject\",\"inLanguage\":\"es-AR\",\"@id\":\"https:\\\/\\\/blogdiario.info\\\/magazine\\\/#\\\/schema\\\/logo\\\/image\\\/\",\"url\":\"https:\\\/\\\/blogdiario.info\\\/magazine\\\/images\\\/2020\\\/01\\\/cropped-blogdia_magazine.jpg\",\"contentUrl\":\"https:\\\/\\\/blogdiario.info\\\/magazine\\\/images\\\/2020\\\/01\\\/cropped-blogdia_magazine.jpg\",\"width\":589,\"height\":55,\"caption\":\"Guzzo Photos & Graphic Publications\"},\"image\":{\"@id\":\"https:\\\/\\\/blogdiario.info\\\/magazine\\\/#\\\/schema\\\/logo\\\/image\\\/\"}},{\"@type\":\"Person\",\"@id\":\"https:\\\/\\\/blogdiario.info\\\/magazine\\\/#\\\/schema\\\/person\\\/b2422fe85574d945bad55513bb0c7354\",\"name\":\"World Press Service | Servicio de Prensa Mundial\"}]}<\/script>\n<!-- \/ Yoast SEO plugin. -->","yoast_head_json":{"title":"Un r\u00edo de fango divide las personas del poder en Espa\u00f1a - BlogDiario Magazine","robots":{"index":"index","follow":"follow","max-snippet":"max-snippet:-1","max-image-preview":"max-image-preview:large","max-video-preview":"max-video-preview:-1"},"canonical":"https:\/\/blogdiario.info\/magazine\/2024\/11\/05\/un-rio-de-fango-divide-las-personas-del-poder-en-espana\/","og_locale":"es_ES","og_type":"article","og_title":"Un r\u00edo de fango divide las personas del poder en Espa\u00f1a - BlogDiario Magazine","og_description":"Las multitudes dejaron claro el costo pol\u00edtico de uno de los desastres naturales m\u00e1s mort\u00edferos de Espa\u00f1a en la historia reciente.","og_url":"https:\/\/blogdiario.info\/magazine\/2024\/11\/05\/un-rio-de-fango-divide-las-personas-del-poder-en-espana\/","og_site_name":"BlogDiario Magazine","article_published_time":"2024-11-05T16:42:33+00:00","article_modified_time":"2024-11-05T17:36:27+00:00","og_image":[{"width":600,"height":398,"url":"https:\/\/blogdiario.info\/magazine\/images\/2024\/11\/20241005_valcov.jpg","type":"image\/jpeg"}],"author":"World Press Service | Servicio de Prensa Mundial","twitter_card":"summary_large_image","twitter_misc":{"Escrito por":"World Press Service | Servicio de Prensa Mundial","Tiempo de lectura":"7 minutos"},"schema":{"@context":"https:\/\/schema.org","@graph":[{"@type":"Article","@id":"https:\/\/blogdiario.info\/magazine\/2024\/11\/05\/un-rio-de-fango-divide-las-personas-del-poder-en-espana\/#article","isPartOf":{"@id":"https:\/\/blogdiario.info\/magazine\/2024\/11\/05\/un-rio-de-fango-divide-las-personas-del-poder-en-espana\/"},"author":{"name":"World Press Service | Servicio de Prensa Mundial","@id":"https:\/\/blogdiario.info\/magazine\/#\/schema\/person\/b2422fe85574d945bad55513bb0c7354"},"headline":"Un r\u00edo de fango divide las personas del poder en Espa\u00f1a","datePublished":"2024-11-05T16:42:33+00:00","dateModified":"2024-11-05T17:36:27+00:00","mainEntityOfPage":{"@id":"https:\/\/blogdiario.info\/magazine\/2024\/11\/05\/un-rio-de-fango-divide-las-personas-del-poder-en-espana\/"},"wordCount":1238,"publisher":{"@id":"https:\/\/blogdiario.info\/magazine\/#organization"},"image":{"@id":"https:\/\/blogdiario.info\/magazine\/2024\/11\/05\/un-rio-de-fango-divide-las-personas-del-poder-en-espana\/#primaryimage"},"thumbnailUrl":"https:\/\/blogdiario.info\/magazine\/images\/2024\/11\/20241005_valcov.jpg","keywords":["Espa\u00f1a"],"articleSection":[".",".","Actualidad","Europa","Politica","Sociedad"],"inLanguage":"es-AR"},{"@type":"WebPage","@id":"https:\/\/blogdiario.info\/magazine\/2024\/11\/05\/un-rio-de-fango-divide-las-personas-del-poder-en-espana\/","url":"https:\/\/blogdiario.info\/magazine\/2024\/11\/05\/un-rio-de-fango-divide-las-personas-del-poder-en-espana\/","name":"Un r\u00edo de fango divide las personas del poder en Espa\u00f1a - BlogDiario Magazine","isPartOf":{"@id":"https:\/\/blogdiario.info\/magazine\/#website"},"primaryImageOfPage":{"@id":"https:\/\/blogdiario.info\/magazine\/2024\/11\/05\/un-rio-de-fango-divide-las-personas-del-poder-en-espana\/#primaryimage"},"image":{"@id":"https:\/\/blogdiario.info\/magazine\/2024\/11\/05\/un-rio-de-fango-divide-las-personas-del-poder-en-espana\/#primaryimage"},"thumbnailUrl":"https:\/\/blogdiario.info\/magazine\/images\/2024\/11\/20241005_valcov.jpg","datePublished":"2024-11-05T16:42:33+00:00","dateModified":"2024-11-05T17:36:27+00:00","breadcrumb":{"@id":"https:\/\/blogdiario.info\/magazine\/2024\/11\/05\/un-rio-de-fango-divide-las-personas-del-poder-en-espana\/#breadcrumb"},"inLanguage":"es-AR","potentialAction":[{"@type":"ReadAction","target":["https:\/\/blogdiario.info\/magazine\/2024\/11\/05\/un-rio-de-fango-divide-las-personas-del-poder-en-espana\/"]}]},{"@type":"ImageObject","inLanguage":"es-AR","@id":"https:\/\/blogdiario.info\/magazine\/2024\/11\/05\/un-rio-de-fango-divide-las-personas-del-poder-en-espana\/#primaryimage","url":"https:\/\/blogdiario.info\/magazine\/images\/2024\/11\/20241005_valcov.jpg","contentUrl":"https:\/\/blogdiario.info\/magazine\/images\/2024\/11\/20241005_valcov.jpg","width":600,"height":398},{"@type":"BreadcrumbList","@id":"https:\/\/blogdiario.info\/magazine\/2024\/11\/05\/un-rio-de-fango-divide-las-personas-del-poder-en-espana\/#breadcrumb","itemListElement":[{"@type":"ListItem","position":1,"name":"Home","item":"https:\/\/blogdiario.info\/magazine\/"},{"@type":"ListItem","position":2,"name":"Un r\u00edo de fango divide las personas del poder en Espa\u00f1a"}]},{"@type":"WebSite","@id":"https:\/\/blogdiario.info\/magazine\/#website","url":"https:\/\/blogdiario.info\/magazine\/","name":"BlogDiario Magazine","description":"Suplemento multiling\u00fce de ElCanillita.Info","publisher":{"@id":"https:\/\/blogdiario.info\/magazine\/#organization"},"potentialAction":[{"@type":"SearchAction","target":{"@type":"EntryPoint","urlTemplate":"https:\/\/blogdiario.info\/magazine\/?s={search_term_string}"},"query-input":{"@type":"PropertyValueSpecification","valueRequired":true,"valueName":"search_term_string"}}],"inLanguage":"es-AR"},{"@type":"Organization","@id":"https:\/\/blogdiario.info\/magazine\/#organization","name":"Guzzo Photos & Graphic Publications","url":"https:\/\/blogdiario.info\/magazine\/","logo":{"@type":"ImageObject","inLanguage":"es-AR","@id":"https:\/\/blogdiario.info\/magazine\/#\/schema\/logo\/image\/","url":"https:\/\/blogdiario.info\/magazine\/images\/2020\/01\/cropped-blogdia_magazine.jpg","contentUrl":"https:\/\/blogdiario.info\/magazine\/images\/2020\/01\/cropped-blogdia_magazine.jpg","width":589,"height":55,"caption":"Guzzo Photos & Graphic Publications"},"image":{"@id":"https:\/\/blogdiario.info\/magazine\/#\/schema\/logo\/image\/"}},{"@type":"Person","@id":"https:\/\/blogdiario.info\/magazine\/#\/schema\/person\/b2422fe85574d945bad55513bb0c7354","name":"World Press Service | Servicio de Prensa Mundial"}]}},"views":599,"_links":{"self":[{"href":"https:\/\/blogdiario.info\/magazine\/wp-json\/wp\/v2\/posts\/1416","targetHints":{"allow":["GET"]}}],"collection":[{"href":"https:\/\/blogdiario.info\/magazine\/wp-json\/wp\/v2\/posts"}],"about":[{"href":"https:\/\/blogdiario.info\/magazine\/wp-json\/wp\/v2\/types\/post"}],"author":[{"embeddable":true,"href":"https:\/\/blogdiario.info\/magazine\/wp-json\/wp\/v2\/users\/1"}],"replies":[{"embeddable":true,"href":"https:\/\/blogdiario.info\/magazine\/wp-json\/wp\/v2\/comments?post=1416"}],"version-history":[{"count":0,"href":"https:\/\/blogdiario.info\/magazine\/wp-json\/wp\/v2\/posts\/1416\/revisions"}],"wp:featuredmedia":[{"embeddable":true,"href":"https:\/\/blogdiario.info\/magazine\/wp-json\/wp\/v2\/media\/1419"}],"wp:attachment":[{"href":"https:\/\/blogdiario.info\/magazine\/wp-json\/wp\/v2\/media?parent=1416"}],"wp:term":[{"taxonomy":"category","embeddable":true,"href":"https:\/\/blogdiario.info\/magazine\/wp-json\/wp\/v2\/categories?post=1416"},{"taxonomy":"post_tag","embeddable":true,"href":"https:\/\/blogdiario.info\/magazine\/wp-json\/wp\/v2\/tags?post=1416"}],"curies":[{"name":"wp","href":"https:\/\/api.w.org\/{rel}","templated":true}]}}