{"id":1409,"date":"2024-10-29T12:10:28","date_gmt":"2024-10-29T11:10:28","guid":{"rendered":"https:\/\/blogdiario.info\/magazine\/?p=1409"},"modified":"2024-10-29T12:35:42","modified_gmt":"2024-10-29T11:35:42","slug":"signora-vice-presidentessa-ne-lei-ne-il-su-governo-mi-rappresentano","status":"publish","type":"post","link":"https:\/\/blogdiario.info\/magazine\/2024\/10\/29\/signora-vice-presidentessa-ne-lei-ne-il-su-governo-mi-rappresentano\/","title":{"rendered":"Signora Vice Presidentessa, n\u00e9 lei n\u00e9 il su governo mi rappresentano"},"content":{"rendered":"<div class=\"wp-block-image\">\n<figure class=\"alignleft size-full is-resized\"><img loading=\"lazy\" decoding=\"async\" width=\"382\" height=\"500\" src=\"https:\/\/blogdiario.info\/magazine\/images\/2024\/10\/pagecov_20241029.jpg\" alt=\"\" class=\"wp-image-1410\" style=\"aspect-ratio:0.764;width:283px;height:auto\" srcset=\"https:\/\/blogdiario.info\/magazine\/images\/2024\/10\/pagecov_20241029.jpg 382w, https:\/\/blogdiario.info\/magazine\/images\/2024\/10\/pagecov_20241029-229x300.jpg 229w\" sizes=\"auto, (max-width: 382px) 100vw, 382px\" \/><\/figure><\/div>\n\n\n<p><strong>Signor Ministro della Giustizia della Nazione Argentina, dottor Mariano Cuneo Libarona <\/strong><br>Desidero dirle che le denunce della Segreteria per i Diritti Umani dipendono da lei e che ha dei querelanti che duplicano il lavoro dei procuratori pagati dallo Stato. Inoltre, non fanno altro che copiare e incollare cosa scrivono i procuratori. Cos\u00ec come ha ritirato le denunce dell&#8217;Ufficio Anticorruzione e dell&#8217;Unit\u00e0 di Investigazione Finanziaria nelle cause di corruzione, le chiedo di ritirare le denunce dei processi di lesa umanit\u00e0.<br><br>Il governo di Javier Milei, che include la signora Villaruel, nonostante io abbia combattuto agli ordini di suo padre nelle Malvine, non mi rappresenta:<\/p>\n\n\n\n<ul class=\"wp-block-list\">\n<li>Primo: Mi sta facendo causa in un processo per lesa umanit\u00e0 a Bahia Blanca, pagando vari avvocati della Segreteria per i Diritti Umani del Ministero di Giustizia della Nazione affinch\u00e9 io sia incarcerato con delinquenti comuni.<\/li>\n\n\n\n<li>Secondo: Non mi paga la pensione delle Malvine attraverso la ANSES, anche se non sono condannato e non esiste legge che proibisca il pagamento.<\/li>\n\n\n\n<li>Terzo: Non mi consente di accedere all&#8217;elementare diritto alla salute che dovrebbe darmi il PAMI, perch\u00e9 me lo ha tolto.<\/li>\n\n\n\n<li>Quarto: Hanno organizzato un evento nel Congresso della Nazione Argentina, e l&#8217;oratore Comodoro Carballo ha omesso o dimenticato di ricordare i 69 veterani della Guerra delle Malvine detenuti per lesa umanit\u00e0, 18 dei quali sono morti in carcere.<\/li>\n\n\n\n<li>Quinto: A tutt&#8217;oggi, sono in carcere preventivo senza condanna da 8 anni e 9 mesi, e nessuno del governo fa o dice nulla. Si pu\u00f2 capire che queste azioni siano state iniziate dal kirchnerismo, ma il governo del PRO e questo governo dell&#8217;LLA le sostengono. Per questo motivo, questo governo non mi rappresenta.<br><br>Coronello VGM, Avvocato, Enrique Stel.<br><br><small>Copyright \u00a9 2024 SalaStampa.Eu affiliate with USAGM \/ BBG &#8211; servicio mundial de prensa . Edited in spanish and italian by Guzzo Photos &amp; Graphic Publications. Copyright \u00a9 1995-2024 Reprinted with permission by ElCanillita.info \/ BlogDiario.info in collaboration with Prison Press<\/small><br><br><\/li>\n<\/ul>\n","protected":false},"excerpt":{"rendered":"<p>A tutt&#8217;oggi, sono in carcere preventivo senza condanna da 8 anni e 9 mesi, e nessuno del governo fa o dice nulla.<\/p>\n","protected":false},"author":1,"featured_media":1411,"comment_status":"closed","ping_status":"closed","sticky":false,"template":"","format":"standard","meta":{"footnotes":"","_links_to":"","_links_to_target":""},"categories":[97,109,61,17,18,60],"tags":[23],"class_list":["post-1409","post","type-post","status-publish","format-standard","has-post-thumbnail","hentry","category-elcanillita","category-dc24","category-attualita","category-giustizia","category-politica-ita","category-prison-press","tag-argentina","entry","rows"],"yoast_head":"<!-- This site is optimized with the Yoast SEO plugin v27.4 - https:\/\/yoast.com\/product\/yoast-seo-wordpress\/ -->\n<title>Signora Vice Presidentessa, n\u00e9 lei n\u00e9 il su governo mi rappresentano - BlogDiario Magazine<\/title>\n<meta name=\"robots\" content=\"index, follow, max-snippet:-1, max-image-preview:large, max-video-preview:-1\" \/>\n<link rel=\"canonical\" href=\"https:\/\/blogdiario.info\/magazine\/2024\/10\/29\/signora-vice-presidentessa-ne-lei-ne-il-su-governo-mi-rappresentano\/\" \/>\n<meta property=\"og:locale\" content=\"es_ES\" \/>\n<meta property=\"og:type\" content=\"article\" \/>\n<meta property=\"og:title\" content=\"Signora Vice Presidentessa, n\u00e9 lei n\u00e9 il su governo mi rappresentano - BlogDiario Magazine\" \/>\n<meta property=\"og:description\" content=\"A tutt&#039;oggi, sono in carcere preventivo senza condanna da 8 anni e 9 mesi, e nessuno del governo fa o dice nulla.\" \/>\n<meta property=\"og:url\" content=\"https:\/\/blogdiario.info\/magazine\/2024\/10\/29\/signora-vice-presidentessa-ne-lei-ne-il-su-governo-mi-rappresentano\/\" \/>\n<meta property=\"og:site_name\" content=\"BlogDiario Magazine\" \/>\n<meta property=\"article:published_time\" content=\"2024-10-29T11:10:28+00:00\" \/>\n<meta property=\"article:modified_time\" content=\"2024-10-29T11:35:42+00:00\" \/>\n<meta property=\"og:image\" content=\"https:\/\/blogdiario.info\/magazine\/images\/2024\/10\/cover_20241029vic.jpg\" \/>\n\t<meta property=\"og:image:width\" content=\"600\" \/>\n\t<meta property=\"og:image:height\" content=\"400\" \/>\n\t<meta property=\"og:image:type\" content=\"image\/jpeg\" \/>\n<meta name=\"author\" content=\"World Press Service | Servicio de Prensa Mundial\" \/>\n<meta name=\"twitter:card\" content=\"summary_large_image\" \/>\n<meta name=\"twitter:label1\" content=\"Escrito por\" \/>\n\t<meta name=\"twitter:data1\" content=\"World Press Service | Servicio de Prensa Mundial\" \/>\n\t<meta name=\"twitter:label2\" content=\"Tiempo de lectura\" \/>\n\t<meta name=\"twitter:data2\" content=\"2 minutos\" \/>\n<script type=\"application\/ld+json\" class=\"yoast-schema-graph\">{\"@context\":\"https:\\\/\\\/schema.org\",\"@graph\":[{\"@type\":\"Article\",\"@id\":\"https:\\\/\\\/blogdiario.info\\\/magazine\\\/2024\\\/10\\\/29\\\/signora-vice-presidentessa-ne-lei-ne-il-su-governo-mi-rappresentano\\\/#article\",\"isPartOf\":{\"@id\":\"https:\\\/\\\/blogdiario.info\\\/magazine\\\/2024\\\/10\\\/29\\\/signora-vice-presidentessa-ne-lei-ne-il-su-governo-mi-rappresentano\\\/\"},\"author\":{\"name\":\"World Press Service | Servicio de Prensa Mundial\",\"@id\":\"https:\\\/\\\/blogdiario.info\\\/magazine\\\/#\\\/schema\\\/person\\\/b2422fe85574d945bad55513bb0c7354\"},\"headline\":\"Signora Vice Presidentessa, n\u00e9 lei n\u00e9 il su governo mi rappresentano\",\"datePublished\":\"2024-10-29T11:10:28+00:00\",\"dateModified\":\"2024-10-29T11:35:42+00:00\",\"mainEntityOfPage\":{\"@id\":\"https:\\\/\\\/blogdiario.info\\\/magazine\\\/2024\\\/10\\\/29\\\/signora-vice-presidentessa-ne-lei-ne-il-su-governo-mi-rappresentano\\\/\"},\"wordCount\":330,\"publisher\":{\"@id\":\"https:\\\/\\\/blogdiario.info\\\/magazine\\\/#organization\"},\"image\":{\"@id\":\"https:\\\/\\\/blogdiario.info\\\/magazine\\\/2024\\\/10\\\/29\\\/signora-vice-presidentessa-ne-lei-ne-il-su-governo-mi-rappresentano\\\/#primaryimage\"},\"thumbnailUrl\":\"https:\\\/\\\/blogdiario.info\\\/magazine\\\/images\\\/2024\\\/10\\\/cover_20241029vic.jpg\",\"keywords\":[\"Argentina\"],\"articleSection\":[\".\",\".\",\"Attualit\u00e0\",\"Giustizia\",\"Politica\",\"Prison Press\"],\"inLanguage\":\"es-AR\"},{\"@type\":\"WebPage\",\"@id\":\"https:\\\/\\\/blogdiario.info\\\/magazine\\\/2024\\\/10\\\/29\\\/signora-vice-presidentessa-ne-lei-ne-il-su-governo-mi-rappresentano\\\/\",\"url\":\"https:\\\/\\\/blogdiario.info\\\/magazine\\\/2024\\\/10\\\/29\\\/signora-vice-presidentessa-ne-lei-ne-il-su-governo-mi-rappresentano\\\/\",\"name\":\"Signora Vice Presidentessa, n\u00e9 lei n\u00e9 il su governo mi rappresentano - BlogDiario Magazine\",\"isPartOf\":{\"@id\":\"https:\\\/\\\/blogdiario.info\\\/magazine\\\/#website\"},\"primaryImageOfPage\":{\"@id\":\"https:\\\/\\\/blogdiario.info\\\/magazine\\\/2024\\\/10\\\/29\\\/signora-vice-presidentessa-ne-lei-ne-il-su-governo-mi-rappresentano\\\/#primaryimage\"},\"image\":{\"@id\":\"https:\\\/\\\/blogdiario.info\\\/magazine\\\/2024\\\/10\\\/29\\\/signora-vice-presidentessa-ne-lei-ne-il-su-governo-mi-rappresentano\\\/#primaryimage\"},\"thumbnailUrl\":\"https:\\\/\\\/blogdiario.info\\\/magazine\\\/images\\\/2024\\\/10\\\/cover_20241029vic.jpg\",\"datePublished\":\"2024-10-29T11:10:28+00:00\",\"dateModified\":\"2024-10-29T11:35:42+00:00\",\"breadcrumb\":{\"@id\":\"https:\\\/\\\/blogdiario.info\\\/magazine\\\/2024\\\/10\\\/29\\\/signora-vice-presidentessa-ne-lei-ne-il-su-governo-mi-rappresentano\\\/#breadcrumb\"},\"inLanguage\":\"es-AR\",\"potentialAction\":[{\"@type\":\"ReadAction\",\"target\":[\"https:\\\/\\\/blogdiario.info\\\/magazine\\\/2024\\\/10\\\/29\\\/signora-vice-presidentessa-ne-lei-ne-il-su-governo-mi-rappresentano\\\/\"]}]},{\"@type\":\"ImageObject\",\"inLanguage\":\"es-AR\",\"@id\":\"https:\\\/\\\/blogdiario.info\\\/magazine\\\/2024\\\/10\\\/29\\\/signora-vice-presidentessa-ne-lei-ne-il-su-governo-mi-rappresentano\\\/#primaryimage\",\"url\":\"https:\\\/\\\/blogdiario.info\\\/magazine\\\/images\\\/2024\\\/10\\\/cover_20241029vic.jpg\",\"contentUrl\":\"https:\\\/\\\/blogdiario.info\\\/magazine\\\/images\\\/2024\\\/10\\\/cover_20241029vic.jpg\",\"width\":600,\"height\":400},{\"@type\":\"BreadcrumbList\",\"@id\":\"https:\\\/\\\/blogdiario.info\\\/magazine\\\/2024\\\/10\\\/29\\\/signora-vice-presidentessa-ne-lei-ne-il-su-governo-mi-rappresentano\\\/#breadcrumb\",\"itemListElement\":[{\"@type\":\"ListItem\",\"position\":1,\"name\":\"Home\",\"item\":\"https:\\\/\\\/blogdiario.info\\\/magazine\\\/\"},{\"@type\":\"ListItem\",\"position\":2,\"name\":\"Signora Vice Presidentessa, n\u00e9 lei n\u00e9 il su governo mi rappresentano\"}]},{\"@type\":\"WebSite\",\"@id\":\"https:\\\/\\\/blogdiario.info\\\/magazine\\\/#website\",\"url\":\"https:\\\/\\\/blogdiario.info\\\/magazine\\\/\",\"name\":\"BlogDiario Magazine\",\"description\":\"Suplemento multiling\u00fce de ElCanillita.Info\",\"publisher\":{\"@id\":\"https:\\\/\\\/blogdiario.info\\\/magazine\\\/#organization\"},\"potentialAction\":[{\"@type\":\"SearchAction\",\"target\":{\"@type\":\"EntryPoint\",\"urlTemplate\":\"https:\\\/\\\/blogdiario.info\\\/magazine\\\/?s={search_term_string}\"},\"query-input\":{\"@type\":\"PropertyValueSpecification\",\"valueRequired\":true,\"valueName\":\"search_term_string\"}}],\"inLanguage\":\"es-AR\"},{\"@type\":\"Organization\",\"@id\":\"https:\\\/\\\/blogdiario.info\\\/magazine\\\/#organization\",\"name\":\"Guzzo Photos & Graphic Publications\",\"url\":\"https:\\\/\\\/blogdiario.info\\\/magazine\\\/\",\"logo\":{\"@type\":\"ImageObject\",\"inLanguage\":\"es-AR\",\"@id\":\"https:\\\/\\\/blogdiario.info\\\/magazine\\\/#\\\/schema\\\/logo\\\/image\\\/\",\"url\":\"https:\\\/\\\/blogdiario.info\\\/magazine\\\/images\\\/2020\\\/01\\\/cropped-blogdia_magazine.jpg\",\"contentUrl\":\"https:\\\/\\\/blogdiario.info\\\/magazine\\\/images\\\/2020\\\/01\\\/cropped-blogdia_magazine.jpg\",\"width\":589,\"height\":55,\"caption\":\"Guzzo Photos & Graphic Publications\"},\"image\":{\"@id\":\"https:\\\/\\\/blogdiario.info\\\/magazine\\\/#\\\/schema\\\/logo\\\/image\\\/\"}},{\"@type\":\"Person\",\"@id\":\"https:\\\/\\\/blogdiario.info\\\/magazine\\\/#\\\/schema\\\/person\\\/b2422fe85574d945bad55513bb0c7354\",\"name\":\"World Press Service | Servicio de Prensa Mundial\"}]}<\/script>\n<!-- \/ Yoast SEO plugin. -->","yoast_head_json":{"title":"Signora Vice Presidentessa, n\u00e9 lei n\u00e9 il su governo mi rappresentano - BlogDiario Magazine","robots":{"index":"index","follow":"follow","max-snippet":"max-snippet:-1","max-image-preview":"max-image-preview:large","max-video-preview":"max-video-preview:-1"},"canonical":"https:\/\/blogdiario.info\/magazine\/2024\/10\/29\/signora-vice-presidentessa-ne-lei-ne-il-su-governo-mi-rappresentano\/","og_locale":"es_ES","og_type":"article","og_title":"Signora Vice Presidentessa, n\u00e9 lei n\u00e9 il su governo mi rappresentano - BlogDiario Magazine","og_description":"A tutt'oggi, sono in carcere preventivo senza condanna da 8 anni e 9 mesi, e nessuno del governo fa o dice nulla.","og_url":"https:\/\/blogdiario.info\/magazine\/2024\/10\/29\/signora-vice-presidentessa-ne-lei-ne-il-su-governo-mi-rappresentano\/","og_site_name":"BlogDiario Magazine","article_published_time":"2024-10-29T11:10:28+00:00","article_modified_time":"2024-10-29T11:35:42+00:00","og_image":[{"width":600,"height":400,"url":"https:\/\/blogdiario.info\/magazine\/images\/2024\/10\/cover_20241029vic.jpg","type":"image\/jpeg"}],"author":"World Press Service | Servicio de Prensa Mundial","twitter_card":"summary_large_image","twitter_misc":{"Escrito por":"World Press Service | Servicio de Prensa Mundial","Tiempo de lectura":"2 minutos"},"schema":{"@context":"https:\/\/schema.org","@graph":[{"@type":"Article","@id":"https:\/\/blogdiario.info\/magazine\/2024\/10\/29\/signora-vice-presidentessa-ne-lei-ne-il-su-governo-mi-rappresentano\/#article","isPartOf":{"@id":"https:\/\/blogdiario.info\/magazine\/2024\/10\/29\/signora-vice-presidentessa-ne-lei-ne-il-su-governo-mi-rappresentano\/"},"author":{"name":"World Press Service | Servicio de Prensa Mundial","@id":"https:\/\/blogdiario.info\/magazine\/#\/schema\/person\/b2422fe85574d945bad55513bb0c7354"},"headline":"Signora Vice Presidentessa, n\u00e9 lei n\u00e9 il su governo mi rappresentano","datePublished":"2024-10-29T11:10:28+00:00","dateModified":"2024-10-29T11:35:42+00:00","mainEntityOfPage":{"@id":"https:\/\/blogdiario.info\/magazine\/2024\/10\/29\/signora-vice-presidentessa-ne-lei-ne-il-su-governo-mi-rappresentano\/"},"wordCount":330,"publisher":{"@id":"https:\/\/blogdiario.info\/magazine\/#organization"},"image":{"@id":"https:\/\/blogdiario.info\/magazine\/2024\/10\/29\/signora-vice-presidentessa-ne-lei-ne-il-su-governo-mi-rappresentano\/#primaryimage"},"thumbnailUrl":"https:\/\/blogdiario.info\/magazine\/images\/2024\/10\/cover_20241029vic.jpg","keywords":["Argentina"],"articleSection":[".",".","Attualit\u00e0","Giustizia","Politica","Prison Press"],"inLanguage":"es-AR"},{"@type":"WebPage","@id":"https:\/\/blogdiario.info\/magazine\/2024\/10\/29\/signora-vice-presidentessa-ne-lei-ne-il-su-governo-mi-rappresentano\/","url":"https:\/\/blogdiario.info\/magazine\/2024\/10\/29\/signora-vice-presidentessa-ne-lei-ne-il-su-governo-mi-rappresentano\/","name":"Signora Vice Presidentessa, n\u00e9 lei n\u00e9 il su governo mi rappresentano - BlogDiario Magazine","isPartOf":{"@id":"https:\/\/blogdiario.info\/magazine\/#website"},"primaryImageOfPage":{"@id":"https:\/\/blogdiario.info\/magazine\/2024\/10\/29\/signora-vice-presidentessa-ne-lei-ne-il-su-governo-mi-rappresentano\/#primaryimage"},"image":{"@id":"https:\/\/blogdiario.info\/magazine\/2024\/10\/29\/signora-vice-presidentessa-ne-lei-ne-il-su-governo-mi-rappresentano\/#primaryimage"},"thumbnailUrl":"https:\/\/blogdiario.info\/magazine\/images\/2024\/10\/cover_20241029vic.jpg","datePublished":"2024-10-29T11:10:28+00:00","dateModified":"2024-10-29T11:35:42+00:00","breadcrumb":{"@id":"https:\/\/blogdiario.info\/magazine\/2024\/10\/29\/signora-vice-presidentessa-ne-lei-ne-il-su-governo-mi-rappresentano\/#breadcrumb"},"inLanguage":"es-AR","potentialAction":[{"@type":"ReadAction","target":["https:\/\/blogdiario.info\/magazine\/2024\/10\/29\/signora-vice-presidentessa-ne-lei-ne-il-su-governo-mi-rappresentano\/"]}]},{"@type":"ImageObject","inLanguage":"es-AR","@id":"https:\/\/blogdiario.info\/magazine\/2024\/10\/29\/signora-vice-presidentessa-ne-lei-ne-il-su-governo-mi-rappresentano\/#primaryimage","url":"https:\/\/blogdiario.info\/magazine\/images\/2024\/10\/cover_20241029vic.jpg","contentUrl":"https:\/\/blogdiario.info\/magazine\/images\/2024\/10\/cover_20241029vic.jpg","width":600,"height":400},{"@type":"BreadcrumbList","@id":"https:\/\/blogdiario.info\/magazine\/2024\/10\/29\/signora-vice-presidentessa-ne-lei-ne-il-su-governo-mi-rappresentano\/#breadcrumb","itemListElement":[{"@type":"ListItem","position":1,"name":"Home","item":"https:\/\/blogdiario.info\/magazine\/"},{"@type":"ListItem","position":2,"name":"Signora Vice Presidentessa, n\u00e9 lei n\u00e9 il su governo mi rappresentano"}]},{"@type":"WebSite","@id":"https:\/\/blogdiario.info\/magazine\/#website","url":"https:\/\/blogdiario.info\/magazine\/","name":"BlogDiario Magazine","description":"Suplemento multiling\u00fce de ElCanillita.Info","publisher":{"@id":"https:\/\/blogdiario.info\/magazine\/#organization"},"potentialAction":[{"@type":"SearchAction","target":{"@type":"EntryPoint","urlTemplate":"https:\/\/blogdiario.info\/magazine\/?s={search_term_string}"},"query-input":{"@type":"PropertyValueSpecification","valueRequired":true,"valueName":"search_term_string"}}],"inLanguage":"es-AR"},{"@type":"Organization","@id":"https:\/\/blogdiario.info\/magazine\/#organization","name":"Guzzo Photos & Graphic Publications","url":"https:\/\/blogdiario.info\/magazine\/","logo":{"@type":"ImageObject","inLanguage":"es-AR","@id":"https:\/\/blogdiario.info\/magazine\/#\/schema\/logo\/image\/","url":"https:\/\/blogdiario.info\/magazine\/images\/2020\/01\/cropped-blogdia_magazine.jpg","contentUrl":"https:\/\/blogdiario.info\/magazine\/images\/2020\/01\/cropped-blogdia_magazine.jpg","width":589,"height":55,"caption":"Guzzo Photos & Graphic Publications"},"image":{"@id":"https:\/\/blogdiario.info\/magazine\/#\/schema\/logo\/image\/"}},{"@type":"Person","@id":"https:\/\/blogdiario.info\/magazine\/#\/schema\/person\/b2422fe85574d945bad55513bb0c7354","name":"World Press Service | Servicio de Prensa Mundial"}]}},"views":827,"_links":{"self":[{"href":"https:\/\/blogdiario.info\/magazine\/wp-json\/wp\/v2\/posts\/1409","targetHints":{"allow":["GET"]}}],"collection":[{"href":"https:\/\/blogdiario.info\/magazine\/wp-json\/wp\/v2\/posts"}],"about":[{"href":"https:\/\/blogdiario.info\/magazine\/wp-json\/wp\/v2\/types\/post"}],"author":[{"embeddable":true,"href":"https:\/\/blogdiario.info\/magazine\/wp-json\/wp\/v2\/users\/1"}],"replies":[{"embeddable":true,"href":"https:\/\/blogdiario.info\/magazine\/wp-json\/wp\/v2\/comments?post=1409"}],"version-history":[{"count":0,"href":"https:\/\/blogdiario.info\/magazine\/wp-json\/wp\/v2\/posts\/1409\/revisions"}],"wp:featuredmedia":[{"embeddable":true,"href":"https:\/\/blogdiario.info\/magazine\/wp-json\/wp\/v2\/media\/1411"}],"wp:attachment":[{"href":"https:\/\/blogdiario.info\/magazine\/wp-json\/wp\/v2\/media?parent=1409"}],"wp:term":[{"taxonomy":"category","embeddable":true,"href":"https:\/\/blogdiario.info\/magazine\/wp-json\/wp\/v2\/categories?post=1409"},{"taxonomy":"post_tag","embeddable":true,"href":"https:\/\/blogdiario.info\/magazine\/wp-json\/wp\/v2\/tags?post=1409"}],"curies":[{"name":"wp","href":"https:\/\/api.w.org\/{rel}","templated":true}]}}