{"id":1383,"date":"2024-10-08T22:06:44","date_gmt":"2024-10-08T21:06:44","guid":{"rendered":"https:\/\/blogdiario.info\/magazine\/?p=1383"},"modified":"2024-10-08T22:06:45","modified_gmt":"2024-10-08T21:06:45","slug":"camara-de-los-lores-quien-es-quien","status":"publish","type":"post","link":"https:\/\/blogdiario.info\/magazine\/2024\/10\/08\/camara-de-los-lores-quien-es-quien\/","title":{"rendered":"C\u00e1mara de los Lores .. \u00bfQui\u00e9n es quien?"},"content":{"rendered":"<div class=\"wp-block-image\">\n<figure class=\"aligncenter size-full\"><img loading=\"lazy\" decoding=\"async\" width=\"600\" height=\"336\" src=\"https:\/\/blogdiario.info\/magazine\/images\/2024\/10\/coverpage1_20241008.jpg\" alt=\"\" class=\"wp-image-1384\" srcset=\"https:\/\/blogdiario.info\/magazine\/images\/2024\/10\/coverpage1_20241008.jpg 600w, https:\/\/blogdiario.info\/magazine\/images\/2024\/10\/coverpage1_20241008-300x168.jpg 300w\" sizes=\"auto, (max-width: 600px) 100vw, 600px\" \/><\/figure><\/div>\n\n\n<p>Londres, Octubre 08 2024 &#8211; BlogDiario.info<br><br>Por Dolores de La Press<br><br>Los nombramientos en la C\u00e1mara de los Lores se \u00abjustificar\u00e1n\u00bb para frenar el amiguismo<br>De acuerdo con los planes, todas las futuras candidaturas a la C\u00e1mara de los Lores tendr\u00e1n que ir acompa\u00f1adas de una menci\u00f3n en la que se exponga la experiencia que el candidato aportar\u00eda al cargo.<\/p>\n\n\n\n<p>Los partidos pol\u00edticos tendr\u00e1n que justificar p\u00fablicamente por qu\u00e9 nombran pares en la C\u00e1mara de los Lores, en un intento de reducir el \u00abamiguismo\u00bb en la segunda c\u00e1mara.<\/p>\n\n\n\n<p>De acuerdo con los planes que est\u00e1n elaborando los ministros, todas las futuras candidaturas a la C\u00e1mara de los Lores deber\u00e1n ir acompa\u00f1adas de una menci\u00f3n en la que se exponga la experiencia que el candidato aportar\u00eda al cargo.<\/p>\n\n\n\n<p>El objetivo de la propuesta es dificultar que los partidos recompensen a sus donantes o partidarios con un esca\u00f1o en la Camara de los Lores, tras varias pol\u00e9micas que se remontan a d\u00e9cadas atr\u00e1s.<\/p>\n\n\n\n<p>Entre ellas, la de Boris Johnson, que convirti\u00f3 a una joven ayudante de Downing Street en la parlamentaria m\u00e1s joven de la historia, y la de Evgeny Lebedev, ahora Lord Lebedev, propietario del Evening Standard, de origen ruso, que nunca ha votado y s\u00f3lo ha intervenido en tres ocasiones. Johnson hizo caso omiso de las preocupaciones de los servicios de seguridad para nombrar a Lebedev, a quien se consideraba un riesgo potencial para la seguridad nacional debido a la relaci\u00f3n de su padre con el Kremlin.<\/p>\n\n\n<div class=\"wp-block-image\">\n<figure class=\"aligncenter size-full\"><img loading=\"lazy\" decoding=\"async\" width=\"600\" height=\"377\" src=\"https:\/\/blogdiario.info\/magazine\/images\/2024\/10\/page1.jpg\" alt=\"\" class=\"wp-image-1385\" srcset=\"https:\/\/blogdiario.info\/magazine\/images\/2024\/10\/page1.jpg 600w, https:\/\/blogdiario.info\/magazine\/images\/2024\/10\/page1-300x189.jpg 300w\" sizes=\"auto, (max-width: 600px) 100vw, 600px\" \/><figcaption class=\"wp-element-caption\">Lord Lebedev fue elevado a la c\u00e1mara en 2020. <br>Nunca ha votado y solo ha hablado en tres ocasiones desde entonces.<\/figcaption><\/figure><\/div>\n\n\n<p>El plan forma parte de un conjunto m\u00e1s amplio de reformas que est\u00e1n elaborando los ministros para reducir el tama\u00f1o de la segunda c\u00e1mara y garantizar que ning\u00fan partido tenga mayor\u00eda absoluta.<\/p>\n\n\n\n<p>\u00abLa \u00faltima reforma significativa de la C\u00e1mara de los Lores tuvo lugar hace m\u00e1s de 20 a\u00f1os\u00bb, declar\u00f3 una fuente gubernamental. \u00abAunque en \u00faltima instancia queremos pasar a una segunda c\u00e1mara elegida, sin duda hay cosas que podemos hacer mientras tanto para mejorar su funcionamiento y aumentar la confianza de los ciudadanos\u00bb.<\/p>\n\n\n\n<p>En la actualidad, el Primer Ministro dispone de amplios poderes para nombrar a nuevos parlamentarios sin el menor control. La Comisi\u00f3n de Nombramientos de la C\u00e1mara de los Lores (Holac) s\u00f3lo comprueba si el candidato paga sus impuestos y no tiene antecedentes penales. La Holac no puede examinar la idoneidad de los candidatos.<\/p>\n\n\n\n<p>Los cr\u00edticos llevan mucho tiempo argumentando que esto ha permitido a los partidos utilizar un nombramiento para los Lores como patrocinio, para recompensar a donantes y simpatizantes en modo que el candidato haga una contribuci\u00f3n activa al trabajo de la c\u00e1mara.<\/p>\n\n\n\n<p>Seg\u00fan el nuevo plan, los partidos pol\u00edticos tendr\u00e1n que redactar una breve cita en la que expongan la experiencia y la capacidad que su candidato aportar\u00e1 a la C\u00e1mara de los Lores. Seg\u00fan las fuentes, se tratar\u00eda de una versi\u00f3n ampliada del sistema de otras condecoraciones, como el t\u00edtulo de caballero, que se publica con una breve explicaci\u00f3n de por qu\u00e9 el galardonado es merecedor del premio.<\/p>\n\n\n\n<p><strong>El amiguismo pol\u00edtico no muestras signos de disminuir<\/strong><\/p>\n\n\n\n<p>\u00abEn este momento, la gente se est\u00e1 rascando la cabeza para entender por qu\u00e9 se nombra a algunas personas\u00bb, dijo un alto cargo laborista en la C\u00e1mara de los Lores. \u00abNo se trata de una sola persona, sino de instaurar un sistema transparente en el que los nombramientos tengan que justificarse\u00bb.<\/p>\n\n\n\n<p>El a\u00f1o pasado, Charlotte Owen, que entonces ten\u00eda 29 a\u00f1os, fue nombrada la parlamentaria brit\u00e1nica m\u00e1s joven de la historia en la lista de Johnson, tras haber trabajado poco tiempo en un puesto relativamente menor en Downing Street. Ahora es baronesa Owen de Alderley Edge.<\/p>\n\n\n\n<p>En la misma lista Johnson nombr\u00f3 a Ross Kempsell, su portavoz de 31 a\u00f1os, ahora Lord Kempsell.<\/p>\n\n\n\n<p>Otros nombramientos tambi\u00e9n han sido cuestionados. Theresa May ennobleci\u00f3 a la estrella del cr\u00edquet ingl\u00e9s Ian Botham, convirti\u00e9ndolo en Lord Botham. S\u00f3lo ha hablado dos veces en la c\u00e1mara desde su nombramiento en 2020.<\/p>\n\n\n\n<p>Sin embargo, las preocupaciones sobre el uso inapropiado de los peerages (<em>British Paria -Peerage- es la forma de paria adoptada en el Reino Unido de Gran Breta\u00f1a e Irlanda del Norte y sus naciones constituyentes<\/em>) preceden desde hace tiempo a la etapa de los conservadores en el Gobierno. En 2005, Tony Blair nombr\u00f3 miembros de la C\u00e1mara de los Lores a tres donantes del Partido Laborista, lo que dio lugar a una investigaci\u00f3n penal en lo que se conoci\u00f3 como el esc\u00e1ndalo del dinero por honores.<\/p>\n\n\n\n<p>A\u00fan a\u00f1os m\u00e1s atr\u00e1s, la pr\u00e1ctica de David Lloyd George de vender parentescos hereditarios por el equivalente a 2 millones de libras esterlinas en dinero de hoy, llev\u00f3 a cambiar la ley para tipificar expl\u00edcitamente como delito la venta de un honor.<\/p>\n\n\n\n<figure class=\"wp-block-video\"><video controls src=\"https:\/\/blogdiario.info\/magazine\/images\/2024\/10\/parlamento_20241007.mp4\"><\/video><\/figure>\n\n\n\n<p><small>Copyright \u00a9 2024 BlogDiario.info \/ SalaStampa.Eu, servicio mundial de prensa<\/small><br><small>Guzzo Photos &amp; Graphic Publications &#8211; Registro Editori e Stampatori n. 1441 Torino, Italia<\/small><\/p>\n","protected":false},"excerpt":{"rendered":"<p>Seg\u00fan el nuevo plan, los partidos<br \/>\nLa baronesa Owen de Alderley Edge, que fue asesora junior de Downing Street, fue nombrada par por Boris Johnson.<\/p>\n","protected":false},"author":1,"featured_media":1384,"comment_status":"closed","ping_status":"closed","sticky":false,"template":"","format":"standard","meta":{"footnotes":"","_links_to":"","_links_to_target":""},"categories":[97,109,62,136,41,138],"tags":[101],"class_list":["post-1383","post","type-post","status-publish","format-standard","has-post-thumbnail","hentry","category-elcanillita","category-dc24","category-actualidad","category-dolores-de-la-press","category-politica-esp","category-reino-unido","tag-uk","entry","rows"],"yoast_head":"<!-- This site is optimized with the Yoast SEO plugin v27.4 - https:\/\/yoast.com\/product\/yoast-seo-wordpress\/ -->\n<title>C\u00e1mara de los Lores .. \u00bfQui\u00e9n es quien? - BlogDiario Magazine<\/title>\n<meta name=\"robots\" content=\"index, follow, max-snippet:-1, max-image-preview:large, max-video-preview:-1\" \/>\n<link rel=\"canonical\" href=\"https:\/\/blogdiario.info\/magazine\/2024\/10\/08\/camara-de-los-lores-quien-es-quien\/\" \/>\n<meta property=\"og:locale\" content=\"es_ES\" \/>\n<meta property=\"og:type\" content=\"article\" \/>\n<meta property=\"og:title\" content=\"C\u00e1mara de los Lores .. \u00bfQui\u00e9n es quien? - BlogDiario Magazine\" \/>\n<meta property=\"og:description\" content=\"Seg\u00fan el nuevo plan, los partidos La baronesa Owen de Alderley Edge, que fue asesora junior de Downing Street, fue nombrada par por Boris Johnson.\" \/>\n<meta property=\"og:url\" content=\"https:\/\/blogdiario.info\/magazine\/2024\/10\/08\/camara-de-los-lores-quien-es-quien\/\" \/>\n<meta property=\"og:site_name\" content=\"BlogDiario Magazine\" \/>\n<meta property=\"article:published_time\" content=\"2024-10-08T21:06:44+00:00\" \/>\n<meta property=\"article:modified_time\" content=\"2024-10-08T21:06:45+00:00\" \/>\n<meta property=\"og:image\" content=\"https:\/\/blogdiario.info\/magazine\/images\/2024\/10\/coverpage1_20241008.jpg\" \/>\n\t<meta property=\"og:image:width\" content=\"600\" \/>\n\t<meta property=\"og:image:height\" content=\"336\" \/>\n\t<meta property=\"og:image:type\" content=\"image\/jpeg\" \/>\n<meta name=\"author\" content=\"World Press Service | Servicio de Prensa Mundial\" \/>\n<meta name=\"twitter:card\" content=\"summary_large_image\" \/>\n<meta name=\"twitter:label1\" content=\"Escrito por\" \/>\n\t<meta name=\"twitter:data1\" content=\"World Press Service | Servicio de Prensa Mundial\" \/>\n\t<meta name=\"twitter:label2\" content=\"Tiempo de lectura\" \/>\n\t<meta name=\"twitter:data2\" content=\"5 minutos\" \/>\n<script type=\"application\/ld+json\" class=\"yoast-schema-graph\">{\"@context\":\"https:\\\/\\\/schema.org\",\"@graph\":[{\"@type\":\"Article\",\"@id\":\"https:\\\/\\\/blogdiario.info\\\/magazine\\\/2024\\\/10\\\/08\\\/camara-de-los-lores-quien-es-quien\\\/#article\",\"isPartOf\":{\"@id\":\"https:\\\/\\\/blogdiario.info\\\/magazine\\\/2024\\\/10\\\/08\\\/camara-de-los-lores-quien-es-quien\\\/\"},\"author\":{\"name\":\"World Press Service | Servicio de Prensa Mundial\",\"@id\":\"https:\\\/\\\/blogdiario.info\\\/magazine\\\/#\\\/schema\\\/person\\\/b2422fe85574d945bad55513bb0c7354\"},\"headline\":\"C\u00e1mara de los Lores .. \u00bfQui\u00e9n es quien?\",\"datePublished\":\"2024-10-08T21:06:44+00:00\",\"dateModified\":\"2024-10-08T21:06:45+00:00\",\"mainEntityOfPage\":{\"@id\":\"https:\\\/\\\/blogdiario.info\\\/magazine\\\/2024\\\/10\\\/08\\\/camara-de-los-lores-quien-es-quien\\\/\"},\"wordCount\":893,\"publisher\":{\"@id\":\"https:\\\/\\\/blogdiario.info\\\/magazine\\\/#organization\"},\"image\":{\"@id\":\"https:\\\/\\\/blogdiario.info\\\/magazine\\\/2024\\\/10\\\/08\\\/camara-de-los-lores-quien-es-quien\\\/#primaryimage\"},\"thumbnailUrl\":\"https:\\\/\\\/blogdiario.info\\\/magazine\\\/images\\\/2024\\\/10\\\/coverpage1_20241008.jpg\",\"keywords\":[\"UK\"],\"articleSection\":[\".\",\".\",\"Actualidad\",\"Dolores de La Press\",\"Politica\",\"Reino Unido\"],\"inLanguage\":\"es-AR\"},{\"@type\":\"WebPage\",\"@id\":\"https:\\\/\\\/blogdiario.info\\\/magazine\\\/2024\\\/10\\\/08\\\/camara-de-los-lores-quien-es-quien\\\/\",\"url\":\"https:\\\/\\\/blogdiario.info\\\/magazine\\\/2024\\\/10\\\/08\\\/camara-de-los-lores-quien-es-quien\\\/\",\"name\":\"C\u00e1mara de los Lores .. \u00bfQui\u00e9n es quien? - BlogDiario Magazine\",\"isPartOf\":{\"@id\":\"https:\\\/\\\/blogdiario.info\\\/magazine\\\/#website\"},\"primaryImageOfPage\":{\"@id\":\"https:\\\/\\\/blogdiario.info\\\/magazine\\\/2024\\\/10\\\/08\\\/camara-de-los-lores-quien-es-quien\\\/#primaryimage\"},\"image\":{\"@id\":\"https:\\\/\\\/blogdiario.info\\\/magazine\\\/2024\\\/10\\\/08\\\/camara-de-los-lores-quien-es-quien\\\/#primaryimage\"},\"thumbnailUrl\":\"https:\\\/\\\/blogdiario.info\\\/magazine\\\/images\\\/2024\\\/10\\\/coverpage1_20241008.jpg\",\"datePublished\":\"2024-10-08T21:06:44+00:00\",\"dateModified\":\"2024-10-08T21:06:45+00:00\",\"breadcrumb\":{\"@id\":\"https:\\\/\\\/blogdiario.info\\\/magazine\\\/2024\\\/10\\\/08\\\/camara-de-los-lores-quien-es-quien\\\/#breadcrumb\"},\"inLanguage\":\"es-AR\",\"potentialAction\":[{\"@type\":\"ReadAction\",\"target\":[\"https:\\\/\\\/blogdiario.info\\\/magazine\\\/2024\\\/10\\\/08\\\/camara-de-los-lores-quien-es-quien\\\/\"]}]},{\"@type\":\"ImageObject\",\"inLanguage\":\"es-AR\",\"@id\":\"https:\\\/\\\/blogdiario.info\\\/magazine\\\/2024\\\/10\\\/08\\\/camara-de-los-lores-quien-es-quien\\\/#primaryimage\",\"url\":\"https:\\\/\\\/blogdiario.info\\\/magazine\\\/images\\\/2024\\\/10\\\/coverpage1_20241008.jpg\",\"contentUrl\":\"https:\\\/\\\/blogdiario.info\\\/magazine\\\/images\\\/2024\\\/10\\\/coverpage1_20241008.jpg\",\"width\":600,\"height\":336},{\"@type\":\"BreadcrumbList\",\"@id\":\"https:\\\/\\\/blogdiario.info\\\/magazine\\\/2024\\\/10\\\/08\\\/camara-de-los-lores-quien-es-quien\\\/#breadcrumb\",\"itemListElement\":[{\"@type\":\"ListItem\",\"position\":1,\"name\":\"Home\",\"item\":\"https:\\\/\\\/blogdiario.info\\\/magazine\\\/\"},{\"@type\":\"ListItem\",\"position\":2,\"name\":\"C\u00e1mara de los Lores .. \u00bfQui\u00e9n es quien?\"}]},{\"@type\":\"WebSite\",\"@id\":\"https:\\\/\\\/blogdiario.info\\\/magazine\\\/#website\",\"url\":\"https:\\\/\\\/blogdiario.info\\\/magazine\\\/\",\"name\":\"BlogDiario Magazine\",\"description\":\"Suplemento multiling\u00fce de ElCanillita.Info\",\"publisher\":{\"@id\":\"https:\\\/\\\/blogdiario.info\\\/magazine\\\/#organization\"},\"potentialAction\":[{\"@type\":\"SearchAction\",\"target\":{\"@type\":\"EntryPoint\",\"urlTemplate\":\"https:\\\/\\\/blogdiario.info\\\/magazine\\\/?s={search_term_string}\"},\"query-input\":{\"@type\":\"PropertyValueSpecification\",\"valueRequired\":true,\"valueName\":\"search_term_string\"}}],\"inLanguage\":\"es-AR\"},{\"@type\":\"Organization\",\"@id\":\"https:\\\/\\\/blogdiario.info\\\/magazine\\\/#organization\",\"name\":\"Guzzo Photos & Graphic Publications\",\"url\":\"https:\\\/\\\/blogdiario.info\\\/magazine\\\/\",\"logo\":{\"@type\":\"ImageObject\",\"inLanguage\":\"es-AR\",\"@id\":\"https:\\\/\\\/blogdiario.info\\\/magazine\\\/#\\\/schema\\\/logo\\\/image\\\/\",\"url\":\"https:\\\/\\\/blogdiario.info\\\/magazine\\\/images\\\/2020\\\/01\\\/cropped-blogdia_magazine.jpg\",\"contentUrl\":\"https:\\\/\\\/blogdiario.info\\\/magazine\\\/images\\\/2020\\\/01\\\/cropped-blogdia_magazine.jpg\",\"width\":589,\"height\":55,\"caption\":\"Guzzo Photos & Graphic Publications\"},\"image\":{\"@id\":\"https:\\\/\\\/blogdiario.info\\\/magazine\\\/#\\\/schema\\\/logo\\\/image\\\/\"}},{\"@type\":\"Person\",\"@id\":\"https:\\\/\\\/blogdiario.info\\\/magazine\\\/#\\\/schema\\\/person\\\/b2422fe85574d945bad55513bb0c7354\",\"name\":\"World Press Service | Servicio de Prensa Mundial\"}]}<\/script>\n<!-- \/ Yoast SEO plugin. -->","yoast_head_json":{"title":"C\u00e1mara de los Lores .. \u00bfQui\u00e9n es quien? - BlogDiario Magazine","robots":{"index":"index","follow":"follow","max-snippet":"max-snippet:-1","max-image-preview":"max-image-preview:large","max-video-preview":"max-video-preview:-1"},"canonical":"https:\/\/blogdiario.info\/magazine\/2024\/10\/08\/camara-de-los-lores-quien-es-quien\/","og_locale":"es_ES","og_type":"article","og_title":"C\u00e1mara de los Lores .. \u00bfQui\u00e9n es quien? - BlogDiario Magazine","og_description":"Seg\u00fan el nuevo plan, los partidos La baronesa Owen de Alderley Edge, que fue asesora junior de Downing Street, fue nombrada par por Boris Johnson.","og_url":"https:\/\/blogdiario.info\/magazine\/2024\/10\/08\/camara-de-los-lores-quien-es-quien\/","og_site_name":"BlogDiario Magazine","article_published_time":"2024-10-08T21:06:44+00:00","article_modified_time":"2024-10-08T21:06:45+00:00","og_image":[{"width":600,"height":336,"url":"https:\/\/blogdiario.info\/magazine\/images\/2024\/10\/coverpage1_20241008.jpg","type":"image\/jpeg"}],"author":"World Press Service | Servicio de Prensa Mundial","twitter_card":"summary_large_image","twitter_misc":{"Escrito por":"World Press Service | Servicio de Prensa Mundial","Tiempo de lectura":"5 minutos"},"schema":{"@context":"https:\/\/schema.org","@graph":[{"@type":"Article","@id":"https:\/\/blogdiario.info\/magazine\/2024\/10\/08\/camara-de-los-lores-quien-es-quien\/#article","isPartOf":{"@id":"https:\/\/blogdiario.info\/magazine\/2024\/10\/08\/camara-de-los-lores-quien-es-quien\/"},"author":{"name":"World Press Service | Servicio de Prensa Mundial","@id":"https:\/\/blogdiario.info\/magazine\/#\/schema\/person\/b2422fe85574d945bad55513bb0c7354"},"headline":"C\u00e1mara de los Lores .. \u00bfQui\u00e9n es quien?","datePublished":"2024-10-08T21:06:44+00:00","dateModified":"2024-10-08T21:06:45+00:00","mainEntityOfPage":{"@id":"https:\/\/blogdiario.info\/magazine\/2024\/10\/08\/camara-de-los-lores-quien-es-quien\/"},"wordCount":893,"publisher":{"@id":"https:\/\/blogdiario.info\/magazine\/#organization"},"image":{"@id":"https:\/\/blogdiario.info\/magazine\/2024\/10\/08\/camara-de-los-lores-quien-es-quien\/#primaryimage"},"thumbnailUrl":"https:\/\/blogdiario.info\/magazine\/images\/2024\/10\/coverpage1_20241008.jpg","keywords":["UK"],"articleSection":[".",".","Actualidad","Dolores de La Press","Politica","Reino Unido"],"inLanguage":"es-AR"},{"@type":"WebPage","@id":"https:\/\/blogdiario.info\/magazine\/2024\/10\/08\/camara-de-los-lores-quien-es-quien\/","url":"https:\/\/blogdiario.info\/magazine\/2024\/10\/08\/camara-de-los-lores-quien-es-quien\/","name":"C\u00e1mara de los Lores .. \u00bfQui\u00e9n es quien? - BlogDiario Magazine","isPartOf":{"@id":"https:\/\/blogdiario.info\/magazine\/#website"},"primaryImageOfPage":{"@id":"https:\/\/blogdiario.info\/magazine\/2024\/10\/08\/camara-de-los-lores-quien-es-quien\/#primaryimage"},"image":{"@id":"https:\/\/blogdiario.info\/magazine\/2024\/10\/08\/camara-de-los-lores-quien-es-quien\/#primaryimage"},"thumbnailUrl":"https:\/\/blogdiario.info\/magazine\/images\/2024\/10\/coverpage1_20241008.jpg","datePublished":"2024-10-08T21:06:44+00:00","dateModified":"2024-10-08T21:06:45+00:00","breadcrumb":{"@id":"https:\/\/blogdiario.info\/magazine\/2024\/10\/08\/camara-de-los-lores-quien-es-quien\/#breadcrumb"},"inLanguage":"es-AR","potentialAction":[{"@type":"ReadAction","target":["https:\/\/blogdiario.info\/magazine\/2024\/10\/08\/camara-de-los-lores-quien-es-quien\/"]}]},{"@type":"ImageObject","inLanguage":"es-AR","@id":"https:\/\/blogdiario.info\/magazine\/2024\/10\/08\/camara-de-los-lores-quien-es-quien\/#primaryimage","url":"https:\/\/blogdiario.info\/magazine\/images\/2024\/10\/coverpage1_20241008.jpg","contentUrl":"https:\/\/blogdiario.info\/magazine\/images\/2024\/10\/coverpage1_20241008.jpg","width":600,"height":336},{"@type":"BreadcrumbList","@id":"https:\/\/blogdiario.info\/magazine\/2024\/10\/08\/camara-de-los-lores-quien-es-quien\/#breadcrumb","itemListElement":[{"@type":"ListItem","position":1,"name":"Home","item":"https:\/\/blogdiario.info\/magazine\/"},{"@type":"ListItem","position":2,"name":"C\u00e1mara de los Lores .. \u00bfQui\u00e9n es quien?"}]},{"@type":"WebSite","@id":"https:\/\/blogdiario.info\/magazine\/#website","url":"https:\/\/blogdiario.info\/magazine\/","name":"BlogDiario Magazine","description":"Suplemento multiling\u00fce de ElCanillita.Info","publisher":{"@id":"https:\/\/blogdiario.info\/magazine\/#organization"},"potentialAction":[{"@type":"SearchAction","target":{"@type":"EntryPoint","urlTemplate":"https:\/\/blogdiario.info\/magazine\/?s={search_term_string}"},"query-input":{"@type":"PropertyValueSpecification","valueRequired":true,"valueName":"search_term_string"}}],"inLanguage":"es-AR"},{"@type":"Organization","@id":"https:\/\/blogdiario.info\/magazine\/#organization","name":"Guzzo Photos & Graphic Publications","url":"https:\/\/blogdiario.info\/magazine\/","logo":{"@type":"ImageObject","inLanguage":"es-AR","@id":"https:\/\/blogdiario.info\/magazine\/#\/schema\/logo\/image\/","url":"https:\/\/blogdiario.info\/magazine\/images\/2020\/01\/cropped-blogdia_magazine.jpg","contentUrl":"https:\/\/blogdiario.info\/magazine\/images\/2020\/01\/cropped-blogdia_magazine.jpg","width":589,"height":55,"caption":"Guzzo Photos & Graphic Publications"},"image":{"@id":"https:\/\/blogdiario.info\/magazine\/#\/schema\/logo\/image\/"}},{"@type":"Person","@id":"https:\/\/blogdiario.info\/magazine\/#\/schema\/person\/b2422fe85574d945bad55513bb0c7354","name":"World Press Service | Servicio de Prensa Mundial"}]}},"views":604,"_links":{"self":[{"href":"https:\/\/blogdiario.info\/magazine\/wp-json\/wp\/v2\/posts\/1383","targetHints":{"allow":["GET"]}}],"collection":[{"href":"https:\/\/blogdiario.info\/magazine\/wp-json\/wp\/v2\/posts"}],"about":[{"href":"https:\/\/blogdiario.info\/magazine\/wp-json\/wp\/v2\/types\/post"}],"author":[{"embeddable":true,"href":"https:\/\/blogdiario.info\/magazine\/wp-json\/wp\/v2\/users\/1"}],"replies":[{"embeddable":true,"href":"https:\/\/blogdiario.info\/magazine\/wp-json\/wp\/v2\/comments?post=1383"}],"version-history":[{"count":0,"href":"https:\/\/blogdiario.info\/magazine\/wp-json\/wp\/v2\/posts\/1383\/revisions"}],"wp:featuredmedia":[{"embeddable":true,"href":"https:\/\/blogdiario.info\/magazine\/wp-json\/wp\/v2\/media\/1384"}],"wp:attachment":[{"href":"https:\/\/blogdiario.info\/magazine\/wp-json\/wp\/v2\/media?parent=1383"}],"wp:term":[{"taxonomy":"category","embeddable":true,"href":"https:\/\/blogdiario.info\/magazine\/wp-json\/wp\/v2\/categories?post=1383"},{"taxonomy":"post_tag","embeddable":true,"href":"https:\/\/blogdiario.info\/magazine\/wp-json\/wp\/v2\/tags?post=1383"}],"curies":[{"name":"wp","href":"https:\/\/api.w.org\/{rel}","templated":true}]}}