{"id":1371,"date":"2024-09-25T11:17:43","date_gmt":"2024-09-25T10:17:43","guid":{"rendered":"https:\/\/blogdiario.info\/magazine\/?p=1371"},"modified":"2025-02-22T12:01:29","modified_gmt":"2025-02-22T11:01:29","slug":"milei-uno-dei-politici-piu-importanti-del-pianeta-terra","status":"publish","type":"post","link":"https:\/\/blogdiario.info\/magazine\/2024\/09\/25\/milei-uno-dei-politici-piu-importanti-del-pianeta-terra\/","title":{"rendered":"Milei, uno dei politici pi\u00f9 importanti del pianeta Terra"},"content":{"rendered":"<div class=\"wp-block-image\">\n<figure class=\"alignleft size-full is-resized\"><img loading=\"lazy\" decoding=\"async\" width=\"500\" height=\"750\" src=\"https:\/\/blogdiario.info\/magazine\/images\/2024\/09\/meme_melena_20240925.jpg\" alt=\"\" class=\"wp-image-1373\" style=\"aspect-ratio:0.6666666666666666;width:354px;height:auto\" srcset=\"https:\/\/blogdiario.info\/magazine\/images\/2024\/09\/meme_melena_20240925.jpg 500w, https:\/\/blogdiario.info\/magazine\/images\/2024\/09\/meme_melena_20240925-200x300.jpg 200w\" sizes=\"auto, (max-width: 500px) 100vw, 500px\" \/><\/figure><\/div>\n\n\n<p> Il presidente libertario dell&#8217;Argentina Javier Milei ha accusato l&#8217;ONU di imporre un&#8217;agenda &#8220;socialista&#8221; ai suoi membri e ha invitato i paesi a sottoscrivere un'&#8221;agenda per la libert\u00e0&#8221;, in un discorso infuocato che ha sottolineato il suo status di provocatore politico amato dall&#8217;estrema destra.<\/p>\n\n\n\n<p>Nel suo discorso di esordio all&#8217;assemblea generale dell&#8217;ONU a New York marted\u00ec, Milei si \u00e8 concentrato sul &#8220;Patto per il futuro&#8221; di 42 pagine adottato dall&#8217;ONU domenica, che include punti che promuovono l&#8217;azione per il clima, l&#8217;uguaglianza di genere e la regolamentazione dell&#8217;intelligenza artificiale.<\/p>\n\n\n\n<p>&#8220;L&#8217;Argentina non sosterr\u00e0 alcuna politica che implichi la limitazione delle libert\u00e0 individuali o del commercio, n\u00e9 la violazione dei diritti naturali degli individui&#8221;, ha affermato Milei. &#8220;Invitiamo tutte le nazioni del mondo libero a unirsi a noi, non solo nell&#8217;opporsi a questo patto, ma nella creazione di una nuova agenda per questa nobile istituzione: l&#8217;agenda della libert\u00e0&#8221;.<\/p>\n\n\n\n<p>Ha aggiunto che la precedente agenda per lo sviluppo sostenibile 2030 delle Nazioni Unite era &#8220;un programma sovranazionale di natura socialista&#8221; e ha accusato le Nazioni Unite di essere diventate &#8220;un Leviatano multi-tentacolare che cerca di decidere cosa dovrebbe fare ogni stato nazionale e come dovrebbero vivere i cittadini del mondo&#8221;.<\/p>\n\n\n\n<p>Milei ha corteggiato i riflettori mondiali da quando ha assunto l&#8217;incarico a dicembre, intervenendo regolarmente a summit multilaterali e conferenze politiche conservatrici e stringendo amicizie con personaggi di spicco come l&#8217;amministratore delegato di Tesla Elon Musk, che Milei ha incontrato per la terza volta luned\u00ec a New York City.<\/p>\n\n\n\n<p>&#8220;Le mie aziende stanno cercando attivamente modi per investire e sostenere l&#8217;Argentina&#8221;, ha affermato Musk in un post sulla sua piattaforma X marted\u00ec.<\/p>\n\n\n\n<p>All&#8217;inizio di questo mese, in un&#8217;intervista con l&#8217;emittente LN+, Milei si \u00e8 definito &#8220;uno dei politici pi\u00f9 importanti del pianeta Terra. Uno \u00e8 Donald Trump e l&#8217;altro sono io&#8221;.<\/p>\n\n\n\n<p>L&#8217;agenda interna di Milei si \u00e8 concentrata principalmente sulla risoluzione della peggiore crisi economica dell&#8217;Argentina degli ultimi due decenni, principalmente tramite l&#8217;attuazione di un severo pacchetto di austerit\u00e0 progettato per ridurre l&#8217;inflazione a tre cifre.<\/p>\n\n\n\n<p>Ma l&#8217;economista libertario, che ha negato l&#8217;esistenza del cambiamento climatico causato dall&#8217;uomo ed \u00e8 un fermo oppositore della legalizzazione dell&#8217;aborto volontario in Argentina, ha anche promesso di intraprendere una &#8220;battaglia culturale&#8221; contro la sinistra argentina.<\/p>\n\n\n\n<p>Ha sciolto i ministeri delle donne e dell&#8217;ambiente e chiuso l&#8217;istituto antidiscriminazione.<\/p>\n\n\n\n<p>&#8220;Sono qui per avvertirvi che siamo alla fine di un ciclo&#8221;, ha detto Milei all&#8217;ONU marted\u00ec. &#8220;Il collettivismo e l&#8217;atteggiamento morale dell&#8217;agenda woke si sono scontrati\u00a0con\u00a0la\u00a0realt\u00e0&#8221;<br><br><small>Copyright \u00a9 2024 SalaStampa.Eu &#8211; servicio mundial de prensa &#8211; Guzzo Photos &amp; Graphic Publications, Registro Editori e Stampatori n. 1441 Torino, Italia &#8211; Copyright \u00a9 1995-2024 Reprinted by ElCanillita.info \/ BlogDiario.info<\/small><\/p>\n\n\n\n<p><\/p>\n","protected":false},"excerpt":{"rendered":"<p>L&#8217;argentino Javier Milei nel discorso denuncia l&#8217;agenda &#8220;socialista&#8221; dell&#8217;ONU.<br \/>\nIl leader libertario nel discorso di esordio accusa l&#8217;organizzazione internazionale di limitare la libert\u00e0 dei membri<\/p>\n","protected":false},"author":1,"featured_media":1372,"comment_status":"closed","ping_status":"closed","sticky":false,"template":"","format":"standard","meta":{"footnotes":"","_links_to":"","_links_to_target":""},"categories":[97,109,61,18],"tags":[23],"class_list":["post-1371","post","type-post","status-publish","format-standard","has-post-thumbnail","hentry","category-elcanillita","category-dc24","category-attualita","category-politica-ita","tag-argentina","entry","rows"],"yoast_head":"<!-- This site is optimized with the Yoast SEO plugin v27.4 - https:\/\/yoast.com\/product\/yoast-seo-wordpress\/ -->\n<title>Milei, uno dei politici pi\u00f9 importanti del pianeta Terra - BlogDiario Magazine<\/title>\n<meta name=\"robots\" content=\"index, follow, max-snippet:-1, max-image-preview:large, max-video-preview:-1\" \/>\n<link rel=\"canonical\" href=\"https:\/\/blogdiario.info\/magazine\/2024\/09\/25\/milei-uno-dei-politici-piu-importanti-del-pianeta-terra\/\" \/>\n<meta property=\"og:locale\" content=\"es_ES\" \/>\n<meta property=\"og:type\" content=\"article\" \/>\n<meta property=\"og:title\" content=\"Milei, uno dei politici pi\u00f9 importanti del pianeta Terra - BlogDiario Magazine\" \/>\n<meta property=\"og:description\" content=\"L&#039;argentino Javier Milei nel discorso denuncia l&#039;agenda &quot;socialista&quot; dell&#039;ONU. Il leader libertario nel discorso di esordio accusa l&#039;organizzazione internazionale di limitare la libert\u00e0 dei membri\" \/>\n<meta property=\"og:url\" content=\"https:\/\/blogdiario.info\/magazine\/2024\/09\/25\/milei-uno-dei-politici-piu-importanti-del-pianeta-terra\/\" \/>\n<meta property=\"og:site_name\" content=\"BlogDiario Magazine\" \/>\n<meta property=\"article:published_time\" content=\"2024-09-25T10:17:43+00:00\" \/>\n<meta property=\"article:modified_time\" content=\"2025-02-22T11:01:29+00:00\" \/>\n<meta property=\"og:image\" content=\"https:\/\/blogdiario.info\/magazine\/images\/2024\/09\/cover_mel_20240925.jpg\" \/>\n\t<meta property=\"og:image:width\" content=\"600\" \/>\n\t<meta property=\"og:image:height\" content=\"400\" \/>\n\t<meta property=\"og:image:type\" content=\"image\/jpeg\" \/>\n<meta name=\"author\" content=\"World Press Service | Servicio de Prensa Mundial\" \/>\n<meta name=\"twitter:card\" content=\"summary_large_image\" \/>\n<meta name=\"twitter:label1\" content=\"Escrito por\" \/>\n\t<meta name=\"twitter:data1\" content=\"World Press Service | Servicio de Prensa Mundial\" \/>\n\t<meta name=\"twitter:label2\" content=\"Tiempo de lectura\" \/>\n\t<meta name=\"twitter:data2\" content=\"3 minutos\" \/>\n<script type=\"application\/ld+json\" class=\"yoast-schema-graph\">{\"@context\":\"https:\\\/\\\/schema.org\",\"@graph\":[{\"@type\":\"Article\",\"@id\":\"https:\\\/\\\/blogdiario.info\\\/magazine\\\/2024\\\/09\\\/25\\\/milei-uno-dei-politici-piu-importanti-del-pianeta-terra\\\/#article\",\"isPartOf\":{\"@id\":\"https:\\\/\\\/blogdiario.info\\\/magazine\\\/2024\\\/09\\\/25\\\/milei-uno-dei-politici-piu-importanti-del-pianeta-terra\\\/\"},\"author\":{\"name\":\"World Press Service | Servicio de Prensa Mundial\",\"@id\":\"https:\\\/\\\/blogdiario.info\\\/magazine\\\/#\\\/schema\\\/person\\\/b2422fe85574d945bad55513bb0c7354\"},\"headline\":\"Milei, uno dei politici pi\u00f9 importanti del pianeta Terra\",\"datePublished\":\"2024-09-25T10:17:43+00:00\",\"dateModified\":\"2025-02-22T11:01:29+00:00\",\"mainEntityOfPage\":{\"@id\":\"https:\\\/\\\/blogdiario.info\\\/magazine\\\/2024\\\/09\\\/25\\\/milei-uno-dei-politici-piu-importanti-del-pianeta-terra\\\/\"},\"wordCount\":473,\"publisher\":{\"@id\":\"https:\\\/\\\/blogdiario.info\\\/magazine\\\/#organization\"},\"image\":{\"@id\":\"https:\\\/\\\/blogdiario.info\\\/magazine\\\/2024\\\/09\\\/25\\\/milei-uno-dei-politici-piu-importanti-del-pianeta-terra\\\/#primaryimage\"},\"thumbnailUrl\":\"https:\\\/\\\/blogdiario.info\\\/magazine\\\/images\\\/2024\\\/09\\\/cover_mel_20240925.jpg\",\"keywords\":[\"Argentina\"],\"articleSection\":[\".\",\".\",\"Attualit\u00e0\",\"Politica\"],\"inLanguage\":\"es-AR\"},{\"@type\":\"WebPage\",\"@id\":\"https:\\\/\\\/blogdiario.info\\\/magazine\\\/2024\\\/09\\\/25\\\/milei-uno-dei-politici-piu-importanti-del-pianeta-terra\\\/\",\"url\":\"https:\\\/\\\/blogdiario.info\\\/magazine\\\/2024\\\/09\\\/25\\\/milei-uno-dei-politici-piu-importanti-del-pianeta-terra\\\/\",\"name\":\"Milei, uno dei politici pi\u00f9 importanti del pianeta Terra - BlogDiario Magazine\",\"isPartOf\":{\"@id\":\"https:\\\/\\\/blogdiario.info\\\/magazine\\\/#website\"},\"primaryImageOfPage\":{\"@id\":\"https:\\\/\\\/blogdiario.info\\\/magazine\\\/2024\\\/09\\\/25\\\/milei-uno-dei-politici-piu-importanti-del-pianeta-terra\\\/#primaryimage\"},\"image\":{\"@id\":\"https:\\\/\\\/blogdiario.info\\\/magazine\\\/2024\\\/09\\\/25\\\/milei-uno-dei-politici-piu-importanti-del-pianeta-terra\\\/#primaryimage\"},\"thumbnailUrl\":\"https:\\\/\\\/blogdiario.info\\\/magazine\\\/images\\\/2024\\\/09\\\/cover_mel_20240925.jpg\",\"datePublished\":\"2024-09-25T10:17:43+00:00\",\"dateModified\":\"2025-02-22T11:01:29+00:00\",\"breadcrumb\":{\"@id\":\"https:\\\/\\\/blogdiario.info\\\/magazine\\\/2024\\\/09\\\/25\\\/milei-uno-dei-politici-piu-importanti-del-pianeta-terra\\\/#breadcrumb\"},\"inLanguage\":\"es-AR\",\"potentialAction\":[{\"@type\":\"ReadAction\",\"target\":[\"https:\\\/\\\/blogdiario.info\\\/magazine\\\/2024\\\/09\\\/25\\\/milei-uno-dei-politici-piu-importanti-del-pianeta-terra\\\/\"]}]},{\"@type\":\"ImageObject\",\"inLanguage\":\"es-AR\",\"@id\":\"https:\\\/\\\/blogdiario.info\\\/magazine\\\/2024\\\/09\\\/25\\\/milei-uno-dei-politici-piu-importanti-del-pianeta-terra\\\/#primaryimage\",\"url\":\"https:\\\/\\\/blogdiario.info\\\/magazine\\\/images\\\/2024\\\/09\\\/cover_mel_20240925.jpg\",\"contentUrl\":\"https:\\\/\\\/blogdiario.info\\\/magazine\\\/images\\\/2024\\\/09\\\/cover_mel_20240925.jpg\",\"width\":600,\"height\":400},{\"@type\":\"BreadcrumbList\",\"@id\":\"https:\\\/\\\/blogdiario.info\\\/magazine\\\/2024\\\/09\\\/25\\\/milei-uno-dei-politici-piu-importanti-del-pianeta-terra\\\/#breadcrumb\",\"itemListElement\":[{\"@type\":\"ListItem\",\"position\":1,\"name\":\"Home\",\"item\":\"https:\\\/\\\/blogdiario.info\\\/magazine\\\/\"},{\"@type\":\"ListItem\",\"position\":2,\"name\":\"Milei, uno dei politici pi\u00f9 importanti del pianeta Terra\"}]},{\"@type\":\"WebSite\",\"@id\":\"https:\\\/\\\/blogdiario.info\\\/magazine\\\/#website\",\"url\":\"https:\\\/\\\/blogdiario.info\\\/magazine\\\/\",\"name\":\"BlogDiario Magazine\",\"description\":\"Suplemento multiling\u00fce de ElCanillita.Info\",\"publisher\":{\"@id\":\"https:\\\/\\\/blogdiario.info\\\/magazine\\\/#organization\"},\"potentialAction\":[{\"@type\":\"SearchAction\",\"target\":{\"@type\":\"EntryPoint\",\"urlTemplate\":\"https:\\\/\\\/blogdiario.info\\\/magazine\\\/?s={search_term_string}\"},\"query-input\":{\"@type\":\"PropertyValueSpecification\",\"valueRequired\":true,\"valueName\":\"search_term_string\"}}],\"inLanguage\":\"es-AR\"},{\"@type\":\"Organization\",\"@id\":\"https:\\\/\\\/blogdiario.info\\\/magazine\\\/#organization\",\"name\":\"Guzzo Photos & Graphic Publications\",\"url\":\"https:\\\/\\\/blogdiario.info\\\/magazine\\\/\",\"logo\":{\"@type\":\"ImageObject\",\"inLanguage\":\"es-AR\",\"@id\":\"https:\\\/\\\/blogdiario.info\\\/magazine\\\/#\\\/schema\\\/logo\\\/image\\\/\",\"url\":\"https:\\\/\\\/blogdiario.info\\\/magazine\\\/images\\\/2020\\\/01\\\/cropped-blogdia_magazine.jpg\",\"contentUrl\":\"https:\\\/\\\/blogdiario.info\\\/magazine\\\/images\\\/2020\\\/01\\\/cropped-blogdia_magazine.jpg\",\"width\":589,\"height\":55,\"caption\":\"Guzzo Photos & Graphic Publications\"},\"image\":{\"@id\":\"https:\\\/\\\/blogdiario.info\\\/magazine\\\/#\\\/schema\\\/logo\\\/image\\\/\"}},{\"@type\":\"Person\",\"@id\":\"https:\\\/\\\/blogdiario.info\\\/magazine\\\/#\\\/schema\\\/person\\\/b2422fe85574d945bad55513bb0c7354\",\"name\":\"World Press Service | Servicio de Prensa Mundial\"}]}<\/script>\n<!-- \/ Yoast SEO plugin. -->","yoast_head_json":{"title":"Milei, uno dei politici pi\u00f9 importanti del pianeta Terra - BlogDiario Magazine","robots":{"index":"index","follow":"follow","max-snippet":"max-snippet:-1","max-image-preview":"max-image-preview:large","max-video-preview":"max-video-preview:-1"},"canonical":"https:\/\/blogdiario.info\/magazine\/2024\/09\/25\/milei-uno-dei-politici-piu-importanti-del-pianeta-terra\/","og_locale":"es_ES","og_type":"article","og_title":"Milei, uno dei politici pi\u00f9 importanti del pianeta Terra - BlogDiario Magazine","og_description":"L'argentino Javier Milei nel discorso denuncia l'agenda \"socialista\" dell'ONU. Il leader libertario nel discorso di esordio accusa l'organizzazione internazionale di limitare la libert\u00e0 dei membri","og_url":"https:\/\/blogdiario.info\/magazine\/2024\/09\/25\/milei-uno-dei-politici-piu-importanti-del-pianeta-terra\/","og_site_name":"BlogDiario Magazine","article_published_time":"2024-09-25T10:17:43+00:00","article_modified_time":"2025-02-22T11:01:29+00:00","og_image":[{"width":600,"height":400,"url":"https:\/\/blogdiario.info\/magazine\/images\/2024\/09\/cover_mel_20240925.jpg","type":"image\/jpeg"}],"author":"World Press Service | Servicio de Prensa Mundial","twitter_card":"summary_large_image","twitter_misc":{"Escrito por":"World Press Service | Servicio de Prensa Mundial","Tiempo de lectura":"3 minutos"},"schema":{"@context":"https:\/\/schema.org","@graph":[{"@type":"Article","@id":"https:\/\/blogdiario.info\/magazine\/2024\/09\/25\/milei-uno-dei-politici-piu-importanti-del-pianeta-terra\/#article","isPartOf":{"@id":"https:\/\/blogdiario.info\/magazine\/2024\/09\/25\/milei-uno-dei-politici-piu-importanti-del-pianeta-terra\/"},"author":{"name":"World Press Service | Servicio de Prensa Mundial","@id":"https:\/\/blogdiario.info\/magazine\/#\/schema\/person\/b2422fe85574d945bad55513bb0c7354"},"headline":"Milei, uno dei politici pi\u00f9 importanti del pianeta Terra","datePublished":"2024-09-25T10:17:43+00:00","dateModified":"2025-02-22T11:01:29+00:00","mainEntityOfPage":{"@id":"https:\/\/blogdiario.info\/magazine\/2024\/09\/25\/milei-uno-dei-politici-piu-importanti-del-pianeta-terra\/"},"wordCount":473,"publisher":{"@id":"https:\/\/blogdiario.info\/magazine\/#organization"},"image":{"@id":"https:\/\/blogdiario.info\/magazine\/2024\/09\/25\/milei-uno-dei-politici-piu-importanti-del-pianeta-terra\/#primaryimage"},"thumbnailUrl":"https:\/\/blogdiario.info\/magazine\/images\/2024\/09\/cover_mel_20240925.jpg","keywords":["Argentina"],"articleSection":[".",".","Attualit\u00e0","Politica"],"inLanguage":"es-AR"},{"@type":"WebPage","@id":"https:\/\/blogdiario.info\/magazine\/2024\/09\/25\/milei-uno-dei-politici-piu-importanti-del-pianeta-terra\/","url":"https:\/\/blogdiario.info\/magazine\/2024\/09\/25\/milei-uno-dei-politici-piu-importanti-del-pianeta-terra\/","name":"Milei, uno dei politici pi\u00f9 importanti del pianeta Terra - BlogDiario Magazine","isPartOf":{"@id":"https:\/\/blogdiario.info\/magazine\/#website"},"primaryImageOfPage":{"@id":"https:\/\/blogdiario.info\/magazine\/2024\/09\/25\/milei-uno-dei-politici-piu-importanti-del-pianeta-terra\/#primaryimage"},"image":{"@id":"https:\/\/blogdiario.info\/magazine\/2024\/09\/25\/milei-uno-dei-politici-piu-importanti-del-pianeta-terra\/#primaryimage"},"thumbnailUrl":"https:\/\/blogdiario.info\/magazine\/images\/2024\/09\/cover_mel_20240925.jpg","datePublished":"2024-09-25T10:17:43+00:00","dateModified":"2025-02-22T11:01:29+00:00","breadcrumb":{"@id":"https:\/\/blogdiario.info\/magazine\/2024\/09\/25\/milei-uno-dei-politici-piu-importanti-del-pianeta-terra\/#breadcrumb"},"inLanguage":"es-AR","potentialAction":[{"@type":"ReadAction","target":["https:\/\/blogdiario.info\/magazine\/2024\/09\/25\/milei-uno-dei-politici-piu-importanti-del-pianeta-terra\/"]}]},{"@type":"ImageObject","inLanguage":"es-AR","@id":"https:\/\/blogdiario.info\/magazine\/2024\/09\/25\/milei-uno-dei-politici-piu-importanti-del-pianeta-terra\/#primaryimage","url":"https:\/\/blogdiario.info\/magazine\/images\/2024\/09\/cover_mel_20240925.jpg","contentUrl":"https:\/\/blogdiario.info\/magazine\/images\/2024\/09\/cover_mel_20240925.jpg","width":600,"height":400},{"@type":"BreadcrumbList","@id":"https:\/\/blogdiario.info\/magazine\/2024\/09\/25\/milei-uno-dei-politici-piu-importanti-del-pianeta-terra\/#breadcrumb","itemListElement":[{"@type":"ListItem","position":1,"name":"Home","item":"https:\/\/blogdiario.info\/magazine\/"},{"@type":"ListItem","position":2,"name":"Milei, uno dei politici pi\u00f9 importanti del pianeta Terra"}]},{"@type":"WebSite","@id":"https:\/\/blogdiario.info\/magazine\/#website","url":"https:\/\/blogdiario.info\/magazine\/","name":"BlogDiario Magazine","description":"Suplemento multiling\u00fce de ElCanillita.Info","publisher":{"@id":"https:\/\/blogdiario.info\/magazine\/#organization"},"potentialAction":[{"@type":"SearchAction","target":{"@type":"EntryPoint","urlTemplate":"https:\/\/blogdiario.info\/magazine\/?s={search_term_string}"},"query-input":{"@type":"PropertyValueSpecification","valueRequired":true,"valueName":"search_term_string"}}],"inLanguage":"es-AR"},{"@type":"Organization","@id":"https:\/\/blogdiario.info\/magazine\/#organization","name":"Guzzo Photos & Graphic Publications","url":"https:\/\/blogdiario.info\/magazine\/","logo":{"@type":"ImageObject","inLanguage":"es-AR","@id":"https:\/\/blogdiario.info\/magazine\/#\/schema\/logo\/image\/","url":"https:\/\/blogdiario.info\/magazine\/images\/2020\/01\/cropped-blogdia_magazine.jpg","contentUrl":"https:\/\/blogdiario.info\/magazine\/images\/2020\/01\/cropped-blogdia_magazine.jpg","width":589,"height":55,"caption":"Guzzo Photos & Graphic Publications"},"image":{"@id":"https:\/\/blogdiario.info\/magazine\/#\/schema\/logo\/image\/"}},{"@type":"Person","@id":"https:\/\/blogdiario.info\/magazine\/#\/schema\/person\/b2422fe85574d945bad55513bb0c7354","name":"World Press Service | Servicio de Prensa Mundial"}]}},"views":782,"_links":{"self":[{"href":"https:\/\/blogdiario.info\/magazine\/wp-json\/wp\/v2\/posts\/1371","targetHints":{"allow":["GET"]}}],"collection":[{"href":"https:\/\/blogdiario.info\/magazine\/wp-json\/wp\/v2\/posts"}],"about":[{"href":"https:\/\/blogdiario.info\/magazine\/wp-json\/wp\/v2\/types\/post"}],"author":[{"embeddable":true,"href":"https:\/\/blogdiario.info\/magazine\/wp-json\/wp\/v2\/users\/1"}],"replies":[{"embeddable":true,"href":"https:\/\/blogdiario.info\/magazine\/wp-json\/wp\/v2\/comments?post=1371"}],"version-history":[{"count":0,"href":"https:\/\/blogdiario.info\/magazine\/wp-json\/wp\/v2\/posts\/1371\/revisions"}],"wp:featuredmedia":[{"embeddable":true,"href":"https:\/\/blogdiario.info\/magazine\/wp-json\/wp\/v2\/media\/1372"}],"wp:attachment":[{"href":"https:\/\/blogdiario.info\/magazine\/wp-json\/wp\/v2\/media?parent=1371"}],"wp:term":[{"taxonomy":"category","embeddable":true,"href":"https:\/\/blogdiario.info\/magazine\/wp-json\/wp\/v2\/categories?post=1371"},{"taxonomy":"post_tag","embeddable":true,"href":"https:\/\/blogdiario.info\/magazine\/wp-json\/wp\/v2\/tags?post=1371"}],"curies":[{"name":"wp","href":"https:\/\/api.w.org\/{rel}","templated":true}]}}