{"id":1356,"date":"2024-07-02T10:29:42","date_gmt":"2024-07-02T09:29:42","guid":{"rendered":"https:\/\/blogdiario.info\/magazine\/?p=1356"},"modified":"2024-07-02T10:29:42","modified_gmt":"2024-07-02T09:29:42","slug":"violentas-protestas-de-puristas-en-jerusalen","status":"publish","type":"post","link":"https:\/\/blogdiario.info\/magazine\/2024\/07\/02\/violentas-protestas-de-puristas-en-jerusalen\/","title":{"rendered":"Violentas protestas de puristas en Jerusal\u00e9n"},"content":{"rendered":"\n<figure class=\"wp-block-image size-full\"><img loading=\"lazy\" decoding=\"async\" width=\"600\" height=\"337\" src=\"https:\/\/blogdiario.info\/magazine\/images\/2024\/07\/ortdxcover_20240702.jpg\" alt=\"\" class=\"wp-image-1357\" srcset=\"https:\/\/blogdiario.info\/magazine\/images\/2024\/07\/ortdxcover_20240702.jpg 600w, https:\/\/blogdiario.info\/magazine\/images\/2024\/07\/ortdxcover_20240702-300x169.jpg 300w\" sizes=\"auto, (max-width: 600px) 100vw, 600px\" \/><\/figure>\n\n\n\n<p>Miles de jud\u00edos ultraortodoxos se enfrentaron con la polic\u00eda israel\u00ed en Jerusal\u00e9n en violentas protestas por un fallo de la Corte Suprema para comenzar a alistar a la comunidad para el servicio militar.<\/p>\n\n\n\n<p>Los manifestantes atacaron enfurecidos el coche de un ministro israel\u00ed durante la manifestaci\u00f3n del domingo por la noche. Cinco personas fueron arrestadas por atacar a la polic\u00eda y arrojar piedras mientras los agentes respond\u00edan con ca\u00f1ones de agua para dispersar a la multitud, junto a la policia montada.<\/p>\n\n\n\n<p>\u201cSe arrojaron piedras, objetos, tablas de madera y todo tipo de cosas a la polic\u00eda y a las fuerzas de seguridad de la zona, dijo un comandante de la polic\u00eda local, a\u00f1adiendo que los revoltosos intentaron da\u00f1ar a los funcionarios gubernamentales y que esas personas hab\u00edan manchado a la comunidad ultraortodoxa con su comportamiento violento y peligroso\u201d.<\/p>\n\n\n\n<figure class=\"wp-block-image size-full\"><img loading=\"lazy\" decoding=\"async\" width=\"600\" height=\"337\" src=\"https:\/\/blogdiario.info\/magazine\/images\/2024\/07\/ortdx3_20240702.jpg\" alt=\"\" class=\"wp-image-1360\" srcset=\"https:\/\/blogdiario.info\/magazine\/images\/2024\/07\/ortdx3_20240702.jpg 600w, https:\/\/blogdiario.info\/magazine\/images\/2024\/07\/ortdx3_20240702-300x169.jpg 300w\" sizes=\"auto, (max-width: 600px) 100vw, 600px\" \/><figcaption class=\"wp-element-caption\">Manifestantes ultraortodoxos chocan con la polic\u00eda israel\u00ed<\/figcaption><\/figure>\n\n\n\n<p>La protesta masiva se produjo despu\u00e9s de que el tribunal dictaminara la semana pasada que los hombres aptos de edad ultraortodoxos, deben ser reclutados en el ej\u00e9rcito israel\u00ed, y que a los puristas religiosos que no cumplan se les congelar\u00e1 la financiaci\u00f3n gubernamental. La secta, conocida como haredis o jud\u00edos ultra ortodoxos (consideran que su doctrina es la extensi\u00f3n de una cadena ininterrumpida encabezada por Mois\u00e9s, tras la entrega del\u00a0 Tor\u00e1 en el\u00a0Monte Sina\u00ed\u00a0por el\u00a0Se\u00f1or), anteriormente hab\u00eda evitado el servicio militar obligatorio debido a una ley de d\u00e9cadas que les permit\u00eda realizar estudios religiosos a tiempo completo.<\/p>\n\n\n\n<p>Yitzhak Goldknopf, el ministro de Vivienda y de Construcci\u00f3n hared\u00ed que fue atacado el domingo, se ha pronunciado anteriormente en contra del fallo del tribunal superior, pero ya han comenzado a enviarse cartas llamando a los estudiantes del seminario al reclutamiento. La comunidad ahora busca presionar a los parlamentarios ultraortodoxos, que constituyen 18 esca\u00f1os de la coalici\u00f3n gubernamental gobernante, para que act\u00faen.<\/p>\n\n\n\n<p>\u201cPrefiero morir antes que alistar\u201d y \u201cNo nos uniremos al ej\u00e9rcito enemigo,\u201d ley\u00f3 algunos de los carteles de la protesta, en los que una amplia franja de diferentes sectas hared\u00edes se unieron contra el reclutamiento.<\/p>\n\n\n\n<figure class=\"wp-block-image size-full\"><img loading=\"lazy\" decoding=\"async\" width=\"600\" height=\"405\" src=\"https:\/\/blogdiario.info\/magazine\/images\/2024\/07\/ortdx4_20240702-1.jpg\" alt=\"\" class=\"wp-image-1361\" srcset=\"https:\/\/blogdiario.info\/magazine\/images\/2024\/07\/ortdx4_20240702-1.jpg 600w, https:\/\/blogdiario.info\/magazine\/images\/2024\/07\/ortdx4_20240702-1-300x203.jpg 300w\" sizes=\"auto, (max-width: 600px) 100vw, 600px\" \/><\/figure>\n\n\n\n<p>Manifestantes y polic\u00edas se enfrentaron frente a una oficina de reclutamiento del ej\u00e9rcito en Jerusal\u00e9n. Un director de un destacado seminario jud\u00edo en Jerusal\u00e9n, el rabino Moshe Tzadaka, dijo a la multitud que no deb\u00edan hacer concesiones.<\/p>\n\n\n\n<p>En el fallo del tribunal superior del martes pasado, un panel de jueces fall\u00f3 un\u00e1nimemente a favor de reclutar estudiantes de seminario o ieshiv\u00e1, citando los casi nueve meses de guerra en Gaza, en el frente norte con la milicia libanesa Hezbollah y la necesidad del ej\u00e9rcito de m\u00e1s soldados.<\/p>\n\n\n\n<p>\u201cEn medio de una guerra agotadora, la carga de la desigualdad es m\u00e1s dura que nunca y exige una soluci\u00f3n, dec\u00eda el fallo. Hay unos 60.000 ciudadanos hared\u00edes elegibles, pero la orden judicial no sugiri\u00f3 a qui\u00e9n reclutar ni c\u00f3mo hacerlo.<\/p>\n\n\n\n<p>El fallo es el \u00faltimo de una serie de rupturas en el gobierno de Binyamin Netanyahu que amenaza con destrozarlo completamente, pero el primer ministro todav\u00eda est\u00e1 buscando una soluci\u00f3n para aplacar a los miembros de su gabinete religioso y al mismo tiempo reclutar un n\u00famero m\u00ednimo de hombres ultraortodoxos.<\/p>\n\n\n\n<figure class=\"wp-block-image size-full\"><img loading=\"lazy\" decoding=\"async\" width=\"600\" height=\"399\" src=\"https:\/\/blogdiario.info\/magazine\/images\/2024\/07\/ortdx2_20240702.jpg\" alt=\"\" class=\"wp-image-1359\" srcset=\"https:\/\/blogdiario.info\/magazine\/images\/2024\/07\/ortdx2_20240702.jpg 600w, https:\/\/blogdiario.info\/magazine\/images\/2024\/07\/ortdx2_20240702-300x200.jpg 300w\" sizes=\"auto, (max-width: 600px) 100vw, 600px\" \/><figcaption class=\"wp-element-caption\">Miles de personas salieron a las calles el domingo<\/figcaption><\/figure>\n\n\n\n<p>Cientos de miles de reservistas han sido llamados a filas durante los \u00faltimos nueve meses para luchar en la Franja de Gaza y a lo largo de la frontera con el L\u00edbano, lo que ha dado lugar a crecientes acusaciones de desigualdad al compartir la carga nacional de proteger al Estado. Los haredis creen que est\u00e1n protegiendo a Israel mediante el estudio de la Tor\u00e1 y cualquier interferencia corromper\u00eda a su juventud y destruir\u00eda su forma de vida bien conservada y protegida.<br><br><small>Copyright \u00a9 2024 ElCanillita.info \/ BlogDiario.info \/ SalaStampa.eu, servicio mundial de prensa<\/small><\/p>\n","protected":false},"excerpt":{"rendered":"<p>La polic\u00eda utiliz\u00f3 ca\u00f1ones de agua mientras miles de haredis se manifiestan contra un fallo judicial para comenzar a alistar a la comunidad para el servicio militar<\/p>\n","protected":false},"author":1,"featured_media":1357,"comment_status":"closed","ping_status":"closed","sticky":false,"template":"","format":"standard","meta":{"footnotes":"","_links_to":"","_links_to_target":""},"categories":[109,97,62,119,54],"tags":[121],"class_list":["post-1356","post","type-post","status-publish","format-standard","has-post-thumbnail","hentry","category-dc24","category-elcanillita","category-actualidad","category-guerra","category-medio-oriente","tag-israel","entry","rows"],"yoast_head":"<!-- This site is optimized with the Yoast SEO plugin v27.4 - https:\/\/yoast.com\/product\/yoast-seo-wordpress\/ -->\n<title>Violentas protestas de puristas en Jerusal\u00e9n - BlogDiario Magazine<\/title>\n<meta name=\"robots\" content=\"index, follow, max-snippet:-1, max-image-preview:large, max-video-preview:-1\" \/>\n<link rel=\"canonical\" href=\"https:\/\/blogdiario.info\/magazine\/2024\/07\/02\/violentas-protestas-de-puristas-en-jerusalen\/\" \/>\n<meta property=\"og:locale\" content=\"es_ES\" \/>\n<meta property=\"og:type\" content=\"article\" \/>\n<meta property=\"og:title\" content=\"Violentas protestas de puristas en Jerusal\u00e9n - BlogDiario Magazine\" \/>\n<meta property=\"og:description\" content=\"La polic\u00eda utiliz\u00f3 ca\u00f1ones de agua mientras miles de haredis se manifiestan contra un fallo judicial para comenzar a alistar a la comunidad para el servicio militar\" \/>\n<meta property=\"og:url\" content=\"https:\/\/blogdiario.info\/magazine\/2024\/07\/02\/violentas-protestas-de-puristas-en-jerusalen\/\" \/>\n<meta property=\"og:site_name\" content=\"BlogDiario Magazine\" \/>\n<meta property=\"article:published_time\" content=\"2024-07-02T09:29:42+00:00\" \/>\n<meta property=\"og:image\" content=\"https:\/\/blogdiario.info\/magazine\/images\/2024\/07\/ortdxcover_20240702.jpg\" \/>\n\t<meta property=\"og:image:width\" content=\"600\" \/>\n\t<meta property=\"og:image:height\" content=\"337\" \/>\n\t<meta property=\"og:image:type\" content=\"image\/jpeg\" \/>\n<meta name=\"author\" content=\"World Press Service | Servicio de Prensa Mundial\" \/>\n<meta name=\"twitter:card\" content=\"summary_large_image\" \/>\n<meta name=\"twitter:label1\" content=\"Escrito por\" \/>\n\t<meta name=\"twitter:data1\" content=\"World Press Service | Servicio de Prensa Mundial\" \/>\n\t<meta name=\"twitter:label2\" content=\"Tiempo de lectura\" \/>\n\t<meta name=\"twitter:data2\" content=\"4 minutos\" \/>\n<script type=\"application\/ld+json\" class=\"yoast-schema-graph\">{\"@context\":\"https:\\\/\\\/schema.org\",\"@graph\":[{\"@type\":\"Article\",\"@id\":\"https:\\\/\\\/blogdiario.info\\\/magazine\\\/2024\\\/07\\\/02\\\/violentas-protestas-de-puristas-en-jerusalen\\\/#article\",\"isPartOf\":{\"@id\":\"https:\\\/\\\/blogdiario.info\\\/magazine\\\/2024\\\/07\\\/02\\\/violentas-protestas-de-puristas-en-jerusalen\\\/\"},\"author\":{\"name\":\"World Press Service | Servicio de Prensa Mundial\",\"@id\":\"https:\\\/\\\/blogdiario.info\\\/magazine\\\/#\\\/schema\\\/person\\\/b2422fe85574d945bad55513bb0c7354\"},\"headline\":\"Violentas protestas de puristas en Jerusal\u00e9n\",\"datePublished\":\"2024-07-02T09:29:42+00:00\",\"mainEntityOfPage\":{\"@id\":\"https:\\\/\\\/blogdiario.info\\\/magazine\\\/2024\\\/07\\\/02\\\/violentas-protestas-de-puristas-en-jerusalen\\\/\"},\"wordCount\":679,\"publisher\":{\"@id\":\"https:\\\/\\\/blogdiario.info\\\/magazine\\\/#organization\"},\"image\":{\"@id\":\"https:\\\/\\\/blogdiario.info\\\/magazine\\\/2024\\\/07\\\/02\\\/violentas-protestas-de-puristas-en-jerusalen\\\/#primaryimage\"},\"thumbnailUrl\":\"https:\\\/\\\/blogdiario.info\\\/magazine\\\/images\\\/2024\\\/07\\\/ortdxcover_20240702.jpg\",\"keywords\":[\"Israel\"],\"articleSection\":[\".\",\".\",\"Actualidad\",\"Guerra\",\"Medio Oriente\"],\"inLanguage\":\"es-AR\"},{\"@type\":\"WebPage\",\"@id\":\"https:\\\/\\\/blogdiario.info\\\/magazine\\\/2024\\\/07\\\/02\\\/violentas-protestas-de-puristas-en-jerusalen\\\/\",\"url\":\"https:\\\/\\\/blogdiario.info\\\/magazine\\\/2024\\\/07\\\/02\\\/violentas-protestas-de-puristas-en-jerusalen\\\/\",\"name\":\"Violentas protestas de puristas en Jerusal\u00e9n - BlogDiario Magazine\",\"isPartOf\":{\"@id\":\"https:\\\/\\\/blogdiario.info\\\/magazine\\\/#website\"},\"primaryImageOfPage\":{\"@id\":\"https:\\\/\\\/blogdiario.info\\\/magazine\\\/2024\\\/07\\\/02\\\/violentas-protestas-de-puristas-en-jerusalen\\\/#primaryimage\"},\"image\":{\"@id\":\"https:\\\/\\\/blogdiario.info\\\/magazine\\\/2024\\\/07\\\/02\\\/violentas-protestas-de-puristas-en-jerusalen\\\/#primaryimage\"},\"thumbnailUrl\":\"https:\\\/\\\/blogdiario.info\\\/magazine\\\/images\\\/2024\\\/07\\\/ortdxcover_20240702.jpg\",\"datePublished\":\"2024-07-02T09:29:42+00:00\",\"breadcrumb\":{\"@id\":\"https:\\\/\\\/blogdiario.info\\\/magazine\\\/2024\\\/07\\\/02\\\/violentas-protestas-de-puristas-en-jerusalen\\\/#breadcrumb\"},\"inLanguage\":\"es-AR\",\"potentialAction\":[{\"@type\":\"ReadAction\",\"target\":[\"https:\\\/\\\/blogdiario.info\\\/magazine\\\/2024\\\/07\\\/02\\\/violentas-protestas-de-puristas-en-jerusalen\\\/\"]}]},{\"@type\":\"ImageObject\",\"inLanguage\":\"es-AR\",\"@id\":\"https:\\\/\\\/blogdiario.info\\\/magazine\\\/2024\\\/07\\\/02\\\/violentas-protestas-de-puristas-en-jerusalen\\\/#primaryimage\",\"url\":\"https:\\\/\\\/blogdiario.info\\\/magazine\\\/images\\\/2024\\\/07\\\/ortdxcover_20240702.jpg\",\"contentUrl\":\"https:\\\/\\\/blogdiario.info\\\/magazine\\\/images\\\/2024\\\/07\\\/ortdxcover_20240702.jpg\",\"width\":600,\"height\":337},{\"@type\":\"BreadcrumbList\",\"@id\":\"https:\\\/\\\/blogdiario.info\\\/magazine\\\/2024\\\/07\\\/02\\\/violentas-protestas-de-puristas-en-jerusalen\\\/#breadcrumb\",\"itemListElement\":[{\"@type\":\"ListItem\",\"position\":1,\"name\":\"Home\",\"item\":\"https:\\\/\\\/blogdiario.info\\\/magazine\\\/\"},{\"@type\":\"ListItem\",\"position\":2,\"name\":\"Violentas protestas de puristas en Jerusal\u00e9n\"}]},{\"@type\":\"WebSite\",\"@id\":\"https:\\\/\\\/blogdiario.info\\\/magazine\\\/#website\",\"url\":\"https:\\\/\\\/blogdiario.info\\\/magazine\\\/\",\"name\":\"BlogDiario Magazine\",\"description\":\"Suplemento multiling\u00fce de ElCanillita.Info\",\"publisher\":{\"@id\":\"https:\\\/\\\/blogdiario.info\\\/magazine\\\/#organization\"},\"potentialAction\":[{\"@type\":\"SearchAction\",\"target\":{\"@type\":\"EntryPoint\",\"urlTemplate\":\"https:\\\/\\\/blogdiario.info\\\/magazine\\\/?s={search_term_string}\"},\"query-input\":{\"@type\":\"PropertyValueSpecification\",\"valueRequired\":true,\"valueName\":\"search_term_string\"}}],\"inLanguage\":\"es-AR\"},{\"@type\":\"Organization\",\"@id\":\"https:\\\/\\\/blogdiario.info\\\/magazine\\\/#organization\",\"name\":\"Guzzo Photos & Graphic Publications\",\"url\":\"https:\\\/\\\/blogdiario.info\\\/magazine\\\/\",\"logo\":{\"@type\":\"ImageObject\",\"inLanguage\":\"es-AR\",\"@id\":\"https:\\\/\\\/blogdiario.info\\\/magazine\\\/#\\\/schema\\\/logo\\\/image\\\/\",\"url\":\"https:\\\/\\\/blogdiario.info\\\/magazine\\\/images\\\/2020\\\/01\\\/cropped-blogdia_magazine.jpg\",\"contentUrl\":\"https:\\\/\\\/blogdiario.info\\\/magazine\\\/images\\\/2020\\\/01\\\/cropped-blogdia_magazine.jpg\",\"width\":589,\"height\":55,\"caption\":\"Guzzo Photos & Graphic Publications\"},\"image\":{\"@id\":\"https:\\\/\\\/blogdiario.info\\\/magazine\\\/#\\\/schema\\\/logo\\\/image\\\/\"}},{\"@type\":\"Person\",\"@id\":\"https:\\\/\\\/blogdiario.info\\\/magazine\\\/#\\\/schema\\\/person\\\/b2422fe85574d945bad55513bb0c7354\",\"name\":\"World Press Service | Servicio de Prensa Mundial\"}]}<\/script>\n<!-- \/ Yoast SEO plugin. -->","yoast_head_json":{"title":"Violentas protestas de puristas en Jerusal\u00e9n - BlogDiario Magazine","robots":{"index":"index","follow":"follow","max-snippet":"max-snippet:-1","max-image-preview":"max-image-preview:large","max-video-preview":"max-video-preview:-1"},"canonical":"https:\/\/blogdiario.info\/magazine\/2024\/07\/02\/violentas-protestas-de-puristas-en-jerusalen\/","og_locale":"es_ES","og_type":"article","og_title":"Violentas protestas de puristas en Jerusal\u00e9n - BlogDiario Magazine","og_description":"La polic\u00eda utiliz\u00f3 ca\u00f1ones de agua mientras miles de haredis se manifiestan contra un fallo judicial para comenzar a alistar a la comunidad para el servicio militar","og_url":"https:\/\/blogdiario.info\/magazine\/2024\/07\/02\/violentas-protestas-de-puristas-en-jerusalen\/","og_site_name":"BlogDiario Magazine","article_published_time":"2024-07-02T09:29:42+00:00","og_image":[{"width":600,"height":337,"url":"https:\/\/blogdiario.info\/magazine\/images\/2024\/07\/ortdxcover_20240702.jpg","type":"image\/jpeg"}],"author":"World Press Service | Servicio de Prensa Mundial","twitter_card":"summary_large_image","twitter_misc":{"Escrito por":"World Press Service | Servicio de Prensa Mundial","Tiempo de lectura":"4 minutos"},"schema":{"@context":"https:\/\/schema.org","@graph":[{"@type":"Article","@id":"https:\/\/blogdiario.info\/magazine\/2024\/07\/02\/violentas-protestas-de-puristas-en-jerusalen\/#article","isPartOf":{"@id":"https:\/\/blogdiario.info\/magazine\/2024\/07\/02\/violentas-protestas-de-puristas-en-jerusalen\/"},"author":{"name":"World Press Service | Servicio de Prensa Mundial","@id":"https:\/\/blogdiario.info\/magazine\/#\/schema\/person\/b2422fe85574d945bad55513bb0c7354"},"headline":"Violentas protestas de puristas en Jerusal\u00e9n","datePublished":"2024-07-02T09:29:42+00:00","mainEntityOfPage":{"@id":"https:\/\/blogdiario.info\/magazine\/2024\/07\/02\/violentas-protestas-de-puristas-en-jerusalen\/"},"wordCount":679,"publisher":{"@id":"https:\/\/blogdiario.info\/magazine\/#organization"},"image":{"@id":"https:\/\/blogdiario.info\/magazine\/2024\/07\/02\/violentas-protestas-de-puristas-en-jerusalen\/#primaryimage"},"thumbnailUrl":"https:\/\/blogdiario.info\/magazine\/images\/2024\/07\/ortdxcover_20240702.jpg","keywords":["Israel"],"articleSection":[".",".","Actualidad","Guerra","Medio Oriente"],"inLanguage":"es-AR"},{"@type":"WebPage","@id":"https:\/\/blogdiario.info\/magazine\/2024\/07\/02\/violentas-protestas-de-puristas-en-jerusalen\/","url":"https:\/\/blogdiario.info\/magazine\/2024\/07\/02\/violentas-protestas-de-puristas-en-jerusalen\/","name":"Violentas protestas de puristas en Jerusal\u00e9n - BlogDiario Magazine","isPartOf":{"@id":"https:\/\/blogdiario.info\/magazine\/#website"},"primaryImageOfPage":{"@id":"https:\/\/blogdiario.info\/magazine\/2024\/07\/02\/violentas-protestas-de-puristas-en-jerusalen\/#primaryimage"},"image":{"@id":"https:\/\/blogdiario.info\/magazine\/2024\/07\/02\/violentas-protestas-de-puristas-en-jerusalen\/#primaryimage"},"thumbnailUrl":"https:\/\/blogdiario.info\/magazine\/images\/2024\/07\/ortdxcover_20240702.jpg","datePublished":"2024-07-02T09:29:42+00:00","breadcrumb":{"@id":"https:\/\/blogdiario.info\/magazine\/2024\/07\/02\/violentas-protestas-de-puristas-en-jerusalen\/#breadcrumb"},"inLanguage":"es-AR","potentialAction":[{"@type":"ReadAction","target":["https:\/\/blogdiario.info\/magazine\/2024\/07\/02\/violentas-protestas-de-puristas-en-jerusalen\/"]}]},{"@type":"ImageObject","inLanguage":"es-AR","@id":"https:\/\/blogdiario.info\/magazine\/2024\/07\/02\/violentas-protestas-de-puristas-en-jerusalen\/#primaryimage","url":"https:\/\/blogdiario.info\/magazine\/images\/2024\/07\/ortdxcover_20240702.jpg","contentUrl":"https:\/\/blogdiario.info\/magazine\/images\/2024\/07\/ortdxcover_20240702.jpg","width":600,"height":337},{"@type":"BreadcrumbList","@id":"https:\/\/blogdiario.info\/magazine\/2024\/07\/02\/violentas-protestas-de-puristas-en-jerusalen\/#breadcrumb","itemListElement":[{"@type":"ListItem","position":1,"name":"Home","item":"https:\/\/blogdiario.info\/magazine\/"},{"@type":"ListItem","position":2,"name":"Violentas protestas de puristas en Jerusal\u00e9n"}]},{"@type":"WebSite","@id":"https:\/\/blogdiario.info\/magazine\/#website","url":"https:\/\/blogdiario.info\/magazine\/","name":"BlogDiario Magazine","description":"Suplemento multiling\u00fce de ElCanillita.Info","publisher":{"@id":"https:\/\/blogdiario.info\/magazine\/#organization"},"potentialAction":[{"@type":"SearchAction","target":{"@type":"EntryPoint","urlTemplate":"https:\/\/blogdiario.info\/magazine\/?s={search_term_string}"},"query-input":{"@type":"PropertyValueSpecification","valueRequired":true,"valueName":"search_term_string"}}],"inLanguage":"es-AR"},{"@type":"Organization","@id":"https:\/\/blogdiario.info\/magazine\/#organization","name":"Guzzo Photos & Graphic Publications","url":"https:\/\/blogdiario.info\/magazine\/","logo":{"@type":"ImageObject","inLanguage":"es-AR","@id":"https:\/\/blogdiario.info\/magazine\/#\/schema\/logo\/image\/","url":"https:\/\/blogdiario.info\/magazine\/images\/2020\/01\/cropped-blogdia_magazine.jpg","contentUrl":"https:\/\/blogdiario.info\/magazine\/images\/2020\/01\/cropped-blogdia_magazine.jpg","width":589,"height":55,"caption":"Guzzo Photos & Graphic Publications"},"image":{"@id":"https:\/\/blogdiario.info\/magazine\/#\/schema\/logo\/image\/"}},{"@type":"Person","@id":"https:\/\/blogdiario.info\/magazine\/#\/schema\/person\/b2422fe85574d945bad55513bb0c7354","name":"World Press Service | Servicio de Prensa Mundial"}]}},"views":566,"_links":{"self":[{"href":"https:\/\/blogdiario.info\/magazine\/wp-json\/wp\/v2\/posts\/1356","targetHints":{"allow":["GET"]}}],"collection":[{"href":"https:\/\/blogdiario.info\/magazine\/wp-json\/wp\/v2\/posts"}],"about":[{"href":"https:\/\/blogdiario.info\/magazine\/wp-json\/wp\/v2\/types\/post"}],"author":[{"embeddable":true,"href":"https:\/\/blogdiario.info\/magazine\/wp-json\/wp\/v2\/users\/1"}],"replies":[{"embeddable":true,"href":"https:\/\/blogdiario.info\/magazine\/wp-json\/wp\/v2\/comments?post=1356"}],"version-history":[{"count":0,"href":"https:\/\/blogdiario.info\/magazine\/wp-json\/wp\/v2\/posts\/1356\/revisions"}],"wp:featuredmedia":[{"embeddable":true,"href":"https:\/\/blogdiario.info\/magazine\/wp-json\/wp\/v2\/media\/1357"}],"wp:attachment":[{"href":"https:\/\/blogdiario.info\/magazine\/wp-json\/wp\/v2\/media?parent=1356"}],"wp:term":[{"taxonomy":"category","embeddable":true,"href":"https:\/\/blogdiario.info\/magazine\/wp-json\/wp\/v2\/categories?post=1356"},{"taxonomy":"post_tag","embeddable":true,"href":"https:\/\/blogdiario.info\/magazine\/wp-json\/wp\/v2\/tags?post=1356"}],"curies":[{"name":"wp","href":"https:\/\/api.w.org\/{rel}","templated":true}]}}