{"id":1331,"date":"2024-04-26T13:23:00","date_gmt":"2024-04-26T12:23:00","guid":{"rendered":"https:\/\/blogdiario.info\/magazine\/?p=1331"},"modified":"2024-04-26T17:04:20","modified_gmt":"2024-04-26T16:04:20","slug":"presidente-espanol-baila-la-jota-sobre-una-cuerda-floja","status":"publish","type":"post","link":"https:\/\/blogdiario.info\/magazine\/2024\/04\/26\/presidente-espanol-baila-la-jota-sobre-una-cuerda-floja\/","title":{"rendered":"Presidente espa\u00f1ol baila la jota sobre una cuerda floja"},"content":{"rendered":"\n<figure class=\"wp-block-image size-full is-resized\"><img loading=\"lazy\" decoding=\"async\" width=\"600\" height=\"400\" src=\"https:\/\/blogdiario.info\/magazine\/images\/2024\/04\/sanchMel_20240426.jpg\" alt=\"\" class=\"wp-image-1335\" style=\"aspect-ratio:1.5;width:733px;height:auto\" srcset=\"https:\/\/blogdiario.info\/magazine\/images\/2024\/04\/sanchMel_20240426.jpg 600w, https:\/\/blogdiario.info\/magazine\/images\/2024\/04\/sanchMel_20240426-300x200.jpg 300w\" sizes=\"auto, (max-width: 600px) 100vw, 600px\" \/><figcaption class=\"wp-element-caption\">Pedro S\u00e1nchez y la Primer Ministro Meloni en Roma, 05.04.23 Foto: Ministerio de la Presidencia. Gobierno de Espa\u00f1a<\/figcaption><\/figure>\n\n\n\n<p>Madrid, jueves 25 de Abril de 2024<br>El presidente del Gobierno socialista espa\u00f1ol suspendi\u00f3 sus funciones p\u00fablicas el mi\u00e9rcoles por la noche para decidir si quiere seguir al frente del Gobierno de su pa\u00eds tras lo que calific\u00f3 de ataques de la derecha contra su mujer.<\/p>\n\n\n\n<p>En una emotiva carta de tres p\u00e1ginas dirigida a los \u00abciudadanos\u00bb publicada en X\/Twitter, Pedro S\u00e1nchez dijo que suspender\u00eda sus funciones p\u00fablicas para \u00abparar y reflexionar\u00bb sobre si continuar en primera l\u00ednea pol\u00edtica. A\u00f1adi\u00f3 que anunciar\u00eda su decisi\u00f3n el lunes, pero que suspender\u00eda su agenda hasta entonces.<\/p>\n\n\n\n<p>\u00abNecesito urgentemente una respuesta a la pregunta de si merece la pena (\u2026) si debo continuar al frente del Gobierno o renunciar a este honor\u00bb, dijo en la carta.<\/p>\n\n\n\n<p>El sorprendente anuncio se produjo despu\u00e9s de que un tribunal espa\u00f1ol dijera a primera hora del mi\u00e9rcoles que iniciaba una investigaci\u00f3n preliminar sobre si la esposa de S\u00e1nchez, Bego\u00f1a G\u00f3mez, cometi\u00f3 un delito de tr\u00e1fico de influencias y corrupci\u00f3n en los negocios en sus gestiones privadas.<\/p>\n\n\n\n<p>En la carta, S\u00e1nchez se refer\u00eda repetidamente a la \u00abderecha y extrema derecha\u00bb lanzando ataques personales y afirmaba que hab\u00edan intentado deslegitimar su Gobierno, algo que, seg\u00fan \u00e9l, nunca hab\u00edan aceptado.<\/p>\n\n\n\n<p>Dijo: \u00abSoy consciente de que presentan una querella contra Bego\u00f1a no porque haya hecho nada ilegal. Saben que no hay caso. Es porque es mi mujer\u00bb.<\/p>\n\n\n\n<p>La declaraci\u00f3n se produjo tras una polarizaci\u00f3n cada vez m\u00e1s agria en la pol\u00edtica espa\u00f1ola. El tenor de la vida p\u00fablica se ha deteriorado mucho desde las elecciones generales no concluyentes de Julio. S\u00e1nchez retuvo el poder al aceptar un pol\u00e9mico acuerdo de amnist\u00eda a cambio de los siete votos del partido separatista catal\u00e1n de Carles Puigdemont.<\/p>\n\n\n\n<p>Un juez hab\u00eda abierto antes una investigaci\u00f3n sobre los v\u00ednculos de Bego\u00f1a G\u00f3mez con empresas privadas que recibieron millones de euros en fondos y contratos p\u00fablicos del Gobierno de su marido. La investigaci\u00f3n sigue a las informaciones aparecidas en los medios de comunicaci\u00f3n espa\u00f1oles seg\u00fan las cuales Bego\u00f1a G\u00f3mez recibi\u00f3 favores de una compa\u00f1\u00eda a\u00e9rea poco antes de que el Gobierno la rescatara de la quiebra con un rescate p\u00fablico masivo.<\/p>\n\n\n\n<p>Bego\u00f1a G\u00f3mez se habr\u00eda reunido en privado con Javier Hidalgo, consejero delegado de un holding tur\u00edstico, antes de que el Gobierno de S\u00e1nchez concediera a la aerol\u00ednea de la familia Hidalgo, Air Europa, un rescate de 475 millones de euros. Las acusaciones fueron formuladas por El Confidencial, un sitio web de noticias de centro-derecha, que inform\u00f3 de que S\u00e1nchez hab\u00eda participado en el Consejo de Ministros que autoriz\u00f3 el desembolso del dinero.<\/p>\n\n\n\n<figure class=\"wp-block-image size-full\"><img loading=\"lazy\" decoding=\"async\" width=\"600\" height=\"482\" src=\"https:\/\/blogdiario.info\/magazine\/images\/2024\/04\/sanchbegonia.jpg\" alt=\"\" class=\"wp-image-1336\" srcset=\"https:\/\/blogdiario.info\/magazine\/images\/2024\/04\/sanchbegonia.jpg 600w, https:\/\/blogdiario.info\/magazine\/images\/2024\/04\/sanchbegonia-300x241.jpg 300w\" sizes=\"auto, (max-width: 600px) 100vw, 600px\" \/><figcaption class=\"wp-element-caption\">Pedro S\u00e1nchez e Bego\u00f1a G\u00f3mez ai Premi Goya 2018 &#8211; Foto: Ministerio de la Presidencia. Gobierno de Espa\u00f1a<\/figcaption><\/figure>\n\n\n\n<p>S\u00e1nchez subray\u00f3 que el caso contra su esposa fue denunciado por medios de comunicaci\u00f3n de derechas y que el tribunal inici\u00f3 la investigaci\u00f3n s\u00f3lo despu\u00e9s de que Manos Limpias, un sindicato de extrema derecha, presentara una denuncia. Insistiendo en que las acusaciones eran falsas, dijo que estaba \u00abprofundamente enamorado\u00bb de su mujer, y a\u00f1adi\u00f3 que sent\u00eda \u00abimpotencia\u00bb ante las acusaciones contra Bego\u00f1a G\u00f3mez.<\/p>\n\n\n\n<p>\u00abLlegados a este punto, la pregunta que me hago leg\u00edtimamente es \u00bfmerece la pena todo esto? Sinceramente, no lo s\u00e9&#8221;, escribi\u00f3.<\/p>\n\n\n\n<p>S\u00e1nchez acus\u00f3 a la derecha de una estrategia de \u00abacoso y derribo\u00bb, en particular a Alberto Feij\u00f3o, l\u00edder del conservador Partido Popular, y a Santiago Abascal, l\u00edder del partido de extrema derecha Vox, a los que calific\u00f3 de \u00abcolaboradores necesarios de una galaxia digital de extrema derecha\u00bb.<\/p>\n\n\n\n<p>En respuesta, Feij\u00f3o acus\u00f3 a S\u00e1nchez de \u00abinjurias y calumnias\u00bb, as\u00ed como de \u00abdejaci\u00f3n de funciones\u00bb, por anunciar que se tomaba unos d\u00edas para decidir si continuaba en el cargo. \u00abSi no tiene nada que temer, \u00bfpor qu\u00e9 no se explica?\u00bb. dijo Feij\u00f3o. En su opini\u00f3n, S\u00e1nchez intenta \u00abvictimizarse\u00bb y no se trata de un problema pol\u00edtico \u00absino judicial\u2026 No tiene precedentes\u00bb.<\/p>\n\n\n\n<p><strong>Alberto Feij\u00f3o, l\u00edder del PP, acus\u00f3 a S\u00e1nchez de \u00abdejaci\u00f3n de funciones\u00bb<\/strong><\/p>\n\n\n\n<p>Javier Maroto, senador del Partido Popular, dijo: \u00abLa en\u00e9sima pirueta de S\u00e1nchez. Y un acto de precampa\u00f1a, como siempre, victimiz\u00e1ndose: \u00e9l es el bueno, los dem\u00e1s los malos. Claro que quiere seguir en la Moncloa [sede del Gobierno]. A cualquier precio. Y a cualquier precio. Es la marca &#8216;Pedro S\u00e1nchez&#8217;. El lunes lo comprobaremos todos\u00bb.<\/p>\n\n\n\n<p>S\u00e1nchez expuso en su carta lo que denomin\u00f3 intentos de la derecha de deslegitimar su Gobierno, incluida la demonizaci\u00f3n de su alianza con Bildu, el antiguo brazo pol\u00edtico del desaparecido grupo terrorista vasco Eta. Tambi\u00e9n afirm\u00f3 que el electorado hab\u00eda votado por una repetici\u00f3n de su \u00abcoalici\u00f3n progresista\u00bb, a pesar de que el Partido Popular fue el m\u00e1s votado y su gobierno conserv\u00f3 el poder con el apoyo de dos partidos nacionalistas regionales de centro-derecha.<\/p>\n\n\n\n<p>\u00abLa democracia habl\u00f3, pero [ellos] no aceptaron el resultado (\u2026) eran conscientes de que una respuesta pol\u00edtica no era adecuada, as\u00ed que cruzaron la l\u00ednea roja atacando la vida familiar y privada de un presidente del Gobierno\u00bb, escribi\u00f3.<\/p>\n\n\n\n<p>Lanz\u00f3 un mordaz ataque contra la derecha, afirmando que no ten\u00eda otra agenda que \u00ablos ataques y la desinformaci\u00f3n\u00bb y ocultar sus propios esc\u00e1ndalos de corrupci\u00f3n.<\/p>\n\n\n\n<p>El esc\u00e1ndalo es especialmente delicado para S\u00e1nchez, que asumi\u00f3 el poder en 2018 tras un esc\u00e1ndalo de corrupci\u00f3n que derrib\u00f3 al gobierno anterior, y se ha enorgullecido de la integridad y transparencia de su administraci\u00f3n.<\/p>\n\n\n\n<p>Si S\u00e1nchez dimitiera, es posible que el Parlamento eligiera a otro presidente del Gobierno, pero dada su naturaleza fracturada parece poco probable que alguien se imponga, seg\u00fan Lluis Orriols, profesor de Ciencia Pol\u00edtica en la Universidad Carlos III de Madrid. Lo m\u00e1s probable ser\u00edan otras elecciones generales, dijo Orriols.<\/p>\n\n\n\n<p>Preguntado el mi\u00e9rcoles en el Parlamento por la investigaci\u00f3n sobre su mujer, S\u00e1nchez hab\u00eda dicho: \u00abA pesar de todo sigo creyendo en la justicia de mi pa\u00eds\u00bb.<\/p>\n\n\n\n<p>El partido socialista de S\u00e1nchez tambi\u00e9n respondi\u00f3 con una serie de acusaciones contra Isabel Ayuso, la conservadora l\u00edder del Partido Popular en el gobierno regional de Madrid. Los medios de comunicaci\u00f3n espa\u00f1oles informaron de que Alberto Gonz\u00e1lez, su pareja, hab\u00eda aceptado las acusaciones de fraude fiscal presentadas contra \u00e9l y quer\u00eda negociar una condena de ocho meses de c\u00e1rcel y una multa de 520.000 euros.<\/p>\n\n\n\n<p>Est\u00e1 negociando con la Agencia Tributaria por las grandes sumas de dinero que se le pagaron durante la pandemia de Covid para conseguir mascarillas. Los detalles de las negociaciones se filtraron a medios de comunicaci\u00f3n afines al gobierno. Gonz\u00e1lez ha presentado una queja formal contra el fiscal general del Estado por filtrar detalles de su caso a los medios de comunicaci\u00f3n.<\/p>\n\n\n\n<p>S\u00e1nchez ha exigido la dimisi\u00f3n de Ayuso en lo que, seg\u00fan sus cr\u00edticos, es una estratagema evidente para distraer la atenci\u00f3n de sus propias dificultades. \u00c9stas se centran no s\u00f3lo en su esposa, sino tambi\u00e9n en el despido forzoso de un estrecho aliado y ex ministro que est\u00e1 inmerso en otro esc\u00e1ndalo de corrupci\u00f3n.<\/p>\n\n\n\n<p>Jos\u00e9 Luis Abalos, ex ministro de Transportes, rechaz\u00f3 las peticiones de sus compa\u00f1eros socialistas para que dimitiera como diputado despu\u00e9s de que su ayudante fuera acusado de aceptar sobornos para facilitar contratos de m\u00e1scaras durante la pandemia. Seg\u00fan los fiscales, los contratos supuestamente generaron sobornos por valor de 9,5 millones de euros.<\/p>\n\n\n\n<p>La denuncia que dio lugar a la investigaci\u00f3n de Bego\u00f1a G\u00f3mez fue presentada por el sindicato Manos Limpias. Est\u00e1 dirigido por Miguel Bernad, que fue condenado a cuatro a\u00f1os de c\u00e1rcel por extorsi\u00f3n y estafa. Sin embargo, el Tribunal Supremo le absolvi\u00f3 recientemente por falta de pruebas.<\/p>\n\n\n\n<p>Una fuente gubernamental declar\u00f3 a El Pa\u00eds:&#8221;Podemos afirmar categ\u00f3ricamente que la actividad profesional de la esposa del jefe del Gobierno es intachable. Se trata de una denuncia de la organizaci\u00f3n ultraderechista Manos Limpias basada en bulos y noticias falsas, por lo que carece de toda base jur\u00eddica y responde a una estrategia de la derecha y la extrema derecha.&#8221;<\/p>\n\n\n\n<p>Pedro S\u00e1nchez tiene fama de superviviente y luchador pol\u00edtico, apodado \u00abkiller\u00bb por su implacabilidad y habilidad para mantener el control del mensaje pol\u00edtico.<\/p>\n\n\n\n<p>Sali\u00f3 de la oscuridad en 2014 como un diputado poco conocido para hacerse con las riendas del partido pol\u00edtico m\u00e1s antiguo de Espa\u00f1a. En 2015 y 2016, los socialistas sufrieron la peor derrota electoral de su historia.<\/p>\n\n\n\n<p>Expulsado de la direcci\u00f3n, recuper\u00f3 inesperadamente su puesto en unas primarias en 2017. En apenas un a\u00f1o, asumi\u00f3 el cargo de presidente del Gobierno en junio de 2018 tras una ambiciosa apuesta que culmin\u00f3 derrocando al l\u00edder conservador del Partido Popular, Mariano Rajoy, en una moci\u00f3n de confianza.<\/p>\n\n\n\n<p>Tras unos resultados devastadores en las elecciones municipales del a\u00f1o pasado, S\u00e1nchez enga\u00f1\u00f3 a la oposici\u00f3n convocando unas elecciones anticipadas. A continuaci\u00f3n, recibi\u00f3 cr\u00edticas incluso de altos cargos de su propio partido tras acordar una amnist\u00eda con Carles Puigdemont, l\u00edder del partido separatista catal\u00e1n, para mantenerse en el poder.<br><br><small>Copyright \u00a9 2024 ElCanillita.info \/ SalaStampa.Eu, servicio mundial de prensa<\/small><\/p>\n","protected":false},"excerpt":{"rendered":"<p>El l\u00edder espa\u00f1ol anuncia que suspende sus funciones p\u00fablicas para \u00abreflexionar\u00bb sobre su futuro s\u00f3lo unas horas despu\u00e9s de conocerse que su mujer est\u00e1 siendo investigada por denuncias de corrupci\u00f3n.<\/p>\n","protected":false},"author":1,"featured_media":1333,"comment_status":"closed","ping_status":"closed","sticky":false,"template":"","format":"standard","meta":{"footnotes":"","_links_to":"","_links_to_target":""},"categories":[97,109,62,46,41],"tags":[118],"class_list":["post-1331","post","type-post","status-publish","format-standard","has-post-thumbnail","hentry","category-elcanillita","category-dc24","category-actualidad","category-europa","category-politica-esp","tag-espana","entry","rows"],"yoast_head":"<!-- This site is optimized with the Yoast SEO plugin v27.4 - https:\/\/yoast.com\/product\/yoast-seo-wordpress\/ -->\n<title>Presidente espa\u00f1ol baila la jota sobre una cuerda floja - BlogDiario Magazine<\/title>\n<meta name=\"robots\" content=\"index, follow, max-snippet:-1, max-image-preview:large, max-video-preview:-1\" \/>\n<link rel=\"canonical\" href=\"https:\/\/blogdiario.info\/magazine\/2024\/04\/26\/presidente-espanol-baila-la-jota-sobre-una-cuerda-floja\/\" \/>\n<meta property=\"og:locale\" content=\"es_ES\" \/>\n<meta property=\"og:type\" content=\"article\" \/>\n<meta property=\"og:title\" content=\"Presidente espa\u00f1ol baila la jota sobre una cuerda floja - BlogDiario Magazine\" \/>\n<meta property=\"og:description\" content=\"El l\u00edder espa\u00f1ol anuncia que suspende sus funciones p\u00fablicas para \u00abreflexionar\u00bb sobre su futuro s\u00f3lo unas horas despu\u00e9s de conocerse que su mujer est\u00e1 siendo investigada por denuncias de corrupci\u00f3n.\" \/>\n<meta property=\"og:url\" content=\"https:\/\/blogdiario.info\/magazine\/2024\/04\/26\/presidente-espanol-baila-la-jota-sobre-una-cuerda-floja\/\" \/>\n<meta property=\"og:site_name\" content=\"BlogDiario Magazine\" \/>\n<meta property=\"article:published_time\" content=\"2024-04-26T12:23:00+00:00\" \/>\n<meta property=\"article:modified_time\" content=\"2024-04-26T16:04:20+00:00\" \/>\n<meta property=\"og:image\" content=\"https:\/\/blogdiario.info\/magazine\/images\/2024\/04\/primergobsanch.jpg\" \/>\n\t<meta property=\"og:image:width\" content=\"600\" \/>\n\t<meta property=\"og:image:height\" content=\"400\" \/>\n\t<meta property=\"og:image:type\" content=\"image\/jpeg\" \/>\n<meta name=\"author\" content=\"World Press Service | Servicio de Prensa Mundial\" \/>\n<meta name=\"twitter:card\" content=\"summary_large_image\" \/>\n<meta name=\"twitter:label1\" content=\"Escrito por\" \/>\n\t<meta name=\"twitter:data1\" content=\"World Press Service | Servicio de Prensa Mundial\" \/>\n\t<meta name=\"twitter:label2\" content=\"Tiempo de lectura\" \/>\n\t<meta name=\"twitter:data2\" content=\"8 minutos\" \/>\n<script type=\"application\/ld+json\" class=\"yoast-schema-graph\">{\"@context\":\"https:\\\/\\\/schema.org\",\"@graph\":[{\"@type\":\"Article\",\"@id\":\"https:\\\/\\\/blogdiario.info\\\/magazine\\\/2024\\\/04\\\/26\\\/presidente-espanol-baila-la-jota-sobre-una-cuerda-floja\\\/#article\",\"isPartOf\":{\"@id\":\"https:\\\/\\\/blogdiario.info\\\/magazine\\\/2024\\\/04\\\/26\\\/presidente-espanol-baila-la-jota-sobre-una-cuerda-floja\\\/\"},\"author\":{\"name\":\"World Press Service | Servicio de Prensa Mundial\",\"@id\":\"https:\\\/\\\/blogdiario.info\\\/magazine\\\/#\\\/schema\\\/person\\\/b2422fe85574d945bad55513bb0c7354\"},\"headline\":\"Presidente espa\u00f1ol baila la jota sobre una cuerda floja\",\"datePublished\":\"2024-04-26T12:23:00+00:00\",\"dateModified\":\"2024-04-26T16:04:20+00:00\",\"mainEntityOfPage\":{\"@id\":\"https:\\\/\\\/blogdiario.info\\\/magazine\\\/2024\\\/04\\\/26\\\/presidente-espanol-baila-la-jota-sobre-una-cuerda-floja\\\/\"},\"wordCount\":1654,\"publisher\":{\"@id\":\"https:\\\/\\\/blogdiario.info\\\/magazine\\\/#organization\"},\"image\":{\"@id\":\"https:\\\/\\\/blogdiario.info\\\/magazine\\\/2024\\\/04\\\/26\\\/presidente-espanol-baila-la-jota-sobre-una-cuerda-floja\\\/#primaryimage\"},\"thumbnailUrl\":\"https:\\\/\\\/blogdiario.info\\\/magazine\\\/images\\\/2024\\\/04\\\/primergobsanch.jpg\",\"keywords\":[\"Espa\u00f1a\"],\"articleSection\":[\".\",\".\",\"Actualidad\",\"Europa\",\"Politica\"],\"inLanguage\":\"es-AR\"},{\"@type\":\"WebPage\",\"@id\":\"https:\\\/\\\/blogdiario.info\\\/magazine\\\/2024\\\/04\\\/26\\\/presidente-espanol-baila-la-jota-sobre-una-cuerda-floja\\\/\",\"url\":\"https:\\\/\\\/blogdiario.info\\\/magazine\\\/2024\\\/04\\\/26\\\/presidente-espanol-baila-la-jota-sobre-una-cuerda-floja\\\/\",\"name\":\"Presidente espa\u00f1ol baila la jota sobre una cuerda floja - BlogDiario Magazine\",\"isPartOf\":{\"@id\":\"https:\\\/\\\/blogdiario.info\\\/magazine\\\/#website\"},\"primaryImageOfPage\":{\"@id\":\"https:\\\/\\\/blogdiario.info\\\/magazine\\\/2024\\\/04\\\/26\\\/presidente-espanol-baila-la-jota-sobre-una-cuerda-floja\\\/#primaryimage\"},\"image\":{\"@id\":\"https:\\\/\\\/blogdiario.info\\\/magazine\\\/2024\\\/04\\\/26\\\/presidente-espanol-baila-la-jota-sobre-una-cuerda-floja\\\/#primaryimage\"},\"thumbnailUrl\":\"https:\\\/\\\/blogdiario.info\\\/magazine\\\/images\\\/2024\\\/04\\\/primergobsanch.jpg\",\"datePublished\":\"2024-04-26T12:23:00+00:00\",\"dateModified\":\"2024-04-26T16:04:20+00:00\",\"breadcrumb\":{\"@id\":\"https:\\\/\\\/blogdiario.info\\\/magazine\\\/2024\\\/04\\\/26\\\/presidente-espanol-baila-la-jota-sobre-una-cuerda-floja\\\/#breadcrumb\"},\"inLanguage\":\"es-AR\",\"potentialAction\":[{\"@type\":\"ReadAction\",\"target\":[\"https:\\\/\\\/blogdiario.info\\\/magazine\\\/2024\\\/04\\\/26\\\/presidente-espanol-baila-la-jota-sobre-una-cuerda-floja\\\/\"]}]},{\"@type\":\"ImageObject\",\"inLanguage\":\"es-AR\",\"@id\":\"https:\\\/\\\/blogdiario.info\\\/magazine\\\/2024\\\/04\\\/26\\\/presidente-espanol-baila-la-jota-sobre-una-cuerda-floja\\\/#primaryimage\",\"url\":\"https:\\\/\\\/blogdiario.info\\\/magazine\\\/images\\\/2024\\\/04\\\/primergobsanch.jpg\",\"contentUrl\":\"https:\\\/\\\/blogdiario.info\\\/magazine\\\/images\\\/2024\\\/04\\\/primergobsanch.jpg\",\"width\":600,\"height\":400},{\"@type\":\"BreadcrumbList\",\"@id\":\"https:\\\/\\\/blogdiario.info\\\/magazine\\\/2024\\\/04\\\/26\\\/presidente-espanol-baila-la-jota-sobre-una-cuerda-floja\\\/#breadcrumb\",\"itemListElement\":[{\"@type\":\"ListItem\",\"position\":1,\"name\":\"Home\",\"item\":\"https:\\\/\\\/blogdiario.info\\\/magazine\\\/\"},{\"@type\":\"ListItem\",\"position\":2,\"name\":\"Presidente espa\u00f1ol baila la jota sobre una cuerda floja\"}]},{\"@type\":\"WebSite\",\"@id\":\"https:\\\/\\\/blogdiario.info\\\/magazine\\\/#website\",\"url\":\"https:\\\/\\\/blogdiario.info\\\/magazine\\\/\",\"name\":\"BlogDiario Magazine\",\"description\":\"Suplemento multiling\u00fce de ElCanillita.Info\",\"publisher\":{\"@id\":\"https:\\\/\\\/blogdiario.info\\\/magazine\\\/#organization\"},\"potentialAction\":[{\"@type\":\"SearchAction\",\"target\":{\"@type\":\"EntryPoint\",\"urlTemplate\":\"https:\\\/\\\/blogdiario.info\\\/magazine\\\/?s={search_term_string}\"},\"query-input\":{\"@type\":\"PropertyValueSpecification\",\"valueRequired\":true,\"valueName\":\"search_term_string\"}}],\"inLanguage\":\"es-AR\"},{\"@type\":\"Organization\",\"@id\":\"https:\\\/\\\/blogdiario.info\\\/magazine\\\/#organization\",\"name\":\"Guzzo Photos & Graphic Publications\",\"url\":\"https:\\\/\\\/blogdiario.info\\\/magazine\\\/\",\"logo\":{\"@type\":\"ImageObject\",\"inLanguage\":\"es-AR\",\"@id\":\"https:\\\/\\\/blogdiario.info\\\/magazine\\\/#\\\/schema\\\/logo\\\/image\\\/\",\"url\":\"https:\\\/\\\/blogdiario.info\\\/magazine\\\/images\\\/2020\\\/01\\\/cropped-blogdia_magazine.jpg\",\"contentUrl\":\"https:\\\/\\\/blogdiario.info\\\/magazine\\\/images\\\/2020\\\/01\\\/cropped-blogdia_magazine.jpg\",\"width\":589,\"height\":55,\"caption\":\"Guzzo Photos & Graphic Publications\"},\"image\":{\"@id\":\"https:\\\/\\\/blogdiario.info\\\/magazine\\\/#\\\/schema\\\/logo\\\/image\\\/\"}},{\"@type\":\"Person\",\"@id\":\"https:\\\/\\\/blogdiario.info\\\/magazine\\\/#\\\/schema\\\/person\\\/b2422fe85574d945bad55513bb0c7354\",\"name\":\"World Press Service | Servicio de Prensa Mundial\"}]}<\/script>\n<!-- \/ Yoast SEO plugin. -->","yoast_head_json":{"title":"Presidente espa\u00f1ol baila la jota sobre una cuerda floja - BlogDiario Magazine","robots":{"index":"index","follow":"follow","max-snippet":"max-snippet:-1","max-image-preview":"max-image-preview:large","max-video-preview":"max-video-preview:-1"},"canonical":"https:\/\/blogdiario.info\/magazine\/2024\/04\/26\/presidente-espanol-baila-la-jota-sobre-una-cuerda-floja\/","og_locale":"es_ES","og_type":"article","og_title":"Presidente espa\u00f1ol baila la jota sobre una cuerda floja - BlogDiario Magazine","og_description":"El l\u00edder espa\u00f1ol anuncia que suspende sus funciones p\u00fablicas para \u00abreflexionar\u00bb sobre su futuro s\u00f3lo unas horas despu\u00e9s de conocerse que su mujer est\u00e1 siendo investigada por denuncias de corrupci\u00f3n.","og_url":"https:\/\/blogdiario.info\/magazine\/2024\/04\/26\/presidente-espanol-baila-la-jota-sobre-una-cuerda-floja\/","og_site_name":"BlogDiario Magazine","article_published_time":"2024-04-26T12:23:00+00:00","article_modified_time":"2024-04-26T16:04:20+00:00","og_image":[{"width":600,"height":400,"url":"https:\/\/blogdiario.info\/magazine\/images\/2024\/04\/primergobsanch.jpg","type":"image\/jpeg"}],"author":"World Press Service | Servicio de Prensa Mundial","twitter_card":"summary_large_image","twitter_misc":{"Escrito por":"World Press Service | Servicio de Prensa Mundial","Tiempo de lectura":"8 minutos"},"schema":{"@context":"https:\/\/schema.org","@graph":[{"@type":"Article","@id":"https:\/\/blogdiario.info\/magazine\/2024\/04\/26\/presidente-espanol-baila-la-jota-sobre-una-cuerda-floja\/#article","isPartOf":{"@id":"https:\/\/blogdiario.info\/magazine\/2024\/04\/26\/presidente-espanol-baila-la-jota-sobre-una-cuerda-floja\/"},"author":{"name":"World Press Service | Servicio de Prensa Mundial","@id":"https:\/\/blogdiario.info\/magazine\/#\/schema\/person\/b2422fe85574d945bad55513bb0c7354"},"headline":"Presidente espa\u00f1ol baila la jota sobre una cuerda floja","datePublished":"2024-04-26T12:23:00+00:00","dateModified":"2024-04-26T16:04:20+00:00","mainEntityOfPage":{"@id":"https:\/\/blogdiario.info\/magazine\/2024\/04\/26\/presidente-espanol-baila-la-jota-sobre-una-cuerda-floja\/"},"wordCount":1654,"publisher":{"@id":"https:\/\/blogdiario.info\/magazine\/#organization"},"image":{"@id":"https:\/\/blogdiario.info\/magazine\/2024\/04\/26\/presidente-espanol-baila-la-jota-sobre-una-cuerda-floja\/#primaryimage"},"thumbnailUrl":"https:\/\/blogdiario.info\/magazine\/images\/2024\/04\/primergobsanch.jpg","keywords":["Espa\u00f1a"],"articleSection":[".",".","Actualidad","Europa","Politica"],"inLanguage":"es-AR"},{"@type":"WebPage","@id":"https:\/\/blogdiario.info\/magazine\/2024\/04\/26\/presidente-espanol-baila-la-jota-sobre-una-cuerda-floja\/","url":"https:\/\/blogdiario.info\/magazine\/2024\/04\/26\/presidente-espanol-baila-la-jota-sobre-una-cuerda-floja\/","name":"Presidente espa\u00f1ol baila la jota sobre una cuerda floja - BlogDiario Magazine","isPartOf":{"@id":"https:\/\/blogdiario.info\/magazine\/#website"},"primaryImageOfPage":{"@id":"https:\/\/blogdiario.info\/magazine\/2024\/04\/26\/presidente-espanol-baila-la-jota-sobre-una-cuerda-floja\/#primaryimage"},"image":{"@id":"https:\/\/blogdiario.info\/magazine\/2024\/04\/26\/presidente-espanol-baila-la-jota-sobre-una-cuerda-floja\/#primaryimage"},"thumbnailUrl":"https:\/\/blogdiario.info\/magazine\/images\/2024\/04\/primergobsanch.jpg","datePublished":"2024-04-26T12:23:00+00:00","dateModified":"2024-04-26T16:04:20+00:00","breadcrumb":{"@id":"https:\/\/blogdiario.info\/magazine\/2024\/04\/26\/presidente-espanol-baila-la-jota-sobre-una-cuerda-floja\/#breadcrumb"},"inLanguage":"es-AR","potentialAction":[{"@type":"ReadAction","target":["https:\/\/blogdiario.info\/magazine\/2024\/04\/26\/presidente-espanol-baila-la-jota-sobre-una-cuerda-floja\/"]}]},{"@type":"ImageObject","inLanguage":"es-AR","@id":"https:\/\/blogdiario.info\/magazine\/2024\/04\/26\/presidente-espanol-baila-la-jota-sobre-una-cuerda-floja\/#primaryimage","url":"https:\/\/blogdiario.info\/magazine\/images\/2024\/04\/primergobsanch.jpg","contentUrl":"https:\/\/blogdiario.info\/magazine\/images\/2024\/04\/primergobsanch.jpg","width":600,"height":400},{"@type":"BreadcrumbList","@id":"https:\/\/blogdiario.info\/magazine\/2024\/04\/26\/presidente-espanol-baila-la-jota-sobre-una-cuerda-floja\/#breadcrumb","itemListElement":[{"@type":"ListItem","position":1,"name":"Home","item":"https:\/\/blogdiario.info\/magazine\/"},{"@type":"ListItem","position":2,"name":"Presidente espa\u00f1ol baila la jota sobre una cuerda floja"}]},{"@type":"WebSite","@id":"https:\/\/blogdiario.info\/magazine\/#website","url":"https:\/\/blogdiario.info\/magazine\/","name":"BlogDiario Magazine","description":"Suplemento multiling\u00fce de ElCanillita.Info","publisher":{"@id":"https:\/\/blogdiario.info\/magazine\/#organization"},"potentialAction":[{"@type":"SearchAction","target":{"@type":"EntryPoint","urlTemplate":"https:\/\/blogdiario.info\/magazine\/?s={search_term_string}"},"query-input":{"@type":"PropertyValueSpecification","valueRequired":true,"valueName":"search_term_string"}}],"inLanguage":"es-AR"},{"@type":"Organization","@id":"https:\/\/blogdiario.info\/magazine\/#organization","name":"Guzzo Photos & Graphic Publications","url":"https:\/\/blogdiario.info\/magazine\/","logo":{"@type":"ImageObject","inLanguage":"es-AR","@id":"https:\/\/blogdiario.info\/magazine\/#\/schema\/logo\/image\/","url":"https:\/\/blogdiario.info\/magazine\/images\/2020\/01\/cropped-blogdia_magazine.jpg","contentUrl":"https:\/\/blogdiario.info\/magazine\/images\/2020\/01\/cropped-blogdia_magazine.jpg","width":589,"height":55,"caption":"Guzzo Photos & Graphic Publications"},"image":{"@id":"https:\/\/blogdiario.info\/magazine\/#\/schema\/logo\/image\/"}},{"@type":"Person","@id":"https:\/\/blogdiario.info\/magazine\/#\/schema\/person\/b2422fe85574d945bad55513bb0c7354","name":"World Press Service | Servicio de Prensa Mundial"}]}},"views":618,"_links":{"self":[{"href":"https:\/\/blogdiario.info\/magazine\/wp-json\/wp\/v2\/posts\/1331","targetHints":{"allow":["GET"]}}],"collection":[{"href":"https:\/\/blogdiario.info\/magazine\/wp-json\/wp\/v2\/posts"}],"about":[{"href":"https:\/\/blogdiario.info\/magazine\/wp-json\/wp\/v2\/types\/post"}],"author":[{"embeddable":true,"href":"https:\/\/blogdiario.info\/magazine\/wp-json\/wp\/v2\/users\/1"}],"replies":[{"embeddable":true,"href":"https:\/\/blogdiario.info\/magazine\/wp-json\/wp\/v2\/comments?post=1331"}],"version-history":[{"count":0,"href":"https:\/\/blogdiario.info\/magazine\/wp-json\/wp\/v2\/posts\/1331\/revisions"}],"wp:featuredmedia":[{"embeddable":true,"href":"https:\/\/blogdiario.info\/magazine\/wp-json\/wp\/v2\/media\/1333"}],"wp:attachment":[{"href":"https:\/\/blogdiario.info\/magazine\/wp-json\/wp\/v2\/media?parent=1331"}],"wp:term":[{"taxonomy":"category","embeddable":true,"href":"https:\/\/blogdiario.info\/magazine\/wp-json\/wp\/v2\/categories?post=1331"},{"taxonomy":"post_tag","embeddable":true,"href":"https:\/\/blogdiario.info\/magazine\/wp-json\/wp\/v2\/tags?post=1331"}],"curies":[{"name":"wp","href":"https:\/\/api.w.org\/{rel}","templated":true}]}}