{"id":1327,"date":"2024-04-06T21:30:06","date_gmt":"2024-04-06T20:30:06","guid":{"rendered":"https:\/\/blogdiario.info\/magazine\/?p=1327"},"modified":"2024-04-16T17:22:25","modified_gmt":"2024-04-16T16:22:25","slug":"giorgio-armani-operations-puesta-bajo-administracion-judicial","status":"publish","type":"post","link":"https:\/\/blogdiario.info\/magazine\/2024\/04\/06\/giorgio-armani-operations-puesta-bajo-administracion-judicial\/","title":{"rendered":"Giorgio Armani Operationes puestas bajo administraci\u00f3n judicial"},"content":{"rendered":"\n<figure class=\"wp-block-image size-full\"><img loading=\"lazy\" decoding=\"async\" width=\"600\" height=\"356\" src=\"https:\/\/blogdiario.info\/magazine\/images\/2024\/04\/GAr2_20240407.jpg\" alt=\"\" class=\"wp-image-1328\" srcset=\"https:\/\/blogdiario.info\/magazine\/images\/2024\/04\/GAr2_20240407.jpg 600w, https:\/\/blogdiario.info\/magazine\/images\/2024\/04\/GAr2_20240407-300x178.jpg 300w\" sizes=\"auto, (max-width: 600px) 100vw, 600px\" \/><\/figure>\n\n\n\n<p>S\u00e1bado, 6 de Abril 2024<br>La empresa &#8220;Giorgio Armani Operations Spa&#8221;, descrita como un brazo industrial del Grupo Armani, ha sido puesta bajo administraci\u00f3n judicial por el tribunal de Mil\u00e1n. Los investigadores concluyeron que la empresa subcontrataba la producci\u00f3n de algunos art\u00edculos de moda a peque\u00f1as empresas, a trav\u00e9s de una cadena de varios subcontratistas, que utilizaban mano de obra explotada de ciudadanos chinos. Estas f\u00e1bricas estaban situadas en las afueras de Mil\u00e1n y sus propietarios est\u00e1n siendo investigados por trabajos forzados.<\/p>\n\n\n\n<p><strong>Los trabajadores cobraban tres euros por hora por bolsas de 1.800 euros<\/strong><br>Los investigadores afirman que a los trabajadores se les pagaba de 2 a 3 euros por hora durante 10 horas al d\u00eda, hasta siete d\u00edas a la semana, para producir bolsos que se vend\u00edan a los subcontratistas de Armani por 93 euros, se revend\u00edan a Armani por 250 euros y se sacaban al mercado por unos 1.800 euros.<\/p>\n\n\n\n<p>En las f\u00e1bricas se encontraron sustancias qu\u00edmicas e inflamables, almacenadas en locales inadecuados con un alto riesgo de incendio. Seg\u00fan las investigaciones, en los almacenes equipados con sistemas de videovigilancia, los empleados com\u00edan y dorm\u00edan, por lo que la mano de obra estaba inmediatamente de guardia y disponible las 24 horas del d\u00eda.<\/p>\n\n\n\n<p>Uno de los empresarios chinos tambi\u00e9n habr\u00eda elaborado una lista de otras grandes empresas de moda para las que su f\u00e1brica produc\u00eda cinturones en r\u00e9gimen de &#8220;subcontrataci\u00f3n&#8221;. Los fiscales afirman que de este modo las f\u00e1bricas habr\u00edan producido decenas de miles de piezas, a precios totalmente por debajo del umbral para &#8220;eliminar la competencia&#8221;.<\/p>\n\n\n\n<p><strong>Armani niega las acusaciones<\/strong><br>La casa de moda Giorgio Armani neg\u00f3 las acusaciones de abuso y afirm\u00f3 en un comunicado que: &#8220;La empresa siempre ha puesto en marcha medidas de control y prevenci\u00f3n para minimizar los abusos en la cadena de suministro&#8221;. &#8220;Giorgio Armani Operations trabajar\u00e1 con la m\u00e1xima transparencia con los organismos competentes para aclarar su posici\u00f3n al respecto&#8221;, escribi\u00f3 de nuevo la empresa.<br><br><small>Copyright \u00a9 2024 ElCanillita.info \/ BlogDiario.info \/ SalaStampa.eu, servicio mundial de prensa<\/small><br><br><\/p>\n","protected":false},"excerpt":{"rendered":"<p>El Tribunal de Mil\u00e1n ha puesto a Giorgio Armani Operations bajo administraci\u00f3n judicial. La empresa supuestamente no comprob\u00f3 correctamente las condiciones laborales de las empresas a las que subcontrat\u00f3 la producci\u00f3n de bolsos y cinturones revendidos por miles de euros<\/p>\n","protected":false},"author":1,"featured_media":1328,"comment_status":"closed","ping_status":"closed","sticky":false,"template":"","format":"standard","meta":{"footnotes":"","_links_to":"","_links_to_target":""},"categories":[109,97,62,38,46,40],"tags":[22],"class_list":["post-1327","post","type-post","status-publish","format-standard","has-post-thumbnail","hentry","category-dc24","category-elcanillita","category-actualidad","category-economia-esp","category-europa","category-justicia","tag-italia","entry","rows"],"yoast_head":"<!-- This site is optimized with the Yoast SEO plugin v27.4 - https:\/\/yoast.com\/product\/yoast-seo-wordpress\/ -->\n<title>Giorgio Armani Operationes puestas bajo administraci\u00f3n judicial - BlogDiario Magazine<\/title>\n<meta name=\"robots\" content=\"index, follow, max-snippet:-1, max-image-preview:large, max-video-preview:-1\" \/>\n<link rel=\"canonical\" href=\"https:\/\/blogdiario.info\/magazine\/2024\/04\/06\/giorgio-armani-operations-puesta-bajo-administracion-judicial\/\" \/>\n<meta property=\"og:locale\" content=\"es_ES\" \/>\n<meta property=\"og:type\" content=\"article\" \/>\n<meta property=\"og:title\" content=\"Giorgio Armani Operationes puestas bajo administraci\u00f3n judicial - BlogDiario Magazine\" \/>\n<meta property=\"og:description\" content=\"El Tribunal de Mil\u00e1n ha puesto a Giorgio Armani Operations bajo administraci\u00f3n judicial. La empresa supuestamente no comprob\u00f3 correctamente las condiciones laborales de las empresas a las que subcontrat\u00f3 la producci\u00f3n de bolsos y cinturones revendidos por miles de euros\" \/>\n<meta property=\"og:url\" content=\"https:\/\/blogdiario.info\/magazine\/2024\/04\/06\/giorgio-armani-operations-puesta-bajo-administracion-judicial\/\" \/>\n<meta property=\"og:site_name\" content=\"BlogDiario Magazine\" \/>\n<meta property=\"article:published_time\" content=\"2024-04-06T20:30:06+00:00\" \/>\n<meta property=\"article:modified_time\" content=\"2024-04-16T16:22:25+00:00\" \/>\n<meta property=\"og:image\" content=\"https:\/\/blogdiario.info\/magazine\/images\/2024\/04\/GAr2_20240407.jpg\" \/>\n\t<meta property=\"og:image:width\" content=\"600\" \/>\n\t<meta property=\"og:image:height\" content=\"356\" \/>\n\t<meta property=\"og:image:type\" content=\"image\/jpeg\" \/>\n<meta name=\"author\" content=\"World Press Service | Servicio de Prensa Mundial\" \/>\n<meta name=\"twitter:card\" content=\"summary_large_image\" \/>\n<meta name=\"twitter:label1\" content=\"Escrito por\" \/>\n\t<meta name=\"twitter:data1\" content=\"World Press Service | Servicio de Prensa Mundial\" \/>\n\t<meta name=\"twitter:label2\" content=\"Tiempo de lectura\" \/>\n\t<meta name=\"twitter:data2\" content=\"2 minutos\" \/>\n<script type=\"application\/ld+json\" class=\"yoast-schema-graph\">{\"@context\":\"https:\\\/\\\/schema.org\",\"@graph\":[{\"@type\":\"Article\",\"@id\":\"https:\\\/\\\/blogdiario.info\\\/magazine\\\/2024\\\/04\\\/06\\\/giorgio-armani-operations-puesta-bajo-administracion-judicial\\\/#article\",\"isPartOf\":{\"@id\":\"https:\\\/\\\/blogdiario.info\\\/magazine\\\/2024\\\/04\\\/06\\\/giorgio-armani-operations-puesta-bajo-administracion-judicial\\\/\"},\"author\":{\"name\":\"World Press Service | Servicio de Prensa Mundial\",\"@id\":\"https:\\\/\\\/blogdiario.info\\\/magazine\\\/#\\\/schema\\\/person\\\/b2422fe85574d945bad55513bb0c7354\"},\"headline\":\"Giorgio Armani Operationes puestas bajo administraci\u00f3n judicial\",\"datePublished\":\"2024-04-06T20:30:06+00:00\",\"dateModified\":\"2024-04-16T16:22:25+00:00\",\"mainEntityOfPage\":{\"@id\":\"https:\\\/\\\/blogdiario.info\\\/magazine\\\/2024\\\/04\\\/06\\\/giorgio-armani-operations-puesta-bajo-administracion-judicial\\\/\"},\"wordCount\":364,\"publisher\":{\"@id\":\"https:\\\/\\\/blogdiario.info\\\/magazine\\\/#organization\"},\"image\":{\"@id\":\"https:\\\/\\\/blogdiario.info\\\/magazine\\\/2024\\\/04\\\/06\\\/giorgio-armani-operations-puesta-bajo-administracion-judicial\\\/#primaryimage\"},\"thumbnailUrl\":\"https:\\\/\\\/blogdiario.info\\\/magazine\\\/images\\\/2024\\\/04\\\/GAr2_20240407.jpg\",\"keywords\":[\"Italia\"],\"articleSection\":[\".\",\".\",\"Actualidad\",\"Economia\",\"Europa\",\"Justicia\"],\"inLanguage\":\"es-AR\"},{\"@type\":\"WebPage\",\"@id\":\"https:\\\/\\\/blogdiario.info\\\/magazine\\\/2024\\\/04\\\/06\\\/giorgio-armani-operations-puesta-bajo-administracion-judicial\\\/\",\"url\":\"https:\\\/\\\/blogdiario.info\\\/magazine\\\/2024\\\/04\\\/06\\\/giorgio-armani-operations-puesta-bajo-administracion-judicial\\\/\",\"name\":\"Giorgio Armani Operationes puestas bajo administraci\u00f3n judicial - BlogDiario Magazine\",\"isPartOf\":{\"@id\":\"https:\\\/\\\/blogdiario.info\\\/magazine\\\/#website\"},\"primaryImageOfPage\":{\"@id\":\"https:\\\/\\\/blogdiario.info\\\/magazine\\\/2024\\\/04\\\/06\\\/giorgio-armani-operations-puesta-bajo-administracion-judicial\\\/#primaryimage\"},\"image\":{\"@id\":\"https:\\\/\\\/blogdiario.info\\\/magazine\\\/2024\\\/04\\\/06\\\/giorgio-armani-operations-puesta-bajo-administracion-judicial\\\/#primaryimage\"},\"thumbnailUrl\":\"https:\\\/\\\/blogdiario.info\\\/magazine\\\/images\\\/2024\\\/04\\\/GAr2_20240407.jpg\",\"datePublished\":\"2024-04-06T20:30:06+00:00\",\"dateModified\":\"2024-04-16T16:22:25+00:00\",\"breadcrumb\":{\"@id\":\"https:\\\/\\\/blogdiario.info\\\/magazine\\\/2024\\\/04\\\/06\\\/giorgio-armani-operations-puesta-bajo-administracion-judicial\\\/#breadcrumb\"},\"inLanguage\":\"es-AR\",\"potentialAction\":[{\"@type\":\"ReadAction\",\"target\":[\"https:\\\/\\\/blogdiario.info\\\/magazine\\\/2024\\\/04\\\/06\\\/giorgio-armani-operations-puesta-bajo-administracion-judicial\\\/\"]}]},{\"@type\":\"ImageObject\",\"inLanguage\":\"es-AR\",\"@id\":\"https:\\\/\\\/blogdiario.info\\\/magazine\\\/2024\\\/04\\\/06\\\/giorgio-armani-operations-puesta-bajo-administracion-judicial\\\/#primaryimage\",\"url\":\"https:\\\/\\\/blogdiario.info\\\/magazine\\\/images\\\/2024\\\/04\\\/GAr2_20240407.jpg\",\"contentUrl\":\"https:\\\/\\\/blogdiario.info\\\/magazine\\\/images\\\/2024\\\/04\\\/GAr2_20240407.jpg\",\"width\":600,\"height\":356},{\"@type\":\"BreadcrumbList\",\"@id\":\"https:\\\/\\\/blogdiario.info\\\/magazine\\\/2024\\\/04\\\/06\\\/giorgio-armani-operations-puesta-bajo-administracion-judicial\\\/#breadcrumb\",\"itemListElement\":[{\"@type\":\"ListItem\",\"position\":1,\"name\":\"Home\",\"item\":\"https:\\\/\\\/blogdiario.info\\\/magazine\\\/\"},{\"@type\":\"ListItem\",\"position\":2,\"name\":\"Giorgio Armani Operationes puestas bajo administraci\u00f3n judicial\"}]},{\"@type\":\"WebSite\",\"@id\":\"https:\\\/\\\/blogdiario.info\\\/magazine\\\/#website\",\"url\":\"https:\\\/\\\/blogdiario.info\\\/magazine\\\/\",\"name\":\"BlogDiario Magazine\",\"description\":\"Suplemento multiling\u00fce de ElCanillita.Info\",\"publisher\":{\"@id\":\"https:\\\/\\\/blogdiario.info\\\/magazine\\\/#organization\"},\"potentialAction\":[{\"@type\":\"SearchAction\",\"target\":{\"@type\":\"EntryPoint\",\"urlTemplate\":\"https:\\\/\\\/blogdiario.info\\\/magazine\\\/?s={search_term_string}\"},\"query-input\":{\"@type\":\"PropertyValueSpecification\",\"valueRequired\":true,\"valueName\":\"search_term_string\"}}],\"inLanguage\":\"es-AR\"},{\"@type\":\"Organization\",\"@id\":\"https:\\\/\\\/blogdiario.info\\\/magazine\\\/#organization\",\"name\":\"Guzzo Photos & Graphic Publications\",\"url\":\"https:\\\/\\\/blogdiario.info\\\/magazine\\\/\",\"logo\":{\"@type\":\"ImageObject\",\"inLanguage\":\"es-AR\",\"@id\":\"https:\\\/\\\/blogdiario.info\\\/magazine\\\/#\\\/schema\\\/logo\\\/image\\\/\",\"url\":\"https:\\\/\\\/blogdiario.info\\\/magazine\\\/images\\\/2020\\\/01\\\/cropped-blogdia_magazine.jpg\",\"contentUrl\":\"https:\\\/\\\/blogdiario.info\\\/magazine\\\/images\\\/2020\\\/01\\\/cropped-blogdia_magazine.jpg\",\"width\":589,\"height\":55,\"caption\":\"Guzzo Photos & Graphic Publications\"},\"image\":{\"@id\":\"https:\\\/\\\/blogdiario.info\\\/magazine\\\/#\\\/schema\\\/logo\\\/image\\\/\"}},{\"@type\":\"Person\",\"@id\":\"https:\\\/\\\/blogdiario.info\\\/magazine\\\/#\\\/schema\\\/person\\\/b2422fe85574d945bad55513bb0c7354\",\"name\":\"World Press Service | Servicio de Prensa Mundial\"}]}<\/script>\n<!-- \/ Yoast SEO plugin. -->","yoast_head_json":{"title":"Giorgio Armani Operationes puestas bajo administraci\u00f3n judicial - BlogDiario Magazine","robots":{"index":"index","follow":"follow","max-snippet":"max-snippet:-1","max-image-preview":"max-image-preview:large","max-video-preview":"max-video-preview:-1"},"canonical":"https:\/\/blogdiario.info\/magazine\/2024\/04\/06\/giorgio-armani-operations-puesta-bajo-administracion-judicial\/","og_locale":"es_ES","og_type":"article","og_title":"Giorgio Armani Operationes puestas bajo administraci\u00f3n judicial - BlogDiario Magazine","og_description":"El Tribunal de Mil\u00e1n ha puesto a Giorgio Armani Operations bajo administraci\u00f3n judicial. La empresa supuestamente no comprob\u00f3 correctamente las condiciones laborales de las empresas a las que subcontrat\u00f3 la producci\u00f3n de bolsos y cinturones revendidos por miles de euros","og_url":"https:\/\/blogdiario.info\/magazine\/2024\/04\/06\/giorgio-armani-operations-puesta-bajo-administracion-judicial\/","og_site_name":"BlogDiario Magazine","article_published_time":"2024-04-06T20:30:06+00:00","article_modified_time":"2024-04-16T16:22:25+00:00","og_image":[{"width":600,"height":356,"url":"https:\/\/blogdiario.info\/magazine\/images\/2024\/04\/GAr2_20240407.jpg","type":"image\/jpeg"}],"author":"World Press Service | Servicio de Prensa Mundial","twitter_card":"summary_large_image","twitter_misc":{"Escrito por":"World Press Service | Servicio de Prensa Mundial","Tiempo de lectura":"2 minutos"},"schema":{"@context":"https:\/\/schema.org","@graph":[{"@type":"Article","@id":"https:\/\/blogdiario.info\/magazine\/2024\/04\/06\/giorgio-armani-operations-puesta-bajo-administracion-judicial\/#article","isPartOf":{"@id":"https:\/\/blogdiario.info\/magazine\/2024\/04\/06\/giorgio-armani-operations-puesta-bajo-administracion-judicial\/"},"author":{"name":"World Press Service | Servicio de Prensa Mundial","@id":"https:\/\/blogdiario.info\/magazine\/#\/schema\/person\/b2422fe85574d945bad55513bb0c7354"},"headline":"Giorgio Armani Operationes puestas bajo administraci\u00f3n judicial","datePublished":"2024-04-06T20:30:06+00:00","dateModified":"2024-04-16T16:22:25+00:00","mainEntityOfPage":{"@id":"https:\/\/blogdiario.info\/magazine\/2024\/04\/06\/giorgio-armani-operations-puesta-bajo-administracion-judicial\/"},"wordCount":364,"publisher":{"@id":"https:\/\/blogdiario.info\/magazine\/#organization"},"image":{"@id":"https:\/\/blogdiario.info\/magazine\/2024\/04\/06\/giorgio-armani-operations-puesta-bajo-administracion-judicial\/#primaryimage"},"thumbnailUrl":"https:\/\/blogdiario.info\/magazine\/images\/2024\/04\/GAr2_20240407.jpg","keywords":["Italia"],"articleSection":[".",".","Actualidad","Economia","Europa","Justicia"],"inLanguage":"es-AR"},{"@type":"WebPage","@id":"https:\/\/blogdiario.info\/magazine\/2024\/04\/06\/giorgio-armani-operations-puesta-bajo-administracion-judicial\/","url":"https:\/\/blogdiario.info\/magazine\/2024\/04\/06\/giorgio-armani-operations-puesta-bajo-administracion-judicial\/","name":"Giorgio Armani Operationes puestas bajo administraci\u00f3n judicial - BlogDiario Magazine","isPartOf":{"@id":"https:\/\/blogdiario.info\/magazine\/#website"},"primaryImageOfPage":{"@id":"https:\/\/blogdiario.info\/magazine\/2024\/04\/06\/giorgio-armani-operations-puesta-bajo-administracion-judicial\/#primaryimage"},"image":{"@id":"https:\/\/blogdiario.info\/magazine\/2024\/04\/06\/giorgio-armani-operations-puesta-bajo-administracion-judicial\/#primaryimage"},"thumbnailUrl":"https:\/\/blogdiario.info\/magazine\/images\/2024\/04\/GAr2_20240407.jpg","datePublished":"2024-04-06T20:30:06+00:00","dateModified":"2024-04-16T16:22:25+00:00","breadcrumb":{"@id":"https:\/\/blogdiario.info\/magazine\/2024\/04\/06\/giorgio-armani-operations-puesta-bajo-administracion-judicial\/#breadcrumb"},"inLanguage":"es-AR","potentialAction":[{"@type":"ReadAction","target":["https:\/\/blogdiario.info\/magazine\/2024\/04\/06\/giorgio-armani-operations-puesta-bajo-administracion-judicial\/"]}]},{"@type":"ImageObject","inLanguage":"es-AR","@id":"https:\/\/blogdiario.info\/magazine\/2024\/04\/06\/giorgio-armani-operations-puesta-bajo-administracion-judicial\/#primaryimage","url":"https:\/\/blogdiario.info\/magazine\/images\/2024\/04\/GAr2_20240407.jpg","contentUrl":"https:\/\/blogdiario.info\/magazine\/images\/2024\/04\/GAr2_20240407.jpg","width":600,"height":356},{"@type":"BreadcrumbList","@id":"https:\/\/blogdiario.info\/magazine\/2024\/04\/06\/giorgio-armani-operations-puesta-bajo-administracion-judicial\/#breadcrumb","itemListElement":[{"@type":"ListItem","position":1,"name":"Home","item":"https:\/\/blogdiario.info\/magazine\/"},{"@type":"ListItem","position":2,"name":"Giorgio Armani Operationes puestas bajo administraci\u00f3n judicial"}]},{"@type":"WebSite","@id":"https:\/\/blogdiario.info\/magazine\/#website","url":"https:\/\/blogdiario.info\/magazine\/","name":"BlogDiario Magazine","description":"Suplemento multiling\u00fce de ElCanillita.Info","publisher":{"@id":"https:\/\/blogdiario.info\/magazine\/#organization"},"potentialAction":[{"@type":"SearchAction","target":{"@type":"EntryPoint","urlTemplate":"https:\/\/blogdiario.info\/magazine\/?s={search_term_string}"},"query-input":{"@type":"PropertyValueSpecification","valueRequired":true,"valueName":"search_term_string"}}],"inLanguage":"es-AR"},{"@type":"Organization","@id":"https:\/\/blogdiario.info\/magazine\/#organization","name":"Guzzo Photos & Graphic Publications","url":"https:\/\/blogdiario.info\/magazine\/","logo":{"@type":"ImageObject","inLanguage":"es-AR","@id":"https:\/\/blogdiario.info\/magazine\/#\/schema\/logo\/image\/","url":"https:\/\/blogdiario.info\/magazine\/images\/2020\/01\/cropped-blogdia_magazine.jpg","contentUrl":"https:\/\/blogdiario.info\/magazine\/images\/2020\/01\/cropped-blogdia_magazine.jpg","width":589,"height":55,"caption":"Guzzo Photos & Graphic Publications"},"image":{"@id":"https:\/\/blogdiario.info\/magazine\/#\/schema\/logo\/image\/"}},{"@type":"Person","@id":"https:\/\/blogdiario.info\/magazine\/#\/schema\/person\/b2422fe85574d945bad55513bb0c7354","name":"World Press Service | Servicio de Prensa Mundial"}]}},"views":732,"_links":{"self":[{"href":"https:\/\/blogdiario.info\/magazine\/wp-json\/wp\/v2\/posts\/1327","targetHints":{"allow":["GET"]}}],"collection":[{"href":"https:\/\/blogdiario.info\/magazine\/wp-json\/wp\/v2\/posts"}],"about":[{"href":"https:\/\/blogdiario.info\/magazine\/wp-json\/wp\/v2\/types\/post"}],"author":[{"embeddable":true,"href":"https:\/\/blogdiario.info\/magazine\/wp-json\/wp\/v2\/users\/1"}],"replies":[{"embeddable":true,"href":"https:\/\/blogdiario.info\/magazine\/wp-json\/wp\/v2\/comments?post=1327"}],"version-history":[{"count":0,"href":"https:\/\/blogdiario.info\/magazine\/wp-json\/wp\/v2\/posts\/1327\/revisions"}],"wp:featuredmedia":[{"embeddable":true,"href":"https:\/\/blogdiario.info\/magazine\/wp-json\/wp\/v2\/media\/1328"}],"wp:attachment":[{"href":"https:\/\/blogdiario.info\/magazine\/wp-json\/wp\/v2\/media?parent=1327"}],"wp:term":[{"taxonomy":"category","embeddable":true,"href":"https:\/\/blogdiario.info\/magazine\/wp-json\/wp\/v2\/categories?post=1327"},{"taxonomy":"post_tag","embeddable":true,"href":"https:\/\/blogdiario.info\/magazine\/wp-json\/wp\/v2\/tags?post=1327"}],"curies":[{"name":"wp","href":"https:\/\/api.w.org\/{rel}","templated":true}]}}