{"id":1312,"date":"2024-03-28T23:05:47","date_gmt":"2024-03-28T22:05:47","guid":{"rendered":"https:\/\/blogdiario.info\/magazine\/?p=1312"},"modified":"2024-03-28T23:05:48","modified_gmt":"2024-03-28T22:05:48","slug":"la-violencia-no-cesa-en-ecuador","status":"publish","type":"post","link":"https:\/\/blogdiario.info\/magazine\/2024\/03\/28\/la-violencia-no-cesa-en-ecuador\/","title":{"rendered":"La violencia no cesa en Ecuador"},"content":{"rendered":"\n<figure class=\"wp-block-video\"><video controls src=\"https:\/\/blogdiario.info\/magazine\/images\/2024\/03\/Ecuador_20240328.mp4\"><\/video><\/figure>\n\n\n\n<p>Mi\u00e9rcoles 27 de marzo de 2024<br>El reciente crimen de una joven alcaldesa en Ecuador desvela  las m\u00faltiples amenazas que a diario reciben esos funcionarios. Menos de un 5% de los 221 alcaldes en ese pa\u00eds cuenta con seguridad policial, seg\u00fan nos cuenta desde Quito N\u00e9stor Aguilera. <\/p>\n\n\n\n<p>La visita del presidente de Ecuador, Daniel Noboa, liderando un operativo de la Fuerzas Armadas y la Polic\u00eda en uno de los sectores m\u00e1s violentos de Guayaquil y del pa\u00eds, evidencia que el conflicto armado interno est\u00e1 lejos de terminarse.<\/p>\n\n\n\n<p>En el lugar fueron allanados m\u00e1s de un centenar de edificios, donde las bandas han desplazado a propietarios de viviendas y las han ocupado. La acci\u00f3n arroj\u00f3 17 detenciones y la incautaci\u00f3n de droga, armas de fuego y tel\u00e9fonos celulares.<br><br>N\u00e9stor Aguilera, Voz de Am\u00e9rica, Quito.<\/p>\n\n\n\n<p><small>\u00a9 2024 SalaStampa.Eu affiliate with USAGM &#8211; Edited by Guzzo Photos &amp; Graphic Publications. Copyright \u00a9 1998-2024, VOA. Reprinted by ElCanillita.info with the permission of USAGM &#8211; Washington DC 20036<\/small><\/p>\n\n\n\n<p><br><\/p>\n","protected":false},"excerpt":{"rendered":"<p>La violencia sigue presente en Ecuador. Prueba de ello es el reciente asesinato de la alcaldesa de San Vicente, cuyo sepelio se produjo este martes, y la reciente emboscada a una patrulla del Ej\u00e9rcito, que dej\u00f3 un militar muerto. A esos hechos se suman crecientes amenazas contra alcaldes<\/p>\n","protected":false},"author":1,"featured_media":1313,"comment_status":"closed","ping_status":"closed","sticky":false,"template":"","format":"standard","meta":{"footnotes":"","_links_to":"","_links_to_target":""},"categories":[109,97,62,51,126,140],"tags":[94],"class_list":["post-1312","post","type-post","status-publish","format-standard","has-post-thumbnail","hentry","category-dc24","category-elcanillita","category-actualidad","category-america-del-sud","category-broadcasting","category-narcotrafico","tag-ecuador","entry","rows"],"yoast_head":"<!-- This site is optimized with the Yoast SEO plugin v27.4 - https:\/\/yoast.com\/product\/yoast-seo-wordpress\/ -->\n<title>La violencia no cesa en Ecuador - BlogDiario Magazine<\/title>\n<meta name=\"robots\" content=\"index, follow, max-snippet:-1, max-image-preview:large, max-video-preview:-1\" \/>\n<link rel=\"canonical\" href=\"https:\/\/blogdiario.info\/magazine\/2024\/03\/28\/la-violencia-no-cesa-en-ecuador\/\" \/>\n<meta property=\"og:locale\" content=\"es_ES\" \/>\n<meta property=\"og:type\" content=\"article\" \/>\n<meta property=\"og:title\" content=\"La violencia no cesa en Ecuador - BlogDiario Magazine\" \/>\n<meta property=\"og:description\" content=\"La violencia sigue presente en Ecuador. Prueba de ello es el reciente asesinato de la alcaldesa de San Vicente, cuyo sepelio se produjo este martes, y la reciente emboscada a una patrulla del Ej\u00e9rcito, que dej\u00f3 un militar muerto. A esos hechos se suman crecientes amenazas contra alcaldes\" \/>\n<meta property=\"og:url\" content=\"https:\/\/blogdiario.info\/magazine\/2024\/03\/28\/la-violencia-no-cesa-en-ecuador\/\" \/>\n<meta property=\"og:site_name\" content=\"BlogDiario Magazine\" \/>\n<meta property=\"article:published_time\" content=\"2024-03-28T22:05:47+00:00\" \/>\n<meta property=\"article:modified_time\" content=\"2024-03-28T22:05:48+00:00\" \/>\n<meta property=\"og:image\" content=\"https:\/\/blogdiario.info\/magazine\/images\/2024\/03\/alcaecu.jpg\" \/>\n\t<meta property=\"og:image:width\" content=\"600\" \/>\n\t<meta property=\"og:image:height\" content=\"570\" \/>\n\t<meta property=\"og:image:type\" content=\"image\/jpeg\" \/>\n<meta name=\"author\" content=\"World Press Service | Servicio de Prensa Mundial\" \/>\n<meta name=\"twitter:card\" content=\"summary_large_image\" \/>\n<meta name=\"twitter:label1\" content=\"Escrito por\" \/>\n\t<meta name=\"twitter:data1\" content=\"World Press Service | Servicio de Prensa Mundial\" \/>\n\t<meta name=\"twitter:label2\" content=\"Tiempo de lectura\" \/>\n\t<meta name=\"twitter:data2\" content=\"1 minuto\" \/>\n<script type=\"application\/ld+json\" class=\"yoast-schema-graph\">{\"@context\":\"https:\\\/\\\/schema.org\",\"@graph\":[{\"@type\":\"Article\",\"@id\":\"https:\\\/\\\/blogdiario.info\\\/magazine\\\/2024\\\/03\\\/28\\\/la-violencia-no-cesa-en-ecuador\\\/#article\",\"isPartOf\":{\"@id\":\"https:\\\/\\\/blogdiario.info\\\/magazine\\\/2024\\\/03\\\/28\\\/la-violencia-no-cesa-en-ecuador\\\/\"},\"author\":{\"name\":\"World Press Service | Servicio de Prensa Mundial\",\"@id\":\"https:\\\/\\\/blogdiario.info\\\/magazine\\\/#\\\/schema\\\/person\\\/b2422fe85574d945bad55513bb0c7354\"},\"headline\":\"La violencia no cesa en Ecuador\",\"datePublished\":\"2024-03-28T22:05:47+00:00\",\"dateModified\":\"2024-03-28T22:05:48+00:00\",\"mainEntityOfPage\":{\"@id\":\"https:\\\/\\\/blogdiario.info\\\/magazine\\\/2024\\\/03\\\/28\\\/la-violencia-no-cesa-en-ecuador\\\/\"},\"wordCount\":176,\"publisher\":{\"@id\":\"https:\\\/\\\/blogdiario.info\\\/magazine\\\/#organization\"},\"image\":{\"@id\":\"https:\\\/\\\/blogdiario.info\\\/magazine\\\/2024\\\/03\\\/28\\\/la-violencia-no-cesa-en-ecuador\\\/#primaryimage\"},\"thumbnailUrl\":\"https:\\\/\\\/blogdiario.info\\\/magazine\\\/images\\\/2024\\\/03\\\/alcaecu.jpg\",\"keywords\":[\"Ecuador\"],\"articleSection\":[\".\",\".\",\"Actualidad\",\"America del Sud\",\"Broadcasting\",\"Narcotrafico\"],\"inLanguage\":\"es-AR\"},{\"@type\":\"WebPage\",\"@id\":\"https:\\\/\\\/blogdiario.info\\\/magazine\\\/2024\\\/03\\\/28\\\/la-violencia-no-cesa-en-ecuador\\\/\",\"url\":\"https:\\\/\\\/blogdiario.info\\\/magazine\\\/2024\\\/03\\\/28\\\/la-violencia-no-cesa-en-ecuador\\\/\",\"name\":\"La violencia no cesa en Ecuador - BlogDiario Magazine\",\"isPartOf\":{\"@id\":\"https:\\\/\\\/blogdiario.info\\\/magazine\\\/#website\"},\"primaryImageOfPage\":{\"@id\":\"https:\\\/\\\/blogdiario.info\\\/magazine\\\/2024\\\/03\\\/28\\\/la-violencia-no-cesa-en-ecuador\\\/#primaryimage\"},\"image\":{\"@id\":\"https:\\\/\\\/blogdiario.info\\\/magazine\\\/2024\\\/03\\\/28\\\/la-violencia-no-cesa-en-ecuador\\\/#primaryimage\"},\"thumbnailUrl\":\"https:\\\/\\\/blogdiario.info\\\/magazine\\\/images\\\/2024\\\/03\\\/alcaecu.jpg\",\"datePublished\":\"2024-03-28T22:05:47+00:00\",\"dateModified\":\"2024-03-28T22:05:48+00:00\",\"breadcrumb\":{\"@id\":\"https:\\\/\\\/blogdiario.info\\\/magazine\\\/2024\\\/03\\\/28\\\/la-violencia-no-cesa-en-ecuador\\\/#breadcrumb\"},\"inLanguage\":\"es-AR\",\"potentialAction\":[{\"@type\":\"ReadAction\",\"target\":[\"https:\\\/\\\/blogdiario.info\\\/magazine\\\/2024\\\/03\\\/28\\\/la-violencia-no-cesa-en-ecuador\\\/\"]}]},{\"@type\":\"ImageObject\",\"inLanguage\":\"es-AR\",\"@id\":\"https:\\\/\\\/blogdiario.info\\\/magazine\\\/2024\\\/03\\\/28\\\/la-violencia-no-cesa-en-ecuador\\\/#primaryimage\",\"url\":\"https:\\\/\\\/blogdiario.info\\\/magazine\\\/images\\\/2024\\\/03\\\/alcaecu.jpg\",\"contentUrl\":\"https:\\\/\\\/blogdiario.info\\\/magazine\\\/images\\\/2024\\\/03\\\/alcaecu.jpg\",\"width\":600,\"height\":570},{\"@type\":\"BreadcrumbList\",\"@id\":\"https:\\\/\\\/blogdiario.info\\\/magazine\\\/2024\\\/03\\\/28\\\/la-violencia-no-cesa-en-ecuador\\\/#breadcrumb\",\"itemListElement\":[{\"@type\":\"ListItem\",\"position\":1,\"name\":\"Home\",\"item\":\"https:\\\/\\\/blogdiario.info\\\/magazine\\\/\"},{\"@type\":\"ListItem\",\"position\":2,\"name\":\"La violencia no cesa en Ecuador\"}]},{\"@type\":\"WebSite\",\"@id\":\"https:\\\/\\\/blogdiario.info\\\/magazine\\\/#website\",\"url\":\"https:\\\/\\\/blogdiario.info\\\/magazine\\\/\",\"name\":\"BlogDiario Magazine\",\"description\":\"Suplemento multiling\u00fce de ElCanillita.Info\",\"publisher\":{\"@id\":\"https:\\\/\\\/blogdiario.info\\\/magazine\\\/#organization\"},\"potentialAction\":[{\"@type\":\"SearchAction\",\"target\":{\"@type\":\"EntryPoint\",\"urlTemplate\":\"https:\\\/\\\/blogdiario.info\\\/magazine\\\/?s={search_term_string}\"},\"query-input\":{\"@type\":\"PropertyValueSpecification\",\"valueRequired\":true,\"valueName\":\"search_term_string\"}}],\"inLanguage\":\"es-AR\"},{\"@type\":\"Organization\",\"@id\":\"https:\\\/\\\/blogdiario.info\\\/magazine\\\/#organization\",\"name\":\"Guzzo Photos & Graphic Publications\",\"url\":\"https:\\\/\\\/blogdiario.info\\\/magazine\\\/\",\"logo\":{\"@type\":\"ImageObject\",\"inLanguage\":\"es-AR\",\"@id\":\"https:\\\/\\\/blogdiario.info\\\/magazine\\\/#\\\/schema\\\/logo\\\/image\\\/\",\"url\":\"https:\\\/\\\/blogdiario.info\\\/magazine\\\/images\\\/2020\\\/01\\\/cropped-blogdia_magazine.jpg\",\"contentUrl\":\"https:\\\/\\\/blogdiario.info\\\/magazine\\\/images\\\/2020\\\/01\\\/cropped-blogdia_magazine.jpg\",\"width\":589,\"height\":55,\"caption\":\"Guzzo Photos & Graphic Publications\"},\"image\":{\"@id\":\"https:\\\/\\\/blogdiario.info\\\/magazine\\\/#\\\/schema\\\/logo\\\/image\\\/\"}},{\"@type\":\"Person\",\"@id\":\"https:\\\/\\\/blogdiario.info\\\/magazine\\\/#\\\/schema\\\/person\\\/b2422fe85574d945bad55513bb0c7354\",\"name\":\"World Press Service | Servicio de Prensa Mundial\"}]}<\/script>\n<!-- \/ Yoast SEO plugin. -->","yoast_head_json":{"title":"La violencia no cesa en Ecuador - BlogDiario Magazine","robots":{"index":"index","follow":"follow","max-snippet":"max-snippet:-1","max-image-preview":"max-image-preview:large","max-video-preview":"max-video-preview:-1"},"canonical":"https:\/\/blogdiario.info\/magazine\/2024\/03\/28\/la-violencia-no-cesa-en-ecuador\/","og_locale":"es_ES","og_type":"article","og_title":"La violencia no cesa en Ecuador - BlogDiario Magazine","og_description":"La violencia sigue presente en Ecuador. Prueba de ello es el reciente asesinato de la alcaldesa de San Vicente, cuyo sepelio se produjo este martes, y la reciente emboscada a una patrulla del Ej\u00e9rcito, que dej\u00f3 un militar muerto. A esos hechos se suman crecientes amenazas contra alcaldes","og_url":"https:\/\/blogdiario.info\/magazine\/2024\/03\/28\/la-violencia-no-cesa-en-ecuador\/","og_site_name":"BlogDiario Magazine","article_published_time":"2024-03-28T22:05:47+00:00","article_modified_time":"2024-03-28T22:05:48+00:00","og_image":[{"width":600,"height":570,"url":"https:\/\/blogdiario.info\/magazine\/images\/2024\/03\/alcaecu.jpg","type":"image\/jpeg"}],"author":"World Press Service | Servicio de Prensa Mundial","twitter_card":"summary_large_image","twitter_misc":{"Escrito por":"World Press Service | Servicio de Prensa Mundial","Tiempo de lectura":"1 minuto"},"schema":{"@context":"https:\/\/schema.org","@graph":[{"@type":"Article","@id":"https:\/\/blogdiario.info\/magazine\/2024\/03\/28\/la-violencia-no-cesa-en-ecuador\/#article","isPartOf":{"@id":"https:\/\/blogdiario.info\/magazine\/2024\/03\/28\/la-violencia-no-cesa-en-ecuador\/"},"author":{"name":"World Press Service | Servicio de Prensa Mundial","@id":"https:\/\/blogdiario.info\/magazine\/#\/schema\/person\/b2422fe85574d945bad55513bb0c7354"},"headline":"La violencia no cesa en Ecuador","datePublished":"2024-03-28T22:05:47+00:00","dateModified":"2024-03-28T22:05:48+00:00","mainEntityOfPage":{"@id":"https:\/\/blogdiario.info\/magazine\/2024\/03\/28\/la-violencia-no-cesa-en-ecuador\/"},"wordCount":176,"publisher":{"@id":"https:\/\/blogdiario.info\/magazine\/#organization"},"image":{"@id":"https:\/\/blogdiario.info\/magazine\/2024\/03\/28\/la-violencia-no-cesa-en-ecuador\/#primaryimage"},"thumbnailUrl":"https:\/\/blogdiario.info\/magazine\/images\/2024\/03\/alcaecu.jpg","keywords":["Ecuador"],"articleSection":[".",".","Actualidad","America del Sud","Broadcasting","Narcotrafico"],"inLanguage":"es-AR"},{"@type":"WebPage","@id":"https:\/\/blogdiario.info\/magazine\/2024\/03\/28\/la-violencia-no-cesa-en-ecuador\/","url":"https:\/\/blogdiario.info\/magazine\/2024\/03\/28\/la-violencia-no-cesa-en-ecuador\/","name":"La violencia no cesa en Ecuador - BlogDiario Magazine","isPartOf":{"@id":"https:\/\/blogdiario.info\/magazine\/#website"},"primaryImageOfPage":{"@id":"https:\/\/blogdiario.info\/magazine\/2024\/03\/28\/la-violencia-no-cesa-en-ecuador\/#primaryimage"},"image":{"@id":"https:\/\/blogdiario.info\/magazine\/2024\/03\/28\/la-violencia-no-cesa-en-ecuador\/#primaryimage"},"thumbnailUrl":"https:\/\/blogdiario.info\/magazine\/images\/2024\/03\/alcaecu.jpg","datePublished":"2024-03-28T22:05:47+00:00","dateModified":"2024-03-28T22:05:48+00:00","breadcrumb":{"@id":"https:\/\/blogdiario.info\/magazine\/2024\/03\/28\/la-violencia-no-cesa-en-ecuador\/#breadcrumb"},"inLanguage":"es-AR","potentialAction":[{"@type":"ReadAction","target":["https:\/\/blogdiario.info\/magazine\/2024\/03\/28\/la-violencia-no-cesa-en-ecuador\/"]}]},{"@type":"ImageObject","inLanguage":"es-AR","@id":"https:\/\/blogdiario.info\/magazine\/2024\/03\/28\/la-violencia-no-cesa-en-ecuador\/#primaryimage","url":"https:\/\/blogdiario.info\/magazine\/images\/2024\/03\/alcaecu.jpg","contentUrl":"https:\/\/blogdiario.info\/magazine\/images\/2024\/03\/alcaecu.jpg","width":600,"height":570},{"@type":"BreadcrumbList","@id":"https:\/\/blogdiario.info\/magazine\/2024\/03\/28\/la-violencia-no-cesa-en-ecuador\/#breadcrumb","itemListElement":[{"@type":"ListItem","position":1,"name":"Home","item":"https:\/\/blogdiario.info\/magazine\/"},{"@type":"ListItem","position":2,"name":"La violencia no cesa en Ecuador"}]},{"@type":"WebSite","@id":"https:\/\/blogdiario.info\/magazine\/#website","url":"https:\/\/blogdiario.info\/magazine\/","name":"BlogDiario Magazine","description":"Suplemento multiling\u00fce de ElCanillita.Info","publisher":{"@id":"https:\/\/blogdiario.info\/magazine\/#organization"},"potentialAction":[{"@type":"SearchAction","target":{"@type":"EntryPoint","urlTemplate":"https:\/\/blogdiario.info\/magazine\/?s={search_term_string}"},"query-input":{"@type":"PropertyValueSpecification","valueRequired":true,"valueName":"search_term_string"}}],"inLanguage":"es-AR"},{"@type":"Organization","@id":"https:\/\/blogdiario.info\/magazine\/#organization","name":"Guzzo Photos & Graphic Publications","url":"https:\/\/blogdiario.info\/magazine\/","logo":{"@type":"ImageObject","inLanguage":"es-AR","@id":"https:\/\/blogdiario.info\/magazine\/#\/schema\/logo\/image\/","url":"https:\/\/blogdiario.info\/magazine\/images\/2020\/01\/cropped-blogdia_magazine.jpg","contentUrl":"https:\/\/blogdiario.info\/magazine\/images\/2020\/01\/cropped-blogdia_magazine.jpg","width":589,"height":55,"caption":"Guzzo Photos & Graphic Publications"},"image":{"@id":"https:\/\/blogdiario.info\/magazine\/#\/schema\/logo\/image\/"}},{"@type":"Person","@id":"https:\/\/blogdiario.info\/magazine\/#\/schema\/person\/b2422fe85574d945bad55513bb0c7354","name":"World Press Service | Servicio de Prensa Mundial"}]}},"views":655,"_links":{"self":[{"href":"https:\/\/blogdiario.info\/magazine\/wp-json\/wp\/v2\/posts\/1312","targetHints":{"allow":["GET"]}}],"collection":[{"href":"https:\/\/blogdiario.info\/magazine\/wp-json\/wp\/v2\/posts"}],"about":[{"href":"https:\/\/blogdiario.info\/magazine\/wp-json\/wp\/v2\/types\/post"}],"author":[{"embeddable":true,"href":"https:\/\/blogdiario.info\/magazine\/wp-json\/wp\/v2\/users\/1"}],"replies":[{"embeddable":true,"href":"https:\/\/blogdiario.info\/magazine\/wp-json\/wp\/v2\/comments?post=1312"}],"version-history":[{"count":0,"href":"https:\/\/blogdiario.info\/magazine\/wp-json\/wp\/v2\/posts\/1312\/revisions"}],"wp:featuredmedia":[{"embeddable":true,"href":"https:\/\/blogdiario.info\/magazine\/wp-json\/wp\/v2\/media\/1313"}],"wp:attachment":[{"href":"https:\/\/blogdiario.info\/magazine\/wp-json\/wp\/v2\/media?parent=1312"}],"wp:term":[{"taxonomy":"category","embeddable":true,"href":"https:\/\/blogdiario.info\/magazine\/wp-json\/wp\/v2\/categories?post=1312"},{"taxonomy":"post_tag","embeddable":true,"href":"https:\/\/blogdiario.info\/magazine\/wp-json\/wp\/v2\/tags?post=1312"}],"curies":[{"name":"wp","href":"https:\/\/api.w.org\/{rel}","templated":true}]}}